{"id":29260,"date":"2022-07-21T14:43:44","date_gmt":"2022-07-21T14:43:44","guid":{"rendered":"https:\/\/www.africa-press.net\/tchad\/politique\/accord-en-vue-avec-les-politico-militaires-dici-2-a-3-semaines"},"modified":"2022-07-21T15:17:23","modified_gmt":"2022-07-21T15:17:23","slug":"accord-en-vue-avec-les-politico-militaires-dici-2-a-3-semaines","status":"publish","type":"post","link":"https:\/\/www.africa-press.net\/tchad\/politique\/accord-en-vue-avec-les-politico-militaires-dici-2-a-3-semaines","title":{"rendered":"accord en vue avec les politico-militaires \u00ab\u00a0d\u2019ici 2 \u00e0 3 semaines\u00a0\u00bb"},"content":{"rendered":"<p><span style=\"color: #ff6600\"><strong>Africa-Press &#8211; Tchad. <\/strong><\/span>Je suis optimiste que d\u2019ici deux, trois semaines, on aura boucl\u00e9 ces n\u00e9gociations par la signature d\u2019un accord pour que nos fr\u00e8res de l\u2019opposition arm\u00e9e puissent participer au dialogue national \u00bb, affirme Ch\u00e9rif Mahamat Zene, chef de la diplomatie.<\/p>\n<p>Il reconnait que les pourparlers ont \u00e9t\u00e9 \u00e9maill\u00e9s par des interruptions et difficult\u00e9s.<\/p>\n<p>Le ministre d\u00e9nonce des tentatives de sabordages venant de quelques politico-militaires.<\/p>\n<p>Le dialogue national inclusif doit s&rsquo;ouvrir le 20 ao\u00fbt 2022 \u00e0 N&rsquo;Djamena.<\/p>\n<p><strong>Pour plus d&rsquo;informations et d&rsquo;analyses sur la <a href=\"https:\/\/www.africa-press.net\/tchad\">Tchad<\/a>, suivez <a href=\"https:\/\/www.africa-press.net\/\">Africa-Press<\/a><\/strong><\/p>\n","protected":false},"excerpt":{"rendered":"<p>Africa-Press &#8211; Tchad. Je suis optimiste que d\u2019ici deux, trois semaines, on aura boucl\u00e9 ces n\u00e9gociations par la signature d\u2019un accord pour que nos fr\u00e8res de l\u2019opposition arm\u00e9e puissent participer au dialogue national \u00bb, affirme Ch\u00e9rif Mahamat Zene, chef de la diplomatie. Il reconnait que les pourparlers ont \u00e9t\u00e9 \u00e9maill\u00e9s par des interruptions et difficult\u00e9s. [&hellip;]<\/p>\n","protected":false},"author":82,"featured_media":29259,"comment_status":"open","ping_status":"closed","sticky":false,"template":"","format":"standard","meta":{"footnotes":""},"categories":[11,2,10],"tags":[37,292,29],"class_list":["post-29260","post","type-post","status-publish","format-standard","has-post-thumbnail","hentry","category-homepage-french","category-politique","category-toutes-les-actualites","tag-africa-press","tag-africa-press-tchad","tag-tchad"],"yoast_head":"<!-- This site is optimized with the Yoast SEO Premium plugin v26.1 (Yoast SEO v27.0) - https:\/\/yoast.com\/product\/yoast-seo-premium-wordpress\/ -->\n<title>accord en vue avec les politico-militaires &quot;d\u2019ici 2 \u00e0 3 semaines&quot; - tchad<\/title>\n<meta name=\"description\" content=\"Je suis optimiste que d\u2019ici deux, trois semaines, on aura boucl\u00e9 ces n\u00e9gociations par la signature d\u2019un accord pour que ...\" \/>\n<meta name=\"robots\" content=\"index, follow, max-snippet:-1, max-image-preview:large, max-video-preview:-1\" \/>\n<link rel=\"canonical\" href=\"https:\/\/www.africa-press.net\/tchad\/politique\/accord-en-vue-avec-les-politico-militaires-dici-2-a-3-semaines\" \/>\n<meta property=\"og:locale\" content=\"fr_FR\" \/>\n<meta property=\"og:type\" content=\"article\" \/>\n<meta property=\"og:title\" content=\"accord en vue avec les politico-militaires &quot;d\u2019ici 2 \u00e0 3 semaines&quot;\" \/>\n<meta property=\"og:description\" content=\"Je suis optimiste que d\u2019ici deux, trois semaines, on aura boucl\u00e9 ces n\u00e9gociations par la signature d\u2019un accord pour que ...\" \/>\n<meta property=\"og:url\" content=\"https:\/\/www.africa-press.net\/tchad\/politique\/accord-en-vue-avec-les-politico-militaires-dici-2-a-3-semaines\" \/>\n<meta property=\"og:site_name\" content=\"tchad\" \/>\n<meta property=\"article:published_time\" content=\"2022-07-21T14:43:44+00:00\" \/>\n<meta property=\"article:modified_time\" content=\"2022-07-21T15:17:23+00:00\" \/>\n<meta property=\"og:image\" content=\"https:\/\/static.africa-press.net\/tchad\/sites\/41\/2022\/07\/postQueueImg_15-62d96dd26395f.jpg\" \/>\n\t<meta property=\"og:image:width\" content=\"819\" \/>\n\t<meta property=\"og:image:height\" content=\"466\" \/>\n\t<meta property=\"og:image:type\" content=\"image\/jpeg\" \/>\n<meta name=\"author\" content=\"cfeditorfr\" \/>\n<meta name=\"twitter:card\" content=\"summary_large_image\" \/>\n<meta name=\"twitter:label1\" content=\"\u00c9crit par\" \/>\n\t<meta name=\"twitter:data1\" content=\"cfeditorfr\" \/>\n\t<meta name=\"twitter:label2\" content=\"Dur\u00e9e de lecture estim\u00e9e\" \/>\n\t<meta name=\"twitter:data2\" content=\"1 minute\" \/>\n<script type=\"application\/ld+json\" class=\"yoast-schema-graph\">{\"@context\":\"https:\/\/schema.org\",\"@graph\":[{\"@type\":\"Article\",\"@id\":\"https:\/\/www.africa-press.net\/tchad\/politique\/accord-en-vue-avec-les-politico-militaires-dici-2-a-3-semaines#article\",\"isPartOf\":{\"@id\":\"https:\/\/www.africa-press.net\/tchad\/politique\/accord-en-vue-avec-les-politico-militaires-dici-2-a-3-semaines\"},\"author\":{\"name\":\"cfeditorfr\",\"@id\":\"https:\/\/www.africa-press.net\/tchad\/#\/schema\/person\/2b1cf3cd81a31e3cd26889ca66d677f1\"},\"headline\":\"accord en vue avec les politico-militaires \u00ab\u00a0d\u2019ici 2 \u00e0 3 semaines\u00a0\u00bb\",\"datePublished\":\"2022-07-21T14:43:44+00:00\",\"dateModified\":\"2022-07-21T15:17:23+00:00\",\"mainEntityOfPage\":{\"@id\":\"https:\/\/www.africa-press.net\/tchad\/politique\/accord-en-vue-avec-les-politico-militaires-dici-2-a-3-semaines\"},\"wordCount\":108,\"commentCount\":0,\"image\":{\"@id\":\"https:\/\/www.africa-press.net\/tchad\/politique\/accord-en-vue-avec-les-politico-militaires-dici-2-a-3-semaines#primaryimage\"},\"thumbnailUrl\":\"https:\/\/static.africa-press.net\/tchad\/sites\/41\/2022\/07\/postQueueImg_15-62d96dd26395f.jpg\",\"keywords\":[\"Africa Press\",\"Africa Press-Tchad\",\"Tchad\"],\"articleSection\":[\"homepage-french\",\"Politique\",\"Toutes les actualit\u00e9s\"],\"inLanguage\":\"fr-FR\",\"potentialAction\":[{\"@type\":\"CommentAction\",\"name\":\"Comment\",\"target\":[\"https:\/\/www.africa-press.net\/tchad\/politique\/accord-en-vue-avec-les-politico-militaires-dici-2-a-3-semaines#respond\"]}]},{\"@type\":\"WebPage\",\"@id\":\"https:\/\/www.africa-press.net\/tchad\/politique\/accord-en-vue-avec-les-politico-militaires-dici-2-a-3-semaines\",\"url\":\"https:\/\/www.africa-press.net\/tchad\/politique\/accord-en-vue-avec-les-politico-militaires-dici-2-a-3-semaines\",\"name\":\"accord en vue avec les politico-militaires \\\"d\u2019ici 2 \u00e0 3 semaines\\\" - tchad\",\"isPartOf\":{\"@id\":\"https:\/\/www.africa-press.net\/tchad\/#website\"},\"primaryImageOfPage\":{\"@id\":\"https:\/\/www.africa-press.net\/tchad\/politique\/accord-en-vue-avec-les-politico-militaires-dici-2-a-3-semaines#primaryimage\"},\"image\":{\"@id\":\"https:\/\/www.africa-press.net\/tchad\/politique\/accord-en-vue-avec-les-politico-militaires-dici-2-a-3-semaines#primaryimage\"},\"thumbnailUrl\":\"https:\/\/static.africa-press.net\/tchad\/sites\/41\/2022\/07\/postQueueImg_15-62d96dd26395f.jpg\",\"datePublished\":\"2022-07-21T14:43:44+00:00\",\"dateModified\":\"2022-07-21T15:17:23+00:00\",\"author\":{\"@id\":\"https:\/\/www.africa-press.net\/tchad\/#\/schema\/person\/2b1cf3cd81a31e3cd26889ca66d677f1\"},\"description\":\"Je suis optimiste que d\u2019ici deux, trois semaines, on aura boucl\u00e9 ces n\u00e9gociations par la signature d\u2019un accord pour que ...\",\"breadcrumb\":{\"@id\":\"https:\/\/www.africa-press.net\/tchad\/politique\/accord-en-vue-avec-les-politico-militaires-dici-2-a-3-semaines#breadcrumb\"},\"inLanguage\":\"fr-FR\",\"potentialAction\":[{\"@type\":\"ReadAction\",\"target\":[\"https:\/\/www.africa-press.net\/tchad\/politique\/accord-en-vue-avec-les-politico-militaires-dici-2-a-3-semaines\"]}]},{\"@type\":\"ImageObject\",\"inLanguage\":\"fr-FR\",\"@id\":\"https:\/\/www.africa-press.net\/tchad\/politique\/accord-en-vue-avec-les-politico-militaires-dici-2-a-3-semaines#primaryimage\",\"url\":\"https:\/\/static.africa-press.net\/tchad\/sites\/41\/2022\/07\/postQueueImg_15-62d96dd26395f.jpg\",\"contentUrl\":\"https:\/\/static.africa-press.net\/tchad\/sites\/41\/2022\/07\/postQueueImg_15-62d96dd26395f.jpg\",\"width\":819,\"height\":466,\"caption\":\"accord en vue avec les politico-militaires \\\"d\u2019ici 2 \u00e0 3 semaines\\\"\"},{\"@type\":\"BreadcrumbList\",\"@id\":\"https:\/\/www.africa-press.net\/tchad\/politique\/accord-en-vue-avec-les-politico-militaires-dici-2-a-3-semaines#breadcrumb\",\"itemListElement\":[{\"@type\":\"ListItem\",\"position\":1,\"name\":\"Accueil\",\"item\":\"https:\/\/www.africa-press.net\/tchad\/\"},{\"@type\":\"ListItem\",\"position\":2,\"name\":\"accord en vue avec les politico-militaires &#8220;d\u2019ici 2 \u00e0 3 semaines&#8221;\"}]},{\"@type\":\"WebSite\",\"@id\":\"https:\/\/www.africa-press.net\/tchad\/#website\",\"url\":\"https:\/\/www.africa-press.net\/tchad\/\",\"name\":\"tchad\",\"description\":\"Just another Africa News Agency Sites site\",\"potentialAction\":[{\"@type\":\"SearchAction\",\"target\":{\"@type\":\"EntryPoint\",\"urlTemplate\":\"https:\/\/www.africa-press.net\/tchad\/?s={search_term_string}\"},\"query-input\":{\"@type\":\"PropertyValueSpecification\",\"valueRequired\":true,\"valueName\":\"search_term_string\"}}],\"inLanguage\":\"fr-FR\"},{\"@type\":\"Person\",\"@id\":\"https:\/\/www.africa-press.net\/tchad\/#\/schema\/person\/2b1cf3cd81a31e3cd26889ca66d677f1\",\"name\":\"cfeditorfr\"}]}<\/script>\n<!-- \/ Yoast SEO Premium plugin. -->","yoast_head_json":{"title":"accord en vue avec les politico-militaires \"d\u2019ici 2 \u00e0 3 semaines\" - tchad","description":"Je suis optimiste que d\u2019ici deux, trois semaines, on aura boucl\u00e9 ces n\u00e9gociations par la signature d\u2019un accord pour que ...","robots":{"index":"index","follow":"follow","max-snippet":"max-snippet:-1","max-image-preview":"max-image-preview:large","max-video-preview":"max-video-preview:-1"},"canonical":"https:\/\/www.africa-press.net\/tchad\/politique\/accord-en-vue-avec-les-politico-militaires-dici-2-a-3-semaines","og_locale":"fr_FR","og_type":"article","og_title":"accord en vue avec les politico-militaires \"d\u2019ici 2 \u00e0 3 semaines\"","og_description":"Je suis optimiste que d\u2019ici deux, trois semaines, on aura boucl\u00e9 ces n\u00e9gociations par la signature d\u2019un accord pour que ...","og_url":"https:\/\/www.africa-press.net\/tchad\/politique\/accord-en-vue-avec-les-politico-militaires-dici-2-a-3-semaines","og_site_name":"tchad","article_published_time":"2022-07-21T14:43:44+00:00","article_modified_time":"2022-07-21T15:17:23+00:00","og_image":[{"width":819,"height":466,"url":"https:\/\/static.africa-press.net\/tchad\/sites\/41\/2022\/07\/postQueueImg_15-62d96dd26395f.jpg","type":"image\/jpeg"}],"author":"cfeditorfr","twitter_card":"summary_large_image","twitter_misc":{"\u00c9crit par":"cfeditorfr","Dur\u00e9e de lecture estim\u00e9e":"1 minute"},"schema":{"@context":"https:\/\/schema.org","@graph":[{"@type":"Article","@id":"https:\/\/www.africa-press.net\/tchad\/politique\/accord-en-vue-avec-les-politico-militaires-dici-2-a-3-semaines#article","isPartOf":{"@id":"https:\/\/www.africa-press.net\/tchad\/politique\/accord-en-vue-avec-les-politico-militaires-dici-2-a-3-semaines"},"author":{"name":"cfeditorfr","@id":"https:\/\/www.africa-press.net\/tchad\/#\/schema\/person\/2b1cf3cd81a31e3cd26889ca66d677f1"},"headline":"accord en vue avec les politico-militaires \u00ab\u00a0d\u2019ici 2 \u00e0 3 semaines\u00a0\u00bb","datePublished":"2022-07-21T14:43:44+00:00","dateModified":"2022-07-21T15:17:23+00:00","mainEntityOfPage":{"@id":"https:\/\/www.africa-press.net\/tchad\/politique\/accord-en-vue-avec-les-politico-militaires-dici-2-a-3-semaines"},"wordCount":108,"commentCount":0,"image":{"@id":"https:\/\/www.africa-press.net\/tchad\/politique\/accord-en-vue-avec-les-politico-militaires-dici-2-a-3-semaines#primaryimage"},"thumbnailUrl":"https:\/\/static.africa-press.net\/tchad\/sites\/41\/2022\/07\/postQueueImg_15-62d96dd26395f.jpg","keywords":["Africa Press","Africa Press-Tchad","Tchad"],"articleSection":["homepage-french","Politique","Toutes les actualit\u00e9s"],"inLanguage":"fr-FR","potentialAction":[{"@type":"CommentAction","name":"Comment","target":["https:\/\/www.africa-press.net\/tchad\/politique\/accord-en-vue-avec-les-politico-militaires-dici-2-a-3-semaines#respond"]}]},{"@type":"WebPage","@id":"https:\/\/www.africa-press.net\/tchad\/politique\/accord-en-vue-avec-les-politico-militaires-dici-2-a-3-semaines","url":"https:\/\/www.africa-press.net\/tchad\/politique\/accord-en-vue-avec-les-politico-militaires-dici-2-a-3-semaines","name":"accord en vue avec les politico-militaires \"d\u2019ici 2 \u00e0 3 semaines\" - tchad","isPartOf":{"@id":"https:\/\/www.africa-press.net\/tchad\/#website"},"primaryImageOfPage":{"@id":"https:\/\/www.africa-press.net\/tchad\/politique\/accord-en-vue-avec-les-politico-militaires-dici-2-a-3-semaines#primaryimage"},"image":{"@id":"https:\/\/www.africa-press.net\/tchad\/politique\/accord-en-vue-avec-les-politico-militaires-dici-2-a-3-semaines#primaryimage"},"thumbnailUrl":"https:\/\/static.africa-press.net\/tchad\/sites\/41\/2022\/07\/postQueueImg_15-62d96dd26395f.jpg","datePublished":"2022-07-21T14:43:44+00:00","dateModified":"2022-07-21T15:17:23+00:00","author":{"@id":"https:\/\/www.africa-press.net\/tchad\/#\/schema\/person\/2b1cf3cd81a31e3cd26889ca66d677f1"},"description":"Je suis optimiste que d\u2019ici deux, trois semaines, on aura boucl\u00e9 ces n\u00e9gociations par la signature d\u2019un accord pour que ...","breadcrumb":{"@id":"https:\/\/www.africa-press.net\/tchad\/politique\/accord-en-vue-avec-les-politico-militaires-dici-2-a-3-semaines#breadcrumb"},"inLanguage":"fr-FR","potentialAction":[{"@type":"ReadAction","target":["https:\/\/www.africa-press.net\/tchad\/politique\/accord-en-vue-avec-les-politico-militaires-dici-2-a-3-semaines"]}]},{"@type":"ImageObject","inLanguage":"fr-FR","@id":"https:\/\/www.africa-press.net\/tchad\/politique\/accord-en-vue-avec-les-politico-militaires-dici-2-a-3-semaines#primaryimage","url":"https:\/\/static.africa-press.net\/tchad\/sites\/41\/2022\/07\/postQueueImg_15-62d96dd26395f.jpg","contentUrl":"https:\/\/static.africa-press.net\/tchad\/sites\/41\/2022\/07\/postQueueImg_15-62d96dd26395f.jpg","width":819,"height":466,"caption":"accord en vue avec les politico-militaires \"d\u2019ici 2 \u00e0 3 semaines\""},{"@type":"BreadcrumbList","@id":"https:\/\/www.africa-press.net\/tchad\/politique\/accord-en-vue-avec-les-politico-militaires-dici-2-a-3-semaines#breadcrumb","itemListElement":[{"@type":"ListItem","position":1,"name":"Accueil","item":"https:\/\/www.africa-press.net\/tchad\/"},{"@type":"ListItem","position":2,"name":"accord en vue avec les politico-militaires &#8220;d\u2019ici 2 \u00e0 3 semaines&#8221;"}]},{"@type":"WebSite","@id":"https:\/\/www.africa-press.net\/tchad\/#website","url":"https:\/\/www.africa-press.net\/tchad\/","name":"tchad","description":"Just another Africa News Agency Sites site","potentialAction":[{"@type":"SearchAction","target":{"@type":"EntryPoint","urlTemplate":"https:\/\/www.africa-press.net\/tchad\/?s={search_term_string}"},"query-input":{"@type":"PropertyValueSpecification","valueRequired":true,"valueName":"search_term_string"}}],"inLanguage":"fr-FR"},{"@type":"Person","@id":"https:\/\/www.africa-press.net\/tchad\/#\/schema\/person\/2b1cf3cd81a31e3cd26889ca66d677f1","name":"cfeditorfr"}]}},"_links":{"self":[{"href":"https:\/\/www.africa-press.net\/tchad\/wp-json\/wp\/v2\/posts\/29260","targetHints":{"allow":["GET"]}}],"collection":[{"href":"https:\/\/www.africa-press.net\/tchad\/wp-json\/wp\/v2\/posts"}],"about":[{"href":"https:\/\/www.africa-press.net\/tchad\/wp-json\/wp\/v2\/types\/post"}],"author":[{"embeddable":true,"href":"https:\/\/www.africa-press.net\/tchad\/wp-json\/wp\/v2\/users\/82"}],"replies":[{"embeddable":true,"href":"https:\/\/www.africa-press.net\/tchad\/wp-json\/wp\/v2\/comments?post=29260"}],"version-history":[{"count":0,"href":"https:\/\/www.africa-press.net\/tchad\/wp-json\/wp\/v2\/posts\/29260\/revisions"}],"wp:featuredmedia":[{"embeddable":true,"href":"https:\/\/www.africa-press.net\/tchad\/wp-json\/wp\/v2\/media\/29259"}],"wp:attachment":[{"href":"https:\/\/www.africa-press.net\/tchad\/wp-json\/wp\/v2\/media?parent=29260"}],"wp:term":[{"taxonomy":"category","embeddable":true,"href":"https:\/\/www.africa-press.net\/tchad\/wp-json\/wp\/v2\/categories?post=29260"},{"taxonomy":"post_tag","embeddable":true,"href":"https:\/\/www.africa-press.net\/tchad\/wp-json\/wp\/v2\/tags?post=29260"}],"curies":[{"name":"wp","href":"https:\/\/api.w.org\/{rel}","templated":true}]}}