{"id":29263,"date":"2022-07-21T14:44:21","date_gmt":"2022-07-21T14:44:21","guid":{"rendered":"https:\/\/www.africa-press.net\/tchad\/politique\/la-minusca-denonce-une-campagne-de-desinformation-contre-ses-contingents"},"modified":"2022-07-21T15:18:27","modified_gmt":"2022-07-21T15:18:27","slug":"la-minusca-denonce-une-campagne-de-desinformation-contre-ses-contingents","status":"publish","type":"post","link":"https:\/\/www.africa-press.net\/tchad\/politique\/la-minusca-denonce-une-campagne-de-desinformation-contre-ses-contingents","title":{"rendered":"la MINUSCA d\u00e9nonce une campagne de d\u00e9sinformation contre ses contingents"},"content":{"rendered":"<p><span style=\"color: #ff6600\"><strong>Africa-Press &#8211; Tchad. <\/strong><\/span>La MINUSCA constate avec pr\u00e9occupation une reprise de la d\u00e9sinformation relay\u00e9e par des organes de presse et les r\u00e9seaux sociaux, qui cible certains de ses contingents.<\/p>\n<p>La MINUSCA d\u00e9nonce cette nouvelle tentative visant \u00e0 d\u00e9nigrer la mission et \u00e0 cr\u00e9er un sentiment hostile envers son personnel \u00bb, a d\u00e9clar\u00e9 le porte-parole de la MINUSCA, Vladimir Monteiro, lors de la revue des activit\u00e9s hebdomadaire de la Mission, retransmise par Radio Guira FM.<\/p>\n<p>Selon le porte-parole, la Mission continuera de travailler avec les diff\u00e9rents acteurs en Centrafrique pour combattre ce dangereux fl\u00e9au.<\/p>\n<p>Dans son intervention, le porte-parole a rappel\u00e9 la d\u00e9claration du Secr\u00e9taire g\u00e9n\u00e9ral des Nations Unies, Antonio Guterres, devant le Conseil de S\u00e9curit\u00e9, le 12 juillet dernier, pour qui \u00ab la d\u00e9sinformation n\u2019est pas seulement trompeuse, elle est dangereuse et potentiellement mortelle.<\/p>\n<p>Cela alimente la violence mortelle contre notre personnel et nos partenaires.<\/p>\n<p>Il transforme notre drapeau bleu de symbole de s\u00e9curit\u00e9 en une cible d\u2019attaque \u00bb.<\/p>\n<p>A son tour, le porte-parole de la Force, le Lieutenant-colonel Abdul Aziz Ou\u00e9draogo, d\u00e9nonce la campagne de d\u00e9sinformation orchestr\u00e9e contre ses unit\u00e9s \u00ab alors que celles-ci sont engag\u00e9es dans leur mission de protection des civils \u00bb.<\/p>\n<p>\u00ab Les actions d\u00e9cisives des casques bleus les semaines \u00e9coul\u00e9es ont permis ramener la qui\u00e9tude et le retour de personnes d\u00e9plac\u00e9es dans certaines localit\u00e9s.<\/p>\n<p>Elle rassure les populations \u00bb, explique-t-il.<\/p>\n<p><strong>Pour plus d&rsquo;informations et d&rsquo;analyses sur la <a href=\"https:\/\/www.africa-press.net\/tchad\">Tchad<\/a>, suivez <a href=\"https:\/\/www.africa-press.net\/\">Africa-Press<\/a><\/strong><\/p>\n","protected":false},"excerpt":{"rendered":"<p>Africa-Press &#8211; Tchad. La MINUSCA constate avec pr\u00e9occupation une reprise de la d\u00e9sinformation relay\u00e9e par des organes de presse et les r\u00e9seaux sociaux, qui cible certains de ses contingents. La MINUSCA d\u00e9nonce cette nouvelle tentative visant \u00e0 d\u00e9nigrer la mission et \u00e0 cr\u00e9er un sentiment hostile envers son personnel \u00bb, a d\u00e9clar\u00e9 le porte-parole de [&hellip;]<\/p>\n","protected":false},"author":82,"featured_media":29262,"comment_status":"open","ping_status":"closed","sticky":false,"template":"","format":"standard","meta":{"footnotes":""},"categories":[11,2,10],"tags":[37,292,29],"class_list":["post-29263","post","type-post","status-publish","format-standard","has-post-thumbnail","hentry","category-homepage-french","category-politique","category-toutes-les-actualites","tag-africa-press","tag-africa-press-tchad","tag-tchad"],"yoast_head":"<!-- This site is optimized with the Yoast SEO Premium plugin v26.1 (Yoast SEO v27.0) - https:\/\/yoast.com\/product\/yoast-seo-premium-wordpress\/ -->\n<title>la MINUSCA d\u00e9nonce une campagne de d\u00e9sinformation contre ses contingents - tchad<\/title>\n<meta name=\"description\" content=\"La MINUSCA constate avec pr\u00e9occupation une reprise de la d\u00e9sinformation relay\u00e9e par des organes de presse et les r\u00e9seaux ...\" \/>\n<meta name=\"robots\" content=\"index, follow, max-snippet:-1, max-image-preview:large, max-video-preview:-1\" \/>\n<link rel=\"canonical\" href=\"https:\/\/www.africa-press.net\/tchad\/politique\/la-minusca-denonce-une-campagne-de-desinformation-contre-ses-contingents\" \/>\n<meta property=\"og:locale\" content=\"fr_FR\" \/>\n<meta property=\"og:type\" content=\"article\" \/>\n<meta property=\"og:title\" content=\"la MINUSCA d\u00e9nonce une campagne de d\u00e9sinformation contre ses contingents\" \/>\n<meta property=\"og:description\" content=\"La MINUSCA constate avec pr\u00e9occupation une reprise de la d\u00e9sinformation relay\u00e9e par des organes de presse et les r\u00e9seaux ...\" \/>\n<meta property=\"og:url\" content=\"https:\/\/www.africa-press.net\/tchad\/politique\/la-minusca-denonce-une-campagne-de-desinformation-contre-ses-contingents\" \/>\n<meta property=\"og:site_name\" content=\"tchad\" \/>\n<meta property=\"article:published_time\" content=\"2022-07-21T14:44:21+00:00\" \/>\n<meta property=\"article:modified_time\" content=\"2022-07-21T15:18:27+00:00\" \/>\n<meta property=\"og:image\" content=\"https:\/\/static.africa-press.net\/tchad\/sites\/41\/2022\/07\/postQueueImg_16-62d96e0a2b84c.jpg\" \/>\n\t<meta property=\"og:image:width\" content=\"870\" \/>\n\t<meta property=\"og:image:height\" content=\"580\" \/>\n\t<meta property=\"og:image:type\" content=\"image\/jpeg\" \/>\n<meta name=\"author\" content=\"cfeditorfr\" \/>\n<meta name=\"twitter:card\" content=\"summary_large_image\" \/>\n<meta name=\"twitter:label1\" content=\"\u00c9crit par\" \/>\n\t<meta name=\"twitter:data1\" content=\"cfeditorfr\" \/>\n\t<meta name=\"twitter:label2\" content=\"Dur\u00e9e de lecture estim\u00e9e\" \/>\n\t<meta name=\"twitter:data2\" content=\"2 minutes\" \/>\n<script type=\"application\/ld+json\" class=\"yoast-schema-graph\">{\"@context\":\"https:\/\/schema.org\",\"@graph\":[{\"@type\":\"Article\",\"@id\":\"https:\/\/www.africa-press.net\/tchad\/politique\/la-minusca-denonce-une-campagne-de-desinformation-contre-ses-contingents#article\",\"isPartOf\":{\"@id\":\"https:\/\/www.africa-press.net\/tchad\/politique\/la-minusca-denonce-une-campagne-de-desinformation-contre-ses-contingents\"},\"author\":{\"name\":\"cfeditorfr\",\"@id\":\"https:\/\/www.africa-press.net\/tchad\/#\/schema\/person\/2b1cf3cd81a31e3cd26889ca66d677f1\"},\"headline\":\"la MINUSCA d\u00e9nonce une campagne de d\u00e9sinformation contre ses contingents\",\"datePublished\":\"2022-07-21T14:44:21+00:00\",\"dateModified\":\"2022-07-21T15:18:27+00:00\",\"mainEntityOfPage\":{\"@id\":\"https:\/\/www.africa-press.net\/tchad\/politique\/la-minusca-denonce-une-campagne-de-desinformation-contre-ses-contingents\"},\"wordCount\":271,\"commentCount\":0,\"image\":{\"@id\":\"https:\/\/www.africa-press.net\/tchad\/politique\/la-minusca-denonce-une-campagne-de-desinformation-contre-ses-contingents#primaryimage\"},\"thumbnailUrl\":\"https:\/\/static.africa-press.net\/tchad\/sites\/41\/2022\/07\/postQueueImg_16-62d96e0a2b84c.jpg\",\"keywords\":[\"Africa Press\",\"Africa Press-Tchad\",\"Tchad\"],\"articleSection\":[\"homepage-french\",\"Politique\",\"Toutes les actualit\u00e9s\"],\"inLanguage\":\"fr-FR\",\"potentialAction\":[{\"@type\":\"CommentAction\",\"name\":\"Comment\",\"target\":[\"https:\/\/www.africa-press.net\/tchad\/politique\/la-minusca-denonce-une-campagne-de-desinformation-contre-ses-contingents#respond\"]}]},{\"@type\":\"WebPage\",\"@id\":\"https:\/\/www.africa-press.net\/tchad\/politique\/la-minusca-denonce-une-campagne-de-desinformation-contre-ses-contingents\",\"url\":\"https:\/\/www.africa-press.net\/tchad\/politique\/la-minusca-denonce-une-campagne-de-desinformation-contre-ses-contingents\",\"name\":\"la MINUSCA d\u00e9nonce une campagne de d\u00e9sinformation contre ses contingents - tchad\",\"isPartOf\":{\"@id\":\"https:\/\/www.africa-press.net\/tchad\/#website\"},\"primaryImageOfPage\":{\"@id\":\"https:\/\/www.africa-press.net\/tchad\/politique\/la-minusca-denonce-une-campagne-de-desinformation-contre-ses-contingents#primaryimage\"},\"image\":{\"@id\":\"https:\/\/www.africa-press.net\/tchad\/politique\/la-minusca-denonce-une-campagne-de-desinformation-contre-ses-contingents#primaryimage\"},\"thumbnailUrl\":\"https:\/\/static.africa-press.net\/tchad\/sites\/41\/2022\/07\/postQueueImg_16-62d96e0a2b84c.jpg\",\"datePublished\":\"2022-07-21T14:44:21+00:00\",\"dateModified\":\"2022-07-21T15:18:27+00:00\",\"author\":{\"@id\":\"https:\/\/www.africa-press.net\/tchad\/#\/schema\/person\/2b1cf3cd81a31e3cd26889ca66d677f1\"},\"description\":\"La MINUSCA constate avec pr\u00e9occupation une reprise de la d\u00e9sinformation relay\u00e9e par des organes de presse et les r\u00e9seaux ...\",\"breadcrumb\":{\"@id\":\"https:\/\/www.africa-press.net\/tchad\/politique\/la-minusca-denonce-une-campagne-de-desinformation-contre-ses-contingents#breadcrumb\"},\"inLanguage\":\"fr-FR\",\"potentialAction\":[{\"@type\":\"ReadAction\",\"target\":[\"https:\/\/www.africa-press.net\/tchad\/politique\/la-minusca-denonce-une-campagne-de-desinformation-contre-ses-contingents\"]}]},{\"@type\":\"ImageObject\",\"inLanguage\":\"fr-FR\",\"@id\":\"https:\/\/www.africa-press.net\/tchad\/politique\/la-minusca-denonce-une-campagne-de-desinformation-contre-ses-contingents#primaryimage\",\"url\":\"https:\/\/static.africa-press.net\/tchad\/sites\/41\/2022\/07\/postQueueImg_16-62d96e0a2b84c.jpg\",\"contentUrl\":\"https:\/\/static.africa-press.net\/tchad\/sites\/41\/2022\/07\/postQueueImg_16-62d96e0a2b84c.jpg\",\"width\":870,\"height\":580,\"caption\":\"la MINUSCA d\u00e9nonce une campagne de d\u00e9sinformation contre ses contingents\"},{\"@type\":\"BreadcrumbList\",\"@id\":\"https:\/\/www.africa-press.net\/tchad\/politique\/la-minusca-denonce-une-campagne-de-desinformation-contre-ses-contingents#breadcrumb\",\"itemListElement\":[{\"@type\":\"ListItem\",\"position\":1,\"name\":\"Accueil\",\"item\":\"https:\/\/www.africa-press.net\/tchad\/\"},{\"@type\":\"ListItem\",\"position\":2,\"name\":\"la MINUSCA d\u00e9nonce une campagne de d\u00e9sinformation contre ses contingents\"}]},{\"@type\":\"WebSite\",\"@id\":\"https:\/\/www.africa-press.net\/tchad\/#website\",\"url\":\"https:\/\/www.africa-press.net\/tchad\/\",\"name\":\"tchad\",\"description\":\"Just another Africa News Agency Sites site\",\"potentialAction\":[{\"@type\":\"SearchAction\",\"target\":{\"@type\":\"EntryPoint\",\"urlTemplate\":\"https:\/\/www.africa-press.net\/tchad\/?s={search_term_string}\"},\"query-input\":{\"@type\":\"PropertyValueSpecification\",\"valueRequired\":true,\"valueName\":\"search_term_string\"}}],\"inLanguage\":\"fr-FR\"},{\"@type\":\"Person\",\"@id\":\"https:\/\/www.africa-press.net\/tchad\/#\/schema\/person\/2b1cf3cd81a31e3cd26889ca66d677f1\",\"name\":\"cfeditorfr\"}]}<\/script>\n<!-- \/ Yoast SEO Premium plugin. -->","yoast_head_json":{"title":"la MINUSCA d\u00e9nonce une campagne de d\u00e9sinformation contre ses contingents - tchad","description":"La MINUSCA constate avec pr\u00e9occupation une reprise de la d\u00e9sinformation relay\u00e9e par des organes de presse et les r\u00e9seaux ...","robots":{"index":"index","follow":"follow","max-snippet":"max-snippet:-1","max-image-preview":"max-image-preview:large","max-video-preview":"max-video-preview:-1"},"canonical":"https:\/\/www.africa-press.net\/tchad\/politique\/la-minusca-denonce-une-campagne-de-desinformation-contre-ses-contingents","og_locale":"fr_FR","og_type":"article","og_title":"la MINUSCA d\u00e9nonce une campagne de d\u00e9sinformation contre ses contingents","og_description":"La MINUSCA constate avec pr\u00e9occupation une reprise de la d\u00e9sinformation relay\u00e9e par des organes de presse et les r\u00e9seaux ...","og_url":"https:\/\/www.africa-press.net\/tchad\/politique\/la-minusca-denonce-une-campagne-de-desinformation-contre-ses-contingents","og_site_name":"tchad","article_published_time":"2022-07-21T14:44:21+00:00","article_modified_time":"2022-07-21T15:18:27+00:00","og_image":[{"width":870,"height":580,"url":"https:\/\/static.africa-press.net\/tchad\/sites\/41\/2022\/07\/postQueueImg_16-62d96e0a2b84c.jpg","type":"image\/jpeg"}],"author":"cfeditorfr","twitter_card":"summary_large_image","twitter_misc":{"\u00c9crit par":"cfeditorfr","Dur\u00e9e de lecture estim\u00e9e":"2 minutes"},"schema":{"@context":"https:\/\/schema.org","@graph":[{"@type":"Article","@id":"https:\/\/www.africa-press.net\/tchad\/politique\/la-minusca-denonce-une-campagne-de-desinformation-contre-ses-contingents#article","isPartOf":{"@id":"https:\/\/www.africa-press.net\/tchad\/politique\/la-minusca-denonce-une-campagne-de-desinformation-contre-ses-contingents"},"author":{"name":"cfeditorfr","@id":"https:\/\/www.africa-press.net\/tchad\/#\/schema\/person\/2b1cf3cd81a31e3cd26889ca66d677f1"},"headline":"la MINUSCA d\u00e9nonce une campagne de d\u00e9sinformation contre ses contingents","datePublished":"2022-07-21T14:44:21+00:00","dateModified":"2022-07-21T15:18:27+00:00","mainEntityOfPage":{"@id":"https:\/\/www.africa-press.net\/tchad\/politique\/la-minusca-denonce-une-campagne-de-desinformation-contre-ses-contingents"},"wordCount":271,"commentCount":0,"image":{"@id":"https:\/\/www.africa-press.net\/tchad\/politique\/la-minusca-denonce-une-campagne-de-desinformation-contre-ses-contingents#primaryimage"},"thumbnailUrl":"https:\/\/static.africa-press.net\/tchad\/sites\/41\/2022\/07\/postQueueImg_16-62d96e0a2b84c.jpg","keywords":["Africa Press","Africa Press-Tchad","Tchad"],"articleSection":["homepage-french","Politique","Toutes les actualit\u00e9s"],"inLanguage":"fr-FR","potentialAction":[{"@type":"CommentAction","name":"Comment","target":["https:\/\/www.africa-press.net\/tchad\/politique\/la-minusca-denonce-une-campagne-de-desinformation-contre-ses-contingents#respond"]}]},{"@type":"WebPage","@id":"https:\/\/www.africa-press.net\/tchad\/politique\/la-minusca-denonce-une-campagne-de-desinformation-contre-ses-contingents","url":"https:\/\/www.africa-press.net\/tchad\/politique\/la-minusca-denonce-une-campagne-de-desinformation-contre-ses-contingents","name":"la MINUSCA d\u00e9nonce une campagne de d\u00e9sinformation contre ses contingents - tchad","isPartOf":{"@id":"https:\/\/www.africa-press.net\/tchad\/#website"},"primaryImageOfPage":{"@id":"https:\/\/www.africa-press.net\/tchad\/politique\/la-minusca-denonce-une-campagne-de-desinformation-contre-ses-contingents#primaryimage"},"image":{"@id":"https:\/\/www.africa-press.net\/tchad\/politique\/la-minusca-denonce-une-campagne-de-desinformation-contre-ses-contingents#primaryimage"},"thumbnailUrl":"https:\/\/static.africa-press.net\/tchad\/sites\/41\/2022\/07\/postQueueImg_16-62d96e0a2b84c.jpg","datePublished":"2022-07-21T14:44:21+00:00","dateModified":"2022-07-21T15:18:27+00:00","author":{"@id":"https:\/\/www.africa-press.net\/tchad\/#\/schema\/person\/2b1cf3cd81a31e3cd26889ca66d677f1"},"description":"La MINUSCA constate avec pr\u00e9occupation une reprise de la d\u00e9sinformation relay\u00e9e par des organes de presse et les r\u00e9seaux ...","breadcrumb":{"@id":"https:\/\/www.africa-press.net\/tchad\/politique\/la-minusca-denonce-une-campagne-de-desinformation-contre-ses-contingents#breadcrumb"},"inLanguage":"fr-FR","potentialAction":[{"@type":"ReadAction","target":["https:\/\/www.africa-press.net\/tchad\/politique\/la-minusca-denonce-une-campagne-de-desinformation-contre-ses-contingents"]}]},{"@type":"ImageObject","inLanguage":"fr-FR","@id":"https:\/\/www.africa-press.net\/tchad\/politique\/la-minusca-denonce-une-campagne-de-desinformation-contre-ses-contingents#primaryimage","url":"https:\/\/static.africa-press.net\/tchad\/sites\/41\/2022\/07\/postQueueImg_16-62d96e0a2b84c.jpg","contentUrl":"https:\/\/static.africa-press.net\/tchad\/sites\/41\/2022\/07\/postQueueImg_16-62d96e0a2b84c.jpg","width":870,"height":580,"caption":"la MINUSCA d\u00e9nonce une campagne de d\u00e9sinformation contre ses contingents"},{"@type":"BreadcrumbList","@id":"https:\/\/www.africa-press.net\/tchad\/politique\/la-minusca-denonce-une-campagne-de-desinformation-contre-ses-contingents#breadcrumb","itemListElement":[{"@type":"ListItem","position":1,"name":"Accueil","item":"https:\/\/www.africa-press.net\/tchad\/"},{"@type":"ListItem","position":2,"name":"la MINUSCA d\u00e9nonce une campagne de d\u00e9sinformation contre ses contingents"}]},{"@type":"WebSite","@id":"https:\/\/www.africa-press.net\/tchad\/#website","url":"https:\/\/www.africa-press.net\/tchad\/","name":"tchad","description":"Just another Africa News Agency Sites site","potentialAction":[{"@type":"SearchAction","target":{"@type":"EntryPoint","urlTemplate":"https:\/\/www.africa-press.net\/tchad\/?s={search_term_string}"},"query-input":{"@type":"PropertyValueSpecification","valueRequired":true,"valueName":"search_term_string"}}],"inLanguage":"fr-FR"},{"@type":"Person","@id":"https:\/\/www.africa-press.net\/tchad\/#\/schema\/person\/2b1cf3cd81a31e3cd26889ca66d677f1","name":"cfeditorfr"}]}},"_links":{"self":[{"href":"https:\/\/www.africa-press.net\/tchad\/wp-json\/wp\/v2\/posts\/29263","targetHints":{"allow":["GET"]}}],"collection":[{"href":"https:\/\/www.africa-press.net\/tchad\/wp-json\/wp\/v2\/posts"}],"about":[{"href":"https:\/\/www.africa-press.net\/tchad\/wp-json\/wp\/v2\/types\/post"}],"author":[{"embeddable":true,"href":"https:\/\/www.africa-press.net\/tchad\/wp-json\/wp\/v2\/users\/82"}],"replies":[{"embeddable":true,"href":"https:\/\/www.africa-press.net\/tchad\/wp-json\/wp\/v2\/comments?post=29263"}],"version-history":[{"count":0,"href":"https:\/\/www.africa-press.net\/tchad\/wp-json\/wp\/v2\/posts\/29263\/revisions"}],"wp:featuredmedia":[{"embeddable":true,"href":"https:\/\/www.africa-press.net\/tchad\/wp-json\/wp\/v2\/media\/29262"}],"wp:attachment":[{"href":"https:\/\/www.africa-press.net\/tchad\/wp-json\/wp\/v2\/media?parent=29263"}],"wp:term":[{"taxonomy":"category","embeddable":true,"href":"https:\/\/www.africa-press.net\/tchad\/wp-json\/wp\/v2\/categories?post=29263"},{"taxonomy":"post_tag","embeddable":true,"href":"https:\/\/www.africa-press.net\/tchad\/wp-json\/wp\/v2\/tags?post=29263"}],"curies":[{"name":"wp","href":"https:\/\/api.w.org\/{rel}","templated":true}]}}