{"id":29269,"date":"2022-07-21T14:45:55","date_gmt":"2022-07-21T14:45:55","guid":{"rendered":"https:\/\/www.africa-press.net\/tchad\/politique\/les-taekwondoistes-sont-prets-pour-konya-2022"},"modified":"2022-07-21T15:20:14","modified_gmt":"2022-07-21T15:20:14","slug":"les-taekwondoistes-sont-prets-pour-konya-2022","status":"publish","type":"post","link":"https:\/\/www.africa-press.net\/tchad\/sports\/les-taekwondoistes-sont-prets-pour-konya-2022","title":{"rendered":"Les Taekwondo\u00efstes sont pr\u00eats pour Konya 2022"},"content":{"rendered":"<p><span style=\"color: #ff6600\"><strong>Africa-Press &#8211; Tchad. <\/strong><\/span>Les athl\u00e8tes de l\u2019\u00e9quipe nationale retenus pour les Jeux de la Solidarit\u00e9 Islamiques de Konya en Turquie se disent pr\u00eats pour affronter les adversaires sur le tatami.<\/p>\n<p>Pour le capitaine de l\u2019\u00e9quipe, Goffa Barh \u201cnous sommes en pleine pr\u00e9paration et pr\u00eats pour affronter nos adversaires.<\/p>\n<p>Car, nous avons tous les moyens, \u00e9quipements \u00e0 nos cot\u00e9s et cela nous donne un avantage sur les autres en ce qui concerne les pr\u00e9parations \u00bb.<\/p>\n<p>Et Madjissem Epiphanie, combattante de l\u2019\u00e9quipe nationale: \u201cnous travaillons deux fois par jour et bien avant cela, nous avons pr\u00e9par\u00e9 plusieurs championnats cette ann\u00e9e et cela nous a permis d\u2019\u00eatre pr\u00eats pour ces Jeux sur le plan physique tout comme mental\u201d.<\/p>\n<p>Me Moustapha Abakar, l\u2019entraineur de l\u2019\u00e9quipe nationale de rench\u00e9rir que: \u201cde notre cot\u00e9, tout se passe tr\u00e8s bien.<\/p>\n<p>Car, nos athl\u00e8tes ont toujours un esprit de combattants et c\u2019est ce qui leur motive le plus pendant les entrainements et fait \u00e0 ce qu\u2019ils rentrent toujours avec des m\u00e9dailles lors des comp\u00e9titions.<\/p>\n<p>Nous pr\u00e9parons nos athl\u00e8tes bien avant les comp\u00e9titions\u201d.<\/p>\n<p><strong>Pour plus d&rsquo;informations et d&rsquo;analyses sur la <a href=\"https:\/\/www.africa-press.net\/tchad\">Tchad<\/a>, suivez <a href=\"https:\/\/www.africa-press.net\/\">Africa-Press<\/a><\/strong><\/p>\n","protected":false},"excerpt":{"rendered":"<p>Africa-Press &#8211; Tchad. Les athl\u00e8tes de l\u2019\u00e9quipe nationale retenus pour les Jeux de la Solidarit\u00e9 Islamiques de Konya en Turquie se disent pr\u00eats pour affronter les adversaires sur le tatami. Pour le capitaine de l\u2019\u00e9quipe, Goffa Barh \u201cnous sommes en pleine pr\u00e9paration et pr\u00eats pour affronter nos adversaires. Car, nous avons tous les moyens, \u00e9quipements [&hellip;]<\/p>\n","protected":false},"author":82,"featured_media":29268,"comment_status":"open","ping_status":"closed","sticky":false,"template":"","format":"standard","meta":{"footnotes":""},"categories":[11,8,6,10],"tags":[37,292,29],"class_list":["post-29269","post","type-post","status-publish","format-standard","has-post-thumbnail","hentry","category-homepage-french","category-photo","category-sports","category-toutes-les-actualites","tag-africa-press","tag-africa-press-tchad","tag-tchad"],"yoast_head":"<!-- This site is optimized with the Yoast SEO Premium plugin v26.1 (Yoast SEO v27.0) - https:\/\/yoast.com\/product\/yoast-seo-premium-wordpress\/ -->\n<title>Les Taekwondo\u00efstes sont pr\u00eats pour Konya 2022 - tchad<\/title>\n<meta name=\"description\" content=\"Les athl\u00e8tes de l\u2019\u00e9quipe nationale retenus pour les Jeux de la Solidarit\u00e9 Islamiques de Konya en Turquie se disent pr\u00eats ...\" \/>\n<meta name=\"robots\" content=\"index, follow, max-snippet:-1, max-image-preview:large, max-video-preview:-1\" \/>\n<link rel=\"canonical\" href=\"https:\/\/www.africa-press.net\/tchad\/sports\/les-taekwondoistes-sont-prets-pour-konya-2022\" \/>\n<meta property=\"og:locale\" content=\"fr_FR\" \/>\n<meta property=\"og:type\" content=\"article\" \/>\n<meta property=\"og:title\" content=\"Les Taekwondo\u00efstes sont pr\u00eats pour Konya 2022\" \/>\n<meta property=\"og:description\" content=\"Les athl\u00e8tes de l\u2019\u00e9quipe nationale retenus pour les Jeux de la Solidarit\u00e9 Islamiques de Konya en Turquie se disent pr\u00eats ...\" \/>\n<meta property=\"og:url\" content=\"https:\/\/www.africa-press.net\/tchad\/sports\/les-taekwondoistes-sont-prets-pour-konya-2022\" \/>\n<meta property=\"og:site_name\" content=\"tchad\" \/>\n<meta property=\"article:published_time\" content=\"2022-07-21T14:45:55+00:00\" \/>\n<meta property=\"article:modified_time\" content=\"2022-07-21T15:20:14+00:00\" \/>\n<meta property=\"og:image\" content=\"https:\/\/static.africa-press.net\/tchad\/sites\/41\/2022\/07\/postQueueImg_18-62d96e7ac8752.jpg\" \/>\n\t<meta property=\"og:image:width\" content=\"600\" \/>\n\t<meta property=\"og:image:height\" content=\"450\" \/>\n\t<meta property=\"og:image:type\" content=\"image\/jpeg\" \/>\n<meta name=\"author\" content=\"cfeditorfr\" \/>\n<meta name=\"twitter:card\" content=\"summary_large_image\" \/>\n<meta name=\"twitter:label1\" content=\"\u00c9crit par\" \/>\n\t<meta name=\"twitter:data1\" content=\"cfeditorfr\" \/>\n\t<meta name=\"twitter:label2\" content=\"Dur\u00e9e de lecture estim\u00e9e\" \/>\n\t<meta name=\"twitter:data2\" content=\"1 minute\" \/>\n<script type=\"application\/ld+json\" class=\"yoast-schema-graph\">{\"@context\":\"https:\/\/schema.org\",\"@graph\":[{\"@type\":\"Article\",\"@id\":\"https:\/\/www.africa-press.net\/tchad\/sports\/les-taekwondoistes-sont-prets-pour-konya-2022#article\",\"isPartOf\":{\"@id\":\"https:\/\/www.africa-press.net\/tchad\/sports\/les-taekwondoistes-sont-prets-pour-konya-2022\"},\"author\":{\"name\":\"cfeditorfr\",\"@id\":\"https:\/\/www.africa-press.net\/tchad\/#\/schema\/person\/2b1cf3cd81a31e3cd26889ca66d677f1\"},\"headline\":\"Les Taekwondo\u00efstes sont pr\u00eats pour Konya 2022\",\"datePublished\":\"2022-07-21T14:45:55+00:00\",\"dateModified\":\"2022-07-21T15:20:14+00:00\",\"mainEntityOfPage\":{\"@id\":\"https:\/\/www.africa-press.net\/tchad\/sports\/les-taekwondoistes-sont-prets-pour-konya-2022\"},\"wordCount\":216,\"commentCount\":0,\"image\":{\"@id\":\"https:\/\/www.africa-press.net\/tchad\/sports\/les-taekwondoistes-sont-prets-pour-konya-2022#primaryimage\"},\"thumbnailUrl\":\"https:\/\/static.africa-press.net\/tchad\/sites\/41\/2022\/07\/postQueueImg_18-62d96e7ac8752.jpg\",\"keywords\":[\"Africa Press\",\"Africa Press-Tchad\",\"Tchad\"],\"articleSection\":[\"homepage-french\",\"Photo\",\"Sports\",\"Toutes les actualit\u00e9s\"],\"inLanguage\":\"fr-FR\",\"potentialAction\":[{\"@type\":\"CommentAction\",\"name\":\"Comment\",\"target\":[\"https:\/\/www.africa-press.net\/tchad\/sports\/les-taekwondoistes-sont-prets-pour-konya-2022#respond\"]}]},{\"@type\":\"WebPage\",\"@id\":\"https:\/\/www.africa-press.net\/tchad\/sports\/les-taekwondoistes-sont-prets-pour-konya-2022\",\"url\":\"https:\/\/www.africa-press.net\/tchad\/sports\/les-taekwondoistes-sont-prets-pour-konya-2022\",\"name\":\"Les Taekwondo\u00efstes sont pr\u00eats pour Konya 2022 - tchad\",\"isPartOf\":{\"@id\":\"https:\/\/www.africa-press.net\/tchad\/#website\"},\"primaryImageOfPage\":{\"@id\":\"https:\/\/www.africa-press.net\/tchad\/sports\/les-taekwondoistes-sont-prets-pour-konya-2022#primaryimage\"},\"image\":{\"@id\":\"https:\/\/www.africa-press.net\/tchad\/sports\/les-taekwondoistes-sont-prets-pour-konya-2022#primaryimage\"},\"thumbnailUrl\":\"https:\/\/static.africa-press.net\/tchad\/sites\/41\/2022\/07\/postQueueImg_18-62d96e7ac8752.jpg\",\"datePublished\":\"2022-07-21T14:45:55+00:00\",\"dateModified\":\"2022-07-21T15:20:14+00:00\",\"author\":{\"@id\":\"https:\/\/www.africa-press.net\/tchad\/#\/schema\/person\/2b1cf3cd81a31e3cd26889ca66d677f1\"},\"description\":\"Les athl\u00e8tes de l\u2019\u00e9quipe nationale retenus pour les Jeux de la Solidarit\u00e9 Islamiques de Konya en Turquie se disent pr\u00eats ...\",\"breadcrumb\":{\"@id\":\"https:\/\/www.africa-press.net\/tchad\/sports\/les-taekwondoistes-sont-prets-pour-konya-2022#breadcrumb\"},\"inLanguage\":\"fr-FR\",\"potentialAction\":[{\"@type\":\"ReadAction\",\"target\":[\"https:\/\/www.africa-press.net\/tchad\/sports\/les-taekwondoistes-sont-prets-pour-konya-2022\"]}]},{\"@type\":\"ImageObject\",\"inLanguage\":\"fr-FR\",\"@id\":\"https:\/\/www.africa-press.net\/tchad\/sports\/les-taekwondoistes-sont-prets-pour-konya-2022#primaryimage\",\"url\":\"https:\/\/static.africa-press.net\/tchad\/sites\/41\/2022\/07\/postQueueImg_18-62d96e7ac8752.jpg\",\"contentUrl\":\"https:\/\/static.africa-press.net\/tchad\/sites\/41\/2022\/07\/postQueueImg_18-62d96e7ac8752.jpg\",\"width\":600,\"height\":450,\"caption\":\"Les Taekwondo\u00efstes sont pr\u00eats pour Konya 2022\"},{\"@type\":\"BreadcrumbList\",\"@id\":\"https:\/\/www.africa-press.net\/tchad\/sports\/les-taekwondoistes-sont-prets-pour-konya-2022#breadcrumb\",\"itemListElement\":[{\"@type\":\"ListItem\",\"position\":1,\"name\":\"Accueil\",\"item\":\"https:\/\/www.africa-press.net\/tchad\/\"},{\"@type\":\"ListItem\",\"position\":2,\"name\":\"Les Taekwondo\u00efstes sont pr\u00eats pour Konya 2022\"}]},{\"@type\":\"WebSite\",\"@id\":\"https:\/\/www.africa-press.net\/tchad\/#website\",\"url\":\"https:\/\/www.africa-press.net\/tchad\/\",\"name\":\"tchad\",\"description\":\"Just another Africa News Agency Sites site\",\"potentialAction\":[{\"@type\":\"SearchAction\",\"target\":{\"@type\":\"EntryPoint\",\"urlTemplate\":\"https:\/\/www.africa-press.net\/tchad\/?s={search_term_string}\"},\"query-input\":{\"@type\":\"PropertyValueSpecification\",\"valueRequired\":true,\"valueName\":\"search_term_string\"}}],\"inLanguage\":\"fr-FR\"},{\"@type\":\"Person\",\"@id\":\"https:\/\/www.africa-press.net\/tchad\/#\/schema\/person\/2b1cf3cd81a31e3cd26889ca66d677f1\",\"name\":\"cfeditorfr\"}]}<\/script>\n<!-- \/ Yoast SEO Premium plugin. -->","yoast_head_json":{"title":"Les Taekwondo\u00efstes sont pr\u00eats pour Konya 2022 - tchad","description":"Les athl\u00e8tes de l\u2019\u00e9quipe nationale retenus pour les Jeux de la Solidarit\u00e9 Islamiques de Konya en Turquie se disent pr\u00eats ...","robots":{"index":"index","follow":"follow","max-snippet":"max-snippet:-1","max-image-preview":"max-image-preview:large","max-video-preview":"max-video-preview:-1"},"canonical":"https:\/\/www.africa-press.net\/tchad\/sports\/les-taekwondoistes-sont-prets-pour-konya-2022","og_locale":"fr_FR","og_type":"article","og_title":"Les Taekwondo\u00efstes sont pr\u00eats pour Konya 2022","og_description":"Les athl\u00e8tes de l\u2019\u00e9quipe nationale retenus pour les Jeux de la Solidarit\u00e9 Islamiques de Konya en Turquie se disent pr\u00eats ...","og_url":"https:\/\/www.africa-press.net\/tchad\/sports\/les-taekwondoistes-sont-prets-pour-konya-2022","og_site_name":"tchad","article_published_time":"2022-07-21T14:45:55+00:00","article_modified_time":"2022-07-21T15:20:14+00:00","og_image":[{"width":600,"height":450,"url":"https:\/\/static.africa-press.net\/tchad\/sites\/41\/2022\/07\/postQueueImg_18-62d96e7ac8752.jpg","type":"image\/jpeg"}],"author":"cfeditorfr","twitter_card":"summary_large_image","twitter_misc":{"\u00c9crit par":"cfeditorfr","Dur\u00e9e de lecture estim\u00e9e":"1 minute"},"schema":{"@context":"https:\/\/schema.org","@graph":[{"@type":"Article","@id":"https:\/\/www.africa-press.net\/tchad\/sports\/les-taekwondoistes-sont-prets-pour-konya-2022#article","isPartOf":{"@id":"https:\/\/www.africa-press.net\/tchad\/sports\/les-taekwondoistes-sont-prets-pour-konya-2022"},"author":{"name":"cfeditorfr","@id":"https:\/\/www.africa-press.net\/tchad\/#\/schema\/person\/2b1cf3cd81a31e3cd26889ca66d677f1"},"headline":"Les Taekwondo\u00efstes sont pr\u00eats pour Konya 2022","datePublished":"2022-07-21T14:45:55+00:00","dateModified":"2022-07-21T15:20:14+00:00","mainEntityOfPage":{"@id":"https:\/\/www.africa-press.net\/tchad\/sports\/les-taekwondoistes-sont-prets-pour-konya-2022"},"wordCount":216,"commentCount":0,"image":{"@id":"https:\/\/www.africa-press.net\/tchad\/sports\/les-taekwondoistes-sont-prets-pour-konya-2022#primaryimage"},"thumbnailUrl":"https:\/\/static.africa-press.net\/tchad\/sites\/41\/2022\/07\/postQueueImg_18-62d96e7ac8752.jpg","keywords":["Africa Press","Africa Press-Tchad","Tchad"],"articleSection":["homepage-french","Photo","Sports","Toutes les actualit\u00e9s"],"inLanguage":"fr-FR","potentialAction":[{"@type":"CommentAction","name":"Comment","target":["https:\/\/www.africa-press.net\/tchad\/sports\/les-taekwondoistes-sont-prets-pour-konya-2022#respond"]}]},{"@type":"WebPage","@id":"https:\/\/www.africa-press.net\/tchad\/sports\/les-taekwondoistes-sont-prets-pour-konya-2022","url":"https:\/\/www.africa-press.net\/tchad\/sports\/les-taekwondoistes-sont-prets-pour-konya-2022","name":"Les Taekwondo\u00efstes sont pr\u00eats pour Konya 2022 - tchad","isPartOf":{"@id":"https:\/\/www.africa-press.net\/tchad\/#website"},"primaryImageOfPage":{"@id":"https:\/\/www.africa-press.net\/tchad\/sports\/les-taekwondoistes-sont-prets-pour-konya-2022#primaryimage"},"image":{"@id":"https:\/\/www.africa-press.net\/tchad\/sports\/les-taekwondoistes-sont-prets-pour-konya-2022#primaryimage"},"thumbnailUrl":"https:\/\/static.africa-press.net\/tchad\/sites\/41\/2022\/07\/postQueueImg_18-62d96e7ac8752.jpg","datePublished":"2022-07-21T14:45:55+00:00","dateModified":"2022-07-21T15:20:14+00:00","author":{"@id":"https:\/\/www.africa-press.net\/tchad\/#\/schema\/person\/2b1cf3cd81a31e3cd26889ca66d677f1"},"description":"Les athl\u00e8tes de l\u2019\u00e9quipe nationale retenus pour les Jeux de la Solidarit\u00e9 Islamiques de Konya en Turquie se disent pr\u00eats ...","breadcrumb":{"@id":"https:\/\/www.africa-press.net\/tchad\/sports\/les-taekwondoistes-sont-prets-pour-konya-2022#breadcrumb"},"inLanguage":"fr-FR","potentialAction":[{"@type":"ReadAction","target":["https:\/\/www.africa-press.net\/tchad\/sports\/les-taekwondoistes-sont-prets-pour-konya-2022"]}]},{"@type":"ImageObject","inLanguage":"fr-FR","@id":"https:\/\/www.africa-press.net\/tchad\/sports\/les-taekwondoistes-sont-prets-pour-konya-2022#primaryimage","url":"https:\/\/static.africa-press.net\/tchad\/sites\/41\/2022\/07\/postQueueImg_18-62d96e7ac8752.jpg","contentUrl":"https:\/\/static.africa-press.net\/tchad\/sites\/41\/2022\/07\/postQueueImg_18-62d96e7ac8752.jpg","width":600,"height":450,"caption":"Les Taekwondo\u00efstes sont pr\u00eats pour Konya 2022"},{"@type":"BreadcrumbList","@id":"https:\/\/www.africa-press.net\/tchad\/sports\/les-taekwondoistes-sont-prets-pour-konya-2022#breadcrumb","itemListElement":[{"@type":"ListItem","position":1,"name":"Accueil","item":"https:\/\/www.africa-press.net\/tchad\/"},{"@type":"ListItem","position":2,"name":"Les Taekwondo\u00efstes sont pr\u00eats pour Konya 2022"}]},{"@type":"WebSite","@id":"https:\/\/www.africa-press.net\/tchad\/#website","url":"https:\/\/www.africa-press.net\/tchad\/","name":"tchad","description":"Just another Africa News Agency Sites site","potentialAction":[{"@type":"SearchAction","target":{"@type":"EntryPoint","urlTemplate":"https:\/\/www.africa-press.net\/tchad\/?s={search_term_string}"},"query-input":{"@type":"PropertyValueSpecification","valueRequired":true,"valueName":"search_term_string"}}],"inLanguage":"fr-FR"},{"@type":"Person","@id":"https:\/\/www.africa-press.net\/tchad\/#\/schema\/person\/2b1cf3cd81a31e3cd26889ca66d677f1","name":"cfeditorfr"}]}},"_links":{"self":[{"href":"https:\/\/www.africa-press.net\/tchad\/wp-json\/wp\/v2\/posts\/29269","targetHints":{"allow":["GET"]}}],"collection":[{"href":"https:\/\/www.africa-press.net\/tchad\/wp-json\/wp\/v2\/posts"}],"about":[{"href":"https:\/\/www.africa-press.net\/tchad\/wp-json\/wp\/v2\/types\/post"}],"author":[{"embeddable":true,"href":"https:\/\/www.africa-press.net\/tchad\/wp-json\/wp\/v2\/users\/82"}],"replies":[{"embeddable":true,"href":"https:\/\/www.africa-press.net\/tchad\/wp-json\/wp\/v2\/comments?post=29269"}],"version-history":[{"count":0,"href":"https:\/\/www.africa-press.net\/tchad\/wp-json\/wp\/v2\/posts\/29269\/revisions"}],"wp:featuredmedia":[{"embeddable":true,"href":"https:\/\/www.africa-press.net\/tchad\/wp-json\/wp\/v2\/media\/29268"}],"wp:attachment":[{"href":"https:\/\/www.africa-press.net\/tchad\/wp-json\/wp\/v2\/media?parent=29269"}],"wp:term":[{"taxonomy":"category","embeddable":true,"href":"https:\/\/www.africa-press.net\/tchad\/wp-json\/wp\/v2\/categories?post=29269"},{"taxonomy":"post_tag","embeddable":true,"href":"https:\/\/www.africa-press.net\/tchad\/wp-json\/wp\/v2\/tags?post=29269"}],"curies":[{"name":"wp","href":"https:\/\/api.w.org\/{rel}","templated":true}]}}