{"id":29307,"date":"2022-07-22T14:28:05","date_gmt":"2022-07-22T14:28:05","guid":{"rendered":"https:\/\/www.africa-press.net\/tchad\/politique\/celebration-de-la-fete-nationale-de-la-republique-degypte-au-niger-se-sayed-mohamed-ahmed-elsalahey-donne-une-reception"},"modified":"2022-07-22T15:00:04","modified_gmt":"2022-07-22T15:00:04","slug":"celebration-de-la-fete-nationale-de-la-republique-degypte-au-niger-se-sayed-mohamed-ahmed-elsalahey-donne-une-reception","status":"publish","type":"post","link":"https:\/\/www.africa-press.net\/tchad\/politique\/celebration-de-la-fete-nationale-de-la-republique-degypte-au-niger-se-sayed-mohamed-ahmed-elsalahey-donne-une-reception","title":{"rendered":"C\u00e9l\u00e9bration de la f\u00eate nationale de la R\u00e9publique d\u2019\u00c9gypte au Niger : SE. Sayed Mohamed Ahmed Elsalahey donne une r\u00e9ception"},"content":{"rendered":"<p><span style=\"color: #ff6600\"><strong>Africa-Press &#8211; Tchad. <\/strong><\/span>Dans le cadre de la c\u00e9l\u00e9bration de la f\u00eate nationale de la R\u00e9publique Arabe d\u2019Egypte co\u00efncidant cette ann\u00e9e avec la c\u00e9l\u00e9bration du 70\u00e8me anniversaire de la r\u00e9volution du 23 juillet 1952, l\u2019Ambassadeur de la R\u00e9publique d\u2019\u00c9gypte au Niger, SE. Sayed Mohamed Ahmed Elsalahey a donn\u00e9 une r\u00e9ception, le mercredi 20 juillet 2022 \u00e0 Niamey. La comm\u00e9moration de cette f\u00eate a permis au diplomate \u00e9gyptien de pr\u00e9senter les r\u00e9alisations de son pays dans divers domaines et aussi de saluer la bonne coop\u00e9ration bilat\u00e9rale qui existe entre le Niger et l\u2019Egypte. La c\u00e9r\u00e9monie a enregistr\u00e9 la pr\u00e9sence des pr\u00e9sidents des institutions de la R\u00e9publique, des membres du Gouvernement, des Ambassadeurs et chefs de mission diplomatiques au Niger, de la communaut\u00e9 \u00e9gyptienne vivant au Niger et de plusieurs invit\u00e9s.<\/p>\n<p>Apr\u00e8s l\u2019ex\u00e9cution des hymnes nationaux des deux pays, l\u2019Ambassadeur de la R\u00e9publique d\u2019Egypte au Niger a adress\u00e9 un message \u00e0 l\u2019assistance dans lequel, il a exprim\u00e9 sa gratitude aux invit\u00e9s venus nombreux pour partager avec lui la c\u00e9l\u00e9bration de la f\u00eate. Il a ensuite dit que la r\u00e9volution \u00e9gyptienne de 1952 est une date importante dans l\u2019histoire de l\u2019\u00c9gypte et de la vie de son grand peuple. Elle a permis \u00e0 son pays de mener de nombreuses batailles \u00e0 tous les niveaux militaire, diplomatique et d\u00e9veloppement jusqu\u2019\u00e0 atteindre le niveau qu\u2019elle a aujourd\u2019hui en tant que pays fort et stable avec une \u00e9conomie prosp\u00e8re, une arm\u00e9e puissante et une position \u00e9lev\u00e9e aux niveaux r\u00e9gional et international.<\/p>\n<p>En plus, \u00ab ce jour repr\u00e9sente pour moi personnellement une occasion ch\u00e8re, car c\u2019est la premi\u00e8re fois que je c\u00e9l\u00e8bre ce jour glorieux en tant qu\u2019Ambassadeur de l\u2019\u00c9gypte aupr\u00e8s du pays ami le Niger, qui entretient des relations et des liens solides avec l\u2019\u00c9gypte qui se sont d\u00e9velopp\u00e9s et consolid\u00e9s au fil des derni\u00e8res ann\u00e9es depuis l\u2019ind\u00e9pendance du Niger et l\u2019\u00e9tablissement de relations diplomatiques entre les deux pays \u00bb, a d\u00e9clar\u00e9 SE. Sayed Mohamed Ahmed Elsalahey.<\/p>\n<p>En ce qui concerne la coop\u00e9ration bilat\u00e9rale entre les deux pays, le diplomate \u00e9gyptien dit que les preuves en sont nombreuses. Il a donn\u00e9 des exemples tels que ; l\u2019immeuble ou b\u00e2timent \u00ab EL-NASR \u00bb, qui est construit depuis 1967 au Niger et est compt\u00e9 comme l\u2019un des monuments les plus importants de la capitale, Niamey. La mission Al-Azhar, qui travaille au Niger depuis plus de 25 ans, rend de grands services au peuple nig\u00e9rien ainsi qu\u2019\u00e0 d\u2019autres ressortissants africains.<\/p>\n<p>En plus selon lui, la ferme agricole commune Niger-Egypte, qui s\u2019\u00e9tend sur une superficie de 92 hectares est situ\u00e9e \u00e0 TIAGRERE dans la r\u00e9gion de Say. Cette ferme a r\u00e9alis\u00e9 d\u2019importants r\u00e9sultats et de nombreux b\u00e9n\u00e9fices au profit du Niger en d\u00e9veloppant de nouveaux types ou vari\u00e9t\u00e9s \u00e0 partir des semences de certaines cultures strat\u00e9giques telles que le riz et le ma\u00efs.<\/p>\n<p>L\u2019Ambassadeur d\u2019Egypte au Niger a en outre soulign\u00e9 que, les relations de coop\u00e9ration bilat\u00e9rale entre les deux pays ont connu au cours de ces derni\u00e8res ann\u00e9es une \u00e9volution remarquable qui a \u00e9t\u00e9 couronn\u00e9e par de multiples visites entre les deux parties, et il est pr\u00e9vu que ces visites seront rehauss\u00e9es dans les jours \u00e0 venir. Il a aussi appr\u00e9ci\u00e9 depuis son arriv\u00e9e au Niger, il y a environ 7 mois, l\u2019hospitalit\u00e9 des autorit\u00e9s nig\u00e9riennes et de son peuple.<\/p>\n<p>Le diplomate \u00e9gyptien a r\u00e9affirm\u00e9 que son pays attache une grande importance \u00e0 ses relations avec le Niger en tant que pays important, vue sa situation g\u00e9ographique dans la r\u00e9gion du Sahel, et en vertu des relations historiques \u00e9tendues et de la forte pr\u00e9sence de l\u2019\u00c9gypte dans la conscience et l\u2019esprit du peuple nig\u00e9rien depuis le temps du feu le pr\u00e9sident Gamal Abdel Nasser, ainsi qu\u2019en raison du statut d\u2019Al-Azhar Al-Sharif. \u00ab J\u2019ai le plaisir, aujourd\u2019hui, de transmettre aux autorit\u00e9s et au peuple nig\u00e9rien les salutations du pr\u00e9sident Abdel Fattah El-Sissi, de M. Sameh Shoukry, ministre des Affaires Etrang\u00e8res. Je voudrais souligner aussi que l\u2019\u00c9gypte place l\u2019Afrique et les pays africains fr\u00e8res au premier rang de ses priorit\u00e9s en mati\u00e8re de politique \u00e9trang\u00e8re, de m\u00eame que l\u2019\u00c9gypte et le Niger ont un large consensus de vues sur diverses questions r\u00e9gionales et internationales \u00bb, a affirm\u00e9 l\u2019Ambassadeur \u00e9gyptien.<\/p>\n<p>Selon lui, dans le cadre de la coop\u00e9ration bilat\u00e9rale, il travaillera avec tous les responsables au Niger dans l\u2019int\u00e9r\u00eat des deux pays et dans l\u2019int\u00e9r\u00eat d\u2019une action africaine commune au sujet de tout ce qui concerne les questions internationales touchant les int\u00e9r\u00eats des pays comme la lutte contre le terrorisme, la pr\u00e9servation de l\u2019environnement, la lutte contre la pauvret\u00e9 et la r\u00e9alisation du d\u00e9veloppement durable, etc. SE. Sayed Mohamed Ahmed Elsalahey a enfin invit\u00e9 les nig\u00e9riens \u00e0 visiter l\u2019Egypte, ce pays qui ouvre ses bras et les accueille, que ce soit pour le tourisme, les visites m\u00e9dicales, les \u00e9tudes, le commerce, \u00ab je vous promets que vous verrez un monde qui va vous inspirer \u00bb, a-t-il conclu avant de les inviter \u00e0 suivre des films publicitaires sur l\u2019\u00c9gypte, \u00e0 \u00e9couter diverses musiques \u00e9gyptiennes et d\u00e9guster de d\u00e9licieux plats \u00e9gyptiens.<\/p>\n<p><b>Par Seini Seydou Zakaria(onep)<\/b><\/p>\n<p><strong>Pour plus d&rsquo;informations et d&rsquo;analyses sur la <a href=\"https:\/\/www.africa-press.net\/tchad\">Tchad<\/a>, suivez <a href=\"https:\/\/www.africa-press.net\/\">Africa-Press<\/a><\/strong><\/p>\n","protected":false},"excerpt":{"rendered":"<p>Africa-Press &#8211; Tchad. Dans le cadre de la c\u00e9l\u00e9bration de la f\u00eate nationale de la R\u00e9publique Arabe d\u2019Egypte co\u00efncidant cette ann\u00e9e avec la c\u00e9l\u00e9bration du 70\u00e8me anniversaire de la r\u00e9volution du 23 juillet 1952, l\u2019Ambassadeur de la R\u00e9publique d\u2019\u00c9gypte au Niger, SE. Sayed Mohamed Ahmed Elsalahey a donn\u00e9 une r\u00e9ception, le mercredi 20 juillet 2022 [&hellip;]<\/p>\n","protected":false},"author":82,"featured_media":29306,"comment_status":"open","ping_status":"closed","sticky":false,"template":"","format":"standard","meta":{"footnotes":""},"categories":[11,2,10],"tags":[37,292,29],"class_list":["post-29307","post","type-post","status-publish","format-standard","has-post-thumbnail","hentry","category-homepage-french","category-politique","category-toutes-les-actualites","tag-africa-press","tag-africa-press-tchad","tag-tchad"],"yoast_head":"<!-- This site is optimized with the Yoast SEO Premium plugin v26.1 (Yoast SEO v27.0) - https:\/\/yoast.com\/product\/yoast-seo-premium-wordpress\/ -->\n<title>C\u00e9l\u00e9bration de la f\u00eate nationale de la R\u00e9publique d\u2019\u00c9gypte au Niger : SE. Sayed Mohamed Ahmed Elsalahey donne une r\u00e9ception - tchad<\/title>\n<meta name=\"description\" content=\"Dans le cadre de la c\u00e9l\u00e9bration de la f\u00eate nationale de la R\u00e9publique Arabe d\u2019Egypte co\u00efncidant cette ann\u00e9e avec la c\u00e9l\u00e9 ...\" \/>\n<meta name=\"robots\" content=\"index, follow, max-snippet:-1, max-image-preview:large, max-video-preview:-1\" \/>\n<link rel=\"canonical\" href=\"https:\/\/www.africa-press.net\/tchad\/politique\/celebration-de-la-fete-nationale-de-la-republique-degypte-au-niger-se-sayed-mohamed-ahmed-elsalahey-donne-une-reception\" \/>\n<meta property=\"og:locale\" content=\"fr_FR\" \/>\n<meta property=\"og:type\" content=\"article\" \/>\n<meta property=\"og:title\" content=\"C\u00e9l\u00e9bration de la f\u00eate nationale de la R\u00e9publique d\u2019\u00c9gypte au Niger : SE. Sayed Mohamed Ahmed Elsalahey donne une r\u00e9ception\" \/>\n<meta property=\"og:description\" content=\"Dans le cadre de la c\u00e9l\u00e9bration de la f\u00eate nationale de la R\u00e9publique Arabe d\u2019Egypte co\u00efncidant cette ann\u00e9e avec la c\u00e9l\u00e9 ...\" \/>\n<meta property=\"og:url\" content=\"https:\/\/www.africa-press.net\/tchad\/politique\/celebration-de-la-fete-nationale-de-la-republique-degypte-au-niger-se-sayed-mohamed-ahmed-elsalahey-donne-une-reception\" \/>\n<meta property=\"og:site_name\" content=\"tchad\" \/>\n<meta property=\"article:published_time\" content=\"2022-07-22T14:28:05+00:00\" \/>\n<meta property=\"article:modified_time\" content=\"2022-07-22T15:00:04+00:00\" \/>\n<meta property=\"og:image\" content=\"https:\/\/static.africa-press.net\/tchad\/sites\/41\/2022\/07\/postQueueImg_21-62dabb61ae763.jpg\" \/>\n\t<meta property=\"og:image:width\" content=\"720\" \/>\n\t<meta property=\"og:image:height\" content=\"435\" \/>\n\t<meta property=\"og:image:type\" content=\"image\/jpeg\" \/>\n<meta name=\"author\" content=\"cfeditorfr\" \/>\n<meta name=\"twitter:card\" content=\"summary_large_image\" \/>\n<meta name=\"twitter:label1\" content=\"\u00c9crit par\" \/>\n\t<meta name=\"twitter:data1\" content=\"cfeditorfr\" \/>\n\t<meta name=\"twitter:label2\" content=\"Dur\u00e9e de lecture estim\u00e9e\" \/>\n\t<meta name=\"twitter:data2\" content=\"5 minutes\" \/>\n<script type=\"application\/ld+json\" class=\"yoast-schema-graph\">{\"@context\":\"https:\/\/schema.org\",\"@graph\":[{\"@type\":\"Article\",\"@id\":\"https:\/\/www.africa-press.net\/tchad\/politique\/celebration-de-la-fete-nationale-de-la-republique-degypte-au-niger-se-sayed-mohamed-ahmed-elsalahey-donne-une-reception#article\",\"isPartOf\":{\"@id\":\"https:\/\/www.africa-press.net\/tchad\/politique\/celebration-de-la-fete-nationale-de-la-republique-degypte-au-niger-se-sayed-mohamed-ahmed-elsalahey-donne-une-reception\"},\"author\":{\"name\":\"cfeditorfr\",\"@id\":\"https:\/\/www.africa-press.net\/tchad\/#\/schema\/person\/2b1cf3cd81a31e3cd26889ca66d677f1\"},\"headline\":\"C\u00e9l\u00e9bration de la f\u00eate nationale de la R\u00e9publique d\u2019\u00c9gypte au Niger : SE. Sayed Mohamed Ahmed Elsalahey donne une r\u00e9ception\",\"datePublished\":\"2022-07-22T14:28:05+00:00\",\"dateModified\":\"2022-07-22T15:00:04+00:00\",\"mainEntityOfPage\":{\"@id\":\"https:\/\/www.africa-press.net\/tchad\/politique\/celebration-de-la-fete-nationale-de-la-republique-degypte-au-niger-se-sayed-mohamed-ahmed-elsalahey-donne-une-reception\"},\"wordCount\":988,\"commentCount\":0,\"image\":{\"@id\":\"https:\/\/www.africa-press.net\/tchad\/politique\/celebration-de-la-fete-nationale-de-la-republique-degypte-au-niger-se-sayed-mohamed-ahmed-elsalahey-donne-une-reception#primaryimage\"},\"thumbnailUrl\":\"https:\/\/static.africa-press.net\/tchad\/sites\/41\/2022\/07\/postQueueImg_21-62dabb61ae763.jpg\",\"keywords\":[\"Africa Press\",\"Africa Press-Tchad\",\"Tchad\"],\"articleSection\":[\"homepage-french\",\"Politique\",\"Toutes les actualit\u00e9s\"],\"inLanguage\":\"fr-FR\",\"potentialAction\":[{\"@type\":\"CommentAction\",\"name\":\"Comment\",\"target\":[\"https:\/\/www.africa-press.net\/tchad\/politique\/celebration-de-la-fete-nationale-de-la-republique-degypte-au-niger-se-sayed-mohamed-ahmed-elsalahey-donne-une-reception#respond\"]}]},{\"@type\":\"WebPage\",\"@id\":\"https:\/\/www.africa-press.net\/tchad\/politique\/celebration-de-la-fete-nationale-de-la-republique-degypte-au-niger-se-sayed-mohamed-ahmed-elsalahey-donne-une-reception\",\"url\":\"https:\/\/www.africa-press.net\/tchad\/politique\/celebration-de-la-fete-nationale-de-la-republique-degypte-au-niger-se-sayed-mohamed-ahmed-elsalahey-donne-une-reception\",\"name\":\"C\u00e9l\u00e9bration de la f\u00eate nationale de la R\u00e9publique d\u2019\u00c9gypte au Niger : SE. Sayed Mohamed Ahmed Elsalahey donne une r\u00e9ception - tchad\",\"isPartOf\":{\"@id\":\"https:\/\/www.africa-press.net\/tchad\/#website\"},\"primaryImageOfPage\":{\"@id\":\"https:\/\/www.africa-press.net\/tchad\/politique\/celebration-de-la-fete-nationale-de-la-republique-degypte-au-niger-se-sayed-mohamed-ahmed-elsalahey-donne-une-reception#primaryimage\"},\"image\":{\"@id\":\"https:\/\/www.africa-press.net\/tchad\/politique\/celebration-de-la-fete-nationale-de-la-republique-degypte-au-niger-se-sayed-mohamed-ahmed-elsalahey-donne-une-reception#primaryimage\"},\"thumbnailUrl\":\"https:\/\/static.africa-press.net\/tchad\/sites\/41\/2022\/07\/postQueueImg_21-62dabb61ae763.jpg\",\"datePublished\":\"2022-07-22T14:28:05+00:00\",\"dateModified\":\"2022-07-22T15:00:04+00:00\",\"author\":{\"@id\":\"https:\/\/www.africa-press.net\/tchad\/#\/schema\/person\/2b1cf3cd81a31e3cd26889ca66d677f1\"},\"description\":\"Dans le cadre de la c\u00e9l\u00e9bration de la f\u00eate nationale de la R\u00e9publique Arabe d\u2019Egypte co\u00efncidant cette ann\u00e9e avec la c\u00e9l\u00e9 ...\",\"breadcrumb\":{\"@id\":\"https:\/\/www.africa-press.net\/tchad\/politique\/celebration-de-la-fete-nationale-de-la-republique-degypte-au-niger-se-sayed-mohamed-ahmed-elsalahey-donne-une-reception#breadcrumb\"},\"inLanguage\":\"fr-FR\",\"potentialAction\":[{\"@type\":\"ReadAction\",\"target\":[\"https:\/\/www.africa-press.net\/tchad\/politique\/celebration-de-la-fete-nationale-de-la-republique-degypte-au-niger-se-sayed-mohamed-ahmed-elsalahey-donne-une-reception\"]}]},{\"@type\":\"ImageObject\",\"inLanguage\":\"fr-FR\",\"@id\":\"https:\/\/www.africa-press.net\/tchad\/politique\/celebration-de-la-fete-nationale-de-la-republique-degypte-au-niger-se-sayed-mohamed-ahmed-elsalahey-donne-une-reception#primaryimage\",\"url\":\"https:\/\/static.africa-press.net\/tchad\/sites\/41\/2022\/07\/postQueueImg_21-62dabb61ae763.jpg\",\"contentUrl\":\"https:\/\/static.africa-press.net\/tchad\/sites\/41\/2022\/07\/postQueueImg_21-62dabb61ae763.jpg\",\"width\":720,\"height\":435,\"caption\":\"C\u00e9l\u00e9bration de la f\u00eate nationale de la R\u00e9publique d\u2019\u00c9gypte au Niger : SE. Sayed Mohamed Ahmed Elsalahey donne une r\u00e9ception\"},{\"@type\":\"BreadcrumbList\",\"@id\":\"https:\/\/www.africa-press.net\/tchad\/politique\/celebration-de-la-fete-nationale-de-la-republique-degypte-au-niger-se-sayed-mohamed-ahmed-elsalahey-donne-une-reception#breadcrumb\",\"itemListElement\":[{\"@type\":\"ListItem\",\"position\":1,\"name\":\"Accueil\",\"item\":\"https:\/\/www.africa-press.net\/tchad\/\"},{\"@type\":\"ListItem\",\"position\":2,\"name\":\"C\u00e9l\u00e9bration de la f\u00eate nationale de la R\u00e9publique d\u2019\u00c9gypte au Niger : SE. Sayed Mohamed Ahmed Elsalahey donne une r\u00e9ception\"}]},{\"@type\":\"WebSite\",\"@id\":\"https:\/\/www.africa-press.net\/tchad\/#website\",\"url\":\"https:\/\/www.africa-press.net\/tchad\/\",\"name\":\"tchad\",\"description\":\"Just another Africa News Agency Sites site\",\"potentialAction\":[{\"@type\":\"SearchAction\",\"target\":{\"@type\":\"EntryPoint\",\"urlTemplate\":\"https:\/\/www.africa-press.net\/tchad\/?s={search_term_string}\"},\"query-input\":{\"@type\":\"PropertyValueSpecification\",\"valueRequired\":true,\"valueName\":\"search_term_string\"}}],\"inLanguage\":\"fr-FR\"},{\"@type\":\"Person\",\"@id\":\"https:\/\/www.africa-press.net\/tchad\/#\/schema\/person\/2b1cf3cd81a31e3cd26889ca66d677f1\",\"name\":\"cfeditorfr\"}]}<\/script>\n<!-- \/ Yoast SEO Premium plugin. -->","yoast_head_json":{"title":"C\u00e9l\u00e9bration de la f\u00eate nationale de la R\u00e9publique d\u2019\u00c9gypte au Niger : SE. Sayed Mohamed Ahmed Elsalahey donne une r\u00e9ception - tchad","description":"Dans le cadre de la c\u00e9l\u00e9bration de la f\u00eate nationale de la R\u00e9publique Arabe d\u2019Egypte co\u00efncidant cette ann\u00e9e avec la c\u00e9l\u00e9 ...","robots":{"index":"index","follow":"follow","max-snippet":"max-snippet:-1","max-image-preview":"max-image-preview:large","max-video-preview":"max-video-preview:-1"},"canonical":"https:\/\/www.africa-press.net\/tchad\/politique\/celebration-de-la-fete-nationale-de-la-republique-degypte-au-niger-se-sayed-mohamed-ahmed-elsalahey-donne-une-reception","og_locale":"fr_FR","og_type":"article","og_title":"C\u00e9l\u00e9bration de la f\u00eate nationale de la R\u00e9publique d\u2019\u00c9gypte au Niger : SE. Sayed Mohamed Ahmed Elsalahey donne une r\u00e9ception","og_description":"Dans le cadre de la c\u00e9l\u00e9bration de la f\u00eate nationale de la R\u00e9publique Arabe d\u2019Egypte co\u00efncidant cette ann\u00e9e avec la c\u00e9l\u00e9 ...","og_url":"https:\/\/www.africa-press.net\/tchad\/politique\/celebration-de-la-fete-nationale-de-la-republique-degypte-au-niger-se-sayed-mohamed-ahmed-elsalahey-donne-une-reception","og_site_name":"tchad","article_published_time":"2022-07-22T14:28:05+00:00","article_modified_time":"2022-07-22T15:00:04+00:00","og_image":[{"width":720,"height":435,"url":"https:\/\/static.africa-press.net\/tchad\/sites\/41\/2022\/07\/postQueueImg_21-62dabb61ae763.jpg","type":"image\/jpeg"}],"author":"cfeditorfr","twitter_card":"summary_large_image","twitter_misc":{"\u00c9crit par":"cfeditorfr","Dur\u00e9e de lecture estim\u00e9e":"5 minutes"},"schema":{"@context":"https:\/\/schema.org","@graph":[{"@type":"Article","@id":"https:\/\/www.africa-press.net\/tchad\/politique\/celebration-de-la-fete-nationale-de-la-republique-degypte-au-niger-se-sayed-mohamed-ahmed-elsalahey-donne-une-reception#article","isPartOf":{"@id":"https:\/\/www.africa-press.net\/tchad\/politique\/celebration-de-la-fete-nationale-de-la-republique-degypte-au-niger-se-sayed-mohamed-ahmed-elsalahey-donne-une-reception"},"author":{"name":"cfeditorfr","@id":"https:\/\/www.africa-press.net\/tchad\/#\/schema\/person\/2b1cf3cd81a31e3cd26889ca66d677f1"},"headline":"C\u00e9l\u00e9bration de la f\u00eate nationale de la R\u00e9publique d\u2019\u00c9gypte au Niger : SE. Sayed Mohamed Ahmed Elsalahey donne une r\u00e9ception","datePublished":"2022-07-22T14:28:05+00:00","dateModified":"2022-07-22T15:00:04+00:00","mainEntityOfPage":{"@id":"https:\/\/www.africa-press.net\/tchad\/politique\/celebration-de-la-fete-nationale-de-la-republique-degypte-au-niger-se-sayed-mohamed-ahmed-elsalahey-donne-une-reception"},"wordCount":988,"commentCount":0,"image":{"@id":"https:\/\/www.africa-press.net\/tchad\/politique\/celebration-de-la-fete-nationale-de-la-republique-degypte-au-niger-se-sayed-mohamed-ahmed-elsalahey-donne-une-reception#primaryimage"},"thumbnailUrl":"https:\/\/static.africa-press.net\/tchad\/sites\/41\/2022\/07\/postQueueImg_21-62dabb61ae763.jpg","keywords":["Africa Press","Africa Press-Tchad","Tchad"],"articleSection":["homepage-french","Politique","Toutes les actualit\u00e9s"],"inLanguage":"fr-FR","potentialAction":[{"@type":"CommentAction","name":"Comment","target":["https:\/\/www.africa-press.net\/tchad\/politique\/celebration-de-la-fete-nationale-de-la-republique-degypte-au-niger-se-sayed-mohamed-ahmed-elsalahey-donne-une-reception#respond"]}]},{"@type":"WebPage","@id":"https:\/\/www.africa-press.net\/tchad\/politique\/celebration-de-la-fete-nationale-de-la-republique-degypte-au-niger-se-sayed-mohamed-ahmed-elsalahey-donne-une-reception","url":"https:\/\/www.africa-press.net\/tchad\/politique\/celebration-de-la-fete-nationale-de-la-republique-degypte-au-niger-se-sayed-mohamed-ahmed-elsalahey-donne-une-reception","name":"C\u00e9l\u00e9bration de la f\u00eate nationale de la R\u00e9publique d\u2019\u00c9gypte au Niger : SE. Sayed Mohamed Ahmed Elsalahey donne une r\u00e9ception - tchad","isPartOf":{"@id":"https:\/\/www.africa-press.net\/tchad\/#website"},"primaryImageOfPage":{"@id":"https:\/\/www.africa-press.net\/tchad\/politique\/celebration-de-la-fete-nationale-de-la-republique-degypte-au-niger-se-sayed-mohamed-ahmed-elsalahey-donne-une-reception#primaryimage"},"image":{"@id":"https:\/\/www.africa-press.net\/tchad\/politique\/celebration-de-la-fete-nationale-de-la-republique-degypte-au-niger-se-sayed-mohamed-ahmed-elsalahey-donne-une-reception#primaryimage"},"thumbnailUrl":"https:\/\/static.africa-press.net\/tchad\/sites\/41\/2022\/07\/postQueueImg_21-62dabb61ae763.jpg","datePublished":"2022-07-22T14:28:05+00:00","dateModified":"2022-07-22T15:00:04+00:00","author":{"@id":"https:\/\/www.africa-press.net\/tchad\/#\/schema\/person\/2b1cf3cd81a31e3cd26889ca66d677f1"},"description":"Dans le cadre de la c\u00e9l\u00e9bration de la f\u00eate nationale de la R\u00e9publique Arabe d\u2019Egypte co\u00efncidant cette ann\u00e9e avec la c\u00e9l\u00e9 ...","breadcrumb":{"@id":"https:\/\/www.africa-press.net\/tchad\/politique\/celebration-de-la-fete-nationale-de-la-republique-degypte-au-niger-se-sayed-mohamed-ahmed-elsalahey-donne-une-reception#breadcrumb"},"inLanguage":"fr-FR","potentialAction":[{"@type":"ReadAction","target":["https:\/\/www.africa-press.net\/tchad\/politique\/celebration-de-la-fete-nationale-de-la-republique-degypte-au-niger-se-sayed-mohamed-ahmed-elsalahey-donne-une-reception"]}]},{"@type":"ImageObject","inLanguage":"fr-FR","@id":"https:\/\/www.africa-press.net\/tchad\/politique\/celebration-de-la-fete-nationale-de-la-republique-degypte-au-niger-se-sayed-mohamed-ahmed-elsalahey-donne-une-reception#primaryimage","url":"https:\/\/static.africa-press.net\/tchad\/sites\/41\/2022\/07\/postQueueImg_21-62dabb61ae763.jpg","contentUrl":"https:\/\/static.africa-press.net\/tchad\/sites\/41\/2022\/07\/postQueueImg_21-62dabb61ae763.jpg","width":720,"height":435,"caption":"C\u00e9l\u00e9bration de la f\u00eate nationale de la R\u00e9publique d\u2019\u00c9gypte au Niger : SE. Sayed Mohamed Ahmed Elsalahey donne une r\u00e9ception"},{"@type":"BreadcrumbList","@id":"https:\/\/www.africa-press.net\/tchad\/politique\/celebration-de-la-fete-nationale-de-la-republique-degypte-au-niger-se-sayed-mohamed-ahmed-elsalahey-donne-une-reception#breadcrumb","itemListElement":[{"@type":"ListItem","position":1,"name":"Accueil","item":"https:\/\/www.africa-press.net\/tchad\/"},{"@type":"ListItem","position":2,"name":"C\u00e9l\u00e9bration de la f\u00eate nationale de la R\u00e9publique d\u2019\u00c9gypte au Niger : SE. Sayed Mohamed Ahmed Elsalahey donne une r\u00e9ception"}]},{"@type":"WebSite","@id":"https:\/\/www.africa-press.net\/tchad\/#website","url":"https:\/\/www.africa-press.net\/tchad\/","name":"tchad","description":"Just another Africa News Agency Sites site","potentialAction":[{"@type":"SearchAction","target":{"@type":"EntryPoint","urlTemplate":"https:\/\/www.africa-press.net\/tchad\/?s={search_term_string}"},"query-input":{"@type":"PropertyValueSpecification","valueRequired":true,"valueName":"search_term_string"}}],"inLanguage":"fr-FR"},{"@type":"Person","@id":"https:\/\/www.africa-press.net\/tchad\/#\/schema\/person\/2b1cf3cd81a31e3cd26889ca66d677f1","name":"cfeditorfr"}]}},"_links":{"self":[{"href":"https:\/\/www.africa-press.net\/tchad\/wp-json\/wp\/v2\/posts\/29307","targetHints":{"allow":["GET"]}}],"collection":[{"href":"https:\/\/www.africa-press.net\/tchad\/wp-json\/wp\/v2\/posts"}],"about":[{"href":"https:\/\/www.africa-press.net\/tchad\/wp-json\/wp\/v2\/types\/post"}],"author":[{"embeddable":true,"href":"https:\/\/www.africa-press.net\/tchad\/wp-json\/wp\/v2\/users\/82"}],"replies":[{"embeddable":true,"href":"https:\/\/www.africa-press.net\/tchad\/wp-json\/wp\/v2\/comments?post=29307"}],"version-history":[{"count":0,"href":"https:\/\/www.africa-press.net\/tchad\/wp-json\/wp\/v2\/posts\/29307\/revisions"}],"wp:featuredmedia":[{"embeddable":true,"href":"https:\/\/www.africa-press.net\/tchad\/wp-json\/wp\/v2\/media\/29306"}],"wp:attachment":[{"href":"https:\/\/www.africa-press.net\/tchad\/wp-json\/wp\/v2\/media?parent=29307"}],"wp:term":[{"taxonomy":"category","embeddable":true,"href":"https:\/\/www.africa-press.net\/tchad\/wp-json\/wp\/v2\/categories?post=29307"},{"taxonomy":"post_tag","embeddable":true,"href":"https:\/\/www.africa-press.net\/tchad\/wp-json\/wp\/v2\/tags?post=29307"}],"curies":[{"name":"wp","href":"https:\/\/api.w.org\/{rel}","templated":true}]}}