{"id":29328,"date":"2022-07-22T16:08:05","date_gmt":"2022-07-22T16:08:05","guid":{"rendered":"https:\/\/www.africa-press.net\/tchad\/politique\/le-tchad-accueille-la-2eme-conference-du-comite-interparlementaire-du-g5-sahel"},"modified":"2022-07-22T16:43:22","modified_gmt":"2022-07-22T16:43:22","slug":"le-tchad-accueille-la-2eme-conference-du-comite-interparlementaire-du-g5-sahel","status":"publish","type":"post","link":"https:\/\/www.africa-press.net\/tchad\/politique\/le-tchad-accueille-la-2eme-conference-du-comite-interparlementaire-du-g5-sahel","title":{"rendered":"Le Tchad accueille la 2\u00e8me conf\u00e9rence du Comit\u00e9 interparlementaire du G5 Sahel"},"content":{"rendered":"<p><span style=\"color: #ff6600\"><strong>Africa-Press &#8211; Tchad. <\/strong><\/span>Le comit\u00e9 interparlementaire en collaboration avec le conseil national de transition organisent du 21 au 22 juillet 2022 la conf\u00e9rence des pr\u00e9sidents du comit\u00e9 interparlementaire du G5 Sahel \u00e0 l\u2019h\u00f4tel Radisson blu.<\/p>\n<p>Plac\u00e9e sous le th\u00e8me \u00ab le r\u00f4le de parlementaires dans la lutte contre l\u2019extr\u00e9misme violent au sahel \u00bb, cette conf\u00e9rence des pr\u00e9sidents du comit\u00e9 interparlementaire du G5 Sahel vise a examin\u00e9 les textes statutaires dudit comit\u00e9 en vue d\u2019am\u00e9liorer le fonctionnement de cette institution pour l\u2019adapter aux contingences du moment. Prenant la parole, Seini Oumarou, pr\u00e9sident de l\u2019Assembl\u00e9e nationale du Niger, a rappel\u00e9 l\u2019engagement, les efforts et sacrifices consentis par les autorit\u00e9s tchadiennes pour en faire l\u2019instrument du retour \u00e0 la qui\u00e9tude au Sahel. \u00ab Cette organisation est sujette \u00e0 un doute existentiel, mon souhait est qu\u2019avec tous nos autres chefs d\u2019Etats, soient prises des d\u00e9cisions qu\u2019appelle la situation actuelle pour refonder le G5 Sahel avec des pr\u00e9rogatives encore plus op\u00e9rationnelle en mati\u00e8re de ripostes contre la gu\u00e9rilla des terroristes et \u00e9galement en mati\u00e8re d\u2019investissements \u00e9conomiques pour lutter contre la pauvret\u00e9, terreau fertile du terrorisme \u00bb, indique Seini Oumarou.<\/p>\n<p>Apr\u00e8s avoir \u00e9num\u00e9rer les d\u00e9fis auxquels est confront\u00e9 l\u2019espace G5 Sahel et les efforts consentis par les parlementaires, le pr\u00e9sident du conseil national de transition du Tchad, Dr Haroun Kabadi, indique qu\u2019il y a l\u2019imp\u00e9rieuse n\u00e9cessit\u00e9 d\u2019une meilleure collaboration et d\u2019une r\u00e9elle synergie d\u2019actions de l\u2019ensemble des pays dans la lutte contre le terrorisme. \u00ab A cet \u00e9gard, nous esp\u00e9rons vivement que le Mali, membre \u00e0 part du G5 Sahel, apr\u00e8s la lev\u00e9e des sanctions de la Cedeao, retrouve rapidement toute sa place au sein de notre organisation, car son retrait du G5-Sahel apr\u00e8s seulement six (6) ann\u00e9es d\u2019existence, pr\u00e9sente des difficult\u00e9s, des enjeux et de d\u00e9fis dans l\u2019op\u00e9rationnalisation, l\u2019organisation et dans le fonctionnement de notre institution \u00bb, souligne Dr Haroun Kabadi, pr\u00e9sident en exercice du comit\u00e9 interparlementaire du G5-Sahel. Il ajoute que, \u00ab seule une forte dynamique commune, impuls\u00e9e par un \u00e9lan collectif de solidarit\u00e9 et de compl\u00e9mentarit\u00e9, (\u2026) permettra de gagner cette guerre contre le terrorisme, une guerre asym\u00e9trique, une guerre de nerf et d\u2019usure \u00bb.<\/p>\n<p>Pour ce qui est de l\u2019extr\u00e9misme violent, Dr Harou Kabadi dit qu\u2019il est ind\u00e9niable que la pr\u00e9carit\u00e9 dans la vie des populations, les vuln\u00e9rabilit\u00e9s diverses et la faiblesse des institutions \u00e9tatiques sont autant de s\u00e8ve qui nourrissent le terreau du terrorisme et de l\u2019extr\u00e9misme violent. \u00ab Dans ces conditions, il est bien \u00e9videmment urgent et imp\u00e9rieux, que notre institution engage une r\u00e9flexion pointue et pertinente sur cette lancinante question \u00bb.<\/p>\n<p><strong>Pour plus d&rsquo;informations et d&rsquo;analyses sur la <a href=\"https:\/\/www.africa-press.net\/tchad\">Tchad<\/a>, suivez <a href=\"https:\/\/www.africa-press.net\/\">Africa-Press<\/a><\/strong><\/p>\n","protected":false},"excerpt":{"rendered":"<p>Africa-Press &#8211; Tchad. Le comit\u00e9 interparlementaire en collaboration avec le conseil national de transition organisent du 21 au 22 juillet 2022 la conf\u00e9rence des pr\u00e9sidents du comit\u00e9 interparlementaire du G5 Sahel \u00e0 l\u2019h\u00f4tel Radisson blu. Plac\u00e9e sous le th\u00e8me \u00ab le r\u00f4le de parlementaires dans la lutte contre l\u2019extr\u00e9misme violent au sahel \u00bb, cette conf\u00e9rence [&hellip;]<\/p>\n","protected":false},"author":82,"featured_media":29327,"comment_status":"open","ping_status":"closed","sticky":false,"template":"","format":"standard","meta":{"footnotes":""},"categories":[11,2,20,10],"tags":[37,292,29],"class_list":["post-29328","post","type-post","status-publish","format-standard","has-post-thumbnail","hentry","category-homepage-french","category-politique","category-top-nouvelles","category-toutes-les-actualites","tag-africa-press","tag-africa-press-tchad","tag-tchad"],"yoast_head":"<!-- This site is optimized with the Yoast SEO Premium plugin v26.1 (Yoast SEO v27.0) - https:\/\/yoast.com\/product\/yoast-seo-premium-wordpress\/ -->\n<title>Le Tchad accueille la 2\u00e8me conf\u00e9rence du Comit\u00e9 interparlementaire du G5 Sahel - tchad<\/title>\n<meta name=\"description\" content=\"Le comit\u00e9 interparlementaire en collaboration avec le conseil national de transition organisent du 21 au 22 juillet 2022 ...\" \/>\n<meta name=\"robots\" content=\"index, follow, max-snippet:-1, max-image-preview:large, max-video-preview:-1\" \/>\n<link rel=\"canonical\" href=\"https:\/\/www.africa-press.net\/tchad\/politique\/le-tchad-accueille-la-2eme-conference-du-comite-interparlementaire-du-g5-sahel\" \/>\n<meta property=\"og:locale\" content=\"fr_FR\" \/>\n<meta property=\"og:type\" content=\"article\" \/>\n<meta property=\"og:title\" content=\"Le Tchad accueille la 2\u00e8me conf\u00e9rence du Comit\u00e9 interparlementaire du G5 Sahel\" \/>\n<meta property=\"og:description\" content=\"Le comit\u00e9 interparlementaire en collaboration avec le conseil national de transition organisent du 21 au 22 juillet 2022 ...\" \/>\n<meta property=\"og:url\" content=\"https:\/\/www.africa-press.net\/tchad\/politique\/le-tchad-accueille-la-2eme-conference-du-comite-interparlementaire-du-g5-sahel\" \/>\n<meta property=\"og:site_name\" content=\"tchad\" \/>\n<meta property=\"article:published_time\" content=\"2022-07-22T16:08:05+00:00\" \/>\n<meta property=\"article:modified_time\" content=\"2022-07-22T16:43:22+00:00\" \/>\n<meta property=\"og:image\" content=\"https:\/\/static.africa-press.net\/tchad\/sites\/41\/2022\/07\/postQueueImg_32-62dad391c83c8.jpg\" \/>\n\t<meta property=\"og:image:width\" content=\"1920\" \/>\n\t<meta property=\"og:image:height\" content=\"1000\" \/>\n\t<meta property=\"og:image:type\" content=\"image\/jpeg\" \/>\n<meta name=\"author\" content=\"cfeditorfr\" \/>\n<meta name=\"twitter:card\" content=\"summary_large_image\" \/>\n<meta name=\"twitter:label1\" content=\"\u00c9crit par\" \/>\n\t<meta name=\"twitter:data1\" content=\"cfeditorfr\" \/>\n\t<meta name=\"twitter:label2\" content=\"Dur\u00e9e de lecture estim\u00e9e\" \/>\n\t<meta name=\"twitter:data2\" content=\"3 minutes\" \/>\n<script type=\"application\/ld+json\" class=\"yoast-schema-graph\">{\"@context\":\"https:\/\/schema.org\",\"@graph\":[{\"@type\":\"Article\",\"@id\":\"https:\/\/www.africa-press.net\/tchad\/politique\/le-tchad-accueille-la-2eme-conference-du-comite-interparlementaire-du-g5-sahel#article\",\"isPartOf\":{\"@id\":\"https:\/\/www.africa-press.net\/tchad\/politique\/le-tchad-accueille-la-2eme-conference-du-comite-interparlementaire-du-g5-sahel\"},\"author\":{\"name\":\"cfeditorfr\",\"@id\":\"https:\/\/www.africa-press.net\/tchad\/#\/schema\/person\/2b1cf3cd81a31e3cd26889ca66d677f1\"},\"headline\":\"Le Tchad accueille la 2\u00e8me conf\u00e9rence du Comit\u00e9 interparlementaire du G5 Sahel\",\"datePublished\":\"2022-07-22T16:08:05+00:00\",\"dateModified\":\"2022-07-22T16:43:22+00:00\",\"mainEntityOfPage\":{\"@id\":\"https:\/\/www.africa-press.net\/tchad\/politique\/le-tchad-accueille-la-2eme-conference-du-comite-interparlementaire-du-g5-sahel\"},\"wordCount\":504,\"commentCount\":0,\"image\":{\"@id\":\"https:\/\/www.africa-press.net\/tchad\/politique\/le-tchad-accueille-la-2eme-conference-du-comite-interparlementaire-du-g5-sahel#primaryimage\"},\"thumbnailUrl\":\"https:\/\/static.africa-press.net\/tchad\/sites\/41\/2022\/07\/postQueueImg_32-62dad391c83c8.jpg\",\"keywords\":[\"Africa Press\",\"Africa Press-Tchad\",\"Tchad\"],\"articleSection\":[\"homepage-french\",\"Politique\",\"Top Nouvelles\",\"Toutes les actualit\u00e9s\"],\"inLanguage\":\"fr-FR\",\"potentialAction\":[{\"@type\":\"CommentAction\",\"name\":\"Comment\",\"target\":[\"https:\/\/www.africa-press.net\/tchad\/politique\/le-tchad-accueille-la-2eme-conference-du-comite-interparlementaire-du-g5-sahel#respond\"]}]},{\"@type\":\"WebPage\",\"@id\":\"https:\/\/www.africa-press.net\/tchad\/politique\/le-tchad-accueille-la-2eme-conference-du-comite-interparlementaire-du-g5-sahel\",\"url\":\"https:\/\/www.africa-press.net\/tchad\/politique\/le-tchad-accueille-la-2eme-conference-du-comite-interparlementaire-du-g5-sahel\",\"name\":\"Le Tchad accueille la 2\u00e8me conf\u00e9rence du Comit\u00e9 interparlementaire du G5 Sahel - tchad\",\"isPartOf\":{\"@id\":\"https:\/\/www.africa-press.net\/tchad\/#website\"},\"primaryImageOfPage\":{\"@id\":\"https:\/\/www.africa-press.net\/tchad\/politique\/le-tchad-accueille-la-2eme-conference-du-comite-interparlementaire-du-g5-sahel#primaryimage\"},\"image\":{\"@id\":\"https:\/\/www.africa-press.net\/tchad\/politique\/le-tchad-accueille-la-2eme-conference-du-comite-interparlementaire-du-g5-sahel#primaryimage\"},\"thumbnailUrl\":\"https:\/\/static.africa-press.net\/tchad\/sites\/41\/2022\/07\/postQueueImg_32-62dad391c83c8.jpg\",\"datePublished\":\"2022-07-22T16:08:05+00:00\",\"dateModified\":\"2022-07-22T16:43:22+00:00\",\"author\":{\"@id\":\"https:\/\/www.africa-press.net\/tchad\/#\/schema\/person\/2b1cf3cd81a31e3cd26889ca66d677f1\"},\"description\":\"Le comit\u00e9 interparlementaire en collaboration avec le conseil national de transition organisent du 21 au 22 juillet 2022 ...\",\"breadcrumb\":{\"@id\":\"https:\/\/www.africa-press.net\/tchad\/politique\/le-tchad-accueille-la-2eme-conference-du-comite-interparlementaire-du-g5-sahel#breadcrumb\"},\"inLanguage\":\"fr-FR\",\"potentialAction\":[{\"@type\":\"ReadAction\",\"target\":[\"https:\/\/www.africa-press.net\/tchad\/politique\/le-tchad-accueille-la-2eme-conference-du-comite-interparlementaire-du-g5-sahel\"]}]},{\"@type\":\"ImageObject\",\"inLanguage\":\"fr-FR\",\"@id\":\"https:\/\/www.africa-press.net\/tchad\/politique\/le-tchad-accueille-la-2eme-conference-du-comite-interparlementaire-du-g5-sahel#primaryimage\",\"url\":\"https:\/\/static.africa-press.net\/tchad\/sites\/41\/2022\/07\/postQueueImg_32-62dad391c83c8.jpg\",\"contentUrl\":\"https:\/\/static.africa-press.net\/tchad\/sites\/41\/2022\/07\/postQueueImg_32-62dad391c83c8.jpg\",\"width\":1920,\"height\":1000,\"caption\":\"Le Tchad accueille la 2\u00e8me conf\u00e9rence du Comit\u00e9 interparlementaire du G5 Sahel\"},{\"@type\":\"BreadcrumbList\",\"@id\":\"https:\/\/www.africa-press.net\/tchad\/politique\/le-tchad-accueille-la-2eme-conference-du-comite-interparlementaire-du-g5-sahel#breadcrumb\",\"itemListElement\":[{\"@type\":\"ListItem\",\"position\":1,\"name\":\"Accueil\",\"item\":\"https:\/\/www.africa-press.net\/tchad\/\"},{\"@type\":\"ListItem\",\"position\":2,\"name\":\"Le Tchad accueille la 2\u00e8me conf\u00e9rence du Comit\u00e9 interparlementaire du G5 Sahel\"}]},{\"@type\":\"WebSite\",\"@id\":\"https:\/\/www.africa-press.net\/tchad\/#website\",\"url\":\"https:\/\/www.africa-press.net\/tchad\/\",\"name\":\"tchad\",\"description\":\"Just another Africa News Agency Sites site\",\"potentialAction\":[{\"@type\":\"SearchAction\",\"target\":{\"@type\":\"EntryPoint\",\"urlTemplate\":\"https:\/\/www.africa-press.net\/tchad\/?s={search_term_string}\"},\"query-input\":{\"@type\":\"PropertyValueSpecification\",\"valueRequired\":true,\"valueName\":\"search_term_string\"}}],\"inLanguage\":\"fr-FR\"},{\"@type\":\"Person\",\"@id\":\"https:\/\/www.africa-press.net\/tchad\/#\/schema\/person\/2b1cf3cd81a31e3cd26889ca66d677f1\",\"name\":\"cfeditorfr\"}]}<\/script>\n<!-- \/ Yoast SEO Premium plugin. -->","yoast_head_json":{"title":"Le Tchad accueille la 2\u00e8me conf\u00e9rence du Comit\u00e9 interparlementaire du G5 Sahel - tchad","description":"Le comit\u00e9 interparlementaire en collaboration avec le conseil national de transition organisent du 21 au 22 juillet 2022 ...","robots":{"index":"index","follow":"follow","max-snippet":"max-snippet:-1","max-image-preview":"max-image-preview:large","max-video-preview":"max-video-preview:-1"},"canonical":"https:\/\/www.africa-press.net\/tchad\/politique\/le-tchad-accueille-la-2eme-conference-du-comite-interparlementaire-du-g5-sahel","og_locale":"fr_FR","og_type":"article","og_title":"Le Tchad accueille la 2\u00e8me conf\u00e9rence du Comit\u00e9 interparlementaire du G5 Sahel","og_description":"Le comit\u00e9 interparlementaire en collaboration avec le conseil national de transition organisent du 21 au 22 juillet 2022 ...","og_url":"https:\/\/www.africa-press.net\/tchad\/politique\/le-tchad-accueille-la-2eme-conference-du-comite-interparlementaire-du-g5-sahel","og_site_name":"tchad","article_published_time":"2022-07-22T16:08:05+00:00","article_modified_time":"2022-07-22T16:43:22+00:00","og_image":[{"width":1920,"height":1000,"url":"https:\/\/static.africa-press.net\/tchad\/sites\/41\/2022\/07\/postQueueImg_32-62dad391c83c8.jpg","type":"image\/jpeg"}],"author":"cfeditorfr","twitter_card":"summary_large_image","twitter_misc":{"\u00c9crit par":"cfeditorfr","Dur\u00e9e de lecture estim\u00e9e":"3 minutes"},"schema":{"@context":"https:\/\/schema.org","@graph":[{"@type":"Article","@id":"https:\/\/www.africa-press.net\/tchad\/politique\/le-tchad-accueille-la-2eme-conference-du-comite-interparlementaire-du-g5-sahel#article","isPartOf":{"@id":"https:\/\/www.africa-press.net\/tchad\/politique\/le-tchad-accueille-la-2eme-conference-du-comite-interparlementaire-du-g5-sahel"},"author":{"name":"cfeditorfr","@id":"https:\/\/www.africa-press.net\/tchad\/#\/schema\/person\/2b1cf3cd81a31e3cd26889ca66d677f1"},"headline":"Le Tchad accueille la 2\u00e8me conf\u00e9rence du Comit\u00e9 interparlementaire du G5 Sahel","datePublished":"2022-07-22T16:08:05+00:00","dateModified":"2022-07-22T16:43:22+00:00","mainEntityOfPage":{"@id":"https:\/\/www.africa-press.net\/tchad\/politique\/le-tchad-accueille-la-2eme-conference-du-comite-interparlementaire-du-g5-sahel"},"wordCount":504,"commentCount":0,"image":{"@id":"https:\/\/www.africa-press.net\/tchad\/politique\/le-tchad-accueille-la-2eme-conference-du-comite-interparlementaire-du-g5-sahel#primaryimage"},"thumbnailUrl":"https:\/\/static.africa-press.net\/tchad\/sites\/41\/2022\/07\/postQueueImg_32-62dad391c83c8.jpg","keywords":["Africa Press","Africa Press-Tchad","Tchad"],"articleSection":["homepage-french","Politique","Top Nouvelles","Toutes les actualit\u00e9s"],"inLanguage":"fr-FR","potentialAction":[{"@type":"CommentAction","name":"Comment","target":["https:\/\/www.africa-press.net\/tchad\/politique\/le-tchad-accueille-la-2eme-conference-du-comite-interparlementaire-du-g5-sahel#respond"]}]},{"@type":"WebPage","@id":"https:\/\/www.africa-press.net\/tchad\/politique\/le-tchad-accueille-la-2eme-conference-du-comite-interparlementaire-du-g5-sahel","url":"https:\/\/www.africa-press.net\/tchad\/politique\/le-tchad-accueille-la-2eme-conference-du-comite-interparlementaire-du-g5-sahel","name":"Le Tchad accueille la 2\u00e8me conf\u00e9rence du Comit\u00e9 interparlementaire du G5 Sahel - tchad","isPartOf":{"@id":"https:\/\/www.africa-press.net\/tchad\/#website"},"primaryImageOfPage":{"@id":"https:\/\/www.africa-press.net\/tchad\/politique\/le-tchad-accueille-la-2eme-conference-du-comite-interparlementaire-du-g5-sahel#primaryimage"},"image":{"@id":"https:\/\/www.africa-press.net\/tchad\/politique\/le-tchad-accueille-la-2eme-conference-du-comite-interparlementaire-du-g5-sahel#primaryimage"},"thumbnailUrl":"https:\/\/static.africa-press.net\/tchad\/sites\/41\/2022\/07\/postQueueImg_32-62dad391c83c8.jpg","datePublished":"2022-07-22T16:08:05+00:00","dateModified":"2022-07-22T16:43:22+00:00","author":{"@id":"https:\/\/www.africa-press.net\/tchad\/#\/schema\/person\/2b1cf3cd81a31e3cd26889ca66d677f1"},"description":"Le comit\u00e9 interparlementaire en collaboration avec le conseil national de transition organisent du 21 au 22 juillet 2022 ...","breadcrumb":{"@id":"https:\/\/www.africa-press.net\/tchad\/politique\/le-tchad-accueille-la-2eme-conference-du-comite-interparlementaire-du-g5-sahel#breadcrumb"},"inLanguage":"fr-FR","potentialAction":[{"@type":"ReadAction","target":["https:\/\/www.africa-press.net\/tchad\/politique\/le-tchad-accueille-la-2eme-conference-du-comite-interparlementaire-du-g5-sahel"]}]},{"@type":"ImageObject","inLanguage":"fr-FR","@id":"https:\/\/www.africa-press.net\/tchad\/politique\/le-tchad-accueille-la-2eme-conference-du-comite-interparlementaire-du-g5-sahel#primaryimage","url":"https:\/\/static.africa-press.net\/tchad\/sites\/41\/2022\/07\/postQueueImg_32-62dad391c83c8.jpg","contentUrl":"https:\/\/static.africa-press.net\/tchad\/sites\/41\/2022\/07\/postQueueImg_32-62dad391c83c8.jpg","width":1920,"height":1000,"caption":"Le Tchad accueille la 2\u00e8me conf\u00e9rence du Comit\u00e9 interparlementaire du G5 Sahel"},{"@type":"BreadcrumbList","@id":"https:\/\/www.africa-press.net\/tchad\/politique\/le-tchad-accueille-la-2eme-conference-du-comite-interparlementaire-du-g5-sahel#breadcrumb","itemListElement":[{"@type":"ListItem","position":1,"name":"Accueil","item":"https:\/\/www.africa-press.net\/tchad\/"},{"@type":"ListItem","position":2,"name":"Le Tchad accueille la 2\u00e8me conf\u00e9rence du Comit\u00e9 interparlementaire du G5 Sahel"}]},{"@type":"WebSite","@id":"https:\/\/www.africa-press.net\/tchad\/#website","url":"https:\/\/www.africa-press.net\/tchad\/","name":"tchad","description":"Just another Africa News Agency Sites site","potentialAction":[{"@type":"SearchAction","target":{"@type":"EntryPoint","urlTemplate":"https:\/\/www.africa-press.net\/tchad\/?s={search_term_string}"},"query-input":{"@type":"PropertyValueSpecification","valueRequired":true,"valueName":"search_term_string"}}],"inLanguage":"fr-FR"},{"@type":"Person","@id":"https:\/\/www.africa-press.net\/tchad\/#\/schema\/person\/2b1cf3cd81a31e3cd26889ca66d677f1","name":"cfeditorfr"}]}},"_links":{"self":[{"href":"https:\/\/www.africa-press.net\/tchad\/wp-json\/wp\/v2\/posts\/29328","targetHints":{"allow":["GET"]}}],"collection":[{"href":"https:\/\/www.africa-press.net\/tchad\/wp-json\/wp\/v2\/posts"}],"about":[{"href":"https:\/\/www.africa-press.net\/tchad\/wp-json\/wp\/v2\/types\/post"}],"author":[{"embeddable":true,"href":"https:\/\/www.africa-press.net\/tchad\/wp-json\/wp\/v2\/users\/82"}],"replies":[{"embeddable":true,"href":"https:\/\/www.africa-press.net\/tchad\/wp-json\/wp\/v2\/comments?post=29328"}],"version-history":[{"count":0,"href":"https:\/\/www.africa-press.net\/tchad\/wp-json\/wp\/v2\/posts\/29328\/revisions"}],"wp:featuredmedia":[{"embeddable":true,"href":"https:\/\/www.africa-press.net\/tchad\/wp-json\/wp\/v2\/media\/29327"}],"wp:attachment":[{"href":"https:\/\/www.africa-press.net\/tchad\/wp-json\/wp\/v2\/media?parent=29328"}],"wp:term":[{"taxonomy":"category","embeddable":true,"href":"https:\/\/www.africa-press.net\/tchad\/wp-json\/wp\/v2\/categories?post=29328"},{"taxonomy":"post_tag","embeddable":true,"href":"https:\/\/www.africa-press.net\/tchad\/wp-json\/wp\/v2\/tags?post=29328"}],"curies":[{"name":"wp","href":"https:\/\/api.w.org\/{rel}","templated":true}]}}