{"id":29331,"date":"2022-07-22T16:09:30","date_gmt":"2022-07-22T16:09:30","guid":{"rendered":"https:\/\/www.africa-press.net\/tchad\/politique\/renforcement-des-capacites-des-jeunes-sur-lutilisation-de-la-video-mobile"},"modified":"2022-07-22T16:43:48","modified_gmt":"2022-07-22T16:43:48","slug":"renforcement-des-capacites-des-jeunes-sur-lutilisation-de-la-video-mobile","status":"publish","type":"post","link":"https:\/\/www.africa-press.net\/tchad\/politique\/renforcement-des-capacites-des-jeunes-sur-lutilisation-de-la-video-mobile","title":{"rendered":"Renforcement des capacit\u00e9s des jeunes sur l\u2019utilisation de la video mobile"},"content":{"rendered":"<p><span style=\"color: #ff6600\"><strong>Africa-Press &#8211; Tchad. <\/strong><\/span>Le mus\u00e9e national a servi de cadre pour l\u2019atelier de renforcement des capacit\u00e9s des organisations des jeunes et des cadres du minist\u00e8re de la jeunesse sur la communication via les medias sociaux, ainsi que l\u2019utilisation de la vid\u00e9o mobile, ce jeudi 21 juillet 2022.<\/p>\n<p>C\u2019\u00e9tait le Ministre de la Jeunesse, des Sports et de la Promotion de l\u2019Entrepreneuriat, Mahmoud Seid Ali, qui a pr\u00e9sid\u00e9 la c\u00e9r\u00e9monie du lancement des travaux, en pr\u00e9sence du repr\u00e9sentant de l\u2019UNFPA au Tchad Sennan Hounton et plusieurs autres personnalit\u00e9s.<\/p>\n<p>Cet atelier est plac\u00e9 sous le th\u00e8me \u2018\u2019 En route pour le dialogue national inclusif \u00bb. Durant trois jours, les participants vont renforcer leurs capacit\u00e9s sur les diff\u00e9rentes th\u00e9matiques programm\u00e9s.<\/p>\n<p>Dans une br\u00e8ve pr\u00e9sentation, le repr\u00e9sentant de l\u2019UNFPA au Tchad, Sennan Hounton, a rappel\u00e9 que l\u2019UNFPA dans sa qu\u00eate perp\u00e9tuelle d\u2019am\u00e9lioration des conditions de vie des populations en g\u00e9n\u00e9ral et en particulier celles des femmes, des jeunes et des filles sont engag\u00e9s \u00e0 accompagner le gouvernement durant cette transition.<\/p>\n<p>\u00ab Pour permettre \u00e0 cette couche de la population de mieux suivre et de participer aux d\u00e9bats du dialogue national inclusif, il est donc imp\u00e9ratif de renforcer les capacit\u00e9s des repr\u00e9sentants des jeunes et des cadres du ministre afin de mieux orienter les d\u00e9bats et les discussions \u00bb, a d\u00e9clar\u00e9 le repr\u00e9sentant de l\u2019UNFPA au Tchad.<\/p>\n<p>Ouvrant les travaux, le Ministre de la Jeunesse, des Sports et de la Promotion de l\u2019Entrepreneuriat Mahmoud Seid Ali a soulign\u00e9 que la question du maitrise des outils de la communication digitale a toujours \u00e9t\u00e9 et reste au c\u0153ur des pr\u00e9occupations du gouvernement.<\/p>\n<p>Par ailleurs, le ministre a indiqu\u00e9 qu\u2019il n\u2019est pas superflu de rappeler \u00e9galement que la jeunesse repr\u00e9sente plus de la moiti\u00e9 de la population nationale. Cette frange de la population tchadienne reste et demeure l\u2019\u00e9pine dorsale qu\u2019il faut encadrer et impliquer dans toutes les initiatives.<\/p>\n<p><strong>Pour plus d&rsquo;informations et d&rsquo;analyses sur la <a href=\"https:\/\/www.africa-press.net\/tchad\">Tchad<\/a>, suivez <a href=\"https:\/\/www.africa-press.net\/\">Africa-Press<\/a><\/strong><\/p>\n","protected":false},"excerpt":{"rendered":"<p>Africa-Press &#8211; Tchad. Le mus\u00e9e national a servi de cadre pour l\u2019atelier de renforcement des capacit\u00e9s des organisations des jeunes et des cadres du minist\u00e8re de la jeunesse sur la communication via les medias sociaux, ainsi que l\u2019utilisation de la vid\u00e9o mobile, ce jeudi 21 juillet 2022. C\u2019\u00e9tait le Ministre de la Jeunesse, des Sports [&hellip;]<\/p>\n","protected":false},"author":82,"featured_media":29330,"comment_status":"open","ping_status":"closed","sticky":false,"template":"","format":"standard","meta":{"footnotes":""},"categories":[11,2,6,10],"tags":[37,292,29],"class_list":["post-29331","post","type-post","status-publish","format-standard","has-post-thumbnail","hentry","category-homepage-french","category-politique","category-sports","category-toutes-les-actualites","tag-africa-press","tag-africa-press-tchad","tag-tchad"],"yoast_head":"<!-- This site is optimized with the Yoast SEO Premium plugin v26.1 (Yoast SEO v27.0) - https:\/\/yoast.com\/product\/yoast-seo-premium-wordpress\/ -->\n<title>Renforcement des capacit\u00e9s des jeunes sur l\u2019utilisation de la video mobile - tchad<\/title>\n<meta name=\"description\" content=\"Le mus\u00e9e national a servi de cadre pour l\u2019atelier de renforcement des capacit\u00e9s des organisations des jeunes et des cadr ...\" \/>\n<meta name=\"robots\" content=\"index, follow, max-snippet:-1, max-image-preview:large, max-video-preview:-1\" \/>\n<link rel=\"canonical\" href=\"https:\/\/www.africa-press.net\/tchad\/politique\/renforcement-des-capacites-des-jeunes-sur-lutilisation-de-la-video-mobile\" \/>\n<meta property=\"og:locale\" content=\"fr_FR\" \/>\n<meta property=\"og:type\" content=\"article\" \/>\n<meta property=\"og:title\" content=\"Renforcement des capacit\u00e9s des jeunes sur l\u2019utilisation de la video mobile\" \/>\n<meta property=\"og:description\" content=\"Le mus\u00e9e national a servi de cadre pour l\u2019atelier de renforcement des capacit\u00e9s des organisations des jeunes et des cadr ...\" \/>\n<meta property=\"og:url\" content=\"https:\/\/www.africa-press.net\/tchad\/politique\/renforcement-des-capacites-des-jeunes-sur-lutilisation-de-la-video-mobile\" \/>\n<meta property=\"og:site_name\" content=\"tchad\" \/>\n<meta property=\"article:published_time\" content=\"2022-07-22T16:09:30+00:00\" \/>\n<meta property=\"article:modified_time\" content=\"2022-07-22T16:43:48+00:00\" \/>\n<meta property=\"og:image\" content=\"https:\/\/static.africa-press.net\/tchad\/sites\/41\/2022\/07\/postQueueImg_33-62dad3b0ce5a2.jpg\" \/>\n\t<meta property=\"og:image:width\" content=\"800\" \/>\n\t<meta property=\"og:image:height\" content=\"445\" \/>\n\t<meta property=\"og:image:type\" content=\"image\/jpeg\" \/>\n<meta name=\"author\" content=\"cfeditorfr\" \/>\n<meta name=\"twitter:card\" content=\"summary_large_image\" \/>\n<meta name=\"twitter:label1\" content=\"\u00c9crit par\" \/>\n\t<meta name=\"twitter:data1\" content=\"cfeditorfr\" \/>\n\t<meta name=\"twitter:label2\" content=\"Dur\u00e9e de lecture estim\u00e9e\" \/>\n\t<meta name=\"twitter:data2\" content=\"2 minutes\" \/>\n<script type=\"application\/ld+json\" class=\"yoast-schema-graph\">{\"@context\":\"https:\/\/schema.org\",\"@graph\":[{\"@type\":\"Article\",\"@id\":\"https:\/\/www.africa-press.net\/tchad\/politique\/renforcement-des-capacites-des-jeunes-sur-lutilisation-de-la-video-mobile#article\",\"isPartOf\":{\"@id\":\"https:\/\/www.africa-press.net\/tchad\/politique\/renforcement-des-capacites-des-jeunes-sur-lutilisation-de-la-video-mobile\"},\"author\":{\"name\":\"cfeditorfr\",\"@id\":\"https:\/\/www.africa-press.net\/tchad\/#\/schema\/person\/2b1cf3cd81a31e3cd26889ca66d677f1\"},\"headline\":\"Renforcement des capacit\u00e9s des jeunes sur l\u2019utilisation de la video mobile\",\"datePublished\":\"2022-07-22T16:09:30+00:00\",\"dateModified\":\"2022-07-22T16:43:48+00:00\",\"mainEntityOfPage\":{\"@id\":\"https:\/\/www.africa-press.net\/tchad\/politique\/renforcement-des-capacites-des-jeunes-sur-lutilisation-de-la-video-mobile\"},\"wordCount\":375,\"commentCount\":0,\"image\":{\"@id\":\"https:\/\/www.africa-press.net\/tchad\/politique\/renforcement-des-capacites-des-jeunes-sur-lutilisation-de-la-video-mobile#primaryimage\"},\"thumbnailUrl\":\"https:\/\/static.africa-press.net\/tchad\/sites\/41\/2022\/07\/postQueueImg_33-62dad3b0ce5a2.jpg\",\"keywords\":[\"Africa Press\",\"Africa Press-Tchad\",\"Tchad\"],\"articleSection\":[\"homepage-french\",\"Politique\",\"Sports\",\"Toutes les actualit\u00e9s\"],\"inLanguage\":\"fr-FR\",\"potentialAction\":[{\"@type\":\"CommentAction\",\"name\":\"Comment\",\"target\":[\"https:\/\/www.africa-press.net\/tchad\/politique\/renforcement-des-capacites-des-jeunes-sur-lutilisation-de-la-video-mobile#respond\"]}]},{\"@type\":\"WebPage\",\"@id\":\"https:\/\/www.africa-press.net\/tchad\/politique\/renforcement-des-capacites-des-jeunes-sur-lutilisation-de-la-video-mobile\",\"url\":\"https:\/\/www.africa-press.net\/tchad\/politique\/renforcement-des-capacites-des-jeunes-sur-lutilisation-de-la-video-mobile\",\"name\":\"Renforcement des capacit\u00e9s des jeunes sur l\u2019utilisation de la video mobile - tchad\",\"isPartOf\":{\"@id\":\"https:\/\/www.africa-press.net\/tchad\/#website\"},\"primaryImageOfPage\":{\"@id\":\"https:\/\/www.africa-press.net\/tchad\/politique\/renforcement-des-capacites-des-jeunes-sur-lutilisation-de-la-video-mobile#primaryimage\"},\"image\":{\"@id\":\"https:\/\/www.africa-press.net\/tchad\/politique\/renforcement-des-capacites-des-jeunes-sur-lutilisation-de-la-video-mobile#primaryimage\"},\"thumbnailUrl\":\"https:\/\/static.africa-press.net\/tchad\/sites\/41\/2022\/07\/postQueueImg_33-62dad3b0ce5a2.jpg\",\"datePublished\":\"2022-07-22T16:09:30+00:00\",\"dateModified\":\"2022-07-22T16:43:48+00:00\",\"author\":{\"@id\":\"https:\/\/www.africa-press.net\/tchad\/#\/schema\/person\/2b1cf3cd81a31e3cd26889ca66d677f1\"},\"description\":\"Le mus\u00e9e national a servi de cadre pour l\u2019atelier de renforcement des capacit\u00e9s des organisations des jeunes et des cadr ...\",\"breadcrumb\":{\"@id\":\"https:\/\/www.africa-press.net\/tchad\/politique\/renforcement-des-capacites-des-jeunes-sur-lutilisation-de-la-video-mobile#breadcrumb\"},\"inLanguage\":\"fr-FR\",\"potentialAction\":[{\"@type\":\"ReadAction\",\"target\":[\"https:\/\/www.africa-press.net\/tchad\/politique\/renforcement-des-capacites-des-jeunes-sur-lutilisation-de-la-video-mobile\"]}]},{\"@type\":\"ImageObject\",\"inLanguage\":\"fr-FR\",\"@id\":\"https:\/\/www.africa-press.net\/tchad\/politique\/renforcement-des-capacites-des-jeunes-sur-lutilisation-de-la-video-mobile#primaryimage\",\"url\":\"https:\/\/static.africa-press.net\/tchad\/sites\/41\/2022\/07\/postQueueImg_33-62dad3b0ce5a2.jpg\",\"contentUrl\":\"https:\/\/static.africa-press.net\/tchad\/sites\/41\/2022\/07\/postQueueImg_33-62dad3b0ce5a2.jpg\",\"width\":800,\"height\":445,\"caption\":\"Renforcement des capacit\u00e9s des jeunes sur l\u2019utilisation de la video mobile\"},{\"@type\":\"BreadcrumbList\",\"@id\":\"https:\/\/www.africa-press.net\/tchad\/politique\/renforcement-des-capacites-des-jeunes-sur-lutilisation-de-la-video-mobile#breadcrumb\",\"itemListElement\":[{\"@type\":\"ListItem\",\"position\":1,\"name\":\"Accueil\",\"item\":\"https:\/\/www.africa-press.net\/tchad\/\"},{\"@type\":\"ListItem\",\"position\":2,\"name\":\"Renforcement des capacit\u00e9s des jeunes sur l\u2019utilisation de la video mobile\"}]},{\"@type\":\"WebSite\",\"@id\":\"https:\/\/www.africa-press.net\/tchad\/#website\",\"url\":\"https:\/\/www.africa-press.net\/tchad\/\",\"name\":\"tchad\",\"description\":\"Just another Africa News Agency Sites site\",\"potentialAction\":[{\"@type\":\"SearchAction\",\"target\":{\"@type\":\"EntryPoint\",\"urlTemplate\":\"https:\/\/www.africa-press.net\/tchad\/?s={search_term_string}\"},\"query-input\":{\"@type\":\"PropertyValueSpecification\",\"valueRequired\":true,\"valueName\":\"search_term_string\"}}],\"inLanguage\":\"fr-FR\"},{\"@type\":\"Person\",\"@id\":\"https:\/\/www.africa-press.net\/tchad\/#\/schema\/person\/2b1cf3cd81a31e3cd26889ca66d677f1\",\"name\":\"cfeditorfr\"}]}<\/script>\n<!-- \/ Yoast SEO Premium plugin. -->","yoast_head_json":{"title":"Renforcement des capacit\u00e9s des jeunes sur l\u2019utilisation de la video mobile - tchad","description":"Le mus\u00e9e national a servi de cadre pour l\u2019atelier de renforcement des capacit\u00e9s des organisations des jeunes et des cadr ...","robots":{"index":"index","follow":"follow","max-snippet":"max-snippet:-1","max-image-preview":"max-image-preview:large","max-video-preview":"max-video-preview:-1"},"canonical":"https:\/\/www.africa-press.net\/tchad\/politique\/renforcement-des-capacites-des-jeunes-sur-lutilisation-de-la-video-mobile","og_locale":"fr_FR","og_type":"article","og_title":"Renforcement des capacit\u00e9s des jeunes sur l\u2019utilisation de la video mobile","og_description":"Le mus\u00e9e national a servi de cadre pour l\u2019atelier de renforcement des capacit\u00e9s des organisations des jeunes et des cadr ...","og_url":"https:\/\/www.africa-press.net\/tchad\/politique\/renforcement-des-capacites-des-jeunes-sur-lutilisation-de-la-video-mobile","og_site_name":"tchad","article_published_time":"2022-07-22T16:09:30+00:00","article_modified_time":"2022-07-22T16:43:48+00:00","og_image":[{"width":800,"height":445,"url":"https:\/\/static.africa-press.net\/tchad\/sites\/41\/2022\/07\/postQueueImg_33-62dad3b0ce5a2.jpg","type":"image\/jpeg"}],"author":"cfeditorfr","twitter_card":"summary_large_image","twitter_misc":{"\u00c9crit par":"cfeditorfr","Dur\u00e9e de lecture estim\u00e9e":"2 minutes"},"schema":{"@context":"https:\/\/schema.org","@graph":[{"@type":"Article","@id":"https:\/\/www.africa-press.net\/tchad\/politique\/renforcement-des-capacites-des-jeunes-sur-lutilisation-de-la-video-mobile#article","isPartOf":{"@id":"https:\/\/www.africa-press.net\/tchad\/politique\/renforcement-des-capacites-des-jeunes-sur-lutilisation-de-la-video-mobile"},"author":{"name":"cfeditorfr","@id":"https:\/\/www.africa-press.net\/tchad\/#\/schema\/person\/2b1cf3cd81a31e3cd26889ca66d677f1"},"headline":"Renforcement des capacit\u00e9s des jeunes sur l\u2019utilisation de la video mobile","datePublished":"2022-07-22T16:09:30+00:00","dateModified":"2022-07-22T16:43:48+00:00","mainEntityOfPage":{"@id":"https:\/\/www.africa-press.net\/tchad\/politique\/renforcement-des-capacites-des-jeunes-sur-lutilisation-de-la-video-mobile"},"wordCount":375,"commentCount":0,"image":{"@id":"https:\/\/www.africa-press.net\/tchad\/politique\/renforcement-des-capacites-des-jeunes-sur-lutilisation-de-la-video-mobile#primaryimage"},"thumbnailUrl":"https:\/\/static.africa-press.net\/tchad\/sites\/41\/2022\/07\/postQueueImg_33-62dad3b0ce5a2.jpg","keywords":["Africa Press","Africa Press-Tchad","Tchad"],"articleSection":["homepage-french","Politique","Sports","Toutes les actualit\u00e9s"],"inLanguage":"fr-FR","potentialAction":[{"@type":"CommentAction","name":"Comment","target":["https:\/\/www.africa-press.net\/tchad\/politique\/renforcement-des-capacites-des-jeunes-sur-lutilisation-de-la-video-mobile#respond"]}]},{"@type":"WebPage","@id":"https:\/\/www.africa-press.net\/tchad\/politique\/renforcement-des-capacites-des-jeunes-sur-lutilisation-de-la-video-mobile","url":"https:\/\/www.africa-press.net\/tchad\/politique\/renforcement-des-capacites-des-jeunes-sur-lutilisation-de-la-video-mobile","name":"Renforcement des capacit\u00e9s des jeunes sur l\u2019utilisation de la video mobile - tchad","isPartOf":{"@id":"https:\/\/www.africa-press.net\/tchad\/#website"},"primaryImageOfPage":{"@id":"https:\/\/www.africa-press.net\/tchad\/politique\/renforcement-des-capacites-des-jeunes-sur-lutilisation-de-la-video-mobile#primaryimage"},"image":{"@id":"https:\/\/www.africa-press.net\/tchad\/politique\/renforcement-des-capacites-des-jeunes-sur-lutilisation-de-la-video-mobile#primaryimage"},"thumbnailUrl":"https:\/\/static.africa-press.net\/tchad\/sites\/41\/2022\/07\/postQueueImg_33-62dad3b0ce5a2.jpg","datePublished":"2022-07-22T16:09:30+00:00","dateModified":"2022-07-22T16:43:48+00:00","author":{"@id":"https:\/\/www.africa-press.net\/tchad\/#\/schema\/person\/2b1cf3cd81a31e3cd26889ca66d677f1"},"description":"Le mus\u00e9e national a servi de cadre pour l\u2019atelier de renforcement des capacit\u00e9s des organisations des jeunes et des cadr ...","breadcrumb":{"@id":"https:\/\/www.africa-press.net\/tchad\/politique\/renforcement-des-capacites-des-jeunes-sur-lutilisation-de-la-video-mobile#breadcrumb"},"inLanguage":"fr-FR","potentialAction":[{"@type":"ReadAction","target":["https:\/\/www.africa-press.net\/tchad\/politique\/renforcement-des-capacites-des-jeunes-sur-lutilisation-de-la-video-mobile"]}]},{"@type":"ImageObject","inLanguage":"fr-FR","@id":"https:\/\/www.africa-press.net\/tchad\/politique\/renforcement-des-capacites-des-jeunes-sur-lutilisation-de-la-video-mobile#primaryimage","url":"https:\/\/static.africa-press.net\/tchad\/sites\/41\/2022\/07\/postQueueImg_33-62dad3b0ce5a2.jpg","contentUrl":"https:\/\/static.africa-press.net\/tchad\/sites\/41\/2022\/07\/postQueueImg_33-62dad3b0ce5a2.jpg","width":800,"height":445,"caption":"Renforcement des capacit\u00e9s des jeunes sur l\u2019utilisation de la video mobile"},{"@type":"BreadcrumbList","@id":"https:\/\/www.africa-press.net\/tchad\/politique\/renforcement-des-capacites-des-jeunes-sur-lutilisation-de-la-video-mobile#breadcrumb","itemListElement":[{"@type":"ListItem","position":1,"name":"Accueil","item":"https:\/\/www.africa-press.net\/tchad\/"},{"@type":"ListItem","position":2,"name":"Renforcement des capacit\u00e9s des jeunes sur l\u2019utilisation de la video mobile"}]},{"@type":"WebSite","@id":"https:\/\/www.africa-press.net\/tchad\/#website","url":"https:\/\/www.africa-press.net\/tchad\/","name":"tchad","description":"Just another Africa News Agency Sites site","potentialAction":[{"@type":"SearchAction","target":{"@type":"EntryPoint","urlTemplate":"https:\/\/www.africa-press.net\/tchad\/?s={search_term_string}"},"query-input":{"@type":"PropertyValueSpecification","valueRequired":true,"valueName":"search_term_string"}}],"inLanguage":"fr-FR"},{"@type":"Person","@id":"https:\/\/www.africa-press.net\/tchad\/#\/schema\/person\/2b1cf3cd81a31e3cd26889ca66d677f1","name":"cfeditorfr"}]}},"_links":{"self":[{"href":"https:\/\/www.africa-press.net\/tchad\/wp-json\/wp\/v2\/posts\/29331","targetHints":{"allow":["GET"]}}],"collection":[{"href":"https:\/\/www.africa-press.net\/tchad\/wp-json\/wp\/v2\/posts"}],"about":[{"href":"https:\/\/www.africa-press.net\/tchad\/wp-json\/wp\/v2\/types\/post"}],"author":[{"embeddable":true,"href":"https:\/\/www.africa-press.net\/tchad\/wp-json\/wp\/v2\/users\/82"}],"replies":[{"embeddable":true,"href":"https:\/\/www.africa-press.net\/tchad\/wp-json\/wp\/v2\/comments?post=29331"}],"version-history":[{"count":0,"href":"https:\/\/www.africa-press.net\/tchad\/wp-json\/wp\/v2\/posts\/29331\/revisions"}],"wp:featuredmedia":[{"embeddable":true,"href":"https:\/\/www.africa-press.net\/tchad\/wp-json\/wp\/v2\/media\/29330"}],"wp:attachment":[{"href":"https:\/\/www.africa-press.net\/tchad\/wp-json\/wp\/v2\/media?parent=29331"}],"wp:term":[{"taxonomy":"category","embeddable":true,"href":"https:\/\/www.africa-press.net\/tchad\/wp-json\/wp\/v2\/categories?post=29331"},{"taxonomy":"post_tag","embeddable":true,"href":"https:\/\/www.africa-press.net\/tchad\/wp-json\/wp\/v2\/tags?post=29331"}],"curies":[{"name":"wp","href":"https:\/\/api.w.org\/{rel}","templated":true}]}}