{"id":29337,"date":"2022-07-22T16:12:24","date_gmt":"2022-07-22T16:12:24","guid":{"rendered":"https:\/\/www.africa-press.net\/tchad\/politique\/les-ressortissants-egyptiens-commemorent-leur-fete-nationale"},"modified":"2022-07-22T16:44:40","modified_gmt":"2022-07-22T16:44:40","slug":"les-ressortissants-egyptiens-commemorent-leur-fete-nationale","status":"publish","type":"post","link":"https:\/\/www.africa-press.net\/tchad\/politique\/les-ressortissants-egyptiens-commemorent-leur-fete-nationale","title":{"rendered":"les ressortissants \u00e9gyptiens comm\u00e9morent leur f\u00eate nationale"},"content":{"rendered":"<p><span style=\"color: #ff6600\"><strong>Africa-Press &#8211; Tchad. <\/strong><\/span>L\u2019ambassadeur d\u2019\u00c9gypte au Tchad, Oussama Al-Hadi, et les ressortissants \u00e9gyptiens vivant au Tchad, ont comm\u00e9mor\u00e9 la f\u00eate nationale de la R\u00e9publique arabe d&rsquo;\u00c9gypte, ce 21 juillet 2022 \u00e0 Ndjamena.<\/p>\n<p>Cette f\u00eate marque le 70\u00e8me anniversaire de la glorieuse r\u00e9volution du 23 juillet, cette r\u00e9volution qui a eu lieu dans l&rsquo;espoir de la lib\u00e9ration nationale et en croyant au droit du peuple \u00e9gyptien de d\u00e9terminer son destin.<\/p>\n<p>La secr\u00e9taire d&rsquo;\u00c9tat aux Affaires \u00e9trang\u00e8res, Mme Awatif El Tidjani Ko\u00efboro, d&rsquo;autres autorit\u00e9s tchadiennes ainsi que le sultan de la ville de Ndjamena, le vice-pr\u00e9sident du Conseil des affaires Islamique du Tchad et des diplomates \u00e9trangers au Tchad, ont assist\u00e9 \u00e0 cette c\u00e9r\u00e9monie comm\u00e9morative.<\/p>\n<p>L\u2019ambassadeur \u00e9gyptien a soulign\u00e9 que son pays se r\u00e9jouit de travailler avec le gouvernement tchadien, afin de servir des relations exceptionnelles, et de les mener vers de plus grandes perspectives dans l&rsquo;avenir.<\/p>\n<p>Il faut noter que le diplomate a relat\u00e9 les relations bilat\u00e9rales \u00e9gypto-tchadiennes, celles-ci se distinguent \u00e0 tous les niveaux par le lien historique entre les deux peuples.<\/p>\n<p>Ces relations se manifestent aussi dans la coop\u00e9ration culturelle, \u00e9ducative et le renforcement des capacit\u00e9s de la formation des cadres tchadiens, dans divers domaines : sant\u00e9, s\u00e9curit\u00e9 et autres.<\/p>\n<p><strong>Pour plus d&rsquo;informations et d&rsquo;analyses sur la <a href=\"https:\/\/www.africa-press.net\/tchad\">Tchad<\/a>, suivez <a href=\"https:\/\/www.africa-press.net\/\">Africa-Press<\/a><\/strong><\/p>\n","protected":false},"excerpt":{"rendered":"<p>Africa-Press &#8211; Tchad. L\u2019ambassadeur d\u2019\u00c9gypte au Tchad, Oussama Al-Hadi, et les ressortissants \u00e9gyptiens vivant au Tchad, ont comm\u00e9mor\u00e9 la f\u00eate nationale de la R\u00e9publique arabe d&rsquo;\u00c9gypte, ce 21 juillet 2022 \u00e0 Ndjamena. Cette f\u00eate marque le 70\u00e8me anniversaire de la glorieuse r\u00e9volution du 23 juillet, cette r\u00e9volution qui a eu lieu dans l&rsquo;espoir de la [&hellip;]<\/p>\n","protected":false},"author":82,"featured_media":29336,"comment_status":"open","ping_status":"closed","sticky":false,"template":"","format":"standard","meta":{"footnotes":""},"categories":[11,2,20,10],"tags":[37,292,29],"class_list":["post-29337","post","type-post","status-publish","format-standard","has-post-thumbnail","hentry","category-homepage-french","category-politique","category-top-nouvelles","category-toutes-les-actualites","tag-africa-press","tag-africa-press-tchad","tag-tchad"],"yoast_head":"<!-- This site is optimized with the Yoast SEO Premium plugin v26.1 (Yoast SEO v27.0) - https:\/\/yoast.com\/product\/yoast-seo-premium-wordpress\/ -->\n<title>les ressortissants \u00e9gyptiens comm\u00e9morent leur f\u00eate nationale - tchad<\/title>\n<meta name=\"description\" content=\"L\u2019ambassadeur d\u2019\u00c9gypte au Tchad, Oussama Al-Hadi, et les ressortissants \u00e9gyptiens vivant au Tchad, ont comm\u00e9mor\u00e9 la f\u00eate ...\" \/>\n<meta name=\"robots\" content=\"index, follow, max-snippet:-1, max-image-preview:large, max-video-preview:-1\" \/>\n<link rel=\"canonical\" href=\"https:\/\/www.africa-press.net\/tchad\/politique\/les-ressortissants-egyptiens-commemorent-leur-fete-nationale\" \/>\n<meta property=\"og:locale\" content=\"fr_FR\" \/>\n<meta property=\"og:type\" content=\"article\" \/>\n<meta property=\"og:title\" content=\"les ressortissants \u00e9gyptiens comm\u00e9morent leur f\u00eate nationale\" \/>\n<meta property=\"og:description\" content=\"L\u2019ambassadeur d\u2019\u00c9gypte au Tchad, Oussama Al-Hadi, et les ressortissants \u00e9gyptiens vivant au Tchad, ont comm\u00e9mor\u00e9 la f\u00eate ...\" \/>\n<meta property=\"og:url\" content=\"https:\/\/www.africa-press.net\/tchad\/politique\/les-ressortissants-egyptiens-commemorent-leur-fete-nationale\" \/>\n<meta property=\"og:site_name\" content=\"tchad\" \/>\n<meta property=\"article:published_time\" content=\"2022-07-22T16:12:24+00:00\" \/>\n<meta property=\"article:modified_time\" content=\"2022-07-22T16:44:40+00:00\" \/>\n<meta property=\"og:image\" content=\"https:\/\/static.africa-press.net\/tchad\/sites\/41\/2022\/07\/postQueueImg_35-62dad3e2c6f9e.jpg\" \/>\n\t<meta property=\"og:image:width\" content=\"870\" \/>\n\t<meta property=\"og:image:height\" content=\"704\" \/>\n\t<meta property=\"og:image:type\" content=\"image\/jpeg\" \/>\n<meta name=\"author\" content=\"cfeditorfr\" \/>\n<meta name=\"twitter:card\" content=\"summary_large_image\" \/>\n<meta name=\"twitter:label1\" content=\"\u00c9crit par\" \/>\n\t<meta name=\"twitter:data1\" content=\"cfeditorfr\" \/>\n\t<meta name=\"twitter:label2\" content=\"Dur\u00e9e de lecture estim\u00e9e\" \/>\n\t<meta name=\"twitter:data2\" content=\"2 minutes\" \/>\n<script type=\"application\/ld+json\" class=\"yoast-schema-graph\">{\"@context\":\"https:\/\/schema.org\",\"@graph\":[{\"@type\":\"Article\",\"@id\":\"https:\/\/www.africa-press.net\/tchad\/politique\/les-ressortissants-egyptiens-commemorent-leur-fete-nationale#article\",\"isPartOf\":{\"@id\":\"https:\/\/www.africa-press.net\/tchad\/politique\/les-ressortissants-egyptiens-commemorent-leur-fete-nationale\"},\"author\":{\"name\":\"cfeditorfr\",\"@id\":\"https:\/\/www.africa-press.net\/tchad\/#\/schema\/person\/2b1cf3cd81a31e3cd26889ca66d677f1\"},\"headline\":\"les ressortissants \u00e9gyptiens comm\u00e9morent leur f\u00eate nationale\",\"datePublished\":\"2022-07-22T16:12:24+00:00\",\"dateModified\":\"2022-07-22T16:44:40+00:00\",\"mainEntityOfPage\":{\"@id\":\"https:\/\/www.africa-press.net\/tchad\/politique\/les-ressortissants-egyptiens-commemorent-leur-fete-nationale\"},\"wordCount\":244,\"commentCount\":0,\"image\":{\"@id\":\"https:\/\/www.africa-press.net\/tchad\/politique\/les-ressortissants-egyptiens-commemorent-leur-fete-nationale#primaryimage\"},\"thumbnailUrl\":\"https:\/\/static.africa-press.net\/tchad\/sites\/41\/2022\/07\/postQueueImg_35-62dad3e2c6f9e.jpg\",\"keywords\":[\"Africa Press\",\"Africa Press-Tchad\",\"Tchad\"],\"articleSection\":[\"homepage-french\",\"Politique\",\"Top Nouvelles\",\"Toutes les actualit\u00e9s\"],\"inLanguage\":\"fr-FR\",\"potentialAction\":[{\"@type\":\"CommentAction\",\"name\":\"Comment\",\"target\":[\"https:\/\/www.africa-press.net\/tchad\/politique\/les-ressortissants-egyptiens-commemorent-leur-fete-nationale#respond\"]}]},{\"@type\":\"WebPage\",\"@id\":\"https:\/\/www.africa-press.net\/tchad\/politique\/les-ressortissants-egyptiens-commemorent-leur-fete-nationale\",\"url\":\"https:\/\/www.africa-press.net\/tchad\/politique\/les-ressortissants-egyptiens-commemorent-leur-fete-nationale\",\"name\":\"les ressortissants \u00e9gyptiens comm\u00e9morent leur f\u00eate nationale - tchad\",\"isPartOf\":{\"@id\":\"https:\/\/www.africa-press.net\/tchad\/#website\"},\"primaryImageOfPage\":{\"@id\":\"https:\/\/www.africa-press.net\/tchad\/politique\/les-ressortissants-egyptiens-commemorent-leur-fete-nationale#primaryimage\"},\"image\":{\"@id\":\"https:\/\/www.africa-press.net\/tchad\/politique\/les-ressortissants-egyptiens-commemorent-leur-fete-nationale#primaryimage\"},\"thumbnailUrl\":\"https:\/\/static.africa-press.net\/tchad\/sites\/41\/2022\/07\/postQueueImg_35-62dad3e2c6f9e.jpg\",\"datePublished\":\"2022-07-22T16:12:24+00:00\",\"dateModified\":\"2022-07-22T16:44:40+00:00\",\"author\":{\"@id\":\"https:\/\/www.africa-press.net\/tchad\/#\/schema\/person\/2b1cf3cd81a31e3cd26889ca66d677f1\"},\"description\":\"L\u2019ambassadeur d\u2019\u00c9gypte au Tchad, Oussama Al-Hadi, et les ressortissants \u00e9gyptiens vivant au Tchad, ont comm\u00e9mor\u00e9 la f\u00eate ...\",\"breadcrumb\":{\"@id\":\"https:\/\/www.africa-press.net\/tchad\/politique\/les-ressortissants-egyptiens-commemorent-leur-fete-nationale#breadcrumb\"},\"inLanguage\":\"fr-FR\",\"potentialAction\":[{\"@type\":\"ReadAction\",\"target\":[\"https:\/\/www.africa-press.net\/tchad\/politique\/les-ressortissants-egyptiens-commemorent-leur-fete-nationale\"]}]},{\"@type\":\"ImageObject\",\"inLanguage\":\"fr-FR\",\"@id\":\"https:\/\/www.africa-press.net\/tchad\/politique\/les-ressortissants-egyptiens-commemorent-leur-fete-nationale#primaryimage\",\"url\":\"https:\/\/static.africa-press.net\/tchad\/sites\/41\/2022\/07\/postQueueImg_35-62dad3e2c6f9e.jpg\",\"contentUrl\":\"https:\/\/static.africa-press.net\/tchad\/sites\/41\/2022\/07\/postQueueImg_35-62dad3e2c6f9e.jpg\",\"width\":870,\"height\":704,\"caption\":\"les ressortissants \u00e9gyptiens comm\u00e9morent leur f\u00eate nationale\"},{\"@type\":\"BreadcrumbList\",\"@id\":\"https:\/\/www.africa-press.net\/tchad\/politique\/les-ressortissants-egyptiens-commemorent-leur-fete-nationale#breadcrumb\",\"itemListElement\":[{\"@type\":\"ListItem\",\"position\":1,\"name\":\"Accueil\",\"item\":\"https:\/\/www.africa-press.net\/tchad\/\"},{\"@type\":\"ListItem\",\"position\":2,\"name\":\"les ressortissants \u00e9gyptiens comm\u00e9morent leur f\u00eate nationale\"}]},{\"@type\":\"WebSite\",\"@id\":\"https:\/\/www.africa-press.net\/tchad\/#website\",\"url\":\"https:\/\/www.africa-press.net\/tchad\/\",\"name\":\"tchad\",\"description\":\"Just another Africa News Agency Sites site\",\"potentialAction\":[{\"@type\":\"SearchAction\",\"target\":{\"@type\":\"EntryPoint\",\"urlTemplate\":\"https:\/\/www.africa-press.net\/tchad\/?s={search_term_string}\"},\"query-input\":{\"@type\":\"PropertyValueSpecification\",\"valueRequired\":true,\"valueName\":\"search_term_string\"}}],\"inLanguage\":\"fr-FR\"},{\"@type\":\"Person\",\"@id\":\"https:\/\/www.africa-press.net\/tchad\/#\/schema\/person\/2b1cf3cd81a31e3cd26889ca66d677f1\",\"name\":\"cfeditorfr\"}]}<\/script>\n<!-- \/ Yoast SEO Premium plugin. -->","yoast_head_json":{"title":"les ressortissants \u00e9gyptiens comm\u00e9morent leur f\u00eate nationale - tchad","description":"L\u2019ambassadeur d\u2019\u00c9gypte au Tchad, Oussama Al-Hadi, et les ressortissants \u00e9gyptiens vivant au Tchad, ont comm\u00e9mor\u00e9 la f\u00eate ...","robots":{"index":"index","follow":"follow","max-snippet":"max-snippet:-1","max-image-preview":"max-image-preview:large","max-video-preview":"max-video-preview:-1"},"canonical":"https:\/\/www.africa-press.net\/tchad\/politique\/les-ressortissants-egyptiens-commemorent-leur-fete-nationale","og_locale":"fr_FR","og_type":"article","og_title":"les ressortissants \u00e9gyptiens comm\u00e9morent leur f\u00eate nationale","og_description":"L\u2019ambassadeur d\u2019\u00c9gypte au Tchad, Oussama Al-Hadi, et les ressortissants \u00e9gyptiens vivant au Tchad, ont comm\u00e9mor\u00e9 la f\u00eate ...","og_url":"https:\/\/www.africa-press.net\/tchad\/politique\/les-ressortissants-egyptiens-commemorent-leur-fete-nationale","og_site_name":"tchad","article_published_time":"2022-07-22T16:12:24+00:00","article_modified_time":"2022-07-22T16:44:40+00:00","og_image":[{"width":870,"height":704,"url":"https:\/\/static.africa-press.net\/tchad\/sites\/41\/2022\/07\/postQueueImg_35-62dad3e2c6f9e.jpg","type":"image\/jpeg"}],"author":"cfeditorfr","twitter_card":"summary_large_image","twitter_misc":{"\u00c9crit par":"cfeditorfr","Dur\u00e9e de lecture estim\u00e9e":"2 minutes"},"schema":{"@context":"https:\/\/schema.org","@graph":[{"@type":"Article","@id":"https:\/\/www.africa-press.net\/tchad\/politique\/les-ressortissants-egyptiens-commemorent-leur-fete-nationale#article","isPartOf":{"@id":"https:\/\/www.africa-press.net\/tchad\/politique\/les-ressortissants-egyptiens-commemorent-leur-fete-nationale"},"author":{"name":"cfeditorfr","@id":"https:\/\/www.africa-press.net\/tchad\/#\/schema\/person\/2b1cf3cd81a31e3cd26889ca66d677f1"},"headline":"les ressortissants \u00e9gyptiens comm\u00e9morent leur f\u00eate nationale","datePublished":"2022-07-22T16:12:24+00:00","dateModified":"2022-07-22T16:44:40+00:00","mainEntityOfPage":{"@id":"https:\/\/www.africa-press.net\/tchad\/politique\/les-ressortissants-egyptiens-commemorent-leur-fete-nationale"},"wordCount":244,"commentCount":0,"image":{"@id":"https:\/\/www.africa-press.net\/tchad\/politique\/les-ressortissants-egyptiens-commemorent-leur-fete-nationale#primaryimage"},"thumbnailUrl":"https:\/\/static.africa-press.net\/tchad\/sites\/41\/2022\/07\/postQueueImg_35-62dad3e2c6f9e.jpg","keywords":["Africa Press","Africa Press-Tchad","Tchad"],"articleSection":["homepage-french","Politique","Top Nouvelles","Toutes les actualit\u00e9s"],"inLanguage":"fr-FR","potentialAction":[{"@type":"CommentAction","name":"Comment","target":["https:\/\/www.africa-press.net\/tchad\/politique\/les-ressortissants-egyptiens-commemorent-leur-fete-nationale#respond"]}]},{"@type":"WebPage","@id":"https:\/\/www.africa-press.net\/tchad\/politique\/les-ressortissants-egyptiens-commemorent-leur-fete-nationale","url":"https:\/\/www.africa-press.net\/tchad\/politique\/les-ressortissants-egyptiens-commemorent-leur-fete-nationale","name":"les ressortissants \u00e9gyptiens comm\u00e9morent leur f\u00eate nationale - tchad","isPartOf":{"@id":"https:\/\/www.africa-press.net\/tchad\/#website"},"primaryImageOfPage":{"@id":"https:\/\/www.africa-press.net\/tchad\/politique\/les-ressortissants-egyptiens-commemorent-leur-fete-nationale#primaryimage"},"image":{"@id":"https:\/\/www.africa-press.net\/tchad\/politique\/les-ressortissants-egyptiens-commemorent-leur-fete-nationale#primaryimage"},"thumbnailUrl":"https:\/\/static.africa-press.net\/tchad\/sites\/41\/2022\/07\/postQueueImg_35-62dad3e2c6f9e.jpg","datePublished":"2022-07-22T16:12:24+00:00","dateModified":"2022-07-22T16:44:40+00:00","author":{"@id":"https:\/\/www.africa-press.net\/tchad\/#\/schema\/person\/2b1cf3cd81a31e3cd26889ca66d677f1"},"description":"L\u2019ambassadeur d\u2019\u00c9gypte au Tchad, Oussama Al-Hadi, et les ressortissants \u00e9gyptiens vivant au Tchad, ont comm\u00e9mor\u00e9 la f\u00eate ...","breadcrumb":{"@id":"https:\/\/www.africa-press.net\/tchad\/politique\/les-ressortissants-egyptiens-commemorent-leur-fete-nationale#breadcrumb"},"inLanguage":"fr-FR","potentialAction":[{"@type":"ReadAction","target":["https:\/\/www.africa-press.net\/tchad\/politique\/les-ressortissants-egyptiens-commemorent-leur-fete-nationale"]}]},{"@type":"ImageObject","inLanguage":"fr-FR","@id":"https:\/\/www.africa-press.net\/tchad\/politique\/les-ressortissants-egyptiens-commemorent-leur-fete-nationale#primaryimage","url":"https:\/\/static.africa-press.net\/tchad\/sites\/41\/2022\/07\/postQueueImg_35-62dad3e2c6f9e.jpg","contentUrl":"https:\/\/static.africa-press.net\/tchad\/sites\/41\/2022\/07\/postQueueImg_35-62dad3e2c6f9e.jpg","width":870,"height":704,"caption":"les ressortissants \u00e9gyptiens comm\u00e9morent leur f\u00eate nationale"},{"@type":"BreadcrumbList","@id":"https:\/\/www.africa-press.net\/tchad\/politique\/les-ressortissants-egyptiens-commemorent-leur-fete-nationale#breadcrumb","itemListElement":[{"@type":"ListItem","position":1,"name":"Accueil","item":"https:\/\/www.africa-press.net\/tchad\/"},{"@type":"ListItem","position":2,"name":"les ressortissants \u00e9gyptiens comm\u00e9morent leur f\u00eate nationale"}]},{"@type":"WebSite","@id":"https:\/\/www.africa-press.net\/tchad\/#website","url":"https:\/\/www.africa-press.net\/tchad\/","name":"tchad","description":"Just another Africa News Agency Sites site","potentialAction":[{"@type":"SearchAction","target":{"@type":"EntryPoint","urlTemplate":"https:\/\/www.africa-press.net\/tchad\/?s={search_term_string}"},"query-input":{"@type":"PropertyValueSpecification","valueRequired":true,"valueName":"search_term_string"}}],"inLanguage":"fr-FR"},{"@type":"Person","@id":"https:\/\/www.africa-press.net\/tchad\/#\/schema\/person\/2b1cf3cd81a31e3cd26889ca66d677f1","name":"cfeditorfr"}]}},"_links":{"self":[{"href":"https:\/\/www.africa-press.net\/tchad\/wp-json\/wp\/v2\/posts\/29337","targetHints":{"allow":["GET"]}}],"collection":[{"href":"https:\/\/www.africa-press.net\/tchad\/wp-json\/wp\/v2\/posts"}],"about":[{"href":"https:\/\/www.africa-press.net\/tchad\/wp-json\/wp\/v2\/types\/post"}],"author":[{"embeddable":true,"href":"https:\/\/www.africa-press.net\/tchad\/wp-json\/wp\/v2\/users\/82"}],"replies":[{"embeddable":true,"href":"https:\/\/www.africa-press.net\/tchad\/wp-json\/wp\/v2\/comments?post=29337"}],"version-history":[{"count":0,"href":"https:\/\/www.africa-press.net\/tchad\/wp-json\/wp\/v2\/posts\/29337\/revisions"}],"wp:featuredmedia":[{"embeddable":true,"href":"https:\/\/www.africa-press.net\/tchad\/wp-json\/wp\/v2\/media\/29336"}],"wp:attachment":[{"href":"https:\/\/www.africa-press.net\/tchad\/wp-json\/wp\/v2\/media?parent=29337"}],"wp:term":[{"taxonomy":"category","embeddable":true,"href":"https:\/\/www.africa-press.net\/tchad\/wp-json\/wp\/v2\/categories?post=29337"},{"taxonomy":"post_tag","embeddable":true,"href":"https:\/\/www.africa-press.net\/tchad\/wp-json\/wp\/v2\/tags?post=29337"}],"curies":[{"name":"wp","href":"https:\/\/api.w.org\/{rel}","templated":true}]}}