{"id":29340,"date":"2022-07-22T16:13:17","date_gmt":"2022-07-22T16:13:17","guid":{"rendered":"https:\/\/www.africa-press.net\/tchad\/politique\/pourparlers-de-doha-le-batonnier-demande-a-privilegier-linteret-de-la-nation"},"modified":"2022-07-22T16:45:10","modified_gmt":"2022-07-22T16:45:10","slug":"pourparlers-de-doha-le-batonnier-demande-a-privilegier-linteret-de-la-nation","status":"publish","type":"post","link":"https:\/\/www.africa-press.net\/tchad\/politique\/pourparlers-de-doha-le-batonnier-demande-a-privilegier-linteret-de-la-nation","title":{"rendered":"Pourparlers de Doha : le b\u00e2tonnier demande \u00e0 privil\u00e9gier l\u2019int\u00e9r\u00eat de la nation"},"content":{"rendered":"<p><span style=\"color: #ff6600\"><strong>Africa-Press &#8211; Tchad. <\/strong><\/span>Le pr\u00e9sident de l\u2019Ordre des avocats du Tchad Me Djerandi Laguerre Dionro a exprim\u00e9 ses vives pr\u00e9occupations sur l\u2019impasse des pourparlers de Doha au Qatar et appel\u00e9 les deux parties \u00e0 privil\u00e9gier l\u2019int\u00e9r\u00eat g\u00e9n\u00e9ral de la nation.<\/p>\n<p>Plus de 4 mois apr\u00e8s le d\u00e9but des pourparlers de Doha, l\u2019impasse demeure toujours avec le retrait de la table des n\u00e9gociations de quelques groupes arm\u00e9s. Une situation inqui\u00e9tante pour le bureau ex\u00e9cutif de l\u2019ordre des avocats du Tchad qui constate aucune avanc\u00e9e significative exprime ses vives inqui\u00e9tudes. \u00ab Le Barreau du Tchad exprime de s\u00e9rieuses pr\u00e9occupations quant \u00e0 la sinc\u00e9rit\u00e9 de tous les tchadiens pour une paix r\u00e9elle et d\u00e9finitive. La dur\u00e9e des n\u00e9gociations de Doha en dit long \u00bb, pr\u00e9cise le b\u00e2tonnier Me Djerandi Laguerre Dionro qui esp\u00e8re que \u00ab c\u2019est v\u00e9ritablement l\u2019int\u00e9r\u00eat du Tchad et de tous les Tchadiens qui est le credo de ces n\u00e9gociations interminables \u00bb.<\/p>\n<p>Face \u00e0 ces interminable n\u00e9gociations entre gouvernement de transition et politico-militaires, le barreau du Tchad qui insiste sur caract\u00e8re v\u00e9ritablement inclusif et souverain du dialogue national \u00e0 venir appelle aussi bien le gouvernement que les politico-militaires \u00e0 la sinc\u00e9rit\u00e9 et \u00ab \u00e0 privil\u00e9gier l\u2019int\u00e9r\u00eat du peuple au d\u00e9triment de tous calculs ou int\u00e9r\u00eats particuliers et \u00e9go\u00efstes \u00bb.<\/p>\n<p>Il recommande \u00ab qu\u2019un acte soit pris pour marquer la souverainet\u00e9 dudit dialogue \u00bb et appelle les autorit\u00e9s de transition \u00ab au respect constant de l\u2019\u00e9tat de droit et des droits de l\u2019homme, \u00e0 plus d\u2019efficacit\u00e9 dans la gestion de la chose publique pour une r\u00e9alisation efficiente des droits humains dans toutes leurs dimensions, \u00e0 tous et sans discrimination aucune, \u00e0 l\u2019\u00e9galit\u00e9 de tous devant la loi, devant les services publics et aux fonctions publiques et \u00e0 la s\u00e9curit\u00e9 des citoyens s\u00e9rieusement mise \u00e0 mal et au respect des engagements pris pour la conduite de la transition \u00bb.<\/p>\n<p>Les partenaires du Tchad sont appel\u00e9s au s\u00e9rieux et au sens de responsabilit\u00e9 afin privil\u00e9gier \u00ab en toutes circonstances l\u2019int\u00e9r\u00eat du peuple dans leurs actions et leurs appuis qui doivent \u00eatre clairvoyants et objectifs \u00bb.<\/p>\n<p><strong>Pour plus d&rsquo;informations et d&rsquo;analyses sur la <a href=\"https:\/\/www.africa-press.net\/tchad\">Tchad<\/a>, suivez <a href=\"https:\/\/www.africa-press.net\/\">Africa-Press<\/a><\/strong><\/p>\n","protected":false},"excerpt":{"rendered":"<p>Africa-Press &#8211; Tchad. Le pr\u00e9sident de l\u2019Ordre des avocats du Tchad Me Djerandi Laguerre Dionro a exprim\u00e9 ses vives pr\u00e9occupations sur l\u2019impasse des pourparlers de Doha au Qatar et appel\u00e9 les deux parties \u00e0 privil\u00e9gier l\u2019int\u00e9r\u00eat g\u00e9n\u00e9ral de la nation. Plus de 4 mois apr\u00e8s le d\u00e9but des pourparlers de Doha, l\u2019impasse demeure toujours avec [&hellip;]<\/p>\n","protected":false},"author":82,"featured_media":29339,"comment_status":"open","ping_status":"closed","sticky":false,"template":"","format":"standard","meta":{"footnotes":""},"categories":[11,2,20,10],"tags":[37,292,29],"class_list":["post-29340","post","type-post","status-publish","format-standard","has-post-thumbnail","hentry","category-homepage-french","category-politique","category-top-nouvelles","category-toutes-les-actualites","tag-africa-press","tag-africa-press-tchad","tag-tchad"],"yoast_head":"<!-- This site is optimized with the Yoast SEO Premium plugin v26.1 (Yoast SEO v27.0) - https:\/\/yoast.com\/product\/yoast-seo-premium-wordpress\/ -->\n<title>Pourparlers de Doha : le b\u00e2tonnier demande \u00e0 privil\u00e9gier l\u2019int\u00e9r\u00eat de la nation - tchad<\/title>\n<meta name=\"description\" content=\"Le pr\u00e9sident de l\u2019Ordre des avocats du Tchad Me Djerandi Laguerre Dionro a exprim\u00e9 ses vives pr\u00e9occupations sur l\u2019impass ...\" \/>\n<meta name=\"robots\" content=\"index, follow, max-snippet:-1, max-image-preview:large, max-video-preview:-1\" \/>\n<link rel=\"canonical\" href=\"https:\/\/www.africa-press.net\/tchad\/politique\/pourparlers-de-doha-le-batonnier-demande-a-privilegier-linteret-de-la-nation\" \/>\n<meta property=\"og:locale\" content=\"fr_FR\" \/>\n<meta property=\"og:type\" content=\"article\" \/>\n<meta property=\"og:title\" content=\"Pourparlers de Doha : le b\u00e2tonnier demande \u00e0 privil\u00e9gier l\u2019int\u00e9r\u00eat de la nation\" \/>\n<meta property=\"og:description\" content=\"Le pr\u00e9sident de l\u2019Ordre des avocats du Tchad Me Djerandi Laguerre Dionro a exprim\u00e9 ses vives pr\u00e9occupations sur l\u2019impass ...\" \/>\n<meta property=\"og:url\" content=\"https:\/\/www.africa-press.net\/tchad\/politique\/pourparlers-de-doha-le-batonnier-demande-a-privilegier-linteret-de-la-nation\" \/>\n<meta property=\"og:site_name\" content=\"tchad\" \/>\n<meta property=\"article:published_time\" content=\"2022-07-22T16:13:17+00:00\" \/>\n<meta property=\"article:modified_time\" content=\"2022-07-22T16:45:10+00:00\" \/>\n<meta property=\"og:image\" content=\"https:\/\/static.africa-press.net\/tchad\/sites\/41\/2022\/07\/postQueueImg_36-62dad3fe32fc3.jpg\" \/>\n\t<meta property=\"og:image:width\" content=\"1920\" \/>\n\t<meta property=\"og:image:height\" content=\"1000\" \/>\n\t<meta property=\"og:image:type\" content=\"image\/jpeg\" \/>\n<meta name=\"author\" content=\"cfeditorfr\" \/>\n<meta name=\"twitter:card\" content=\"summary_large_image\" \/>\n<meta name=\"twitter:label1\" content=\"\u00c9crit par\" \/>\n\t<meta name=\"twitter:data1\" content=\"cfeditorfr\" \/>\n\t<meta name=\"twitter:label2\" content=\"Dur\u00e9e de lecture estim\u00e9e\" \/>\n\t<meta name=\"twitter:data2\" content=\"2 minutes\" \/>\n<script type=\"application\/ld+json\" class=\"yoast-schema-graph\">{\"@context\":\"https:\/\/schema.org\",\"@graph\":[{\"@type\":\"Article\",\"@id\":\"https:\/\/www.africa-press.net\/tchad\/politique\/pourparlers-de-doha-le-batonnier-demande-a-privilegier-linteret-de-la-nation#article\",\"isPartOf\":{\"@id\":\"https:\/\/www.africa-press.net\/tchad\/politique\/pourparlers-de-doha-le-batonnier-demande-a-privilegier-linteret-de-la-nation\"},\"author\":{\"name\":\"cfeditorfr\",\"@id\":\"https:\/\/www.africa-press.net\/tchad\/#\/schema\/person\/2b1cf3cd81a31e3cd26889ca66d677f1\"},\"headline\":\"Pourparlers de Doha : le b\u00e2tonnier demande \u00e0 privil\u00e9gier l\u2019int\u00e9r\u00eat de la nation\",\"datePublished\":\"2022-07-22T16:13:17+00:00\",\"dateModified\":\"2022-07-22T16:45:10+00:00\",\"mainEntityOfPage\":{\"@id\":\"https:\/\/www.africa-press.net\/tchad\/politique\/pourparlers-de-doha-le-batonnier-demande-a-privilegier-linteret-de-la-nation\"},\"wordCount\":408,\"commentCount\":0,\"image\":{\"@id\":\"https:\/\/www.africa-press.net\/tchad\/politique\/pourparlers-de-doha-le-batonnier-demande-a-privilegier-linteret-de-la-nation#primaryimage\"},\"thumbnailUrl\":\"https:\/\/static.africa-press.net\/tchad\/sites\/41\/2022\/07\/postQueueImg_36-62dad3fe32fc3.jpg\",\"keywords\":[\"Africa Press\",\"Africa Press-Tchad\",\"Tchad\"],\"articleSection\":[\"homepage-french\",\"Politique\",\"Top Nouvelles\",\"Toutes les actualit\u00e9s\"],\"inLanguage\":\"fr-FR\",\"potentialAction\":[{\"@type\":\"CommentAction\",\"name\":\"Comment\",\"target\":[\"https:\/\/www.africa-press.net\/tchad\/politique\/pourparlers-de-doha-le-batonnier-demande-a-privilegier-linteret-de-la-nation#respond\"]}]},{\"@type\":\"WebPage\",\"@id\":\"https:\/\/www.africa-press.net\/tchad\/politique\/pourparlers-de-doha-le-batonnier-demande-a-privilegier-linteret-de-la-nation\",\"url\":\"https:\/\/www.africa-press.net\/tchad\/politique\/pourparlers-de-doha-le-batonnier-demande-a-privilegier-linteret-de-la-nation\",\"name\":\"Pourparlers de Doha : le b\u00e2tonnier demande \u00e0 privil\u00e9gier l\u2019int\u00e9r\u00eat de la nation - tchad\",\"isPartOf\":{\"@id\":\"https:\/\/www.africa-press.net\/tchad\/#website\"},\"primaryImageOfPage\":{\"@id\":\"https:\/\/www.africa-press.net\/tchad\/politique\/pourparlers-de-doha-le-batonnier-demande-a-privilegier-linteret-de-la-nation#primaryimage\"},\"image\":{\"@id\":\"https:\/\/www.africa-press.net\/tchad\/politique\/pourparlers-de-doha-le-batonnier-demande-a-privilegier-linteret-de-la-nation#primaryimage\"},\"thumbnailUrl\":\"https:\/\/static.africa-press.net\/tchad\/sites\/41\/2022\/07\/postQueueImg_36-62dad3fe32fc3.jpg\",\"datePublished\":\"2022-07-22T16:13:17+00:00\",\"dateModified\":\"2022-07-22T16:45:10+00:00\",\"author\":{\"@id\":\"https:\/\/www.africa-press.net\/tchad\/#\/schema\/person\/2b1cf3cd81a31e3cd26889ca66d677f1\"},\"description\":\"Le pr\u00e9sident de l\u2019Ordre des avocats du Tchad Me Djerandi Laguerre Dionro a exprim\u00e9 ses vives pr\u00e9occupations sur l\u2019impass ...\",\"breadcrumb\":{\"@id\":\"https:\/\/www.africa-press.net\/tchad\/politique\/pourparlers-de-doha-le-batonnier-demande-a-privilegier-linteret-de-la-nation#breadcrumb\"},\"inLanguage\":\"fr-FR\",\"potentialAction\":[{\"@type\":\"ReadAction\",\"target\":[\"https:\/\/www.africa-press.net\/tchad\/politique\/pourparlers-de-doha-le-batonnier-demande-a-privilegier-linteret-de-la-nation\"]}]},{\"@type\":\"ImageObject\",\"inLanguage\":\"fr-FR\",\"@id\":\"https:\/\/www.africa-press.net\/tchad\/politique\/pourparlers-de-doha-le-batonnier-demande-a-privilegier-linteret-de-la-nation#primaryimage\",\"url\":\"https:\/\/static.africa-press.net\/tchad\/sites\/41\/2022\/07\/postQueueImg_36-62dad3fe32fc3.jpg\",\"contentUrl\":\"https:\/\/static.africa-press.net\/tchad\/sites\/41\/2022\/07\/postQueueImg_36-62dad3fe32fc3.jpg\",\"width\":1920,\"height\":1000,\"caption\":\"Pourparlers de Doha : le b\u00e2tonnier demande \u00e0 privil\u00e9gier l\u2019int\u00e9r\u00eat de la nation\"},{\"@type\":\"BreadcrumbList\",\"@id\":\"https:\/\/www.africa-press.net\/tchad\/politique\/pourparlers-de-doha-le-batonnier-demande-a-privilegier-linteret-de-la-nation#breadcrumb\",\"itemListElement\":[{\"@type\":\"ListItem\",\"position\":1,\"name\":\"Accueil\",\"item\":\"https:\/\/www.africa-press.net\/tchad\/\"},{\"@type\":\"ListItem\",\"position\":2,\"name\":\"Pourparlers de Doha : le b\u00e2tonnier demande \u00e0 privil\u00e9gier l\u2019int\u00e9r\u00eat de la nation\"}]},{\"@type\":\"WebSite\",\"@id\":\"https:\/\/www.africa-press.net\/tchad\/#website\",\"url\":\"https:\/\/www.africa-press.net\/tchad\/\",\"name\":\"tchad\",\"description\":\"Just another Africa News Agency Sites site\",\"potentialAction\":[{\"@type\":\"SearchAction\",\"target\":{\"@type\":\"EntryPoint\",\"urlTemplate\":\"https:\/\/www.africa-press.net\/tchad\/?s={search_term_string}\"},\"query-input\":{\"@type\":\"PropertyValueSpecification\",\"valueRequired\":true,\"valueName\":\"search_term_string\"}}],\"inLanguage\":\"fr-FR\"},{\"@type\":\"Person\",\"@id\":\"https:\/\/www.africa-press.net\/tchad\/#\/schema\/person\/2b1cf3cd81a31e3cd26889ca66d677f1\",\"name\":\"cfeditorfr\"}]}<\/script>\n<!-- \/ Yoast SEO Premium plugin. -->","yoast_head_json":{"title":"Pourparlers de Doha : le b\u00e2tonnier demande \u00e0 privil\u00e9gier l\u2019int\u00e9r\u00eat de la nation - tchad","description":"Le pr\u00e9sident de l\u2019Ordre des avocats du Tchad Me Djerandi Laguerre Dionro a exprim\u00e9 ses vives pr\u00e9occupations sur l\u2019impass ...","robots":{"index":"index","follow":"follow","max-snippet":"max-snippet:-1","max-image-preview":"max-image-preview:large","max-video-preview":"max-video-preview:-1"},"canonical":"https:\/\/www.africa-press.net\/tchad\/politique\/pourparlers-de-doha-le-batonnier-demande-a-privilegier-linteret-de-la-nation","og_locale":"fr_FR","og_type":"article","og_title":"Pourparlers de Doha : le b\u00e2tonnier demande \u00e0 privil\u00e9gier l\u2019int\u00e9r\u00eat de la nation","og_description":"Le pr\u00e9sident de l\u2019Ordre des avocats du Tchad Me Djerandi Laguerre Dionro a exprim\u00e9 ses vives pr\u00e9occupations sur l\u2019impass ...","og_url":"https:\/\/www.africa-press.net\/tchad\/politique\/pourparlers-de-doha-le-batonnier-demande-a-privilegier-linteret-de-la-nation","og_site_name":"tchad","article_published_time":"2022-07-22T16:13:17+00:00","article_modified_time":"2022-07-22T16:45:10+00:00","og_image":[{"width":1920,"height":1000,"url":"https:\/\/static.africa-press.net\/tchad\/sites\/41\/2022\/07\/postQueueImg_36-62dad3fe32fc3.jpg","type":"image\/jpeg"}],"author":"cfeditorfr","twitter_card":"summary_large_image","twitter_misc":{"\u00c9crit par":"cfeditorfr","Dur\u00e9e de lecture estim\u00e9e":"2 minutes"},"schema":{"@context":"https:\/\/schema.org","@graph":[{"@type":"Article","@id":"https:\/\/www.africa-press.net\/tchad\/politique\/pourparlers-de-doha-le-batonnier-demande-a-privilegier-linteret-de-la-nation#article","isPartOf":{"@id":"https:\/\/www.africa-press.net\/tchad\/politique\/pourparlers-de-doha-le-batonnier-demande-a-privilegier-linteret-de-la-nation"},"author":{"name":"cfeditorfr","@id":"https:\/\/www.africa-press.net\/tchad\/#\/schema\/person\/2b1cf3cd81a31e3cd26889ca66d677f1"},"headline":"Pourparlers de Doha : le b\u00e2tonnier demande \u00e0 privil\u00e9gier l\u2019int\u00e9r\u00eat de la nation","datePublished":"2022-07-22T16:13:17+00:00","dateModified":"2022-07-22T16:45:10+00:00","mainEntityOfPage":{"@id":"https:\/\/www.africa-press.net\/tchad\/politique\/pourparlers-de-doha-le-batonnier-demande-a-privilegier-linteret-de-la-nation"},"wordCount":408,"commentCount":0,"image":{"@id":"https:\/\/www.africa-press.net\/tchad\/politique\/pourparlers-de-doha-le-batonnier-demande-a-privilegier-linteret-de-la-nation#primaryimage"},"thumbnailUrl":"https:\/\/static.africa-press.net\/tchad\/sites\/41\/2022\/07\/postQueueImg_36-62dad3fe32fc3.jpg","keywords":["Africa Press","Africa Press-Tchad","Tchad"],"articleSection":["homepage-french","Politique","Top Nouvelles","Toutes les actualit\u00e9s"],"inLanguage":"fr-FR","potentialAction":[{"@type":"CommentAction","name":"Comment","target":["https:\/\/www.africa-press.net\/tchad\/politique\/pourparlers-de-doha-le-batonnier-demande-a-privilegier-linteret-de-la-nation#respond"]}]},{"@type":"WebPage","@id":"https:\/\/www.africa-press.net\/tchad\/politique\/pourparlers-de-doha-le-batonnier-demande-a-privilegier-linteret-de-la-nation","url":"https:\/\/www.africa-press.net\/tchad\/politique\/pourparlers-de-doha-le-batonnier-demande-a-privilegier-linteret-de-la-nation","name":"Pourparlers de Doha : le b\u00e2tonnier demande \u00e0 privil\u00e9gier l\u2019int\u00e9r\u00eat de la nation - tchad","isPartOf":{"@id":"https:\/\/www.africa-press.net\/tchad\/#website"},"primaryImageOfPage":{"@id":"https:\/\/www.africa-press.net\/tchad\/politique\/pourparlers-de-doha-le-batonnier-demande-a-privilegier-linteret-de-la-nation#primaryimage"},"image":{"@id":"https:\/\/www.africa-press.net\/tchad\/politique\/pourparlers-de-doha-le-batonnier-demande-a-privilegier-linteret-de-la-nation#primaryimage"},"thumbnailUrl":"https:\/\/static.africa-press.net\/tchad\/sites\/41\/2022\/07\/postQueueImg_36-62dad3fe32fc3.jpg","datePublished":"2022-07-22T16:13:17+00:00","dateModified":"2022-07-22T16:45:10+00:00","author":{"@id":"https:\/\/www.africa-press.net\/tchad\/#\/schema\/person\/2b1cf3cd81a31e3cd26889ca66d677f1"},"description":"Le pr\u00e9sident de l\u2019Ordre des avocats du Tchad Me Djerandi Laguerre Dionro a exprim\u00e9 ses vives pr\u00e9occupations sur l\u2019impass ...","breadcrumb":{"@id":"https:\/\/www.africa-press.net\/tchad\/politique\/pourparlers-de-doha-le-batonnier-demande-a-privilegier-linteret-de-la-nation#breadcrumb"},"inLanguage":"fr-FR","potentialAction":[{"@type":"ReadAction","target":["https:\/\/www.africa-press.net\/tchad\/politique\/pourparlers-de-doha-le-batonnier-demande-a-privilegier-linteret-de-la-nation"]}]},{"@type":"ImageObject","inLanguage":"fr-FR","@id":"https:\/\/www.africa-press.net\/tchad\/politique\/pourparlers-de-doha-le-batonnier-demande-a-privilegier-linteret-de-la-nation#primaryimage","url":"https:\/\/static.africa-press.net\/tchad\/sites\/41\/2022\/07\/postQueueImg_36-62dad3fe32fc3.jpg","contentUrl":"https:\/\/static.africa-press.net\/tchad\/sites\/41\/2022\/07\/postQueueImg_36-62dad3fe32fc3.jpg","width":1920,"height":1000,"caption":"Pourparlers de Doha : le b\u00e2tonnier demande \u00e0 privil\u00e9gier l\u2019int\u00e9r\u00eat de la nation"},{"@type":"BreadcrumbList","@id":"https:\/\/www.africa-press.net\/tchad\/politique\/pourparlers-de-doha-le-batonnier-demande-a-privilegier-linteret-de-la-nation#breadcrumb","itemListElement":[{"@type":"ListItem","position":1,"name":"Accueil","item":"https:\/\/www.africa-press.net\/tchad\/"},{"@type":"ListItem","position":2,"name":"Pourparlers de Doha : le b\u00e2tonnier demande \u00e0 privil\u00e9gier l\u2019int\u00e9r\u00eat de la nation"}]},{"@type":"WebSite","@id":"https:\/\/www.africa-press.net\/tchad\/#website","url":"https:\/\/www.africa-press.net\/tchad\/","name":"tchad","description":"Just another Africa News Agency Sites site","potentialAction":[{"@type":"SearchAction","target":{"@type":"EntryPoint","urlTemplate":"https:\/\/www.africa-press.net\/tchad\/?s={search_term_string}"},"query-input":{"@type":"PropertyValueSpecification","valueRequired":true,"valueName":"search_term_string"}}],"inLanguage":"fr-FR"},{"@type":"Person","@id":"https:\/\/www.africa-press.net\/tchad\/#\/schema\/person\/2b1cf3cd81a31e3cd26889ca66d677f1","name":"cfeditorfr"}]}},"_links":{"self":[{"href":"https:\/\/www.africa-press.net\/tchad\/wp-json\/wp\/v2\/posts\/29340","targetHints":{"allow":["GET"]}}],"collection":[{"href":"https:\/\/www.africa-press.net\/tchad\/wp-json\/wp\/v2\/posts"}],"about":[{"href":"https:\/\/www.africa-press.net\/tchad\/wp-json\/wp\/v2\/types\/post"}],"author":[{"embeddable":true,"href":"https:\/\/www.africa-press.net\/tchad\/wp-json\/wp\/v2\/users\/82"}],"replies":[{"embeddable":true,"href":"https:\/\/www.africa-press.net\/tchad\/wp-json\/wp\/v2\/comments?post=29340"}],"version-history":[{"count":0,"href":"https:\/\/www.africa-press.net\/tchad\/wp-json\/wp\/v2\/posts\/29340\/revisions"}],"wp:featuredmedia":[{"embeddable":true,"href":"https:\/\/www.africa-press.net\/tchad\/wp-json\/wp\/v2\/media\/29339"}],"wp:attachment":[{"href":"https:\/\/www.africa-press.net\/tchad\/wp-json\/wp\/v2\/media?parent=29340"}],"wp:term":[{"taxonomy":"category","embeddable":true,"href":"https:\/\/www.africa-press.net\/tchad\/wp-json\/wp\/v2\/categories?post=29340"},{"taxonomy":"post_tag","embeddable":true,"href":"https:\/\/www.africa-press.net\/tchad\/wp-json\/wp\/v2\/tags?post=29340"}],"curies":[{"name":"wp","href":"https:\/\/api.w.org\/{rel}","templated":true}]}}