{"id":29349,"date":"2022-07-22T16:15:26","date_gmt":"2022-07-22T16:15:26","guid":{"rendered":"https:\/\/www.africa-press.net\/tchad\/politique\/g5-sahel-les-presidents-des-parlements-recus-par-le-president-en-exercice"},"modified":"2022-07-22T16:46:29","modified_gmt":"2022-07-22T16:46:29","slug":"g5-sahel-les-presidents-des-parlements-recus-par-le-president-en-exercice","status":"publish","type":"post","link":"https:\/\/www.africa-press.net\/tchad\/politique\/g5-sahel-les-presidents-des-parlements-recus-par-le-president-en-exercice","title":{"rendered":"G5 SAHEL : les Pr\u00e9sidents des Parlements re\u00e7us par le Pr\u00e9sident en exercice"},"content":{"rendered":"<p><span style=\"color: #ff6600\"><strong>Africa-Press &#8211; Tchad. <\/strong><\/span>Le Pr\u00e9sident du Conseil Militaire de Transition, G\u00e9n\u00e9ral MAHAMAT IDRISS DEBY ITNO,par ailleurs Pr\u00e9sident en exercice du G5 Sahel a re\u00e7u ce midi, une audience une d\u00e9l\u00e9gation des Pr\u00e9sidents des Parlements des pays membres du G5 Sahel.<\/p>\n<p>Ces parlementaires sont r\u00e9unis \u00e0 N\u2019Djam\u00e9na pour la Conf\u00e9rence des Pr\u00e9sidents du Comit\u00e9 Interparlementaire et la rencontre parlementaire de lutte contre le terrorisme et l\u2019extr\u00e9misme violent dans l\u2019espace Sahel.<\/p>\n<p>Les assises pr\u00e9sid\u00e9es par Dr Haroun Kabadi, Pr\u00e9sident du Conseil National de Transition du Tchad par ailleurs Pr\u00e9sident en exercice du CIP sont plac\u00e9es sous le th\u00e8me : \u00ablutte contre le terrorisme et l\u2019extr\u00e9misme violent au Sahel \u00bb.<\/p>\n<p>A quelques heures de la cl\u00f4ture officielle de ces assises, les pr\u00e9sidents du comit\u00e9 interparlementaire (CIP) du G5 Sahel sont donc venus rendre compte de l\u2019\u00e9tat d\u2019avancement de leurs travaux au Pr\u00e9sident en exercice du G5 Sahel, le Chef de l\u2019Etat, le G\u00e9n\u00e9ral MAHAMAT IDRISS DEBY ITNO.<\/p>\n<p>L\u2019\u00e9quipe conduite par Dr Haroun Kabadi, comprenant notamment, messieurs Seyni Oumarou, Pr\u00e9sident de l\u2019Assembl\u00e9e Nationale du Niger, Pr Aboubacar Toguy\u00e9ni, Pr\u00e9sident de l\u2019Assembl\u00e9e L\u00e9gislative de Transition du Burkina-Faso et Ali Kolotou Tcha\u00efmi, Vice-pr\u00e9sident du parlement de la Communaut\u00e9 Economique et Mon\u00e9taire de l\u2019Afrique Centrale (CEMAC), a \u00e9galement re\u00e7u les orientations et conseils avis\u00e9s du Chef de l\u2019Etat avant d\u2019aller poursuivre ses travaux dont la cl\u00f4ture officielle est pr\u00e9vue ce 22 juillet.<\/p>\n<p><strong>Pour plus d&rsquo;informations et d&rsquo;analyses sur la <a href=\"https:\/\/www.africa-press.net\/tchad\">Tchad<\/a>, suivez <a href=\"https:\/\/www.africa-press.net\/\">Africa-Press<\/a><\/strong><\/p>\n","protected":false},"excerpt":{"rendered":"<p>Africa-Press &#8211; Tchad. Le Pr\u00e9sident du Conseil Militaire de Transition, G\u00e9n\u00e9ral MAHAMAT IDRISS DEBY ITNO,par ailleurs Pr\u00e9sident en exercice du G5 Sahel a re\u00e7u ce midi, une audience une d\u00e9l\u00e9gation des Pr\u00e9sidents des Parlements des pays membres du G5 Sahel. Ces parlementaires sont r\u00e9unis \u00e0 N\u2019Djam\u00e9na pour la Conf\u00e9rence des Pr\u00e9sidents du Comit\u00e9 Interparlementaire et [&hellip;]<\/p>\n","protected":false},"author":82,"featured_media":29348,"comment_status":"open","ping_status":"closed","sticky":false,"template":"","format":"standard","meta":{"footnotes":""},"categories":[11,2,20,10],"tags":[37,292,29],"class_list":["post-29349","post","type-post","status-publish","format-standard","has-post-thumbnail","hentry","category-homepage-french","category-politique","category-top-nouvelles","category-toutes-les-actualites","tag-africa-press","tag-africa-press-tchad","tag-tchad"],"yoast_head":"<!-- This site is optimized with the Yoast SEO Premium plugin v26.1 (Yoast SEO v27.0) - https:\/\/yoast.com\/product\/yoast-seo-premium-wordpress\/ -->\n<title>G5 SAHEL : les Pr\u00e9sidents des Parlements re\u00e7us par le Pr\u00e9sident en exercice - tchad<\/title>\n<meta name=\"description\" content=\"Le Pr\u00e9sident du Conseil Militaire de Transition, G\u00e9n\u00e9ral MAHAMAT IDRISS DEBY ITNO,par ailleurs Pr\u00e9sident en exercice du ...\" \/>\n<meta name=\"robots\" content=\"index, follow, max-snippet:-1, max-image-preview:large, max-video-preview:-1\" \/>\n<link rel=\"canonical\" href=\"https:\/\/www.africa-press.net\/tchad\/politique\/g5-sahel-les-presidents-des-parlements-recus-par-le-president-en-exercice\" \/>\n<meta property=\"og:locale\" content=\"fr_FR\" \/>\n<meta property=\"og:type\" content=\"article\" \/>\n<meta property=\"og:title\" content=\"G5 SAHEL : les Pr\u00e9sidents des Parlements re\u00e7us par le Pr\u00e9sident en exercice\" \/>\n<meta property=\"og:description\" content=\"Le Pr\u00e9sident du Conseil Militaire de Transition, G\u00e9n\u00e9ral MAHAMAT IDRISS DEBY ITNO,par ailleurs Pr\u00e9sident en exercice du ...\" \/>\n<meta property=\"og:url\" content=\"https:\/\/www.africa-press.net\/tchad\/politique\/g5-sahel-les-presidents-des-parlements-recus-par-le-president-en-exercice\" \/>\n<meta property=\"og:site_name\" content=\"tchad\" \/>\n<meta property=\"article:published_time\" content=\"2022-07-22T16:15:26+00:00\" \/>\n<meta property=\"article:modified_time\" content=\"2022-07-22T16:46:29+00:00\" \/>\n<meta property=\"og:image\" content=\"https:\/\/static.africa-press.net\/tchad\/sites\/41\/2022\/07\/postQueueImg_39-62dad45121594.jpg\" \/>\n\t<meta property=\"og:image:width\" content=\"1078\" \/>\n\t<meta property=\"og:image:height\" content=\"657\" \/>\n\t<meta property=\"og:image:type\" content=\"image\/jpeg\" \/>\n<meta name=\"author\" content=\"cfeditorfr\" \/>\n<meta name=\"twitter:card\" content=\"summary_large_image\" \/>\n<meta name=\"twitter:label1\" content=\"\u00c9crit par\" \/>\n\t<meta name=\"twitter:data1\" content=\"cfeditorfr\" \/>\n\t<meta name=\"twitter:label2\" content=\"Dur\u00e9e de lecture estim\u00e9e\" \/>\n\t<meta name=\"twitter:data2\" content=\"2 minutes\" \/>\n<script type=\"application\/ld+json\" class=\"yoast-schema-graph\">{\"@context\":\"https:\/\/schema.org\",\"@graph\":[{\"@type\":\"Article\",\"@id\":\"https:\/\/www.africa-press.net\/tchad\/politique\/g5-sahel-les-presidents-des-parlements-recus-par-le-president-en-exercice#article\",\"isPartOf\":{\"@id\":\"https:\/\/www.africa-press.net\/tchad\/politique\/g5-sahel-les-presidents-des-parlements-recus-par-le-president-en-exercice\"},\"author\":{\"name\":\"cfeditorfr\",\"@id\":\"https:\/\/www.africa-press.net\/tchad\/#\/schema\/person\/2b1cf3cd81a31e3cd26889ca66d677f1\"},\"headline\":\"G5 SAHEL : les Pr\u00e9sidents des Parlements re\u00e7us par le Pr\u00e9sident en exercice\",\"datePublished\":\"2022-07-22T16:15:26+00:00\",\"dateModified\":\"2022-07-22T16:46:29+00:00\",\"mainEntityOfPage\":{\"@id\":\"https:\/\/www.africa-press.net\/tchad\/politique\/g5-sahel-les-presidents-des-parlements-recus-par-le-president-en-exercice\"},\"wordCount\":300,\"commentCount\":0,\"image\":{\"@id\":\"https:\/\/www.africa-press.net\/tchad\/politique\/g5-sahel-les-presidents-des-parlements-recus-par-le-president-en-exercice#primaryimage\"},\"thumbnailUrl\":\"https:\/\/static.africa-press.net\/tchad\/sites\/41\/2022\/07\/postQueueImg_39-62dad45121594.jpg\",\"keywords\":[\"Africa Press\",\"Africa Press-Tchad\",\"Tchad\"],\"articleSection\":[\"homepage-french\",\"Politique\",\"Top Nouvelles\",\"Toutes les actualit\u00e9s\"],\"inLanguage\":\"fr-FR\",\"potentialAction\":[{\"@type\":\"CommentAction\",\"name\":\"Comment\",\"target\":[\"https:\/\/www.africa-press.net\/tchad\/politique\/g5-sahel-les-presidents-des-parlements-recus-par-le-president-en-exercice#respond\"]}]},{\"@type\":\"WebPage\",\"@id\":\"https:\/\/www.africa-press.net\/tchad\/politique\/g5-sahel-les-presidents-des-parlements-recus-par-le-president-en-exercice\",\"url\":\"https:\/\/www.africa-press.net\/tchad\/politique\/g5-sahel-les-presidents-des-parlements-recus-par-le-president-en-exercice\",\"name\":\"G5 SAHEL : les Pr\u00e9sidents des Parlements re\u00e7us par le Pr\u00e9sident en exercice - tchad\",\"isPartOf\":{\"@id\":\"https:\/\/www.africa-press.net\/tchad\/#website\"},\"primaryImageOfPage\":{\"@id\":\"https:\/\/www.africa-press.net\/tchad\/politique\/g5-sahel-les-presidents-des-parlements-recus-par-le-president-en-exercice#primaryimage\"},\"image\":{\"@id\":\"https:\/\/www.africa-press.net\/tchad\/politique\/g5-sahel-les-presidents-des-parlements-recus-par-le-president-en-exercice#primaryimage\"},\"thumbnailUrl\":\"https:\/\/static.africa-press.net\/tchad\/sites\/41\/2022\/07\/postQueueImg_39-62dad45121594.jpg\",\"datePublished\":\"2022-07-22T16:15:26+00:00\",\"dateModified\":\"2022-07-22T16:46:29+00:00\",\"author\":{\"@id\":\"https:\/\/www.africa-press.net\/tchad\/#\/schema\/person\/2b1cf3cd81a31e3cd26889ca66d677f1\"},\"description\":\"Le Pr\u00e9sident du Conseil Militaire de Transition, G\u00e9n\u00e9ral MAHAMAT IDRISS DEBY ITNO,par ailleurs Pr\u00e9sident en exercice du ...\",\"breadcrumb\":{\"@id\":\"https:\/\/www.africa-press.net\/tchad\/politique\/g5-sahel-les-presidents-des-parlements-recus-par-le-president-en-exercice#breadcrumb\"},\"inLanguage\":\"fr-FR\",\"potentialAction\":[{\"@type\":\"ReadAction\",\"target\":[\"https:\/\/www.africa-press.net\/tchad\/politique\/g5-sahel-les-presidents-des-parlements-recus-par-le-president-en-exercice\"]}]},{\"@type\":\"ImageObject\",\"inLanguage\":\"fr-FR\",\"@id\":\"https:\/\/www.africa-press.net\/tchad\/politique\/g5-sahel-les-presidents-des-parlements-recus-par-le-president-en-exercice#primaryimage\",\"url\":\"https:\/\/static.africa-press.net\/tchad\/sites\/41\/2022\/07\/postQueueImg_39-62dad45121594.jpg\",\"contentUrl\":\"https:\/\/static.africa-press.net\/tchad\/sites\/41\/2022\/07\/postQueueImg_39-62dad45121594.jpg\",\"width\":1078,\"height\":657,\"caption\":\"G5 SAHEL : les Pr\u00e9sidents des Parlements re\u00e7us par le Pr\u00e9sident en exercice\"},{\"@type\":\"BreadcrumbList\",\"@id\":\"https:\/\/www.africa-press.net\/tchad\/politique\/g5-sahel-les-presidents-des-parlements-recus-par-le-president-en-exercice#breadcrumb\",\"itemListElement\":[{\"@type\":\"ListItem\",\"position\":1,\"name\":\"Accueil\",\"item\":\"https:\/\/www.africa-press.net\/tchad\/\"},{\"@type\":\"ListItem\",\"position\":2,\"name\":\"G5 SAHEL : les Pr\u00e9sidents des Parlements re\u00e7us par le Pr\u00e9sident en exercice\"}]},{\"@type\":\"WebSite\",\"@id\":\"https:\/\/www.africa-press.net\/tchad\/#website\",\"url\":\"https:\/\/www.africa-press.net\/tchad\/\",\"name\":\"tchad\",\"description\":\"Just another Africa News Agency Sites site\",\"potentialAction\":[{\"@type\":\"SearchAction\",\"target\":{\"@type\":\"EntryPoint\",\"urlTemplate\":\"https:\/\/www.africa-press.net\/tchad\/?s={search_term_string}\"},\"query-input\":{\"@type\":\"PropertyValueSpecification\",\"valueRequired\":true,\"valueName\":\"search_term_string\"}}],\"inLanguage\":\"fr-FR\"},{\"@type\":\"Person\",\"@id\":\"https:\/\/www.africa-press.net\/tchad\/#\/schema\/person\/2b1cf3cd81a31e3cd26889ca66d677f1\",\"name\":\"cfeditorfr\"}]}<\/script>\n<!-- \/ Yoast SEO Premium plugin. -->","yoast_head_json":{"title":"G5 SAHEL : les Pr\u00e9sidents des Parlements re\u00e7us par le Pr\u00e9sident en exercice - tchad","description":"Le Pr\u00e9sident du Conseil Militaire de Transition, G\u00e9n\u00e9ral MAHAMAT IDRISS DEBY ITNO,par ailleurs Pr\u00e9sident en exercice du ...","robots":{"index":"index","follow":"follow","max-snippet":"max-snippet:-1","max-image-preview":"max-image-preview:large","max-video-preview":"max-video-preview:-1"},"canonical":"https:\/\/www.africa-press.net\/tchad\/politique\/g5-sahel-les-presidents-des-parlements-recus-par-le-president-en-exercice","og_locale":"fr_FR","og_type":"article","og_title":"G5 SAHEL : les Pr\u00e9sidents des Parlements re\u00e7us par le Pr\u00e9sident en exercice","og_description":"Le Pr\u00e9sident du Conseil Militaire de Transition, G\u00e9n\u00e9ral MAHAMAT IDRISS DEBY ITNO,par ailleurs Pr\u00e9sident en exercice du ...","og_url":"https:\/\/www.africa-press.net\/tchad\/politique\/g5-sahel-les-presidents-des-parlements-recus-par-le-president-en-exercice","og_site_name":"tchad","article_published_time":"2022-07-22T16:15:26+00:00","article_modified_time":"2022-07-22T16:46:29+00:00","og_image":[{"width":1078,"height":657,"url":"https:\/\/static.africa-press.net\/tchad\/sites\/41\/2022\/07\/postQueueImg_39-62dad45121594.jpg","type":"image\/jpeg"}],"author":"cfeditorfr","twitter_card":"summary_large_image","twitter_misc":{"\u00c9crit par":"cfeditorfr","Dur\u00e9e de lecture estim\u00e9e":"2 minutes"},"schema":{"@context":"https:\/\/schema.org","@graph":[{"@type":"Article","@id":"https:\/\/www.africa-press.net\/tchad\/politique\/g5-sahel-les-presidents-des-parlements-recus-par-le-president-en-exercice#article","isPartOf":{"@id":"https:\/\/www.africa-press.net\/tchad\/politique\/g5-sahel-les-presidents-des-parlements-recus-par-le-president-en-exercice"},"author":{"name":"cfeditorfr","@id":"https:\/\/www.africa-press.net\/tchad\/#\/schema\/person\/2b1cf3cd81a31e3cd26889ca66d677f1"},"headline":"G5 SAHEL : les Pr\u00e9sidents des Parlements re\u00e7us par le Pr\u00e9sident en exercice","datePublished":"2022-07-22T16:15:26+00:00","dateModified":"2022-07-22T16:46:29+00:00","mainEntityOfPage":{"@id":"https:\/\/www.africa-press.net\/tchad\/politique\/g5-sahel-les-presidents-des-parlements-recus-par-le-president-en-exercice"},"wordCount":300,"commentCount":0,"image":{"@id":"https:\/\/www.africa-press.net\/tchad\/politique\/g5-sahel-les-presidents-des-parlements-recus-par-le-president-en-exercice#primaryimage"},"thumbnailUrl":"https:\/\/static.africa-press.net\/tchad\/sites\/41\/2022\/07\/postQueueImg_39-62dad45121594.jpg","keywords":["Africa Press","Africa Press-Tchad","Tchad"],"articleSection":["homepage-french","Politique","Top Nouvelles","Toutes les actualit\u00e9s"],"inLanguage":"fr-FR","potentialAction":[{"@type":"CommentAction","name":"Comment","target":["https:\/\/www.africa-press.net\/tchad\/politique\/g5-sahel-les-presidents-des-parlements-recus-par-le-president-en-exercice#respond"]}]},{"@type":"WebPage","@id":"https:\/\/www.africa-press.net\/tchad\/politique\/g5-sahel-les-presidents-des-parlements-recus-par-le-president-en-exercice","url":"https:\/\/www.africa-press.net\/tchad\/politique\/g5-sahel-les-presidents-des-parlements-recus-par-le-president-en-exercice","name":"G5 SAHEL : les Pr\u00e9sidents des Parlements re\u00e7us par le Pr\u00e9sident en exercice - tchad","isPartOf":{"@id":"https:\/\/www.africa-press.net\/tchad\/#website"},"primaryImageOfPage":{"@id":"https:\/\/www.africa-press.net\/tchad\/politique\/g5-sahel-les-presidents-des-parlements-recus-par-le-president-en-exercice#primaryimage"},"image":{"@id":"https:\/\/www.africa-press.net\/tchad\/politique\/g5-sahel-les-presidents-des-parlements-recus-par-le-president-en-exercice#primaryimage"},"thumbnailUrl":"https:\/\/static.africa-press.net\/tchad\/sites\/41\/2022\/07\/postQueueImg_39-62dad45121594.jpg","datePublished":"2022-07-22T16:15:26+00:00","dateModified":"2022-07-22T16:46:29+00:00","author":{"@id":"https:\/\/www.africa-press.net\/tchad\/#\/schema\/person\/2b1cf3cd81a31e3cd26889ca66d677f1"},"description":"Le Pr\u00e9sident du Conseil Militaire de Transition, G\u00e9n\u00e9ral MAHAMAT IDRISS DEBY ITNO,par ailleurs Pr\u00e9sident en exercice du ...","breadcrumb":{"@id":"https:\/\/www.africa-press.net\/tchad\/politique\/g5-sahel-les-presidents-des-parlements-recus-par-le-president-en-exercice#breadcrumb"},"inLanguage":"fr-FR","potentialAction":[{"@type":"ReadAction","target":["https:\/\/www.africa-press.net\/tchad\/politique\/g5-sahel-les-presidents-des-parlements-recus-par-le-president-en-exercice"]}]},{"@type":"ImageObject","inLanguage":"fr-FR","@id":"https:\/\/www.africa-press.net\/tchad\/politique\/g5-sahel-les-presidents-des-parlements-recus-par-le-president-en-exercice#primaryimage","url":"https:\/\/static.africa-press.net\/tchad\/sites\/41\/2022\/07\/postQueueImg_39-62dad45121594.jpg","contentUrl":"https:\/\/static.africa-press.net\/tchad\/sites\/41\/2022\/07\/postQueueImg_39-62dad45121594.jpg","width":1078,"height":657,"caption":"G5 SAHEL : les Pr\u00e9sidents des Parlements re\u00e7us par le Pr\u00e9sident en exercice"},{"@type":"BreadcrumbList","@id":"https:\/\/www.africa-press.net\/tchad\/politique\/g5-sahel-les-presidents-des-parlements-recus-par-le-president-en-exercice#breadcrumb","itemListElement":[{"@type":"ListItem","position":1,"name":"Accueil","item":"https:\/\/www.africa-press.net\/tchad\/"},{"@type":"ListItem","position":2,"name":"G5 SAHEL : les Pr\u00e9sidents des Parlements re\u00e7us par le Pr\u00e9sident en exercice"}]},{"@type":"WebSite","@id":"https:\/\/www.africa-press.net\/tchad\/#website","url":"https:\/\/www.africa-press.net\/tchad\/","name":"tchad","description":"Just another Africa News Agency Sites site","potentialAction":[{"@type":"SearchAction","target":{"@type":"EntryPoint","urlTemplate":"https:\/\/www.africa-press.net\/tchad\/?s={search_term_string}"},"query-input":{"@type":"PropertyValueSpecification","valueRequired":true,"valueName":"search_term_string"}}],"inLanguage":"fr-FR"},{"@type":"Person","@id":"https:\/\/www.africa-press.net\/tchad\/#\/schema\/person\/2b1cf3cd81a31e3cd26889ca66d677f1","name":"cfeditorfr"}]}},"_links":{"self":[{"href":"https:\/\/www.africa-press.net\/tchad\/wp-json\/wp\/v2\/posts\/29349","targetHints":{"allow":["GET"]}}],"collection":[{"href":"https:\/\/www.africa-press.net\/tchad\/wp-json\/wp\/v2\/posts"}],"about":[{"href":"https:\/\/www.africa-press.net\/tchad\/wp-json\/wp\/v2\/types\/post"}],"author":[{"embeddable":true,"href":"https:\/\/www.africa-press.net\/tchad\/wp-json\/wp\/v2\/users\/82"}],"replies":[{"embeddable":true,"href":"https:\/\/www.africa-press.net\/tchad\/wp-json\/wp\/v2\/comments?post=29349"}],"version-history":[{"count":0,"href":"https:\/\/www.africa-press.net\/tchad\/wp-json\/wp\/v2\/posts\/29349\/revisions"}],"wp:featuredmedia":[{"embeddable":true,"href":"https:\/\/www.africa-press.net\/tchad\/wp-json\/wp\/v2\/media\/29348"}],"wp:attachment":[{"href":"https:\/\/www.africa-press.net\/tchad\/wp-json\/wp\/v2\/media?parent=29349"}],"wp:term":[{"taxonomy":"category","embeddable":true,"href":"https:\/\/www.africa-press.net\/tchad\/wp-json\/wp\/v2\/categories?post=29349"},{"taxonomy":"post_tag","embeddable":true,"href":"https:\/\/www.africa-press.net\/tchad\/wp-json\/wp\/v2\/tags?post=29349"}],"curies":[{"name":"wp","href":"https:\/\/api.w.org\/{rel}","templated":true}]}}