{"id":29391,"date":"2022-07-23T14:51:21","date_gmt":"2022-07-23T14:51:21","guid":{"rendered":"https:\/\/www.africa-press.net\/tchad\/politique\/lordre-des-avocats-denonce-la-precarite-de-la-situation-sociopolitique-et-economique"},"modified":"2022-07-23T15:58:45","modified_gmt":"2022-07-23T15:58:45","slug":"lordre-des-avocats-denonce-la-precarite-de-la-situation-sociopolitique-et-economique","status":"publish","type":"post","link":"https:\/\/www.africa-press.net\/tchad\/politique\/lordre-des-avocats-denonce-la-precarite-de-la-situation-sociopolitique-et-economique","title":{"rendered":"L\u2019Ordre des Avocats d\u00e9nonce la pr\u00e9carit\u00e9 de la situation sociopolitique et \u00e9conomique"},"content":{"rendered":"<p><span style=\"color: #ff6600\"><strong>Africa-Press &#8211; Tchad. <\/strong><\/span>Suite \u00e0 des nombreuses situations relatives aux droits de l\u2019homme, de la justice et de l\u2019\u00e9tat de droit au Tchad, le Conseil de l\u2019Odre des Avocats du Tchad a fait un point de presse, ce vendredi 22 juillet 2022.<\/p>\n<p>Dans sa d\u00e9claration, le Pr\u00e9sident du Conseil de l\u2019Ordre des Avocats du Tchad, Me DJERANDI LAGUERRE DIONRO a notifi\u00e9 avec beaucoup de d\u00e9ception la d\u00e9t\u00e9rioration constante des conditions de vie des tchadiens.<\/p>\n<p>Pour lui, cela va de la pr\u00e9carit\u00e9 dans la quelle vit le plus grand nombre de la population. Il note entre autres, la chert\u00e9 de vie, les conditions sanitaires d\u00e9plorables conduisant \u00e0 des nombreuses maladies et \u00e0 des d\u00e9c\u00e8s r\u00e9currents qui sont li\u00e9s en partie \u00e0 la mauvaise alimentation et au manque du contr\u00f4le des produits alimentaires introduit au Tchad.<\/p>\n<p>Au plan de la corruption, de d\u00e9tournements des deniers publics, Me DJERANDI LAGUERRE DIONRO d\u00e9nonce avec rigueur le laxisme des gouvernants.<\/p>\n<p>\u00ab Des nombreux cas se sont produits par le pass\u00e9. Mais l\u00e0 o\u00f9 le bas blesse, les mauvais gestionnaires de la chose publique, les acteurs de la corruption et les d\u00e9tourneurs des deniers publics ne sont souvent pas inqui\u00e9t\u00e9s ou si des proc\u00e9dures sont engag\u00e9es, elles n\u2019aboutissent \u00e0 rien et ces personnes sont d\u2019ailleurs mieux r\u00e9compens\u00e9es dans d\u2019autres responsabilit\u00e9s \u00bb, a d\u00e9plor\u00e9 le Pr\u00e9sident du Conseil de l\u2019Ordre des Avocats du Tchad.<\/p>\n<p>L\u2019affaire de la Soci\u00e9t\u00e9 des Hydrocarbures du Tchad ( SHT) n\u2019a pas \u00e9t\u00e9 perdue de vue par Me LAGUERRE DIONRO. Il a d\u00e9nonc\u00e9 le silence de la justice face \u00e0 l\u2019affaire SHT. \u00ab Le Barreau du Tchad s\u2019interroge sur l\u2019 \u00e9lan que prend cette affaire et le silence de la justice notamment du parquet . Dans une affaire rocambolesque comme celle l\u00e0, sous d\u2019autres cieux, le Parquet se saisit d\u2019office et communique pourtant la pr\u00e9servation de l\u2019 int\u00e9r\u00eat g\u00e9n\u00e9ral que le respect du droit de la d\u00e9fense \u00bb, a affirm\u00e9 le B\u00e2tonnier Pr\u00e9sident du Conseil de l\u2019Ordre des Avocats du Tchad.<\/p>\n<p>S\u2019agissant les n\u00e9gociations entre le gouvernement et les politico- militaires qui se d\u00e9roulent \u00e0 Doha, Me DJERANDI LAGUERRE DIONRO a dit que le Barreau du Tchad exprime de s\u00e9rieuses pr\u00e9occupations quant \u00e0 la sinc\u00e9rit\u00e9 de tous les tchadiens pour une paix r\u00e9elle et d\u00e9finitive. \u00ab Le Barreau du Tchad appelle le gouvernement et les politico-militaires \u00e0 la sinc\u00e9rit\u00e9 et a privil\u00e9gi\u00e9 l\u2019int\u00e9r\u00eat du peuple au d\u00e9triment de tous calculs ou int\u00e9r\u00eat particuliers et \u00e9go\u00efstes \u00bb, a laiss\u00e9 entendre le Pr\u00e9sident du Conseil des Avocats du Tchad.<\/p>\n<p>Avant de finir sa d\u00e9claration, au nom du Barreau du Tchad, Me DJERANDI LAGUERRE DIONRO, a appel\u00e9 les autorit\u00e9s de la transition au respect constant de l\u2019Etat de droit; \u00e0 plus d\u2019efficacit\u00e9 dans la gestion de la chose publique pour une r\u00e9alisation efficiente des droits humains dans toutes leurs dimensions; \u00e0 l\u2019\u00e9galit\u00e9 de tous devant la loi, devant les services publics et aux fonctions publiques ; \u00e0 la s\u00e9curit\u00e9 des citoyens s\u00e9rieusement mise \u00e0 mal; au respect des engagements pris pour la conduite de la transition.<\/p>\n<p><strong>Pour plus d&rsquo;informations et d&rsquo;analyses sur la <a href=\"https:\/\/www.africa-press.net\/tchad\">Tchad<\/a>, suivez <a href=\"https:\/\/www.africa-press.net\/\">Africa-Press<\/a><\/strong><\/p>\n","protected":false},"excerpt":{"rendered":"<p>Africa-Press &#8211; Tchad. Suite \u00e0 des nombreuses situations relatives aux droits de l\u2019homme, de la justice et de l\u2019\u00e9tat de droit au Tchad, le Conseil de l\u2019Odre des Avocats du Tchad a fait un point de presse, ce vendredi 22 juillet 2022. Dans sa d\u00e9claration, le Pr\u00e9sident du Conseil de l\u2019Ordre des Avocats du Tchad, [&hellip;]<\/p>\n","protected":false},"author":82,"featured_media":29390,"comment_status":"open","ping_status":"closed","sticky":false,"template":"","format":"standard","meta":{"footnotes":""},"categories":[11,2,10],"tags":[37,292,29],"class_list":["post-29391","post","type-post","status-publish","format-standard","has-post-thumbnail","hentry","category-homepage-french","category-politique","category-toutes-les-actualites","tag-africa-press","tag-africa-press-tchad","tag-tchad"],"yoast_head":"<!-- This site is optimized with the Yoast SEO Premium plugin v26.1 (Yoast SEO v27.0) - https:\/\/yoast.com\/product\/yoast-seo-premium-wordpress\/ -->\n<title>L\u2019Ordre des Avocats d\u00e9nonce la pr\u00e9carit\u00e9 de la situation sociopolitique et \u00e9conomique - tchad<\/title>\n<meta name=\"description\" content=\"Suite \u00e0 des nombreuses situations relatives aux droits de l\u2019homme, de la justice et de l\u2019\u00e9tat de droit au Tchad, le Cons ...\" \/>\n<meta name=\"robots\" content=\"index, follow, max-snippet:-1, max-image-preview:large, max-video-preview:-1\" \/>\n<link rel=\"canonical\" href=\"https:\/\/www.africa-press.net\/tchad\/politique\/lordre-des-avocats-denonce-la-precarite-de-la-situation-sociopolitique-et-economique\" \/>\n<meta property=\"og:locale\" content=\"fr_FR\" \/>\n<meta property=\"og:type\" content=\"article\" \/>\n<meta property=\"og:title\" content=\"L\u2019Ordre des Avocats d\u00e9nonce la pr\u00e9carit\u00e9 de la situation sociopolitique et \u00e9conomique\" \/>\n<meta property=\"og:description\" content=\"Suite \u00e0 des nombreuses situations relatives aux droits de l\u2019homme, de la justice et de l\u2019\u00e9tat de droit au Tchad, le Cons ...\" \/>\n<meta property=\"og:url\" content=\"https:\/\/www.africa-press.net\/tchad\/politique\/lordre-des-avocats-denonce-la-precarite-de-la-situation-sociopolitique-et-economique\" \/>\n<meta property=\"og:site_name\" content=\"tchad\" \/>\n<meta property=\"article:published_time\" content=\"2022-07-23T14:51:21+00:00\" \/>\n<meta property=\"article:modified_time\" content=\"2022-07-23T15:58:45+00:00\" \/>\n<meta property=\"og:image\" content=\"https:\/\/static.africa-press.net\/tchad\/sites\/41\/2022\/07\/postQueueImg_4-62dc1a74db9d4.jpg\" \/>\n\t<meta property=\"og:image:width\" content=\"800\" \/>\n\t<meta property=\"og:image:height\" content=\"445\" \/>\n\t<meta property=\"og:image:type\" content=\"image\/jpeg\" \/>\n<meta name=\"author\" content=\"cfeditorfr\" \/>\n<meta name=\"twitter:card\" content=\"summary_large_image\" \/>\n<meta name=\"twitter:label1\" content=\"\u00c9crit par\" \/>\n\t<meta name=\"twitter:data1\" content=\"cfeditorfr\" \/>\n\t<meta name=\"twitter:label2\" content=\"Dur\u00e9e de lecture estim\u00e9e\" \/>\n\t<meta name=\"twitter:data2\" content=\"3 minutes\" \/>\n<script type=\"application\/ld+json\" class=\"yoast-schema-graph\">{\"@context\":\"https:\/\/schema.org\",\"@graph\":[{\"@type\":\"Article\",\"@id\":\"https:\/\/www.africa-press.net\/tchad\/politique\/lordre-des-avocats-denonce-la-precarite-de-la-situation-sociopolitique-et-economique#article\",\"isPartOf\":{\"@id\":\"https:\/\/www.africa-press.net\/tchad\/politique\/lordre-des-avocats-denonce-la-precarite-de-la-situation-sociopolitique-et-economique\"},\"author\":{\"name\":\"cfeditorfr\",\"@id\":\"https:\/\/www.africa-press.net\/tchad\/#\/schema\/person\/2b1cf3cd81a31e3cd26889ca66d677f1\"},\"headline\":\"L\u2019Ordre des Avocats d\u00e9nonce la pr\u00e9carit\u00e9 de la situation sociopolitique et \u00e9conomique\",\"datePublished\":\"2022-07-23T14:51:21+00:00\",\"dateModified\":\"2022-07-23T15:58:45+00:00\",\"mainEntityOfPage\":{\"@id\":\"https:\/\/www.africa-press.net\/tchad\/politique\/lordre-des-avocats-denonce-la-precarite-de-la-situation-sociopolitique-et-economique\"},\"wordCount\":578,\"commentCount\":0,\"image\":{\"@id\":\"https:\/\/www.africa-press.net\/tchad\/politique\/lordre-des-avocats-denonce-la-precarite-de-la-situation-sociopolitique-et-economique#primaryimage\"},\"thumbnailUrl\":\"https:\/\/static.africa-press.net\/tchad\/sites\/41\/2022\/07\/postQueueImg_4-62dc1a74db9d4.jpg\",\"keywords\":[\"Africa Press\",\"Africa Press-Tchad\",\"Tchad\"],\"articleSection\":[\"homepage-french\",\"Politique\",\"Toutes les actualit\u00e9s\"],\"inLanguage\":\"fr-FR\",\"potentialAction\":[{\"@type\":\"CommentAction\",\"name\":\"Comment\",\"target\":[\"https:\/\/www.africa-press.net\/tchad\/politique\/lordre-des-avocats-denonce-la-precarite-de-la-situation-sociopolitique-et-economique#respond\"]}]},{\"@type\":\"WebPage\",\"@id\":\"https:\/\/www.africa-press.net\/tchad\/politique\/lordre-des-avocats-denonce-la-precarite-de-la-situation-sociopolitique-et-economique\",\"url\":\"https:\/\/www.africa-press.net\/tchad\/politique\/lordre-des-avocats-denonce-la-precarite-de-la-situation-sociopolitique-et-economique\",\"name\":\"L\u2019Ordre des Avocats d\u00e9nonce la pr\u00e9carit\u00e9 de la situation sociopolitique et \u00e9conomique - tchad\",\"isPartOf\":{\"@id\":\"https:\/\/www.africa-press.net\/tchad\/#website\"},\"primaryImageOfPage\":{\"@id\":\"https:\/\/www.africa-press.net\/tchad\/politique\/lordre-des-avocats-denonce-la-precarite-de-la-situation-sociopolitique-et-economique#primaryimage\"},\"image\":{\"@id\":\"https:\/\/www.africa-press.net\/tchad\/politique\/lordre-des-avocats-denonce-la-precarite-de-la-situation-sociopolitique-et-economique#primaryimage\"},\"thumbnailUrl\":\"https:\/\/static.africa-press.net\/tchad\/sites\/41\/2022\/07\/postQueueImg_4-62dc1a74db9d4.jpg\",\"datePublished\":\"2022-07-23T14:51:21+00:00\",\"dateModified\":\"2022-07-23T15:58:45+00:00\",\"author\":{\"@id\":\"https:\/\/www.africa-press.net\/tchad\/#\/schema\/person\/2b1cf3cd81a31e3cd26889ca66d677f1\"},\"description\":\"Suite \u00e0 des nombreuses situations relatives aux droits de l\u2019homme, de la justice et de l\u2019\u00e9tat de droit au Tchad, le Cons ...\",\"breadcrumb\":{\"@id\":\"https:\/\/www.africa-press.net\/tchad\/politique\/lordre-des-avocats-denonce-la-precarite-de-la-situation-sociopolitique-et-economique#breadcrumb\"},\"inLanguage\":\"fr-FR\",\"potentialAction\":[{\"@type\":\"ReadAction\",\"target\":[\"https:\/\/www.africa-press.net\/tchad\/politique\/lordre-des-avocats-denonce-la-precarite-de-la-situation-sociopolitique-et-economique\"]}]},{\"@type\":\"ImageObject\",\"inLanguage\":\"fr-FR\",\"@id\":\"https:\/\/www.africa-press.net\/tchad\/politique\/lordre-des-avocats-denonce-la-precarite-de-la-situation-sociopolitique-et-economique#primaryimage\",\"url\":\"https:\/\/static.africa-press.net\/tchad\/sites\/41\/2022\/07\/postQueueImg_4-62dc1a74db9d4.jpg\",\"contentUrl\":\"https:\/\/static.africa-press.net\/tchad\/sites\/41\/2022\/07\/postQueueImg_4-62dc1a74db9d4.jpg\",\"width\":800,\"height\":445,\"caption\":\"L\u2019Ordre des Avocats d\u00e9nonce la pr\u00e9carit\u00e9 de la situation sociopolitique et \u00e9conomique\"},{\"@type\":\"BreadcrumbList\",\"@id\":\"https:\/\/www.africa-press.net\/tchad\/politique\/lordre-des-avocats-denonce-la-precarite-de-la-situation-sociopolitique-et-economique#breadcrumb\",\"itemListElement\":[{\"@type\":\"ListItem\",\"position\":1,\"name\":\"Accueil\",\"item\":\"https:\/\/www.africa-press.net\/tchad\/\"},{\"@type\":\"ListItem\",\"position\":2,\"name\":\"L\u2019Ordre des Avocats d\u00e9nonce la pr\u00e9carit\u00e9 de la situation sociopolitique et \u00e9conomique\"}]},{\"@type\":\"WebSite\",\"@id\":\"https:\/\/www.africa-press.net\/tchad\/#website\",\"url\":\"https:\/\/www.africa-press.net\/tchad\/\",\"name\":\"tchad\",\"description\":\"Just another Africa News Agency Sites site\",\"potentialAction\":[{\"@type\":\"SearchAction\",\"target\":{\"@type\":\"EntryPoint\",\"urlTemplate\":\"https:\/\/www.africa-press.net\/tchad\/?s={search_term_string}\"},\"query-input\":{\"@type\":\"PropertyValueSpecification\",\"valueRequired\":true,\"valueName\":\"search_term_string\"}}],\"inLanguage\":\"fr-FR\"},{\"@type\":\"Person\",\"@id\":\"https:\/\/www.africa-press.net\/tchad\/#\/schema\/person\/2b1cf3cd81a31e3cd26889ca66d677f1\",\"name\":\"cfeditorfr\"}]}<\/script>\n<!-- \/ Yoast SEO Premium plugin. -->","yoast_head_json":{"title":"L\u2019Ordre des Avocats d\u00e9nonce la pr\u00e9carit\u00e9 de la situation sociopolitique et \u00e9conomique - tchad","description":"Suite \u00e0 des nombreuses situations relatives aux droits de l\u2019homme, de la justice et de l\u2019\u00e9tat de droit au Tchad, le Cons ...","robots":{"index":"index","follow":"follow","max-snippet":"max-snippet:-1","max-image-preview":"max-image-preview:large","max-video-preview":"max-video-preview:-1"},"canonical":"https:\/\/www.africa-press.net\/tchad\/politique\/lordre-des-avocats-denonce-la-precarite-de-la-situation-sociopolitique-et-economique","og_locale":"fr_FR","og_type":"article","og_title":"L\u2019Ordre des Avocats d\u00e9nonce la pr\u00e9carit\u00e9 de la situation sociopolitique et \u00e9conomique","og_description":"Suite \u00e0 des nombreuses situations relatives aux droits de l\u2019homme, de la justice et de l\u2019\u00e9tat de droit au Tchad, le Cons ...","og_url":"https:\/\/www.africa-press.net\/tchad\/politique\/lordre-des-avocats-denonce-la-precarite-de-la-situation-sociopolitique-et-economique","og_site_name":"tchad","article_published_time":"2022-07-23T14:51:21+00:00","article_modified_time":"2022-07-23T15:58:45+00:00","og_image":[{"width":800,"height":445,"url":"https:\/\/static.africa-press.net\/tchad\/sites\/41\/2022\/07\/postQueueImg_4-62dc1a74db9d4.jpg","type":"image\/jpeg"}],"author":"cfeditorfr","twitter_card":"summary_large_image","twitter_misc":{"\u00c9crit par":"cfeditorfr","Dur\u00e9e de lecture estim\u00e9e":"3 minutes"},"schema":{"@context":"https:\/\/schema.org","@graph":[{"@type":"Article","@id":"https:\/\/www.africa-press.net\/tchad\/politique\/lordre-des-avocats-denonce-la-precarite-de-la-situation-sociopolitique-et-economique#article","isPartOf":{"@id":"https:\/\/www.africa-press.net\/tchad\/politique\/lordre-des-avocats-denonce-la-precarite-de-la-situation-sociopolitique-et-economique"},"author":{"name":"cfeditorfr","@id":"https:\/\/www.africa-press.net\/tchad\/#\/schema\/person\/2b1cf3cd81a31e3cd26889ca66d677f1"},"headline":"L\u2019Ordre des Avocats d\u00e9nonce la pr\u00e9carit\u00e9 de la situation sociopolitique et \u00e9conomique","datePublished":"2022-07-23T14:51:21+00:00","dateModified":"2022-07-23T15:58:45+00:00","mainEntityOfPage":{"@id":"https:\/\/www.africa-press.net\/tchad\/politique\/lordre-des-avocats-denonce-la-precarite-de-la-situation-sociopolitique-et-economique"},"wordCount":578,"commentCount":0,"image":{"@id":"https:\/\/www.africa-press.net\/tchad\/politique\/lordre-des-avocats-denonce-la-precarite-de-la-situation-sociopolitique-et-economique#primaryimage"},"thumbnailUrl":"https:\/\/static.africa-press.net\/tchad\/sites\/41\/2022\/07\/postQueueImg_4-62dc1a74db9d4.jpg","keywords":["Africa Press","Africa Press-Tchad","Tchad"],"articleSection":["homepage-french","Politique","Toutes les actualit\u00e9s"],"inLanguage":"fr-FR","potentialAction":[{"@type":"CommentAction","name":"Comment","target":["https:\/\/www.africa-press.net\/tchad\/politique\/lordre-des-avocats-denonce-la-precarite-de-la-situation-sociopolitique-et-economique#respond"]}]},{"@type":"WebPage","@id":"https:\/\/www.africa-press.net\/tchad\/politique\/lordre-des-avocats-denonce-la-precarite-de-la-situation-sociopolitique-et-economique","url":"https:\/\/www.africa-press.net\/tchad\/politique\/lordre-des-avocats-denonce-la-precarite-de-la-situation-sociopolitique-et-economique","name":"L\u2019Ordre des Avocats d\u00e9nonce la pr\u00e9carit\u00e9 de la situation sociopolitique et \u00e9conomique - tchad","isPartOf":{"@id":"https:\/\/www.africa-press.net\/tchad\/#website"},"primaryImageOfPage":{"@id":"https:\/\/www.africa-press.net\/tchad\/politique\/lordre-des-avocats-denonce-la-precarite-de-la-situation-sociopolitique-et-economique#primaryimage"},"image":{"@id":"https:\/\/www.africa-press.net\/tchad\/politique\/lordre-des-avocats-denonce-la-precarite-de-la-situation-sociopolitique-et-economique#primaryimage"},"thumbnailUrl":"https:\/\/static.africa-press.net\/tchad\/sites\/41\/2022\/07\/postQueueImg_4-62dc1a74db9d4.jpg","datePublished":"2022-07-23T14:51:21+00:00","dateModified":"2022-07-23T15:58:45+00:00","author":{"@id":"https:\/\/www.africa-press.net\/tchad\/#\/schema\/person\/2b1cf3cd81a31e3cd26889ca66d677f1"},"description":"Suite \u00e0 des nombreuses situations relatives aux droits de l\u2019homme, de la justice et de l\u2019\u00e9tat de droit au Tchad, le Cons ...","breadcrumb":{"@id":"https:\/\/www.africa-press.net\/tchad\/politique\/lordre-des-avocats-denonce-la-precarite-de-la-situation-sociopolitique-et-economique#breadcrumb"},"inLanguage":"fr-FR","potentialAction":[{"@type":"ReadAction","target":["https:\/\/www.africa-press.net\/tchad\/politique\/lordre-des-avocats-denonce-la-precarite-de-la-situation-sociopolitique-et-economique"]}]},{"@type":"ImageObject","inLanguage":"fr-FR","@id":"https:\/\/www.africa-press.net\/tchad\/politique\/lordre-des-avocats-denonce-la-precarite-de-la-situation-sociopolitique-et-economique#primaryimage","url":"https:\/\/static.africa-press.net\/tchad\/sites\/41\/2022\/07\/postQueueImg_4-62dc1a74db9d4.jpg","contentUrl":"https:\/\/static.africa-press.net\/tchad\/sites\/41\/2022\/07\/postQueueImg_4-62dc1a74db9d4.jpg","width":800,"height":445,"caption":"L\u2019Ordre des Avocats d\u00e9nonce la pr\u00e9carit\u00e9 de la situation sociopolitique et \u00e9conomique"},{"@type":"BreadcrumbList","@id":"https:\/\/www.africa-press.net\/tchad\/politique\/lordre-des-avocats-denonce-la-precarite-de-la-situation-sociopolitique-et-economique#breadcrumb","itemListElement":[{"@type":"ListItem","position":1,"name":"Accueil","item":"https:\/\/www.africa-press.net\/tchad\/"},{"@type":"ListItem","position":2,"name":"L\u2019Ordre des Avocats d\u00e9nonce la pr\u00e9carit\u00e9 de la situation sociopolitique et \u00e9conomique"}]},{"@type":"WebSite","@id":"https:\/\/www.africa-press.net\/tchad\/#website","url":"https:\/\/www.africa-press.net\/tchad\/","name":"tchad","description":"Just another Africa News Agency Sites site","potentialAction":[{"@type":"SearchAction","target":{"@type":"EntryPoint","urlTemplate":"https:\/\/www.africa-press.net\/tchad\/?s={search_term_string}"},"query-input":{"@type":"PropertyValueSpecification","valueRequired":true,"valueName":"search_term_string"}}],"inLanguage":"fr-FR"},{"@type":"Person","@id":"https:\/\/www.africa-press.net\/tchad\/#\/schema\/person\/2b1cf3cd81a31e3cd26889ca66d677f1","name":"cfeditorfr"}]}},"_links":{"self":[{"href":"https:\/\/www.africa-press.net\/tchad\/wp-json\/wp\/v2\/posts\/29391","targetHints":{"allow":["GET"]}}],"collection":[{"href":"https:\/\/www.africa-press.net\/tchad\/wp-json\/wp\/v2\/posts"}],"about":[{"href":"https:\/\/www.africa-press.net\/tchad\/wp-json\/wp\/v2\/types\/post"}],"author":[{"embeddable":true,"href":"https:\/\/www.africa-press.net\/tchad\/wp-json\/wp\/v2\/users\/82"}],"replies":[{"embeddable":true,"href":"https:\/\/www.africa-press.net\/tchad\/wp-json\/wp\/v2\/comments?post=29391"}],"version-history":[{"count":0,"href":"https:\/\/www.africa-press.net\/tchad\/wp-json\/wp\/v2\/posts\/29391\/revisions"}],"wp:featuredmedia":[{"embeddable":true,"href":"https:\/\/www.africa-press.net\/tchad\/wp-json\/wp\/v2\/media\/29390"}],"wp:attachment":[{"href":"https:\/\/www.africa-press.net\/tchad\/wp-json\/wp\/v2\/media?parent=29391"}],"wp:term":[{"taxonomy":"category","embeddable":true,"href":"https:\/\/www.africa-press.net\/tchad\/wp-json\/wp\/v2\/categories?post=29391"},{"taxonomy":"post_tag","embeddable":true,"href":"https:\/\/www.africa-press.net\/tchad\/wp-json\/wp\/v2\/tags?post=29391"}],"curies":[{"name":"wp","href":"https:\/\/api.w.org\/{rel}","templated":true}]}}