{"id":29401,"date":"2022-07-23T14:53:56","date_gmt":"2022-07-23T14:53:56","guid":{"rendered":"https:\/\/www.africa-press.net\/tchad\/politique\/sante-du-cerveau-pour-tous-la-societe-tchadienne-de-neurologie-se-mobilise"},"modified":"2022-07-23T16:00:53","modified_gmt":"2022-07-23T16:00:53","slug":"sante-du-cerveau-pour-tous-la-societe-tchadienne-de-neurologie-se-mobilise","status":"publish","type":"post","link":"https:\/\/www.africa-press.net\/tchad\/toutes-les-actualites\/sante-du-cerveau-pour-tous-la-societe-tchadienne-de-neurologie-se-mobilise","title":{"rendered":"sant\u00e9 du cerveau pour tous, la soci\u00e9t\u00e9 tchadienne de neurologie se mobilise"},"content":{"rendered":"<p><span style=\"color: #ff6600\"><strong>Africa-Press &#8211; Tchad. <\/strong><\/span>Le pr\u00e9sident de la soci\u00e9t\u00e9 tchadienne de neurologie, Dr. Fouksouna Sakandi, explique que les maladies du cerveau sont fr\u00e9quentes et touchent au moins un adulte sur trois dans les pays d\u00e9velopp\u00e9s et dans les pays en d\u00e9veloppement comme le Tchad. Elles sont encore plus fr\u00e9quentes du fait des facteurs de risques modifiables non pris en charge t\u00f4t. Parmi ces maladies, Dr. Fouksouna Sakandi affirme que les accidents vasculaires c\u00e9r\u00e9braux, les \u00e9pilepsies, les c\u00e9phal\u00e9es primaires et secondaires, les maladies neuro-d\u00e9g\u00e9n\u00e9ratives (d\u00e9mences, les syndromes parkinsoniens), les infections et tumeurs c\u00e9r\u00e9brales sont les plus rencontr\u00e9s en Afrique.<br \/>\n<img loading=\"lazy\" decoding=\"async\" width=\"870\" height=\"580\" class=\"alignnone wp-image-29399 size-full\" src=\"https:\/\/static.africa-press.net\/tchad\/sites\/41\/2022\/07\/postMediaimg_7_1.jpg\" srcset=\"https:\/\/static.africa-press.net\/tchad\/sites\/41\/2022\/07\/postMediaimg_7_1.jpg 870w, https:\/\/static.africa-press.net\/tchad\/sites\/41\/2022\/07\/postMediaimg_7_1-300x200.jpg 300w, https:\/\/static.africa-press.net\/tchad\/sites\/41\/2022\/07\/postMediaimg_7_1-768x512.jpg 768w\" sizes=\"auto, (max-width: 870px) 100vw, 870px\" \/><\/p>\n<p>D\u2019apr\u00e8s Dr. Fouksouna Sakandi, les menaces sur la sant\u00e9 du cerveau sont de plus en plus croissantes. Cependant, la r\u00e9ponse politique et l\u2019acc\u00e8s aux services pour promouvoir et optimiser la sant\u00e9 du cerveau pour tous sont tr\u00e8s limit\u00e9s. C\u2019est pourquoi, ajoute-t-il, sous l\u2019auspice du secr\u00e9tariat g\u00e9n\u00e9ral de l\u2019Organisation mondiale de la sant\u00e9 (OMS), le plan d\u2019action mondial intersectoriel sur l\u2019\u00e9pilepsie et les autres troubles neurologiques 2022-2023 a \u00e9t\u00e9 adopt\u00e9 en mai dernier par les \u00c9tats membres pour apporter des r\u00e9ponses concr\u00e8tes \u00e0 ces fl\u00e9aux qui sont responsables des pathologies c\u00e9r\u00e9brales. Pour le pr\u00e9sident de la soci\u00e9t\u00e9 tchadienne de neurologie, la sensibilisation sur la sant\u00e9 du cerveau est vitale pour le bien-\u00eatre mental, social et physique. Plusieurs maladies du cerveau sont \u00e9vitables surtout si les facteurs de risques modifiables sont pris en charge t\u00f4t. \u00ab\u00a0L\u2019\u00e9ducation est la cl\u00e9 pour un cerveau en bonne sant\u00e9. L\u2019acc\u00e8s \u00e9quitable aux ressources, aux traitements et \u00e0 la r\u00e9adaptation est essentiel \u00e0 la sant\u00e9 du cerveau\u00a0\u00bb, a-t-il soutenu. Pour comm\u00e9morer cette journ\u00e9e, la soci\u00e9t\u00e9 tchadienne de neurologie a pr\u00e9vu d\u2019organiser des journ\u00e9es de sensibilisation et de consultation neurologique gratuites \u00e0 Bongor du 28 septembre au 2 octobre 2022 ; ainsi qu&rsquo;une conf\u00e9rence scientifique autour du th\u00e8me le 15 octobre, a pr\u00e9cis\u00e9 Dr. Fouksouna Sakandi.<\/p>\n<p><strong>Pour plus d&rsquo;informations et d&rsquo;analyses sur la <a href=\"https:\/\/www.africa-press.net\/tchad\">Tchad<\/a>, suivez <a href=\"https:\/\/www.africa-press.net\/\">Africa-Press<\/a><\/strong><\/p>\n","protected":false},"excerpt":{"rendered":"<p>Africa-Press &#8211; Tchad. Le pr\u00e9sident de la soci\u00e9t\u00e9 tchadienne de neurologie, Dr. Fouksouna Sakandi, explique que les maladies du cerveau sont fr\u00e9quentes et touchent au moins un adulte sur trois dans les pays d\u00e9velopp\u00e9s et dans les pays en d\u00e9veloppement comme le Tchad. Elles sont encore plus fr\u00e9quentes du fait des facteurs de risques modifiables [&hellip;]<\/p>\n","protected":false},"author":82,"featured_media":29400,"comment_status":"open","ping_status":"closed","sticky":false,"template":"","format":"standard","meta":{"footnotes":""},"categories":[21,11,10],"tags":[37,292,29],"class_list":["post-29401","post","type-post","status-publish","format-standard","has-post-thumbnail","hentry","category-communaute","category-homepage-french","category-toutes-les-actualites","tag-africa-press","tag-africa-press-tchad","tag-tchad"],"yoast_head":"<!-- This site is optimized with the Yoast SEO Premium plugin v26.1 (Yoast SEO v27.0) - https:\/\/yoast.com\/product\/yoast-seo-premium-wordpress\/ -->\n<title>sant\u00e9 du cerveau pour tous, la soci\u00e9t\u00e9 tchadienne de neurologie se mobilise - tchad<\/title>\n<meta name=\"description\" content=\"Le pr\u00e9sident de la soci\u00e9t\u00e9 tchadienne de neurologie, Dr. Fouksouna Sakandi, explique que les maladies du cerveau sont fr ...\" \/>\n<meta name=\"robots\" content=\"index, follow, max-snippet:-1, max-image-preview:large, max-video-preview:-1\" \/>\n<link rel=\"canonical\" href=\"https:\/\/www.africa-press.net\/tchad\/toutes-les-actualites\/sante-du-cerveau-pour-tous-la-societe-tchadienne-de-neurologie-se-mobilise\" \/>\n<meta property=\"og:locale\" content=\"fr_FR\" \/>\n<meta property=\"og:type\" content=\"article\" \/>\n<meta property=\"og:title\" content=\"sant\u00e9 du cerveau pour tous, la soci\u00e9t\u00e9 tchadienne de neurologie se mobilise\" \/>\n<meta property=\"og:description\" content=\"Le pr\u00e9sident de la soci\u00e9t\u00e9 tchadienne de neurologie, Dr. Fouksouna Sakandi, explique que les maladies du cerveau sont fr ...\" \/>\n<meta property=\"og:url\" content=\"https:\/\/www.africa-press.net\/tchad\/toutes-les-actualites\/sante-du-cerveau-pour-tous-la-societe-tchadienne-de-neurologie-se-mobilise\" \/>\n<meta property=\"og:site_name\" content=\"tchad\" \/>\n<meta property=\"article:published_time\" content=\"2022-07-23T14:53:56+00:00\" \/>\n<meta property=\"article:modified_time\" content=\"2022-07-23T16:00:53+00:00\" \/>\n<meta property=\"og:image\" content=\"https:\/\/static.africa-press.net\/tchad\/sites\/41\/2022\/07\/postQueueImg_7-62dc1b191f0cb.jpg\" \/>\n\t<meta property=\"og:image:width\" content=\"870\" \/>\n\t<meta property=\"og:image:height\" content=\"580\" \/>\n\t<meta property=\"og:image:type\" content=\"image\/jpeg\" \/>\n<meta name=\"author\" content=\"cfeditorfr\" \/>\n<meta name=\"twitter:card\" content=\"summary_large_image\" \/>\n<meta name=\"twitter:label1\" content=\"\u00c9crit par\" \/>\n\t<meta name=\"twitter:data1\" content=\"cfeditorfr\" \/>\n\t<meta name=\"twitter:label2\" content=\"Dur\u00e9e de lecture estim\u00e9e\" \/>\n\t<meta name=\"twitter:data2\" content=\"2 minutes\" \/>\n<script type=\"application\/ld+json\" class=\"yoast-schema-graph\">{\"@context\":\"https:\/\/schema.org\",\"@graph\":[{\"@type\":\"Article\",\"@id\":\"https:\/\/www.africa-press.net\/tchad\/toutes-les-actualites\/sante-du-cerveau-pour-tous-la-societe-tchadienne-de-neurologie-se-mobilise#article\",\"isPartOf\":{\"@id\":\"https:\/\/www.africa-press.net\/tchad\/toutes-les-actualites\/sante-du-cerveau-pour-tous-la-societe-tchadienne-de-neurologie-se-mobilise\"},\"author\":{\"name\":\"cfeditorfr\",\"@id\":\"https:\/\/www.africa-press.net\/tchad\/#\/schema\/person\/2b1cf3cd81a31e3cd26889ca66d677f1\"},\"headline\":\"sant\u00e9 du cerveau pour tous, la soci\u00e9t\u00e9 tchadienne de neurologie se mobilise\",\"datePublished\":\"2022-07-23T14:53:56+00:00\",\"dateModified\":\"2022-07-23T16:00:53+00:00\",\"mainEntityOfPage\":{\"@id\":\"https:\/\/www.africa-press.net\/tchad\/toutes-les-actualites\/sante-du-cerveau-pour-tous-la-societe-tchadienne-de-neurologie-se-mobilise\"},\"wordCount\":378,\"commentCount\":0,\"image\":{\"@id\":\"https:\/\/www.africa-press.net\/tchad\/toutes-les-actualites\/sante-du-cerveau-pour-tous-la-societe-tchadienne-de-neurologie-se-mobilise#primaryimage\"},\"thumbnailUrl\":\"https:\/\/static.africa-press.net\/tchad\/sites\/41\/2022\/07\/postQueueImg_7-62dc1b191f0cb.jpg\",\"keywords\":[\"Africa Press\",\"Africa Press-Tchad\",\"Tchad\"],\"articleSection\":[\"Communaut\u00e9\",\"homepage-french\",\"Toutes les actualit\u00e9s\"],\"inLanguage\":\"fr-FR\",\"potentialAction\":[{\"@type\":\"CommentAction\",\"name\":\"Comment\",\"target\":[\"https:\/\/www.africa-press.net\/tchad\/toutes-les-actualites\/sante-du-cerveau-pour-tous-la-societe-tchadienne-de-neurologie-se-mobilise#respond\"]}]},{\"@type\":\"WebPage\",\"@id\":\"https:\/\/www.africa-press.net\/tchad\/toutes-les-actualites\/sante-du-cerveau-pour-tous-la-societe-tchadienne-de-neurologie-se-mobilise\",\"url\":\"https:\/\/www.africa-press.net\/tchad\/toutes-les-actualites\/sante-du-cerveau-pour-tous-la-societe-tchadienne-de-neurologie-se-mobilise\",\"name\":\"sant\u00e9 du cerveau pour tous, la soci\u00e9t\u00e9 tchadienne de neurologie se mobilise - tchad\",\"isPartOf\":{\"@id\":\"https:\/\/www.africa-press.net\/tchad\/#website\"},\"primaryImageOfPage\":{\"@id\":\"https:\/\/www.africa-press.net\/tchad\/toutes-les-actualites\/sante-du-cerveau-pour-tous-la-societe-tchadienne-de-neurologie-se-mobilise#primaryimage\"},\"image\":{\"@id\":\"https:\/\/www.africa-press.net\/tchad\/toutes-les-actualites\/sante-du-cerveau-pour-tous-la-societe-tchadienne-de-neurologie-se-mobilise#primaryimage\"},\"thumbnailUrl\":\"https:\/\/static.africa-press.net\/tchad\/sites\/41\/2022\/07\/postQueueImg_7-62dc1b191f0cb.jpg\",\"datePublished\":\"2022-07-23T14:53:56+00:00\",\"dateModified\":\"2022-07-23T16:00:53+00:00\",\"author\":{\"@id\":\"https:\/\/www.africa-press.net\/tchad\/#\/schema\/person\/2b1cf3cd81a31e3cd26889ca66d677f1\"},\"description\":\"Le pr\u00e9sident de la soci\u00e9t\u00e9 tchadienne de neurologie, Dr. Fouksouna Sakandi, explique que les maladies du cerveau sont fr ...\",\"breadcrumb\":{\"@id\":\"https:\/\/www.africa-press.net\/tchad\/toutes-les-actualites\/sante-du-cerveau-pour-tous-la-societe-tchadienne-de-neurologie-se-mobilise#breadcrumb\"},\"inLanguage\":\"fr-FR\",\"potentialAction\":[{\"@type\":\"ReadAction\",\"target\":[\"https:\/\/www.africa-press.net\/tchad\/toutes-les-actualites\/sante-du-cerveau-pour-tous-la-societe-tchadienne-de-neurologie-se-mobilise\"]}]},{\"@type\":\"ImageObject\",\"inLanguage\":\"fr-FR\",\"@id\":\"https:\/\/www.africa-press.net\/tchad\/toutes-les-actualites\/sante-du-cerveau-pour-tous-la-societe-tchadienne-de-neurologie-se-mobilise#primaryimage\",\"url\":\"https:\/\/static.africa-press.net\/tchad\/sites\/41\/2022\/07\/postQueueImg_7-62dc1b191f0cb.jpg\",\"contentUrl\":\"https:\/\/static.africa-press.net\/tchad\/sites\/41\/2022\/07\/postQueueImg_7-62dc1b191f0cb.jpg\",\"width\":870,\"height\":580,\"caption\":\"sant\u00e9 du cerveau pour tous, la soci\u00e9t\u00e9 tchadienne de neurologie se mobilise\"},{\"@type\":\"BreadcrumbList\",\"@id\":\"https:\/\/www.africa-press.net\/tchad\/toutes-les-actualites\/sante-du-cerveau-pour-tous-la-societe-tchadienne-de-neurologie-se-mobilise#breadcrumb\",\"itemListElement\":[{\"@type\":\"ListItem\",\"position\":1,\"name\":\"Accueil\",\"item\":\"https:\/\/www.africa-press.net\/tchad\/\"},{\"@type\":\"ListItem\",\"position\":2,\"name\":\"sant\u00e9 du cerveau pour tous, la soci\u00e9t\u00e9 tchadienne de neurologie se mobilise\"}]},{\"@type\":\"WebSite\",\"@id\":\"https:\/\/www.africa-press.net\/tchad\/#website\",\"url\":\"https:\/\/www.africa-press.net\/tchad\/\",\"name\":\"tchad\",\"description\":\"Just another Africa News Agency Sites site\",\"potentialAction\":[{\"@type\":\"SearchAction\",\"target\":{\"@type\":\"EntryPoint\",\"urlTemplate\":\"https:\/\/www.africa-press.net\/tchad\/?s={search_term_string}\"},\"query-input\":{\"@type\":\"PropertyValueSpecification\",\"valueRequired\":true,\"valueName\":\"search_term_string\"}}],\"inLanguage\":\"fr-FR\"},{\"@type\":\"Person\",\"@id\":\"https:\/\/www.africa-press.net\/tchad\/#\/schema\/person\/2b1cf3cd81a31e3cd26889ca66d677f1\",\"name\":\"cfeditorfr\"}]}<\/script>\n<!-- \/ Yoast SEO Premium plugin. -->","yoast_head_json":{"title":"sant\u00e9 du cerveau pour tous, la soci\u00e9t\u00e9 tchadienne de neurologie se mobilise - tchad","description":"Le pr\u00e9sident de la soci\u00e9t\u00e9 tchadienne de neurologie, Dr. Fouksouna Sakandi, explique que les maladies du cerveau sont fr ...","robots":{"index":"index","follow":"follow","max-snippet":"max-snippet:-1","max-image-preview":"max-image-preview:large","max-video-preview":"max-video-preview:-1"},"canonical":"https:\/\/www.africa-press.net\/tchad\/toutes-les-actualites\/sante-du-cerveau-pour-tous-la-societe-tchadienne-de-neurologie-se-mobilise","og_locale":"fr_FR","og_type":"article","og_title":"sant\u00e9 du cerveau pour tous, la soci\u00e9t\u00e9 tchadienne de neurologie se mobilise","og_description":"Le pr\u00e9sident de la soci\u00e9t\u00e9 tchadienne de neurologie, Dr. Fouksouna Sakandi, explique que les maladies du cerveau sont fr ...","og_url":"https:\/\/www.africa-press.net\/tchad\/toutes-les-actualites\/sante-du-cerveau-pour-tous-la-societe-tchadienne-de-neurologie-se-mobilise","og_site_name":"tchad","article_published_time":"2022-07-23T14:53:56+00:00","article_modified_time":"2022-07-23T16:00:53+00:00","og_image":[{"width":870,"height":580,"url":"https:\/\/static.africa-press.net\/tchad\/sites\/41\/2022\/07\/postQueueImg_7-62dc1b191f0cb.jpg","type":"image\/jpeg"}],"author":"cfeditorfr","twitter_card":"summary_large_image","twitter_misc":{"\u00c9crit par":"cfeditorfr","Dur\u00e9e de lecture estim\u00e9e":"2 minutes"},"schema":{"@context":"https:\/\/schema.org","@graph":[{"@type":"Article","@id":"https:\/\/www.africa-press.net\/tchad\/toutes-les-actualites\/sante-du-cerveau-pour-tous-la-societe-tchadienne-de-neurologie-se-mobilise#article","isPartOf":{"@id":"https:\/\/www.africa-press.net\/tchad\/toutes-les-actualites\/sante-du-cerveau-pour-tous-la-societe-tchadienne-de-neurologie-se-mobilise"},"author":{"name":"cfeditorfr","@id":"https:\/\/www.africa-press.net\/tchad\/#\/schema\/person\/2b1cf3cd81a31e3cd26889ca66d677f1"},"headline":"sant\u00e9 du cerveau pour tous, la soci\u00e9t\u00e9 tchadienne de neurologie se mobilise","datePublished":"2022-07-23T14:53:56+00:00","dateModified":"2022-07-23T16:00:53+00:00","mainEntityOfPage":{"@id":"https:\/\/www.africa-press.net\/tchad\/toutes-les-actualites\/sante-du-cerveau-pour-tous-la-societe-tchadienne-de-neurologie-se-mobilise"},"wordCount":378,"commentCount":0,"image":{"@id":"https:\/\/www.africa-press.net\/tchad\/toutes-les-actualites\/sante-du-cerveau-pour-tous-la-societe-tchadienne-de-neurologie-se-mobilise#primaryimage"},"thumbnailUrl":"https:\/\/static.africa-press.net\/tchad\/sites\/41\/2022\/07\/postQueueImg_7-62dc1b191f0cb.jpg","keywords":["Africa Press","Africa Press-Tchad","Tchad"],"articleSection":["Communaut\u00e9","homepage-french","Toutes les actualit\u00e9s"],"inLanguage":"fr-FR","potentialAction":[{"@type":"CommentAction","name":"Comment","target":["https:\/\/www.africa-press.net\/tchad\/toutes-les-actualites\/sante-du-cerveau-pour-tous-la-societe-tchadienne-de-neurologie-se-mobilise#respond"]}]},{"@type":"WebPage","@id":"https:\/\/www.africa-press.net\/tchad\/toutes-les-actualites\/sante-du-cerveau-pour-tous-la-societe-tchadienne-de-neurologie-se-mobilise","url":"https:\/\/www.africa-press.net\/tchad\/toutes-les-actualites\/sante-du-cerveau-pour-tous-la-societe-tchadienne-de-neurologie-se-mobilise","name":"sant\u00e9 du cerveau pour tous, la soci\u00e9t\u00e9 tchadienne de neurologie se mobilise - tchad","isPartOf":{"@id":"https:\/\/www.africa-press.net\/tchad\/#website"},"primaryImageOfPage":{"@id":"https:\/\/www.africa-press.net\/tchad\/toutes-les-actualites\/sante-du-cerveau-pour-tous-la-societe-tchadienne-de-neurologie-se-mobilise#primaryimage"},"image":{"@id":"https:\/\/www.africa-press.net\/tchad\/toutes-les-actualites\/sante-du-cerveau-pour-tous-la-societe-tchadienne-de-neurologie-se-mobilise#primaryimage"},"thumbnailUrl":"https:\/\/static.africa-press.net\/tchad\/sites\/41\/2022\/07\/postQueueImg_7-62dc1b191f0cb.jpg","datePublished":"2022-07-23T14:53:56+00:00","dateModified":"2022-07-23T16:00:53+00:00","author":{"@id":"https:\/\/www.africa-press.net\/tchad\/#\/schema\/person\/2b1cf3cd81a31e3cd26889ca66d677f1"},"description":"Le pr\u00e9sident de la soci\u00e9t\u00e9 tchadienne de neurologie, Dr. Fouksouna Sakandi, explique que les maladies du cerveau sont fr ...","breadcrumb":{"@id":"https:\/\/www.africa-press.net\/tchad\/toutes-les-actualites\/sante-du-cerveau-pour-tous-la-societe-tchadienne-de-neurologie-se-mobilise#breadcrumb"},"inLanguage":"fr-FR","potentialAction":[{"@type":"ReadAction","target":["https:\/\/www.africa-press.net\/tchad\/toutes-les-actualites\/sante-du-cerveau-pour-tous-la-societe-tchadienne-de-neurologie-se-mobilise"]}]},{"@type":"ImageObject","inLanguage":"fr-FR","@id":"https:\/\/www.africa-press.net\/tchad\/toutes-les-actualites\/sante-du-cerveau-pour-tous-la-societe-tchadienne-de-neurologie-se-mobilise#primaryimage","url":"https:\/\/static.africa-press.net\/tchad\/sites\/41\/2022\/07\/postQueueImg_7-62dc1b191f0cb.jpg","contentUrl":"https:\/\/static.africa-press.net\/tchad\/sites\/41\/2022\/07\/postQueueImg_7-62dc1b191f0cb.jpg","width":870,"height":580,"caption":"sant\u00e9 du cerveau pour tous, la soci\u00e9t\u00e9 tchadienne de neurologie se mobilise"},{"@type":"BreadcrumbList","@id":"https:\/\/www.africa-press.net\/tchad\/toutes-les-actualites\/sante-du-cerveau-pour-tous-la-societe-tchadienne-de-neurologie-se-mobilise#breadcrumb","itemListElement":[{"@type":"ListItem","position":1,"name":"Accueil","item":"https:\/\/www.africa-press.net\/tchad\/"},{"@type":"ListItem","position":2,"name":"sant\u00e9 du cerveau pour tous, la soci\u00e9t\u00e9 tchadienne de neurologie se mobilise"}]},{"@type":"WebSite","@id":"https:\/\/www.africa-press.net\/tchad\/#website","url":"https:\/\/www.africa-press.net\/tchad\/","name":"tchad","description":"Just another Africa News Agency Sites site","potentialAction":[{"@type":"SearchAction","target":{"@type":"EntryPoint","urlTemplate":"https:\/\/www.africa-press.net\/tchad\/?s={search_term_string}"},"query-input":{"@type":"PropertyValueSpecification","valueRequired":true,"valueName":"search_term_string"}}],"inLanguage":"fr-FR"},{"@type":"Person","@id":"https:\/\/www.africa-press.net\/tchad\/#\/schema\/person\/2b1cf3cd81a31e3cd26889ca66d677f1","name":"cfeditorfr"}]}},"_links":{"self":[{"href":"https:\/\/www.africa-press.net\/tchad\/wp-json\/wp\/v2\/posts\/29401","targetHints":{"allow":["GET"]}}],"collection":[{"href":"https:\/\/www.africa-press.net\/tchad\/wp-json\/wp\/v2\/posts"}],"about":[{"href":"https:\/\/www.africa-press.net\/tchad\/wp-json\/wp\/v2\/types\/post"}],"author":[{"embeddable":true,"href":"https:\/\/www.africa-press.net\/tchad\/wp-json\/wp\/v2\/users\/82"}],"replies":[{"embeddable":true,"href":"https:\/\/www.africa-press.net\/tchad\/wp-json\/wp\/v2\/comments?post=29401"}],"version-history":[{"count":0,"href":"https:\/\/www.africa-press.net\/tchad\/wp-json\/wp\/v2\/posts\/29401\/revisions"}],"wp:featuredmedia":[{"embeddable":true,"href":"https:\/\/www.africa-press.net\/tchad\/wp-json\/wp\/v2\/media\/29400"}],"wp:attachment":[{"href":"https:\/\/www.africa-press.net\/tchad\/wp-json\/wp\/v2\/media?parent=29401"}],"wp:term":[{"taxonomy":"category","embeddable":true,"href":"https:\/\/www.africa-press.net\/tchad\/wp-json\/wp\/v2\/categories?post=29401"},{"taxonomy":"post_tag","embeddable":true,"href":"https:\/\/www.africa-press.net\/tchad\/wp-json\/wp\/v2\/tags?post=29401"}],"curies":[{"name":"wp","href":"https:\/\/api.w.org\/{rel}","templated":true}]}}