{"id":29404,"date":"2022-07-23T14:54:35","date_gmt":"2022-07-23T14:54:35","guid":{"rendered":"https:\/\/www.africa-press.net\/tchad\/politique\/le-premier-ministre-repond-a-ceux-qui-demandent-sa-demission"},"modified":"2022-07-23T16:01:45","modified_gmt":"2022-07-23T16:01:45","slug":"le-premier-ministre-repond-a-ceux-qui-demandent-sa-demission","status":"publish","type":"post","link":"https:\/\/www.africa-press.net\/tchad\/politique\/le-premier-ministre-repond-a-ceux-qui-demandent-sa-demission","title":{"rendered":"le premier ministre r\u00e9pond \u00e0 ceux qui demandent sa d\u00e9mission"},"content":{"rendered":"<p><span style=\"color: #ff6600\"><strong>Africa-Press &#8211; Tchad. <\/strong><\/span><a name=\"para_1\"><\/a><\/p>\n<p>\u00ab\u00a0Ma d\u00e9mission, ce n\u2019est pas un sujet. Ce qui importe pour ce pays, c\u2019est la paix, la stabilit\u00e9 (\u2026) Si la d\u00e9mission de X ou Y peut permettre d\u2019atteindre cet objectif, ce serait avec plaisir\u00a0\u00bb, affirme le chef du gouvernement.<\/p>\n<p>\u00ab\u00a0Le premier ministre de transition est nomm\u00e9 par la volont\u00e9 souveraine du pr\u00e9sident du Conseil militaire de transition (CMT), ce n\u2019est pas un d\u00e9l\u00e9gu\u00e9 de personnel pour r\u00e9pondre \u00e0 la volont\u00e9 d\u2019un syndicat\u00a0\u00bb, tranche Pahimi Padack\u00e9 Albert.<\/p>\n<p><strong>Pour plus d&rsquo;informations et d&rsquo;analyses sur la <a href=\"https:\/\/www.africa-press.net\/tchad\">Tchad<\/a>, suivez <a href=\"https:\/\/www.africa-press.net\/\">Africa-Press<\/a><\/strong><\/p>\n","protected":false},"excerpt":{"rendered":"<p>Africa-Press &#8211; Tchad. \u00ab\u00a0Ma d\u00e9mission, ce n\u2019est pas un sujet. Ce qui importe pour ce pays, c\u2019est la paix, la stabilit\u00e9 (\u2026) Si la d\u00e9mission de X ou Y peut permettre d\u2019atteindre cet objectif, ce serait avec plaisir\u00a0\u00bb, affirme le chef du gouvernement. \u00ab\u00a0Le premier ministre de transition est nomm\u00e9 par la volont\u00e9 souveraine du [&hellip;]<\/p>\n","protected":false},"author":82,"featured_media":29403,"comment_status":"open","ping_status":"closed","sticky":false,"template":"","format":"standard","meta":{"footnotes":""},"categories":[11,2,10],"tags":[37,292,29],"class_list":["post-29404","post","type-post","status-publish","format-standard","has-post-thumbnail","hentry","category-homepage-french","category-politique","category-toutes-les-actualites","tag-africa-press","tag-africa-press-tchad","tag-tchad"],"yoast_head":"<!-- This site is optimized with the Yoast SEO Premium plugin v26.1 (Yoast SEO v27.0) - https:\/\/yoast.com\/product\/yoast-seo-premium-wordpress\/ -->\n<title>le premier ministre r\u00e9pond \u00e0 ceux qui demandent sa d\u00e9mission - tchad<\/title>\n<meta name=\"description\" content=\"&quot;Ma d\u00e9mission, ce n\u2019est pas un sujet. Ce qui importe pour ce pays, c\u2019est la paix, la stabilit\u00e9 (\u2026 ...\" \/>\n<meta name=\"robots\" content=\"index, follow, max-snippet:-1, max-image-preview:large, max-video-preview:-1\" \/>\n<link rel=\"canonical\" href=\"https:\/\/www.africa-press.net\/tchad\/politique\/le-premier-ministre-repond-a-ceux-qui-demandent-sa-demission\" \/>\n<meta property=\"og:locale\" content=\"fr_FR\" \/>\n<meta property=\"og:type\" content=\"article\" \/>\n<meta property=\"og:title\" content=\"le premier ministre r\u00e9pond \u00e0 ceux qui demandent sa d\u00e9mission\" \/>\n<meta property=\"og:description\" content=\"&quot;Ma d\u00e9mission, ce n\u2019est pas un sujet. Ce qui importe pour ce pays, c\u2019est la paix, la stabilit\u00e9 (\u2026 ...\" \/>\n<meta property=\"og:url\" content=\"https:\/\/www.africa-press.net\/tchad\/politique\/le-premier-ministre-repond-a-ceux-qui-demandent-sa-demission\" \/>\n<meta property=\"og:site_name\" content=\"tchad\" \/>\n<meta property=\"article:published_time\" content=\"2022-07-23T14:54:35+00:00\" \/>\n<meta property=\"article:modified_time\" content=\"2022-07-23T16:01:45+00:00\" \/>\n<meta property=\"og:image\" content=\"https:\/\/static.africa-press.net\/tchad\/sites\/41\/2022\/07\/postQueueImg_8-62dc1b3ab038e.jpg\" \/>\n\t<meta property=\"og:image:width\" content=\"869\" \/>\n\t<meta property=\"og:image:height\" content=\"487\" \/>\n\t<meta property=\"og:image:type\" content=\"image\/jpeg\" \/>\n<meta name=\"author\" content=\"cfeditorfr\" \/>\n<meta name=\"twitter:card\" content=\"summary_large_image\" \/>\n<meta name=\"twitter:label1\" content=\"\u00c9crit par\" \/>\n\t<meta name=\"twitter:data1\" content=\"cfeditorfr\" \/>\n\t<meta name=\"twitter:label2\" content=\"Dur\u00e9e de lecture estim\u00e9e\" \/>\n\t<meta name=\"twitter:data2\" content=\"1 minute\" \/>\n<script type=\"application\/ld+json\" class=\"yoast-schema-graph\">{\"@context\":\"https:\/\/schema.org\",\"@graph\":[{\"@type\":\"Article\",\"@id\":\"https:\/\/www.africa-press.net\/tchad\/politique\/le-premier-ministre-repond-a-ceux-qui-demandent-sa-demission#article\",\"isPartOf\":{\"@id\":\"https:\/\/www.africa-press.net\/tchad\/politique\/le-premier-ministre-repond-a-ceux-qui-demandent-sa-demission\"},\"author\":{\"name\":\"cfeditorfr\",\"@id\":\"https:\/\/www.africa-press.net\/tchad\/#\/schema\/person\/2b1cf3cd81a31e3cd26889ca66d677f1\"},\"headline\":\"le premier ministre r\u00e9pond \u00e0 ceux qui demandent sa d\u00e9mission\",\"datePublished\":\"2022-07-23T14:54:35+00:00\",\"dateModified\":\"2022-07-23T16:01:45+00:00\",\"mainEntityOfPage\":{\"@id\":\"https:\/\/www.africa-press.net\/tchad\/politique\/le-premier-ministre-repond-a-ceux-qui-demandent-sa-demission\"},\"wordCount\":112,\"commentCount\":0,\"image\":{\"@id\":\"https:\/\/www.africa-press.net\/tchad\/politique\/le-premier-ministre-repond-a-ceux-qui-demandent-sa-demission#primaryimage\"},\"thumbnailUrl\":\"https:\/\/static.africa-press.net\/tchad\/sites\/41\/2022\/07\/postQueueImg_8-62dc1b3ab038e.jpg\",\"keywords\":[\"Africa Press\",\"Africa Press-Tchad\",\"Tchad\"],\"articleSection\":[\"homepage-french\",\"Politique\",\"Toutes les actualit\u00e9s\"],\"inLanguage\":\"fr-FR\",\"potentialAction\":[{\"@type\":\"CommentAction\",\"name\":\"Comment\",\"target\":[\"https:\/\/www.africa-press.net\/tchad\/politique\/le-premier-ministre-repond-a-ceux-qui-demandent-sa-demission#respond\"]}]},{\"@type\":\"WebPage\",\"@id\":\"https:\/\/www.africa-press.net\/tchad\/politique\/le-premier-ministre-repond-a-ceux-qui-demandent-sa-demission\",\"url\":\"https:\/\/www.africa-press.net\/tchad\/politique\/le-premier-ministre-repond-a-ceux-qui-demandent-sa-demission\",\"name\":\"le premier ministre r\u00e9pond \u00e0 ceux qui demandent sa d\u00e9mission - tchad\",\"isPartOf\":{\"@id\":\"https:\/\/www.africa-press.net\/tchad\/#website\"},\"primaryImageOfPage\":{\"@id\":\"https:\/\/www.africa-press.net\/tchad\/politique\/le-premier-ministre-repond-a-ceux-qui-demandent-sa-demission#primaryimage\"},\"image\":{\"@id\":\"https:\/\/www.africa-press.net\/tchad\/politique\/le-premier-ministre-repond-a-ceux-qui-demandent-sa-demission#primaryimage\"},\"thumbnailUrl\":\"https:\/\/static.africa-press.net\/tchad\/sites\/41\/2022\/07\/postQueueImg_8-62dc1b3ab038e.jpg\",\"datePublished\":\"2022-07-23T14:54:35+00:00\",\"dateModified\":\"2022-07-23T16:01:45+00:00\",\"author\":{\"@id\":\"https:\/\/www.africa-press.net\/tchad\/#\/schema\/person\/2b1cf3cd81a31e3cd26889ca66d677f1\"},\"description\":\"\\\"Ma d\u00e9mission, ce n\u2019est pas un sujet. Ce qui importe pour ce pays, c\u2019est la paix, la stabilit\u00e9 (\u2026 ...\",\"breadcrumb\":{\"@id\":\"https:\/\/www.africa-press.net\/tchad\/politique\/le-premier-ministre-repond-a-ceux-qui-demandent-sa-demission#breadcrumb\"},\"inLanguage\":\"fr-FR\",\"potentialAction\":[{\"@type\":\"ReadAction\",\"target\":[\"https:\/\/www.africa-press.net\/tchad\/politique\/le-premier-ministre-repond-a-ceux-qui-demandent-sa-demission\"]}]},{\"@type\":\"ImageObject\",\"inLanguage\":\"fr-FR\",\"@id\":\"https:\/\/www.africa-press.net\/tchad\/politique\/le-premier-ministre-repond-a-ceux-qui-demandent-sa-demission#primaryimage\",\"url\":\"https:\/\/static.africa-press.net\/tchad\/sites\/41\/2022\/07\/postQueueImg_8-62dc1b3ab038e.jpg\",\"contentUrl\":\"https:\/\/static.africa-press.net\/tchad\/sites\/41\/2022\/07\/postQueueImg_8-62dc1b3ab038e.jpg\",\"width\":869,\"height\":487,\"caption\":\"le premier ministre r\u00e9pond \u00e0 ceux qui demandent sa d\u00e9mission\"},{\"@type\":\"BreadcrumbList\",\"@id\":\"https:\/\/www.africa-press.net\/tchad\/politique\/le-premier-ministre-repond-a-ceux-qui-demandent-sa-demission#breadcrumb\",\"itemListElement\":[{\"@type\":\"ListItem\",\"position\":1,\"name\":\"Accueil\",\"item\":\"https:\/\/www.africa-press.net\/tchad\/\"},{\"@type\":\"ListItem\",\"position\":2,\"name\":\"le premier ministre r\u00e9pond \u00e0 ceux qui demandent sa d\u00e9mission\"}]},{\"@type\":\"WebSite\",\"@id\":\"https:\/\/www.africa-press.net\/tchad\/#website\",\"url\":\"https:\/\/www.africa-press.net\/tchad\/\",\"name\":\"tchad\",\"description\":\"Just another Africa News Agency Sites site\",\"potentialAction\":[{\"@type\":\"SearchAction\",\"target\":{\"@type\":\"EntryPoint\",\"urlTemplate\":\"https:\/\/www.africa-press.net\/tchad\/?s={search_term_string}\"},\"query-input\":{\"@type\":\"PropertyValueSpecification\",\"valueRequired\":true,\"valueName\":\"search_term_string\"}}],\"inLanguage\":\"fr-FR\"},{\"@type\":\"Person\",\"@id\":\"https:\/\/www.africa-press.net\/tchad\/#\/schema\/person\/2b1cf3cd81a31e3cd26889ca66d677f1\",\"name\":\"cfeditorfr\"}]}<\/script>\n<!-- \/ Yoast SEO Premium plugin. -->","yoast_head_json":{"title":"le premier ministre r\u00e9pond \u00e0 ceux qui demandent sa d\u00e9mission - tchad","description":"\"Ma d\u00e9mission, ce n\u2019est pas un sujet. Ce qui importe pour ce pays, c\u2019est la paix, la stabilit\u00e9 (\u2026 ...","robots":{"index":"index","follow":"follow","max-snippet":"max-snippet:-1","max-image-preview":"max-image-preview:large","max-video-preview":"max-video-preview:-1"},"canonical":"https:\/\/www.africa-press.net\/tchad\/politique\/le-premier-ministre-repond-a-ceux-qui-demandent-sa-demission","og_locale":"fr_FR","og_type":"article","og_title":"le premier ministre r\u00e9pond \u00e0 ceux qui demandent sa d\u00e9mission","og_description":"\"Ma d\u00e9mission, ce n\u2019est pas un sujet. Ce qui importe pour ce pays, c\u2019est la paix, la stabilit\u00e9 (\u2026 ...","og_url":"https:\/\/www.africa-press.net\/tchad\/politique\/le-premier-ministre-repond-a-ceux-qui-demandent-sa-demission","og_site_name":"tchad","article_published_time":"2022-07-23T14:54:35+00:00","article_modified_time":"2022-07-23T16:01:45+00:00","og_image":[{"width":869,"height":487,"url":"https:\/\/static.africa-press.net\/tchad\/sites\/41\/2022\/07\/postQueueImg_8-62dc1b3ab038e.jpg","type":"image\/jpeg"}],"author":"cfeditorfr","twitter_card":"summary_large_image","twitter_misc":{"\u00c9crit par":"cfeditorfr","Dur\u00e9e de lecture estim\u00e9e":"1 minute"},"schema":{"@context":"https:\/\/schema.org","@graph":[{"@type":"Article","@id":"https:\/\/www.africa-press.net\/tchad\/politique\/le-premier-ministre-repond-a-ceux-qui-demandent-sa-demission#article","isPartOf":{"@id":"https:\/\/www.africa-press.net\/tchad\/politique\/le-premier-ministre-repond-a-ceux-qui-demandent-sa-demission"},"author":{"name":"cfeditorfr","@id":"https:\/\/www.africa-press.net\/tchad\/#\/schema\/person\/2b1cf3cd81a31e3cd26889ca66d677f1"},"headline":"le premier ministre r\u00e9pond \u00e0 ceux qui demandent sa d\u00e9mission","datePublished":"2022-07-23T14:54:35+00:00","dateModified":"2022-07-23T16:01:45+00:00","mainEntityOfPage":{"@id":"https:\/\/www.africa-press.net\/tchad\/politique\/le-premier-ministre-repond-a-ceux-qui-demandent-sa-demission"},"wordCount":112,"commentCount":0,"image":{"@id":"https:\/\/www.africa-press.net\/tchad\/politique\/le-premier-ministre-repond-a-ceux-qui-demandent-sa-demission#primaryimage"},"thumbnailUrl":"https:\/\/static.africa-press.net\/tchad\/sites\/41\/2022\/07\/postQueueImg_8-62dc1b3ab038e.jpg","keywords":["Africa Press","Africa Press-Tchad","Tchad"],"articleSection":["homepage-french","Politique","Toutes les actualit\u00e9s"],"inLanguage":"fr-FR","potentialAction":[{"@type":"CommentAction","name":"Comment","target":["https:\/\/www.africa-press.net\/tchad\/politique\/le-premier-ministre-repond-a-ceux-qui-demandent-sa-demission#respond"]}]},{"@type":"WebPage","@id":"https:\/\/www.africa-press.net\/tchad\/politique\/le-premier-ministre-repond-a-ceux-qui-demandent-sa-demission","url":"https:\/\/www.africa-press.net\/tchad\/politique\/le-premier-ministre-repond-a-ceux-qui-demandent-sa-demission","name":"le premier ministre r\u00e9pond \u00e0 ceux qui demandent sa d\u00e9mission - tchad","isPartOf":{"@id":"https:\/\/www.africa-press.net\/tchad\/#website"},"primaryImageOfPage":{"@id":"https:\/\/www.africa-press.net\/tchad\/politique\/le-premier-ministre-repond-a-ceux-qui-demandent-sa-demission#primaryimage"},"image":{"@id":"https:\/\/www.africa-press.net\/tchad\/politique\/le-premier-ministre-repond-a-ceux-qui-demandent-sa-demission#primaryimage"},"thumbnailUrl":"https:\/\/static.africa-press.net\/tchad\/sites\/41\/2022\/07\/postQueueImg_8-62dc1b3ab038e.jpg","datePublished":"2022-07-23T14:54:35+00:00","dateModified":"2022-07-23T16:01:45+00:00","author":{"@id":"https:\/\/www.africa-press.net\/tchad\/#\/schema\/person\/2b1cf3cd81a31e3cd26889ca66d677f1"},"description":"\"Ma d\u00e9mission, ce n\u2019est pas un sujet. Ce qui importe pour ce pays, c\u2019est la paix, la stabilit\u00e9 (\u2026 ...","breadcrumb":{"@id":"https:\/\/www.africa-press.net\/tchad\/politique\/le-premier-ministre-repond-a-ceux-qui-demandent-sa-demission#breadcrumb"},"inLanguage":"fr-FR","potentialAction":[{"@type":"ReadAction","target":["https:\/\/www.africa-press.net\/tchad\/politique\/le-premier-ministre-repond-a-ceux-qui-demandent-sa-demission"]}]},{"@type":"ImageObject","inLanguage":"fr-FR","@id":"https:\/\/www.africa-press.net\/tchad\/politique\/le-premier-ministre-repond-a-ceux-qui-demandent-sa-demission#primaryimage","url":"https:\/\/static.africa-press.net\/tchad\/sites\/41\/2022\/07\/postQueueImg_8-62dc1b3ab038e.jpg","contentUrl":"https:\/\/static.africa-press.net\/tchad\/sites\/41\/2022\/07\/postQueueImg_8-62dc1b3ab038e.jpg","width":869,"height":487,"caption":"le premier ministre r\u00e9pond \u00e0 ceux qui demandent sa d\u00e9mission"},{"@type":"BreadcrumbList","@id":"https:\/\/www.africa-press.net\/tchad\/politique\/le-premier-ministre-repond-a-ceux-qui-demandent-sa-demission#breadcrumb","itemListElement":[{"@type":"ListItem","position":1,"name":"Accueil","item":"https:\/\/www.africa-press.net\/tchad\/"},{"@type":"ListItem","position":2,"name":"le premier ministre r\u00e9pond \u00e0 ceux qui demandent sa d\u00e9mission"}]},{"@type":"WebSite","@id":"https:\/\/www.africa-press.net\/tchad\/#website","url":"https:\/\/www.africa-press.net\/tchad\/","name":"tchad","description":"Just another Africa News Agency Sites site","potentialAction":[{"@type":"SearchAction","target":{"@type":"EntryPoint","urlTemplate":"https:\/\/www.africa-press.net\/tchad\/?s={search_term_string}"},"query-input":{"@type":"PropertyValueSpecification","valueRequired":true,"valueName":"search_term_string"}}],"inLanguage":"fr-FR"},{"@type":"Person","@id":"https:\/\/www.africa-press.net\/tchad\/#\/schema\/person\/2b1cf3cd81a31e3cd26889ca66d677f1","name":"cfeditorfr"}]}},"_links":{"self":[{"href":"https:\/\/www.africa-press.net\/tchad\/wp-json\/wp\/v2\/posts\/29404","targetHints":{"allow":["GET"]}}],"collection":[{"href":"https:\/\/www.africa-press.net\/tchad\/wp-json\/wp\/v2\/posts"}],"about":[{"href":"https:\/\/www.africa-press.net\/tchad\/wp-json\/wp\/v2\/types\/post"}],"author":[{"embeddable":true,"href":"https:\/\/www.africa-press.net\/tchad\/wp-json\/wp\/v2\/users\/82"}],"replies":[{"embeddable":true,"href":"https:\/\/www.africa-press.net\/tchad\/wp-json\/wp\/v2\/comments?post=29404"}],"version-history":[{"count":0,"href":"https:\/\/www.africa-press.net\/tchad\/wp-json\/wp\/v2\/posts\/29404\/revisions"}],"wp:featuredmedia":[{"embeddable":true,"href":"https:\/\/www.africa-press.net\/tchad\/wp-json\/wp\/v2\/media\/29403"}],"wp:attachment":[{"href":"https:\/\/www.africa-press.net\/tchad\/wp-json\/wp\/v2\/media?parent=29404"}],"wp:term":[{"taxonomy":"category","embeddable":true,"href":"https:\/\/www.africa-press.net\/tchad\/wp-json\/wp\/v2\/categories?post=29404"},{"taxonomy":"post_tag","embeddable":true,"href":"https:\/\/www.africa-press.net\/tchad\/wp-json\/wp\/v2\/tags?post=29404"}],"curies":[{"name":"wp","href":"https:\/\/api.w.org\/{rel}","templated":true}]}}