{"id":29471,"date":"2022-07-24T17:40:44","date_gmt":"2022-07-24T17:40:44","guid":{"rendered":"https:\/\/www.africa-press.net\/tchad\/politique\/debut-declaircissement-dans-lenquete-sur-des-aflatoxines-dans-de-la-farine"},"modified":"2022-07-24T18:26:35","modified_gmt":"2022-07-24T18:26:35","slug":"debut-declaircissement-dans-lenquete-sur-des-aflatoxines-dans-de-la-farine","status":"publish","type":"post","link":"https:\/\/www.africa-press.net\/tchad\/economie\/debut-declaircissement-dans-lenquete-sur-des-aflatoxines-dans-de-la-farine","title":{"rendered":"d\u00e9but d&rsquo;\u00e9claircissement dans l&rsquo;enqu\u00eate sur des aflatoxines dans de la farine"},"content":{"rendered":"<p><span style=\"color: #ff6600\"><strong>Africa-Press &#8211; Tchad. <\/strong><\/span>L&rsquo;affaire d\u00e9fraie la chronique sur les r\u00e9seaux sociaux.<\/p>\n<p>La DCPDC affirme avoir fait des recoupements d&rsquo;informations aupr\u00e8s du CECOQDA (centre de contr\u00f4le de qualit\u00e9), du minist\u00e8re de l&rsquo;\u00c9levage et des Productions animales et de la soci\u00e9t\u00e9 CPL Transformation Yes Ma\u00efs.<\/p>\n<p>Le directeur de la CECOQDA a expliqu\u00e9 \u00e0 la DCPDC que son institution a bel et bien effectu\u00e9 des missions dans l&rsquo;entreprise productrice.<\/p>\n<p>Cependant, elle n&rsquo;a pas l&rsquo;habilitation de publier le r\u00e9sultat des analyses : \u00ab\u00a0il faut s&rsquo;adresser au CONGRA qui est un comit\u00e9 multisectoriel de gestion de r\u00e9sultat des analyses bas\u00e9 au minist\u00e8re de l&rsquo;\u00c9levage et des Productions animales\u00a0\u00bb.<\/p>\n<p>Dans cette affaire, la DCPDC affirme ne pas disposer d&rsquo;informations suffisantes pour intenter une quelconque action en justice.<\/p>\n<p>Joint par Alwihda Info, le CECOQDA renvoie vers la DCPDC.<\/p>\n<p>La DCPDC recommande aux pouvoirs publics de refaire des nouvelles analyses en tenant compte de tous les param\u00e8tres.<\/p>\n<p>Aux consommateurs, la DCPDC leur demande de ne pas stocker les produits faisant polm\u00e9ique.<\/p>\n<p>N\u00e9anmoins, elle n&rsquo;a pas la qualit\u00e9 d&rsquo;interdire sa consommation car il faut des contre-expertises.<\/p>\n<p><strong>Pour plus d&rsquo;informations et d&rsquo;analyses sur la <a href=\"https:\/\/www.africa-press.net\/tchad\">Tchad<\/a>, suivez <a href=\"https:\/\/www.africa-press.net\/\">Africa-Press<\/a><\/strong><\/p>\n","protected":false},"excerpt":{"rendered":"<p>Africa-Press &#8211; Tchad. L&rsquo;affaire d\u00e9fraie la chronique sur les r\u00e9seaux sociaux. La DCPDC affirme avoir fait des recoupements d&rsquo;informations aupr\u00e8s du CECOQDA (centre de contr\u00f4le de qualit\u00e9), du minist\u00e8re de l&rsquo;\u00c9levage et des Productions animales et de la soci\u00e9t\u00e9 CPL Transformation Yes Ma\u00efs. Le directeur de la CECOQDA a expliqu\u00e9 \u00e0 la DCPDC que son [&hellip;]<\/p>\n","protected":false},"author":82,"featured_media":29470,"comment_status":"open","ping_status":"closed","sticky":false,"template":"","format":"standard","meta":{"footnotes":""},"categories":[3,11,10],"tags":[37,292,29],"class_list":["post-29471","post","type-post","status-publish","format-standard","has-post-thumbnail","hentry","category-economie","category-homepage-french","category-toutes-les-actualites","tag-africa-press","tag-africa-press-tchad","tag-tchad"],"yoast_head":"<!-- This site is optimized with the Yoast SEO Premium plugin v26.1 (Yoast SEO v27.0) - https:\/\/yoast.com\/product\/yoast-seo-premium-wordpress\/ -->\n<title>d\u00e9but d&#039;\u00e9claircissement dans l&#039;enqu\u00eate sur des aflatoxines dans de la farine - tchad<\/title>\n<meta name=\"description\" content=\"L&#039;affaire d\u00e9fraie la chronique sur les r\u00e9seaux sociaux. La DCPDC affirme avoir fait des recoupements d&#039;informations aup ...\" \/>\n<meta name=\"robots\" content=\"index, follow, max-snippet:-1, max-image-preview:large, max-video-preview:-1\" \/>\n<link rel=\"canonical\" href=\"https:\/\/www.africa-press.net\/tchad\/economie\/debut-declaircissement-dans-lenquete-sur-des-aflatoxines-dans-de-la-farine\" \/>\n<meta property=\"og:locale\" content=\"fr_FR\" \/>\n<meta property=\"og:type\" content=\"article\" \/>\n<meta property=\"og:title\" content=\"d\u00e9but d&#039;\u00e9claircissement dans l&#039;enqu\u00eate sur des aflatoxines dans de la farine\" \/>\n<meta property=\"og:description\" content=\"L&#039;affaire d\u00e9fraie la chronique sur les r\u00e9seaux sociaux. La DCPDC affirme avoir fait des recoupements d&#039;informations aup ...\" \/>\n<meta property=\"og:url\" content=\"https:\/\/www.africa-press.net\/tchad\/economie\/debut-declaircissement-dans-lenquete-sur-des-aflatoxines-dans-de-la-farine\" \/>\n<meta property=\"og:site_name\" content=\"tchad\" \/>\n<meta property=\"article:published_time\" content=\"2022-07-24T17:40:44+00:00\" \/>\n<meta property=\"article:modified_time\" content=\"2022-07-24T18:26:35+00:00\" \/>\n<meta property=\"og:image\" content=\"https:\/\/static.africa-press.net\/tchad\/sites\/41\/2022\/07\/postQueueImg_36-62dd8ec46ffea.jpg\" \/>\n\t<meta property=\"og:image:width\" content=\"869\" \/>\n\t<meta property=\"og:image:height\" content=\"582\" \/>\n\t<meta property=\"og:image:type\" content=\"image\/jpeg\" \/>\n<meta name=\"author\" content=\"cfeditorfr\" \/>\n<meta name=\"twitter:card\" content=\"summary_large_image\" \/>\n<meta name=\"twitter:label1\" content=\"\u00c9crit par\" \/>\n\t<meta name=\"twitter:data1\" content=\"cfeditorfr\" \/>\n\t<meta name=\"twitter:label2\" content=\"Dur\u00e9e de lecture estim\u00e9e\" \/>\n\t<meta name=\"twitter:data2\" content=\"1 minute\" \/>\n<script type=\"application\/ld+json\" class=\"yoast-schema-graph\">{\"@context\":\"https:\/\/schema.org\",\"@graph\":[{\"@type\":\"Article\",\"@id\":\"https:\/\/www.africa-press.net\/tchad\/economie\/debut-declaircissement-dans-lenquete-sur-des-aflatoxines-dans-de-la-farine#article\",\"isPartOf\":{\"@id\":\"https:\/\/www.africa-press.net\/tchad\/economie\/debut-declaircissement-dans-lenquete-sur-des-aflatoxines-dans-de-la-farine\"},\"author\":{\"name\":\"cfeditorfr\",\"@id\":\"https:\/\/www.africa-press.net\/tchad\/#\/schema\/person\/2b1cf3cd81a31e3cd26889ca66d677f1\"},\"headline\":\"d\u00e9but d&rsquo;\u00e9claircissement dans l&rsquo;enqu\u00eate sur des aflatoxines dans de la farine\",\"datePublished\":\"2022-07-24T17:40:44+00:00\",\"dateModified\":\"2022-07-24T18:26:35+00:00\",\"mainEntityOfPage\":{\"@id\":\"https:\/\/www.africa-press.net\/tchad\/economie\/debut-declaircissement-dans-lenquete-sur-des-aflatoxines-dans-de-la-farine\"},\"wordCount\":226,\"commentCount\":0,\"image\":{\"@id\":\"https:\/\/www.africa-press.net\/tchad\/economie\/debut-declaircissement-dans-lenquete-sur-des-aflatoxines-dans-de-la-farine#primaryimage\"},\"thumbnailUrl\":\"https:\/\/static.africa-press.net\/tchad\/sites\/41\/2022\/07\/postQueueImg_36-62dd8ec46ffea.jpg\",\"keywords\":[\"Africa Press\",\"Africa Press-Tchad\",\"Tchad\"],\"articleSection\":[\"\u00c9conomie\",\"homepage-french\",\"Toutes les actualit\u00e9s\"],\"inLanguage\":\"fr-FR\",\"potentialAction\":[{\"@type\":\"CommentAction\",\"name\":\"Comment\",\"target\":[\"https:\/\/www.africa-press.net\/tchad\/economie\/debut-declaircissement-dans-lenquete-sur-des-aflatoxines-dans-de-la-farine#respond\"]}]},{\"@type\":\"WebPage\",\"@id\":\"https:\/\/www.africa-press.net\/tchad\/economie\/debut-declaircissement-dans-lenquete-sur-des-aflatoxines-dans-de-la-farine\",\"url\":\"https:\/\/www.africa-press.net\/tchad\/economie\/debut-declaircissement-dans-lenquete-sur-des-aflatoxines-dans-de-la-farine\",\"name\":\"d\u00e9but d'\u00e9claircissement dans l'enqu\u00eate sur des aflatoxines dans de la farine - tchad\",\"isPartOf\":{\"@id\":\"https:\/\/www.africa-press.net\/tchad\/#website\"},\"primaryImageOfPage\":{\"@id\":\"https:\/\/www.africa-press.net\/tchad\/economie\/debut-declaircissement-dans-lenquete-sur-des-aflatoxines-dans-de-la-farine#primaryimage\"},\"image\":{\"@id\":\"https:\/\/www.africa-press.net\/tchad\/economie\/debut-declaircissement-dans-lenquete-sur-des-aflatoxines-dans-de-la-farine#primaryimage\"},\"thumbnailUrl\":\"https:\/\/static.africa-press.net\/tchad\/sites\/41\/2022\/07\/postQueueImg_36-62dd8ec46ffea.jpg\",\"datePublished\":\"2022-07-24T17:40:44+00:00\",\"dateModified\":\"2022-07-24T18:26:35+00:00\",\"author\":{\"@id\":\"https:\/\/www.africa-press.net\/tchad\/#\/schema\/person\/2b1cf3cd81a31e3cd26889ca66d677f1\"},\"description\":\"L'affaire d\u00e9fraie la chronique sur les r\u00e9seaux sociaux. La DCPDC affirme avoir fait des recoupements d'informations aup ...\",\"breadcrumb\":{\"@id\":\"https:\/\/www.africa-press.net\/tchad\/economie\/debut-declaircissement-dans-lenquete-sur-des-aflatoxines-dans-de-la-farine#breadcrumb\"},\"inLanguage\":\"fr-FR\",\"potentialAction\":[{\"@type\":\"ReadAction\",\"target\":[\"https:\/\/www.africa-press.net\/tchad\/economie\/debut-declaircissement-dans-lenquete-sur-des-aflatoxines-dans-de-la-farine\"]}]},{\"@type\":\"ImageObject\",\"inLanguage\":\"fr-FR\",\"@id\":\"https:\/\/www.africa-press.net\/tchad\/economie\/debut-declaircissement-dans-lenquete-sur-des-aflatoxines-dans-de-la-farine#primaryimage\",\"url\":\"https:\/\/static.africa-press.net\/tchad\/sites\/41\/2022\/07\/postQueueImg_36-62dd8ec46ffea.jpg\",\"contentUrl\":\"https:\/\/static.africa-press.net\/tchad\/sites\/41\/2022\/07\/postQueueImg_36-62dd8ec46ffea.jpg\",\"width\":869,\"height\":582,\"caption\":\"d\u00e9but d'\u00e9claircissement dans l'enqu\u00eate sur des aflatoxines dans de la farine\"},{\"@type\":\"BreadcrumbList\",\"@id\":\"https:\/\/www.africa-press.net\/tchad\/economie\/debut-declaircissement-dans-lenquete-sur-des-aflatoxines-dans-de-la-farine#breadcrumb\",\"itemListElement\":[{\"@type\":\"ListItem\",\"position\":1,\"name\":\"Accueil\",\"item\":\"https:\/\/www.africa-press.net\/tchad\/\"},{\"@type\":\"ListItem\",\"position\":2,\"name\":\"d\u00e9but d&#8217;\u00e9claircissement dans l&#8217;enqu\u00eate sur des aflatoxines dans de la farine\"}]},{\"@type\":\"WebSite\",\"@id\":\"https:\/\/www.africa-press.net\/tchad\/#website\",\"url\":\"https:\/\/www.africa-press.net\/tchad\/\",\"name\":\"tchad\",\"description\":\"Just another Africa News Agency Sites site\",\"potentialAction\":[{\"@type\":\"SearchAction\",\"target\":{\"@type\":\"EntryPoint\",\"urlTemplate\":\"https:\/\/www.africa-press.net\/tchad\/?s={search_term_string}\"},\"query-input\":{\"@type\":\"PropertyValueSpecification\",\"valueRequired\":true,\"valueName\":\"search_term_string\"}}],\"inLanguage\":\"fr-FR\"},{\"@type\":\"Person\",\"@id\":\"https:\/\/www.africa-press.net\/tchad\/#\/schema\/person\/2b1cf3cd81a31e3cd26889ca66d677f1\",\"name\":\"cfeditorfr\"}]}<\/script>\n<!-- \/ Yoast SEO Premium plugin. -->","yoast_head_json":{"title":"d\u00e9but d'\u00e9claircissement dans l'enqu\u00eate sur des aflatoxines dans de la farine - tchad","description":"L'affaire d\u00e9fraie la chronique sur les r\u00e9seaux sociaux. La DCPDC affirme avoir fait des recoupements d'informations aup ...","robots":{"index":"index","follow":"follow","max-snippet":"max-snippet:-1","max-image-preview":"max-image-preview:large","max-video-preview":"max-video-preview:-1"},"canonical":"https:\/\/www.africa-press.net\/tchad\/economie\/debut-declaircissement-dans-lenquete-sur-des-aflatoxines-dans-de-la-farine","og_locale":"fr_FR","og_type":"article","og_title":"d\u00e9but d'\u00e9claircissement dans l'enqu\u00eate sur des aflatoxines dans de la farine","og_description":"L'affaire d\u00e9fraie la chronique sur les r\u00e9seaux sociaux. La DCPDC affirme avoir fait des recoupements d'informations aup ...","og_url":"https:\/\/www.africa-press.net\/tchad\/economie\/debut-declaircissement-dans-lenquete-sur-des-aflatoxines-dans-de-la-farine","og_site_name":"tchad","article_published_time":"2022-07-24T17:40:44+00:00","article_modified_time":"2022-07-24T18:26:35+00:00","og_image":[{"width":869,"height":582,"url":"https:\/\/static.africa-press.net\/tchad\/sites\/41\/2022\/07\/postQueueImg_36-62dd8ec46ffea.jpg","type":"image\/jpeg"}],"author":"cfeditorfr","twitter_card":"summary_large_image","twitter_misc":{"\u00c9crit par":"cfeditorfr","Dur\u00e9e de lecture estim\u00e9e":"1 minute"},"schema":{"@context":"https:\/\/schema.org","@graph":[{"@type":"Article","@id":"https:\/\/www.africa-press.net\/tchad\/economie\/debut-declaircissement-dans-lenquete-sur-des-aflatoxines-dans-de-la-farine#article","isPartOf":{"@id":"https:\/\/www.africa-press.net\/tchad\/economie\/debut-declaircissement-dans-lenquete-sur-des-aflatoxines-dans-de-la-farine"},"author":{"name":"cfeditorfr","@id":"https:\/\/www.africa-press.net\/tchad\/#\/schema\/person\/2b1cf3cd81a31e3cd26889ca66d677f1"},"headline":"d\u00e9but d&rsquo;\u00e9claircissement dans l&rsquo;enqu\u00eate sur des aflatoxines dans de la farine","datePublished":"2022-07-24T17:40:44+00:00","dateModified":"2022-07-24T18:26:35+00:00","mainEntityOfPage":{"@id":"https:\/\/www.africa-press.net\/tchad\/economie\/debut-declaircissement-dans-lenquete-sur-des-aflatoxines-dans-de-la-farine"},"wordCount":226,"commentCount":0,"image":{"@id":"https:\/\/www.africa-press.net\/tchad\/economie\/debut-declaircissement-dans-lenquete-sur-des-aflatoxines-dans-de-la-farine#primaryimage"},"thumbnailUrl":"https:\/\/static.africa-press.net\/tchad\/sites\/41\/2022\/07\/postQueueImg_36-62dd8ec46ffea.jpg","keywords":["Africa Press","Africa Press-Tchad","Tchad"],"articleSection":["\u00c9conomie","homepage-french","Toutes les actualit\u00e9s"],"inLanguage":"fr-FR","potentialAction":[{"@type":"CommentAction","name":"Comment","target":["https:\/\/www.africa-press.net\/tchad\/economie\/debut-declaircissement-dans-lenquete-sur-des-aflatoxines-dans-de-la-farine#respond"]}]},{"@type":"WebPage","@id":"https:\/\/www.africa-press.net\/tchad\/economie\/debut-declaircissement-dans-lenquete-sur-des-aflatoxines-dans-de-la-farine","url":"https:\/\/www.africa-press.net\/tchad\/economie\/debut-declaircissement-dans-lenquete-sur-des-aflatoxines-dans-de-la-farine","name":"d\u00e9but d'\u00e9claircissement dans l'enqu\u00eate sur des aflatoxines dans de la farine - tchad","isPartOf":{"@id":"https:\/\/www.africa-press.net\/tchad\/#website"},"primaryImageOfPage":{"@id":"https:\/\/www.africa-press.net\/tchad\/economie\/debut-declaircissement-dans-lenquete-sur-des-aflatoxines-dans-de-la-farine#primaryimage"},"image":{"@id":"https:\/\/www.africa-press.net\/tchad\/economie\/debut-declaircissement-dans-lenquete-sur-des-aflatoxines-dans-de-la-farine#primaryimage"},"thumbnailUrl":"https:\/\/static.africa-press.net\/tchad\/sites\/41\/2022\/07\/postQueueImg_36-62dd8ec46ffea.jpg","datePublished":"2022-07-24T17:40:44+00:00","dateModified":"2022-07-24T18:26:35+00:00","author":{"@id":"https:\/\/www.africa-press.net\/tchad\/#\/schema\/person\/2b1cf3cd81a31e3cd26889ca66d677f1"},"description":"L'affaire d\u00e9fraie la chronique sur les r\u00e9seaux sociaux. La DCPDC affirme avoir fait des recoupements d'informations aup ...","breadcrumb":{"@id":"https:\/\/www.africa-press.net\/tchad\/economie\/debut-declaircissement-dans-lenquete-sur-des-aflatoxines-dans-de-la-farine#breadcrumb"},"inLanguage":"fr-FR","potentialAction":[{"@type":"ReadAction","target":["https:\/\/www.africa-press.net\/tchad\/economie\/debut-declaircissement-dans-lenquete-sur-des-aflatoxines-dans-de-la-farine"]}]},{"@type":"ImageObject","inLanguage":"fr-FR","@id":"https:\/\/www.africa-press.net\/tchad\/economie\/debut-declaircissement-dans-lenquete-sur-des-aflatoxines-dans-de-la-farine#primaryimage","url":"https:\/\/static.africa-press.net\/tchad\/sites\/41\/2022\/07\/postQueueImg_36-62dd8ec46ffea.jpg","contentUrl":"https:\/\/static.africa-press.net\/tchad\/sites\/41\/2022\/07\/postQueueImg_36-62dd8ec46ffea.jpg","width":869,"height":582,"caption":"d\u00e9but d'\u00e9claircissement dans l'enqu\u00eate sur des aflatoxines dans de la farine"},{"@type":"BreadcrumbList","@id":"https:\/\/www.africa-press.net\/tchad\/economie\/debut-declaircissement-dans-lenquete-sur-des-aflatoxines-dans-de-la-farine#breadcrumb","itemListElement":[{"@type":"ListItem","position":1,"name":"Accueil","item":"https:\/\/www.africa-press.net\/tchad\/"},{"@type":"ListItem","position":2,"name":"d\u00e9but d&#8217;\u00e9claircissement dans l&#8217;enqu\u00eate sur des aflatoxines dans de la farine"}]},{"@type":"WebSite","@id":"https:\/\/www.africa-press.net\/tchad\/#website","url":"https:\/\/www.africa-press.net\/tchad\/","name":"tchad","description":"Just another Africa News Agency Sites site","potentialAction":[{"@type":"SearchAction","target":{"@type":"EntryPoint","urlTemplate":"https:\/\/www.africa-press.net\/tchad\/?s={search_term_string}"},"query-input":{"@type":"PropertyValueSpecification","valueRequired":true,"valueName":"search_term_string"}}],"inLanguage":"fr-FR"},{"@type":"Person","@id":"https:\/\/www.africa-press.net\/tchad\/#\/schema\/person\/2b1cf3cd81a31e3cd26889ca66d677f1","name":"cfeditorfr"}]}},"_links":{"self":[{"href":"https:\/\/www.africa-press.net\/tchad\/wp-json\/wp\/v2\/posts\/29471","targetHints":{"allow":["GET"]}}],"collection":[{"href":"https:\/\/www.africa-press.net\/tchad\/wp-json\/wp\/v2\/posts"}],"about":[{"href":"https:\/\/www.africa-press.net\/tchad\/wp-json\/wp\/v2\/types\/post"}],"author":[{"embeddable":true,"href":"https:\/\/www.africa-press.net\/tchad\/wp-json\/wp\/v2\/users\/82"}],"replies":[{"embeddable":true,"href":"https:\/\/www.africa-press.net\/tchad\/wp-json\/wp\/v2\/comments?post=29471"}],"version-history":[{"count":0,"href":"https:\/\/www.africa-press.net\/tchad\/wp-json\/wp\/v2\/posts\/29471\/revisions"}],"wp:featuredmedia":[{"embeddable":true,"href":"https:\/\/www.africa-press.net\/tchad\/wp-json\/wp\/v2\/media\/29470"}],"wp:attachment":[{"href":"https:\/\/www.africa-press.net\/tchad\/wp-json\/wp\/v2\/media?parent=29471"}],"wp:term":[{"taxonomy":"category","embeddable":true,"href":"https:\/\/www.africa-press.net\/tchad\/wp-json\/wp\/v2\/categories?post=29471"},{"taxonomy":"post_tag","embeddable":true,"href":"https:\/\/www.africa-press.net\/tchad\/wp-json\/wp\/v2\/tags?post=29471"}],"curies":[{"name":"wp","href":"https:\/\/api.w.org\/{rel}","templated":true}]}}