{"id":29483,"date":"2022-07-24T17:45:23","date_gmt":"2022-07-24T17:45:23","guid":{"rendered":"https:\/\/www.africa-press.net\/tchad\/politique\/mahamat-idriss-deby-se-rend-a-kinshasa-pour-une-session-de-la-ceeac"},"modified":"2022-07-24T18:33:27","modified_gmt":"2022-07-24T18:33:27","slug":"mahamat-idriss-deby-se-rend-a-kinshasa-pour-une-session-de-la-ceeac","status":"publish","type":"post","link":"https:\/\/www.africa-press.net\/tchad\/politique\/mahamat-idriss-deby-se-rend-a-kinshasa-pour-une-session-de-la-ceeac","title":{"rendered":"Mahamat Idriss Deby se rend \u00e0 Kinshasa pour une session de la CEEAC"},"content":{"rendered":"<p><span style=\"color: #ff6600\"><strong>Africa-Press &#8211; Tchad. <\/strong><\/span>Dans la capitale congolaise, le chef de l\u2019\u00c9tat participera demain 25 juillet, \u00e0 la 21\u00e8me Session ordinaire de la Conf\u00e9rence des chefs d\u2019\u00c9tat et de gouvernement des pays membres de la CEEAC.<\/p>\n<p>Le programme de la session de la CEEAC La Commission pr\u00e9sentera les r\u00e9sultats obtenus au premier semestre 2022 dans la mise en \u0153uvre du Plan d\u2019Action Prioritaires (PAP) de la CEEAC adopt\u00e9 par la XXe session ordinaire de la Conf\u00e9rence des Chefs d\u2019\u00c9tat et de Gouvernement ainsi que les difficult\u00e9s auxquelles la Commission a eu \u00e0 faire face entre autres, l\u2019insuffisance des ressources financi\u00e8res n\u00e9cessaires \u00e0 la mise en \u0153uvre des d\u00e9cisions des Chefs d\u2019\u00c9tat et de Gouvernement ainsi qu\u2019au recrutement des trente-six (36) nouveaux personnels de la Commission autoris\u00e9s par la XXe session ordinaire.<\/p>\n<p>La Commission de la Commission pr\u00e9sentera le rapport sur l\u2019\u00e9volution de la situation politique et s\u00e9curitaire dans la r\u00e9gion depuis la XXe session ordinaire de la Conf\u00e9rence des Chefs d\u2019\u00c9tat et de Gouvernement de la CEEAC (CCEG\/CEEAC), tenue le 19 janvier 2022 \u00e0 Kint\u00e9l\u00e9 au Congo.<\/p>\n<p>Tous les \u00c9tats membres seront invit\u00e9s \u00e0 pr\u00e9senter leurs \u00e9tats de situation politique et s\u00e9curitaire en compl\u00e9ment du rapport pr\u00e9sent\u00e9 par la Commission.<\/p>\n<p>La Commission pr\u00e9sentera \u00e9galement l\u2019\u00e9tat de mise en \u0153uvre des recommandations de la deuxi\u00e8me r\u00e9union extraordinaire des Ministres du Comit\u00e9 technique sp\u00e9cialis\u00e9 sur la d\u00e9fense, la suret\u00e9 et la s\u00e9curit\u00e9, tenue \u00e0 Kinshasa en avril 2022 qui a instruit la Commission de se saisir de cette situation en tant \u00ab qu\u2019urgence s\u00e9curitaire et humanitaire \u00bb et de formuler une r\u00e9ponse \u00e0 pr\u00e9senter \u00e0 la prochaine CTSDSS, conform\u00e9ment aux instructions de la Conf\u00e9rence des Chefs d\u2019\u00c9tat et de Gouvernement de la CEEAC tenue le 19 janvier 2022 \u00e0 Kint\u00e9l\u00e9, R\u00e9publique du Congo.<\/p>\n<p>Dans le m\u00eame sens, la Commission pr\u00e9sentera une Note sur la d\u00e9finition op\u00e9ratoire du terme \u00ab agression ext\u00e9rieure \u00bb et de toutes ses variantes, acceptable par tous les \u00c9tats membres de la CEEAC.<\/p>\n<p><strong>Pour plus d&rsquo;informations et d&rsquo;analyses sur la <a href=\"https:\/\/www.africa-press.net\/tchad\">Tchad<\/a>, suivez <a href=\"https:\/\/www.africa-press.net\/\">Africa-Press<\/a><\/strong><\/p>\n","protected":false},"excerpt":{"rendered":"<p>Africa-Press &#8211; Tchad. Dans la capitale congolaise, le chef de l\u2019\u00c9tat participera demain 25 juillet, \u00e0 la 21\u00e8me Session ordinaire de la Conf\u00e9rence des chefs d\u2019\u00c9tat et de gouvernement des pays membres de la CEEAC. Le programme de la session de la CEEAC La Commission pr\u00e9sentera les r\u00e9sultats obtenus au premier semestre 2022 dans la [&hellip;]<\/p>\n","protected":false},"author":82,"featured_media":29482,"comment_status":"open","ping_status":"closed","sticky":false,"template":"","format":"standard","meta":{"footnotes":""},"categories":[11,2,20,10],"tags":[37,292,29],"class_list":["post-29483","post","type-post","status-publish","format-standard","has-post-thumbnail","hentry","category-homepage-french","category-politique","category-top-nouvelles","category-toutes-les-actualites","tag-africa-press","tag-africa-press-tchad","tag-tchad"],"yoast_head":"<!-- This site is optimized with the Yoast SEO Premium plugin v26.1 (Yoast SEO v27.0) - https:\/\/yoast.com\/product\/yoast-seo-premium-wordpress\/ -->\n<title>Mahamat Idriss Deby se rend \u00e0 Kinshasa pour une session de la CEEAC - tchad<\/title>\n<meta name=\"description\" content=\"Dans la capitale congolaise, le chef de l\u2019\u00c9tat participera demain 25 juillet, \u00e0 la 21\u00e8me Session ordinaire de la Conf\u00e9re ...\" \/>\n<meta name=\"robots\" content=\"index, follow, max-snippet:-1, max-image-preview:large, max-video-preview:-1\" \/>\n<link rel=\"canonical\" href=\"https:\/\/www.africa-press.net\/tchad\/politique\/mahamat-idriss-deby-se-rend-a-kinshasa-pour-une-session-de-la-ceeac\" \/>\n<meta property=\"og:locale\" content=\"fr_FR\" \/>\n<meta property=\"og:type\" content=\"article\" \/>\n<meta property=\"og:title\" content=\"Mahamat Idriss Deby se rend \u00e0 Kinshasa pour une session de la CEEAC\" \/>\n<meta property=\"og:description\" content=\"Dans la capitale congolaise, le chef de l\u2019\u00c9tat participera demain 25 juillet, \u00e0 la 21\u00e8me Session ordinaire de la Conf\u00e9re ...\" \/>\n<meta property=\"og:url\" content=\"https:\/\/www.africa-press.net\/tchad\/politique\/mahamat-idriss-deby-se-rend-a-kinshasa-pour-une-session-de-la-ceeac\" \/>\n<meta property=\"og:site_name\" content=\"tchad\" \/>\n<meta property=\"article:published_time\" content=\"2022-07-24T17:45:23+00:00\" \/>\n<meta property=\"article:modified_time\" content=\"2022-07-24T18:33:27+00:00\" \/>\n<meta property=\"og:image\" content=\"https:\/\/static.africa-press.net\/tchad\/sites\/41\/2022\/07\/postQueueImg_41-62dd9060063f4.jpg\" \/>\n\t<meta property=\"og:image:width\" content=\"869\" \/>\n\t<meta property=\"og:image:height\" content=\"398\" \/>\n\t<meta property=\"og:image:type\" content=\"image\/jpeg\" \/>\n<meta name=\"author\" content=\"cfeditorfr\" \/>\n<meta name=\"twitter:card\" content=\"summary_large_image\" \/>\n<meta name=\"twitter:label1\" content=\"\u00c9crit par\" \/>\n\t<meta name=\"twitter:data1\" content=\"cfeditorfr\" \/>\n\t<meta name=\"twitter:label2\" content=\"Dur\u00e9e de lecture estim\u00e9e\" \/>\n\t<meta name=\"twitter:data2\" content=\"2 minutes\" \/>\n<script type=\"application\/ld+json\" class=\"yoast-schema-graph\">{\"@context\":\"https:\/\/schema.org\",\"@graph\":[{\"@type\":\"Article\",\"@id\":\"https:\/\/www.africa-press.net\/tchad\/politique\/mahamat-idriss-deby-se-rend-a-kinshasa-pour-une-session-de-la-ceeac#article\",\"isPartOf\":{\"@id\":\"https:\/\/www.africa-press.net\/tchad\/politique\/mahamat-idriss-deby-se-rend-a-kinshasa-pour-une-session-de-la-ceeac\"},\"author\":{\"name\":\"cfeditorfr\",\"@id\":\"https:\/\/www.africa-press.net\/tchad\/#\/schema\/person\/2b1cf3cd81a31e3cd26889ca66d677f1\"},\"headline\":\"Mahamat Idriss Deby se rend \u00e0 Kinshasa pour une session de la CEEAC\",\"datePublished\":\"2022-07-24T17:45:23+00:00\",\"dateModified\":\"2022-07-24T18:33:27+00:00\",\"mainEntityOfPage\":{\"@id\":\"https:\/\/www.africa-press.net\/tchad\/politique\/mahamat-idriss-deby-se-rend-a-kinshasa-pour-une-session-de-la-ceeac\"},\"wordCount\":376,\"commentCount\":0,\"image\":{\"@id\":\"https:\/\/www.africa-press.net\/tchad\/politique\/mahamat-idriss-deby-se-rend-a-kinshasa-pour-une-session-de-la-ceeac#primaryimage\"},\"thumbnailUrl\":\"https:\/\/static.africa-press.net\/tchad\/sites\/41\/2022\/07\/postQueueImg_41-62dd9060063f4.jpg\",\"keywords\":[\"Africa Press\",\"Africa Press-Tchad\",\"Tchad\"],\"articleSection\":[\"homepage-french\",\"Politique\",\"Top Nouvelles\",\"Toutes les actualit\u00e9s\"],\"inLanguage\":\"fr-FR\",\"potentialAction\":[{\"@type\":\"CommentAction\",\"name\":\"Comment\",\"target\":[\"https:\/\/www.africa-press.net\/tchad\/politique\/mahamat-idriss-deby-se-rend-a-kinshasa-pour-une-session-de-la-ceeac#respond\"]}]},{\"@type\":\"WebPage\",\"@id\":\"https:\/\/www.africa-press.net\/tchad\/politique\/mahamat-idriss-deby-se-rend-a-kinshasa-pour-une-session-de-la-ceeac\",\"url\":\"https:\/\/www.africa-press.net\/tchad\/politique\/mahamat-idriss-deby-se-rend-a-kinshasa-pour-une-session-de-la-ceeac\",\"name\":\"Mahamat Idriss Deby se rend \u00e0 Kinshasa pour une session de la CEEAC - tchad\",\"isPartOf\":{\"@id\":\"https:\/\/www.africa-press.net\/tchad\/#website\"},\"primaryImageOfPage\":{\"@id\":\"https:\/\/www.africa-press.net\/tchad\/politique\/mahamat-idriss-deby-se-rend-a-kinshasa-pour-une-session-de-la-ceeac#primaryimage\"},\"image\":{\"@id\":\"https:\/\/www.africa-press.net\/tchad\/politique\/mahamat-idriss-deby-se-rend-a-kinshasa-pour-une-session-de-la-ceeac#primaryimage\"},\"thumbnailUrl\":\"https:\/\/static.africa-press.net\/tchad\/sites\/41\/2022\/07\/postQueueImg_41-62dd9060063f4.jpg\",\"datePublished\":\"2022-07-24T17:45:23+00:00\",\"dateModified\":\"2022-07-24T18:33:27+00:00\",\"author\":{\"@id\":\"https:\/\/www.africa-press.net\/tchad\/#\/schema\/person\/2b1cf3cd81a31e3cd26889ca66d677f1\"},\"description\":\"Dans la capitale congolaise, le chef de l\u2019\u00c9tat participera demain 25 juillet, \u00e0 la 21\u00e8me Session ordinaire de la Conf\u00e9re ...\",\"breadcrumb\":{\"@id\":\"https:\/\/www.africa-press.net\/tchad\/politique\/mahamat-idriss-deby-se-rend-a-kinshasa-pour-une-session-de-la-ceeac#breadcrumb\"},\"inLanguage\":\"fr-FR\",\"potentialAction\":[{\"@type\":\"ReadAction\",\"target\":[\"https:\/\/www.africa-press.net\/tchad\/politique\/mahamat-idriss-deby-se-rend-a-kinshasa-pour-une-session-de-la-ceeac\"]}]},{\"@type\":\"ImageObject\",\"inLanguage\":\"fr-FR\",\"@id\":\"https:\/\/www.africa-press.net\/tchad\/politique\/mahamat-idriss-deby-se-rend-a-kinshasa-pour-une-session-de-la-ceeac#primaryimage\",\"url\":\"https:\/\/static.africa-press.net\/tchad\/sites\/41\/2022\/07\/postQueueImg_41-62dd9060063f4.jpg\",\"contentUrl\":\"https:\/\/static.africa-press.net\/tchad\/sites\/41\/2022\/07\/postQueueImg_41-62dd9060063f4.jpg\",\"width\":869,\"height\":398,\"caption\":\"Mahamat Idriss Deby se rend \u00e0 Kinshasa pour une session de la CEEAC\"},{\"@type\":\"BreadcrumbList\",\"@id\":\"https:\/\/www.africa-press.net\/tchad\/politique\/mahamat-idriss-deby-se-rend-a-kinshasa-pour-une-session-de-la-ceeac#breadcrumb\",\"itemListElement\":[{\"@type\":\"ListItem\",\"position\":1,\"name\":\"Accueil\",\"item\":\"https:\/\/www.africa-press.net\/tchad\/\"},{\"@type\":\"ListItem\",\"position\":2,\"name\":\"Mahamat Idriss Deby se rend \u00e0 Kinshasa pour une session de la CEEAC\"}]},{\"@type\":\"WebSite\",\"@id\":\"https:\/\/www.africa-press.net\/tchad\/#website\",\"url\":\"https:\/\/www.africa-press.net\/tchad\/\",\"name\":\"tchad\",\"description\":\"Just another Africa News Agency Sites site\",\"potentialAction\":[{\"@type\":\"SearchAction\",\"target\":{\"@type\":\"EntryPoint\",\"urlTemplate\":\"https:\/\/www.africa-press.net\/tchad\/?s={search_term_string}\"},\"query-input\":{\"@type\":\"PropertyValueSpecification\",\"valueRequired\":true,\"valueName\":\"search_term_string\"}}],\"inLanguage\":\"fr-FR\"},{\"@type\":\"Person\",\"@id\":\"https:\/\/www.africa-press.net\/tchad\/#\/schema\/person\/2b1cf3cd81a31e3cd26889ca66d677f1\",\"name\":\"cfeditorfr\"}]}<\/script>\n<!-- \/ Yoast SEO Premium plugin. -->","yoast_head_json":{"title":"Mahamat Idriss Deby se rend \u00e0 Kinshasa pour une session de la CEEAC - tchad","description":"Dans la capitale congolaise, le chef de l\u2019\u00c9tat participera demain 25 juillet, \u00e0 la 21\u00e8me Session ordinaire de la Conf\u00e9re ...","robots":{"index":"index","follow":"follow","max-snippet":"max-snippet:-1","max-image-preview":"max-image-preview:large","max-video-preview":"max-video-preview:-1"},"canonical":"https:\/\/www.africa-press.net\/tchad\/politique\/mahamat-idriss-deby-se-rend-a-kinshasa-pour-une-session-de-la-ceeac","og_locale":"fr_FR","og_type":"article","og_title":"Mahamat Idriss Deby se rend \u00e0 Kinshasa pour une session de la CEEAC","og_description":"Dans la capitale congolaise, le chef de l\u2019\u00c9tat participera demain 25 juillet, \u00e0 la 21\u00e8me Session ordinaire de la Conf\u00e9re ...","og_url":"https:\/\/www.africa-press.net\/tchad\/politique\/mahamat-idriss-deby-se-rend-a-kinshasa-pour-une-session-de-la-ceeac","og_site_name":"tchad","article_published_time":"2022-07-24T17:45:23+00:00","article_modified_time":"2022-07-24T18:33:27+00:00","og_image":[{"width":869,"height":398,"url":"https:\/\/static.africa-press.net\/tchad\/sites\/41\/2022\/07\/postQueueImg_41-62dd9060063f4.jpg","type":"image\/jpeg"}],"author":"cfeditorfr","twitter_card":"summary_large_image","twitter_misc":{"\u00c9crit par":"cfeditorfr","Dur\u00e9e de lecture estim\u00e9e":"2 minutes"},"schema":{"@context":"https:\/\/schema.org","@graph":[{"@type":"Article","@id":"https:\/\/www.africa-press.net\/tchad\/politique\/mahamat-idriss-deby-se-rend-a-kinshasa-pour-une-session-de-la-ceeac#article","isPartOf":{"@id":"https:\/\/www.africa-press.net\/tchad\/politique\/mahamat-idriss-deby-se-rend-a-kinshasa-pour-une-session-de-la-ceeac"},"author":{"name":"cfeditorfr","@id":"https:\/\/www.africa-press.net\/tchad\/#\/schema\/person\/2b1cf3cd81a31e3cd26889ca66d677f1"},"headline":"Mahamat Idriss Deby se rend \u00e0 Kinshasa pour une session de la CEEAC","datePublished":"2022-07-24T17:45:23+00:00","dateModified":"2022-07-24T18:33:27+00:00","mainEntityOfPage":{"@id":"https:\/\/www.africa-press.net\/tchad\/politique\/mahamat-idriss-deby-se-rend-a-kinshasa-pour-une-session-de-la-ceeac"},"wordCount":376,"commentCount":0,"image":{"@id":"https:\/\/www.africa-press.net\/tchad\/politique\/mahamat-idriss-deby-se-rend-a-kinshasa-pour-une-session-de-la-ceeac#primaryimage"},"thumbnailUrl":"https:\/\/static.africa-press.net\/tchad\/sites\/41\/2022\/07\/postQueueImg_41-62dd9060063f4.jpg","keywords":["Africa Press","Africa Press-Tchad","Tchad"],"articleSection":["homepage-french","Politique","Top Nouvelles","Toutes les actualit\u00e9s"],"inLanguage":"fr-FR","potentialAction":[{"@type":"CommentAction","name":"Comment","target":["https:\/\/www.africa-press.net\/tchad\/politique\/mahamat-idriss-deby-se-rend-a-kinshasa-pour-une-session-de-la-ceeac#respond"]}]},{"@type":"WebPage","@id":"https:\/\/www.africa-press.net\/tchad\/politique\/mahamat-idriss-deby-se-rend-a-kinshasa-pour-une-session-de-la-ceeac","url":"https:\/\/www.africa-press.net\/tchad\/politique\/mahamat-idriss-deby-se-rend-a-kinshasa-pour-une-session-de-la-ceeac","name":"Mahamat Idriss Deby se rend \u00e0 Kinshasa pour une session de la CEEAC - tchad","isPartOf":{"@id":"https:\/\/www.africa-press.net\/tchad\/#website"},"primaryImageOfPage":{"@id":"https:\/\/www.africa-press.net\/tchad\/politique\/mahamat-idriss-deby-se-rend-a-kinshasa-pour-une-session-de-la-ceeac#primaryimage"},"image":{"@id":"https:\/\/www.africa-press.net\/tchad\/politique\/mahamat-idriss-deby-se-rend-a-kinshasa-pour-une-session-de-la-ceeac#primaryimage"},"thumbnailUrl":"https:\/\/static.africa-press.net\/tchad\/sites\/41\/2022\/07\/postQueueImg_41-62dd9060063f4.jpg","datePublished":"2022-07-24T17:45:23+00:00","dateModified":"2022-07-24T18:33:27+00:00","author":{"@id":"https:\/\/www.africa-press.net\/tchad\/#\/schema\/person\/2b1cf3cd81a31e3cd26889ca66d677f1"},"description":"Dans la capitale congolaise, le chef de l\u2019\u00c9tat participera demain 25 juillet, \u00e0 la 21\u00e8me Session ordinaire de la Conf\u00e9re ...","breadcrumb":{"@id":"https:\/\/www.africa-press.net\/tchad\/politique\/mahamat-idriss-deby-se-rend-a-kinshasa-pour-une-session-de-la-ceeac#breadcrumb"},"inLanguage":"fr-FR","potentialAction":[{"@type":"ReadAction","target":["https:\/\/www.africa-press.net\/tchad\/politique\/mahamat-idriss-deby-se-rend-a-kinshasa-pour-une-session-de-la-ceeac"]}]},{"@type":"ImageObject","inLanguage":"fr-FR","@id":"https:\/\/www.africa-press.net\/tchad\/politique\/mahamat-idriss-deby-se-rend-a-kinshasa-pour-une-session-de-la-ceeac#primaryimage","url":"https:\/\/static.africa-press.net\/tchad\/sites\/41\/2022\/07\/postQueueImg_41-62dd9060063f4.jpg","contentUrl":"https:\/\/static.africa-press.net\/tchad\/sites\/41\/2022\/07\/postQueueImg_41-62dd9060063f4.jpg","width":869,"height":398,"caption":"Mahamat Idriss Deby se rend \u00e0 Kinshasa pour une session de la CEEAC"},{"@type":"BreadcrumbList","@id":"https:\/\/www.africa-press.net\/tchad\/politique\/mahamat-idriss-deby-se-rend-a-kinshasa-pour-une-session-de-la-ceeac#breadcrumb","itemListElement":[{"@type":"ListItem","position":1,"name":"Accueil","item":"https:\/\/www.africa-press.net\/tchad\/"},{"@type":"ListItem","position":2,"name":"Mahamat Idriss Deby se rend \u00e0 Kinshasa pour une session de la CEEAC"}]},{"@type":"WebSite","@id":"https:\/\/www.africa-press.net\/tchad\/#website","url":"https:\/\/www.africa-press.net\/tchad\/","name":"tchad","description":"Just another Africa News Agency Sites site","potentialAction":[{"@type":"SearchAction","target":{"@type":"EntryPoint","urlTemplate":"https:\/\/www.africa-press.net\/tchad\/?s={search_term_string}"},"query-input":{"@type":"PropertyValueSpecification","valueRequired":true,"valueName":"search_term_string"}}],"inLanguage":"fr-FR"},{"@type":"Person","@id":"https:\/\/www.africa-press.net\/tchad\/#\/schema\/person\/2b1cf3cd81a31e3cd26889ca66d677f1","name":"cfeditorfr"}]}},"_links":{"self":[{"href":"https:\/\/www.africa-press.net\/tchad\/wp-json\/wp\/v2\/posts\/29483","targetHints":{"allow":["GET"]}}],"collection":[{"href":"https:\/\/www.africa-press.net\/tchad\/wp-json\/wp\/v2\/posts"}],"about":[{"href":"https:\/\/www.africa-press.net\/tchad\/wp-json\/wp\/v2\/types\/post"}],"author":[{"embeddable":true,"href":"https:\/\/www.africa-press.net\/tchad\/wp-json\/wp\/v2\/users\/82"}],"replies":[{"embeddable":true,"href":"https:\/\/www.africa-press.net\/tchad\/wp-json\/wp\/v2\/comments?post=29483"}],"version-history":[{"count":0,"href":"https:\/\/www.africa-press.net\/tchad\/wp-json\/wp\/v2\/posts\/29483\/revisions"}],"wp:featuredmedia":[{"embeddable":true,"href":"https:\/\/www.africa-press.net\/tchad\/wp-json\/wp\/v2\/media\/29482"}],"wp:attachment":[{"href":"https:\/\/www.africa-press.net\/tchad\/wp-json\/wp\/v2\/media?parent=29483"}],"wp:term":[{"taxonomy":"category","embeddable":true,"href":"https:\/\/www.africa-press.net\/tchad\/wp-json\/wp\/v2\/categories?post=29483"},{"taxonomy":"post_tag","embeddable":true,"href":"https:\/\/www.africa-press.net\/tchad\/wp-json\/wp\/v2\/tags?post=29483"}],"curies":[{"name":"wp","href":"https:\/\/api.w.org\/{rel}","templated":true}]}}