{"id":29492,"date":"2022-07-24T17:49:16","date_gmt":"2022-07-24T17:49:16","guid":{"rendered":"https:\/\/www.africa-press.net\/tchad\/politique\/guera-des-conseillers-nationaux-de-la-transition-ressortissants-du-guera-en-tournee-de-sensibilisation-sur-la-cohabitation-pacifique-et-le-vivre-ensemble"},"modified":"2022-07-24T18:35:27","modified_gmt":"2022-07-24T18:35:27","slug":"guera-des-conseillers-nationaux-de-la-transition-ressortissants-du-guera-en-tournee-de-sensibilisation-sur-la-cohabitation-pacifique-et-le-vivre-ensemble","status":"publish","type":"post","link":"https:\/\/www.africa-press.net\/tchad\/politique\/guera-des-conseillers-nationaux-de-la-transition-ressortissants-du-guera-en-tournee-de-sensibilisation-sur-la-cohabitation-pacifique-et-le-vivre-ensemble","title":{"rendered":"Gu\u00e9ra: des conseillers nationaux de la transition ressortissants du Gu\u00e9ra en tourn\u00e9e de sensibilisation sur la cohabitation pacifique et le vivre ensemble"},"content":{"rendered":"<p><span style=\"color: #ff6600\"><strong>Africa-Press &#8211; Tchad. <\/strong><\/span>Les membres du conseil national de transition ressortissants du Guera s\u00e9journent depuis plus de trois jours \u00e0 Mongo, chef lieu de la province du Guera. L\u2019objectif est d\u2019appeler la population \u00e0 la cohabitation pacifique et au vivre ensemble.<\/p>\n<p>Ce samedi 23 juillet 2022, il y a un grand meeting \u00e0 la place de la nation. C\u2019\u00e9tait en pr\u00e9sence des autorit\u00e9s administratives, civiles et militaires et un nombre important de la population sortie pour la circonstance.<\/p>\n<p>Apres le mot de bienvenue du maire de la commune de Mongo Abdelmalick Abdraman Bechir, Le Chef de mission Hassan Saline, le repr\u00e9sentant du conseil national de transition, ressortissant du Guera a dans son propos remerci\u00e9 la population pour la ferveur accord\u00e9e \u00e0 leur \u00e9gard. Il a rendu un grand hommage au feu Mar\u00e9chal du Tchad Idriss Deby Itno tomb\u00e9 sur le champ de bataille pour la cause du pays.<\/p>\n<p>Faisant un bref r\u00e9sum\u00e9 de la structure de fonctionnalit\u00e9 du Conseil national de transition, il a touch\u00e9 du doigt les r\u00e9alisations positives engag\u00e9s par le conseil militaire de transition notamment la tenue des pourparlers avec les politico-militaires en cours et le dialogue national inclusif qui va se tenir en Ao\u00fbt \u00e0 venir.<\/p>\n<p>Cr\u00e9\u00e9 par d\u00e9cret N\u00b0502\/PCMT\/2022, le conseil national de transition est Compos\u00e9 de 93 membres, comprenant 12 corporations.<\/p>\n<p>Le Conseiller national Abakar Sidjim a soulign\u00e9 au cours de ses propos que ce qui reste pour la tenue du dialogue national est l\u2019entente entre les diff\u00e9rentes sensibilit\u00e9s pour permettre d\u2019organiser les \u00e9lections libres et transparentes, l\u2019adoption de la charte nationale, etc.<\/p>\n<p>Pour lui, le Gu\u00e9ra doit appeler \u00e0 la paix et \u00e0 la cohabitation pacifique parce que la population du Guera a souffert des diff\u00e9rents maux dans le pass\u00e9.<\/p>\n<p>Il a retrac\u00e9 les manquements constat\u00e9s en l\u2019occurrence l\u2019eau, la d\u00e9gradation des routes reliant plusieurs villes, la question de ch\u00f4mage des jeunes et leur int\u00e9gration \u00e0 la fonction publique.<\/p>\n<p>Abdelkhader Abdraman koko conseiller national a fait savoir que La transition doit \u00eatre marqu\u00e9e par un point particulier notamment le dialogue, le soutien aux organes. L\u2019apaisement de la cohabitation pacifique et au vivre ensemble. \u201cNous sommes la franche majoritaire de notre population, donc nous sommes interpell\u00e9s \u00e0 pr\u00eacher l\u2019amour du prochain\u201d a-t-il martel\u00e9.<\/p>\n<p>Et de poursuivre que \u201cnous devons \u00eatre tol\u00e9rant entre les voisins et la famille. Au niveau des conseillers nationaux, nous allons \u00e9clair\u00e9 pour contribuer \u00e0 l\u2019apaisement. Les dol\u00e9ances des jeunes seront port\u00e9s afin de r\u00e9pondre \u00e0 leur pr\u00e9occupations\u201c.<\/p>\n<p>Notons enfin que plusieurs rencontres ont \u00e9t\u00e9 organis\u00e9es par les membres des associations des jeunes exer\u00e7ant dans le Gu\u00e9ra afin de voir au clair leurs pr\u00e9occupations majeures.<\/p>\n<p><strong>Pour plus d&rsquo;informations et d&rsquo;analyses sur la <a href=\"https:\/\/www.africa-press.net\/tchad\">Tchad<\/a>, suivez <a href=\"https:\/\/www.africa-press.net\/\">Africa-Press<\/a><\/strong><\/p>\n","protected":false},"excerpt":{"rendered":"<p>Africa-Press &#8211; Tchad. Les membres du conseil national de transition ressortissants du Guera s\u00e9journent depuis plus de trois jours \u00e0 Mongo, chef lieu de la province du Guera. L\u2019objectif est d\u2019appeler la population \u00e0 la cohabitation pacifique et au vivre ensemble. Ce samedi 23 juillet 2022, il y a un grand meeting \u00e0 la place [&hellip;]<\/p>\n","protected":false},"author":82,"featured_media":29491,"comment_status":"open","ping_status":"closed","sticky":false,"template":"","format":"standard","meta":{"footnotes":""},"categories":[11,2,20,10],"tags":[37,292,29],"class_list":["post-29492","post","type-post","status-publish","format-standard","has-post-thumbnail","hentry","category-homepage-french","category-politique","category-top-nouvelles","category-toutes-les-actualites","tag-africa-press","tag-africa-press-tchad","tag-tchad"],"yoast_head":"<!-- This site is optimized with the Yoast SEO Premium plugin v26.1 (Yoast SEO v27.0) - https:\/\/yoast.com\/product\/yoast-seo-premium-wordpress\/ -->\n<title>Gu\u00e9ra: des conseillers nationaux de la transition ressortissants du Gu\u00e9ra en tourn\u00e9e de sensibilisation sur la cohabitation pacifique et le vivre ensemble - tchad<\/title>\n<meta name=\"description\" content=\"Les membres du conseil national de transition ressortissants du Guera s\u00e9journent depuis plus de trois jours \u00e0 Mongo, che ...\" \/>\n<meta name=\"robots\" content=\"index, follow, max-snippet:-1, max-image-preview:large, max-video-preview:-1\" \/>\n<link rel=\"canonical\" href=\"https:\/\/www.africa-press.net\/tchad\/politique\/guera-des-conseillers-nationaux-de-la-transition-ressortissants-du-guera-en-tournee-de-sensibilisation-sur-la-cohabitation-pacifique-et-le-vivre-ensemble\" \/>\n<meta property=\"og:locale\" content=\"fr_FR\" \/>\n<meta property=\"og:type\" content=\"article\" \/>\n<meta property=\"og:title\" content=\"Gu\u00e9ra: des conseillers nationaux de la transition ressortissants du Gu\u00e9ra en tourn\u00e9e de sensibilisation sur la cohabitation pacifique et le vivre ensemble\" \/>\n<meta property=\"og:description\" content=\"Les membres du conseil national de transition ressortissants du Guera s\u00e9journent depuis plus de trois jours \u00e0 Mongo, che ...\" \/>\n<meta property=\"og:url\" content=\"https:\/\/www.africa-press.net\/tchad\/politique\/guera-des-conseillers-nationaux-de-la-transition-ressortissants-du-guera-en-tournee-de-sensibilisation-sur-la-cohabitation-pacifique-et-le-vivre-ensemble\" \/>\n<meta property=\"og:site_name\" content=\"tchad\" \/>\n<meta property=\"article:published_time\" content=\"2022-07-24T17:49:16+00:00\" \/>\n<meta property=\"article:modified_time\" content=\"2022-07-24T18:35:27+00:00\" \/>\n<meta property=\"og:image\" content=\"https:\/\/static.africa-press.net\/tchad\/sites\/41\/2022\/07\/postQueueImg_44-62dd90de46f2a.jpg\" \/>\n\t<meta property=\"og:image:width\" content=\"696\" \/>\n\t<meta property=\"og:image:height\" content=\"313\" \/>\n\t<meta property=\"og:image:type\" content=\"image\/jpeg\" \/>\n<meta name=\"author\" content=\"cfeditorfr\" \/>\n<meta name=\"twitter:card\" content=\"summary_large_image\" \/>\n<meta name=\"twitter:label1\" content=\"\u00c9crit par\" \/>\n\t<meta name=\"twitter:data1\" content=\"cfeditorfr\" \/>\n\t<meta name=\"twitter:label2\" content=\"Dur\u00e9e de lecture estim\u00e9e\" \/>\n\t<meta name=\"twitter:data2\" content=\"3 minutes\" \/>\n<script type=\"application\/ld+json\" class=\"yoast-schema-graph\">{\"@context\":\"https:\/\/schema.org\",\"@graph\":[{\"@type\":\"Article\",\"@id\":\"https:\/\/www.africa-press.net\/tchad\/politique\/guera-des-conseillers-nationaux-de-la-transition-ressortissants-du-guera-en-tournee-de-sensibilisation-sur-la-cohabitation-pacifique-et-le-vivre-ensemble#article\",\"isPartOf\":{\"@id\":\"https:\/\/www.africa-press.net\/tchad\/politique\/guera-des-conseillers-nationaux-de-la-transition-ressortissants-du-guera-en-tournee-de-sensibilisation-sur-la-cohabitation-pacifique-et-le-vivre-ensemble\"},\"author\":{\"name\":\"cfeditorfr\",\"@id\":\"https:\/\/www.africa-press.net\/tchad\/#\/schema\/person\/2b1cf3cd81a31e3cd26889ca66d677f1\"},\"headline\":\"Gu\u00e9ra: des conseillers nationaux de la transition ressortissants du Gu\u00e9ra en tourn\u00e9e de sensibilisation sur la cohabitation pacifique et le vivre ensemble\",\"datePublished\":\"2022-07-24T17:49:16+00:00\",\"dateModified\":\"2022-07-24T18:35:27+00:00\",\"mainEntityOfPage\":{\"@id\":\"https:\/\/www.africa-press.net\/tchad\/politique\/guera-des-conseillers-nationaux-de-la-transition-ressortissants-du-guera-en-tournee-de-sensibilisation-sur-la-cohabitation-pacifique-et-le-vivre-ensemble\"},\"wordCount\":499,\"commentCount\":0,\"image\":{\"@id\":\"https:\/\/www.africa-press.net\/tchad\/politique\/guera-des-conseillers-nationaux-de-la-transition-ressortissants-du-guera-en-tournee-de-sensibilisation-sur-la-cohabitation-pacifique-et-le-vivre-ensemble#primaryimage\"},\"thumbnailUrl\":\"https:\/\/static.africa-press.net\/tchad\/sites\/41\/2022\/07\/postQueueImg_44-62dd90de46f2a.jpg\",\"keywords\":[\"Africa Press\",\"Africa Press-Tchad\",\"Tchad\"],\"articleSection\":[\"homepage-french\",\"Politique\",\"Top Nouvelles\",\"Toutes les actualit\u00e9s\"],\"inLanguage\":\"fr-FR\",\"potentialAction\":[{\"@type\":\"CommentAction\",\"name\":\"Comment\",\"target\":[\"https:\/\/www.africa-press.net\/tchad\/politique\/guera-des-conseillers-nationaux-de-la-transition-ressortissants-du-guera-en-tournee-de-sensibilisation-sur-la-cohabitation-pacifique-et-le-vivre-ensemble#respond\"]}]},{\"@type\":\"WebPage\",\"@id\":\"https:\/\/www.africa-press.net\/tchad\/politique\/guera-des-conseillers-nationaux-de-la-transition-ressortissants-du-guera-en-tournee-de-sensibilisation-sur-la-cohabitation-pacifique-et-le-vivre-ensemble\",\"url\":\"https:\/\/www.africa-press.net\/tchad\/politique\/guera-des-conseillers-nationaux-de-la-transition-ressortissants-du-guera-en-tournee-de-sensibilisation-sur-la-cohabitation-pacifique-et-le-vivre-ensemble\",\"name\":\"Gu\u00e9ra: des conseillers nationaux de la transition ressortissants du Gu\u00e9ra en tourn\u00e9e de sensibilisation sur la cohabitation pacifique et le vivre ensemble - tchad\",\"isPartOf\":{\"@id\":\"https:\/\/www.africa-press.net\/tchad\/#website\"},\"primaryImageOfPage\":{\"@id\":\"https:\/\/www.africa-press.net\/tchad\/politique\/guera-des-conseillers-nationaux-de-la-transition-ressortissants-du-guera-en-tournee-de-sensibilisation-sur-la-cohabitation-pacifique-et-le-vivre-ensemble#primaryimage\"},\"image\":{\"@id\":\"https:\/\/www.africa-press.net\/tchad\/politique\/guera-des-conseillers-nationaux-de-la-transition-ressortissants-du-guera-en-tournee-de-sensibilisation-sur-la-cohabitation-pacifique-et-le-vivre-ensemble#primaryimage\"},\"thumbnailUrl\":\"https:\/\/static.africa-press.net\/tchad\/sites\/41\/2022\/07\/postQueueImg_44-62dd90de46f2a.jpg\",\"datePublished\":\"2022-07-24T17:49:16+00:00\",\"dateModified\":\"2022-07-24T18:35:27+00:00\",\"author\":{\"@id\":\"https:\/\/www.africa-press.net\/tchad\/#\/schema\/person\/2b1cf3cd81a31e3cd26889ca66d677f1\"},\"description\":\"Les membres du conseil national de transition ressortissants du Guera s\u00e9journent depuis plus de trois jours \u00e0 Mongo, che ...\",\"breadcrumb\":{\"@id\":\"https:\/\/www.africa-press.net\/tchad\/politique\/guera-des-conseillers-nationaux-de-la-transition-ressortissants-du-guera-en-tournee-de-sensibilisation-sur-la-cohabitation-pacifique-et-le-vivre-ensemble#breadcrumb\"},\"inLanguage\":\"fr-FR\",\"potentialAction\":[{\"@type\":\"ReadAction\",\"target\":[\"https:\/\/www.africa-press.net\/tchad\/politique\/guera-des-conseillers-nationaux-de-la-transition-ressortissants-du-guera-en-tournee-de-sensibilisation-sur-la-cohabitation-pacifique-et-le-vivre-ensemble\"]}]},{\"@type\":\"ImageObject\",\"inLanguage\":\"fr-FR\",\"@id\":\"https:\/\/www.africa-press.net\/tchad\/politique\/guera-des-conseillers-nationaux-de-la-transition-ressortissants-du-guera-en-tournee-de-sensibilisation-sur-la-cohabitation-pacifique-et-le-vivre-ensemble#primaryimage\",\"url\":\"https:\/\/static.africa-press.net\/tchad\/sites\/41\/2022\/07\/postQueueImg_44-62dd90de46f2a.jpg\",\"contentUrl\":\"https:\/\/static.africa-press.net\/tchad\/sites\/41\/2022\/07\/postQueueImg_44-62dd90de46f2a.jpg\",\"width\":696,\"height\":313,\"caption\":\"Gu\u00e9ra: des conseillers nationaux de la transition ressortissants du Gu\u00e9ra en tourn\u00e9e de sensibilisation sur la cohabitation pacifique et le vivre ensemble\"},{\"@type\":\"BreadcrumbList\",\"@id\":\"https:\/\/www.africa-press.net\/tchad\/politique\/guera-des-conseillers-nationaux-de-la-transition-ressortissants-du-guera-en-tournee-de-sensibilisation-sur-la-cohabitation-pacifique-et-le-vivre-ensemble#breadcrumb\",\"itemListElement\":[{\"@type\":\"ListItem\",\"position\":1,\"name\":\"Accueil\",\"item\":\"https:\/\/www.africa-press.net\/tchad\/\"},{\"@type\":\"ListItem\",\"position\":2,\"name\":\"Gu\u00e9ra: des conseillers nationaux de la transition ressortissants du Gu\u00e9ra en tourn\u00e9e de sensibilisation sur la cohabitation pacifique et le vivre ensemble\"}]},{\"@type\":\"WebSite\",\"@id\":\"https:\/\/www.africa-press.net\/tchad\/#website\",\"url\":\"https:\/\/www.africa-press.net\/tchad\/\",\"name\":\"tchad\",\"description\":\"Just another Africa News Agency Sites site\",\"potentialAction\":[{\"@type\":\"SearchAction\",\"target\":{\"@type\":\"EntryPoint\",\"urlTemplate\":\"https:\/\/www.africa-press.net\/tchad\/?s={search_term_string}\"},\"query-input\":{\"@type\":\"PropertyValueSpecification\",\"valueRequired\":true,\"valueName\":\"search_term_string\"}}],\"inLanguage\":\"fr-FR\"},{\"@type\":\"Person\",\"@id\":\"https:\/\/www.africa-press.net\/tchad\/#\/schema\/person\/2b1cf3cd81a31e3cd26889ca66d677f1\",\"name\":\"cfeditorfr\"}]}<\/script>\n<!-- \/ Yoast SEO Premium plugin. -->","yoast_head_json":{"title":"Gu\u00e9ra: des conseillers nationaux de la transition ressortissants du Gu\u00e9ra en tourn\u00e9e de sensibilisation sur la cohabitation pacifique et le vivre ensemble - tchad","description":"Les membres du conseil national de transition ressortissants du Guera s\u00e9journent depuis plus de trois jours \u00e0 Mongo, che ...","robots":{"index":"index","follow":"follow","max-snippet":"max-snippet:-1","max-image-preview":"max-image-preview:large","max-video-preview":"max-video-preview:-1"},"canonical":"https:\/\/www.africa-press.net\/tchad\/politique\/guera-des-conseillers-nationaux-de-la-transition-ressortissants-du-guera-en-tournee-de-sensibilisation-sur-la-cohabitation-pacifique-et-le-vivre-ensemble","og_locale":"fr_FR","og_type":"article","og_title":"Gu\u00e9ra: des conseillers nationaux de la transition ressortissants du Gu\u00e9ra en tourn\u00e9e de sensibilisation sur la cohabitation pacifique et le vivre ensemble","og_description":"Les membres du conseil national de transition ressortissants du Guera s\u00e9journent depuis plus de trois jours \u00e0 Mongo, che ...","og_url":"https:\/\/www.africa-press.net\/tchad\/politique\/guera-des-conseillers-nationaux-de-la-transition-ressortissants-du-guera-en-tournee-de-sensibilisation-sur-la-cohabitation-pacifique-et-le-vivre-ensemble","og_site_name":"tchad","article_published_time":"2022-07-24T17:49:16+00:00","article_modified_time":"2022-07-24T18:35:27+00:00","og_image":[{"width":696,"height":313,"url":"https:\/\/static.africa-press.net\/tchad\/sites\/41\/2022\/07\/postQueueImg_44-62dd90de46f2a.jpg","type":"image\/jpeg"}],"author":"cfeditorfr","twitter_card":"summary_large_image","twitter_misc":{"\u00c9crit par":"cfeditorfr","Dur\u00e9e de lecture estim\u00e9e":"3 minutes"},"schema":{"@context":"https:\/\/schema.org","@graph":[{"@type":"Article","@id":"https:\/\/www.africa-press.net\/tchad\/politique\/guera-des-conseillers-nationaux-de-la-transition-ressortissants-du-guera-en-tournee-de-sensibilisation-sur-la-cohabitation-pacifique-et-le-vivre-ensemble#article","isPartOf":{"@id":"https:\/\/www.africa-press.net\/tchad\/politique\/guera-des-conseillers-nationaux-de-la-transition-ressortissants-du-guera-en-tournee-de-sensibilisation-sur-la-cohabitation-pacifique-et-le-vivre-ensemble"},"author":{"name":"cfeditorfr","@id":"https:\/\/www.africa-press.net\/tchad\/#\/schema\/person\/2b1cf3cd81a31e3cd26889ca66d677f1"},"headline":"Gu\u00e9ra: des conseillers nationaux de la transition ressortissants du Gu\u00e9ra en tourn\u00e9e de sensibilisation sur la cohabitation pacifique et le vivre ensemble","datePublished":"2022-07-24T17:49:16+00:00","dateModified":"2022-07-24T18:35:27+00:00","mainEntityOfPage":{"@id":"https:\/\/www.africa-press.net\/tchad\/politique\/guera-des-conseillers-nationaux-de-la-transition-ressortissants-du-guera-en-tournee-de-sensibilisation-sur-la-cohabitation-pacifique-et-le-vivre-ensemble"},"wordCount":499,"commentCount":0,"image":{"@id":"https:\/\/www.africa-press.net\/tchad\/politique\/guera-des-conseillers-nationaux-de-la-transition-ressortissants-du-guera-en-tournee-de-sensibilisation-sur-la-cohabitation-pacifique-et-le-vivre-ensemble#primaryimage"},"thumbnailUrl":"https:\/\/static.africa-press.net\/tchad\/sites\/41\/2022\/07\/postQueueImg_44-62dd90de46f2a.jpg","keywords":["Africa Press","Africa Press-Tchad","Tchad"],"articleSection":["homepage-french","Politique","Top Nouvelles","Toutes les actualit\u00e9s"],"inLanguage":"fr-FR","potentialAction":[{"@type":"CommentAction","name":"Comment","target":["https:\/\/www.africa-press.net\/tchad\/politique\/guera-des-conseillers-nationaux-de-la-transition-ressortissants-du-guera-en-tournee-de-sensibilisation-sur-la-cohabitation-pacifique-et-le-vivre-ensemble#respond"]}]},{"@type":"WebPage","@id":"https:\/\/www.africa-press.net\/tchad\/politique\/guera-des-conseillers-nationaux-de-la-transition-ressortissants-du-guera-en-tournee-de-sensibilisation-sur-la-cohabitation-pacifique-et-le-vivre-ensemble","url":"https:\/\/www.africa-press.net\/tchad\/politique\/guera-des-conseillers-nationaux-de-la-transition-ressortissants-du-guera-en-tournee-de-sensibilisation-sur-la-cohabitation-pacifique-et-le-vivre-ensemble","name":"Gu\u00e9ra: des conseillers nationaux de la transition ressortissants du Gu\u00e9ra en tourn\u00e9e de sensibilisation sur la cohabitation pacifique et le vivre ensemble - tchad","isPartOf":{"@id":"https:\/\/www.africa-press.net\/tchad\/#website"},"primaryImageOfPage":{"@id":"https:\/\/www.africa-press.net\/tchad\/politique\/guera-des-conseillers-nationaux-de-la-transition-ressortissants-du-guera-en-tournee-de-sensibilisation-sur-la-cohabitation-pacifique-et-le-vivre-ensemble#primaryimage"},"image":{"@id":"https:\/\/www.africa-press.net\/tchad\/politique\/guera-des-conseillers-nationaux-de-la-transition-ressortissants-du-guera-en-tournee-de-sensibilisation-sur-la-cohabitation-pacifique-et-le-vivre-ensemble#primaryimage"},"thumbnailUrl":"https:\/\/static.africa-press.net\/tchad\/sites\/41\/2022\/07\/postQueueImg_44-62dd90de46f2a.jpg","datePublished":"2022-07-24T17:49:16+00:00","dateModified":"2022-07-24T18:35:27+00:00","author":{"@id":"https:\/\/www.africa-press.net\/tchad\/#\/schema\/person\/2b1cf3cd81a31e3cd26889ca66d677f1"},"description":"Les membres du conseil national de transition ressortissants du Guera s\u00e9journent depuis plus de trois jours \u00e0 Mongo, che ...","breadcrumb":{"@id":"https:\/\/www.africa-press.net\/tchad\/politique\/guera-des-conseillers-nationaux-de-la-transition-ressortissants-du-guera-en-tournee-de-sensibilisation-sur-la-cohabitation-pacifique-et-le-vivre-ensemble#breadcrumb"},"inLanguage":"fr-FR","potentialAction":[{"@type":"ReadAction","target":["https:\/\/www.africa-press.net\/tchad\/politique\/guera-des-conseillers-nationaux-de-la-transition-ressortissants-du-guera-en-tournee-de-sensibilisation-sur-la-cohabitation-pacifique-et-le-vivre-ensemble"]}]},{"@type":"ImageObject","inLanguage":"fr-FR","@id":"https:\/\/www.africa-press.net\/tchad\/politique\/guera-des-conseillers-nationaux-de-la-transition-ressortissants-du-guera-en-tournee-de-sensibilisation-sur-la-cohabitation-pacifique-et-le-vivre-ensemble#primaryimage","url":"https:\/\/static.africa-press.net\/tchad\/sites\/41\/2022\/07\/postQueueImg_44-62dd90de46f2a.jpg","contentUrl":"https:\/\/static.africa-press.net\/tchad\/sites\/41\/2022\/07\/postQueueImg_44-62dd90de46f2a.jpg","width":696,"height":313,"caption":"Gu\u00e9ra: des conseillers nationaux de la transition ressortissants du Gu\u00e9ra en tourn\u00e9e de sensibilisation sur la cohabitation pacifique et le vivre ensemble"},{"@type":"BreadcrumbList","@id":"https:\/\/www.africa-press.net\/tchad\/politique\/guera-des-conseillers-nationaux-de-la-transition-ressortissants-du-guera-en-tournee-de-sensibilisation-sur-la-cohabitation-pacifique-et-le-vivre-ensemble#breadcrumb","itemListElement":[{"@type":"ListItem","position":1,"name":"Accueil","item":"https:\/\/www.africa-press.net\/tchad\/"},{"@type":"ListItem","position":2,"name":"Gu\u00e9ra: des conseillers nationaux de la transition ressortissants du Gu\u00e9ra en tourn\u00e9e de sensibilisation sur la cohabitation pacifique et le vivre ensemble"}]},{"@type":"WebSite","@id":"https:\/\/www.africa-press.net\/tchad\/#website","url":"https:\/\/www.africa-press.net\/tchad\/","name":"tchad","description":"Just another Africa News Agency Sites site","potentialAction":[{"@type":"SearchAction","target":{"@type":"EntryPoint","urlTemplate":"https:\/\/www.africa-press.net\/tchad\/?s={search_term_string}"},"query-input":{"@type":"PropertyValueSpecification","valueRequired":true,"valueName":"search_term_string"}}],"inLanguage":"fr-FR"},{"@type":"Person","@id":"https:\/\/www.africa-press.net\/tchad\/#\/schema\/person\/2b1cf3cd81a31e3cd26889ca66d677f1","name":"cfeditorfr"}]}},"_links":{"self":[{"href":"https:\/\/www.africa-press.net\/tchad\/wp-json\/wp\/v2\/posts\/29492","targetHints":{"allow":["GET"]}}],"collection":[{"href":"https:\/\/www.africa-press.net\/tchad\/wp-json\/wp\/v2\/posts"}],"about":[{"href":"https:\/\/www.africa-press.net\/tchad\/wp-json\/wp\/v2\/types\/post"}],"author":[{"embeddable":true,"href":"https:\/\/www.africa-press.net\/tchad\/wp-json\/wp\/v2\/users\/82"}],"replies":[{"embeddable":true,"href":"https:\/\/www.africa-press.net\/tchad\/wp-json\/wp\/v2\/comments?post=29492"}],"version-history":[{"count":0,"href":"https:\/\/www.africa-press.net\/tchad\/wp-json\/wp\/v2\/posts\/29492\/revisions"}],"wp:featuredmedia":[{"embeddable":true,"href":"https:\/\/www.africa-press.net\/tchad\/wp-json\/wp\/v2\/media\/29491"}],"wp:attachment":[{"href":"https:\/\/www.africa-press.net\/tchad\/wp-json\/wp\/v2\/media?parent=29492"}],"wp:term":[{"taxonomy":"category","embeddable":true,"href":"https:\/\/www.africa-press.net\/tchad\/wp-json\/wp\/v2\/categories?post=29492"},{"taxonomy":"post_tag","embeddable":true,"href":"https:\/\/www.africa-press.net\/tchad\/wp-json\/wp\/v2\/tags?post=29492"}],"curies":[{"name":"wp","href":"https:\/\/api.w.org\/{rel}","templated":true}]}}