{"id":29523,"date":"2022-07-25T17:07:09","date_gmt":"2022-07-25T17:07:09","guid":{"rendered":"https:\/\/www.africa-press.net\/tchad\/politique\/les-eleveurs-et-cultivateurs-de-bokoro-sensibilises-sur-le-vivre-ensemble"},"modified":"2022-07-25T17:18:36","modified_gmt":"2022-07-25T17:18:36","slug":"les-eleveurs-et-cultivateurs-de-bokoro-sensibilises-sur-le-vivre-ensemble","status":"publish","type":"post","link":"https:\/\/www.africa-press.net\/tchad\/toutes-les-actualites\/les-eleveurs-et-cultivateurs-de-bokoro-sensibilises-sur-le-vivre-ensemble","title":{"rendered":"les \u00e9leveurs et cultivateurs de Bokoro sensibilis\u00e9s sur le vivre-ensemble"},"content":{"rendered":"<p><span style=\"color: #ff6600\"><strong>Africa-Press &#8211; Tchad. <\/strong><\/span><a name=\"para_1\"><\/a><\/p>\n<p>L&rsquo;objectif est de renforcer la coh\u00e9sion sociale entre les deux entit\u00e9s qui constituent le mamelle de l\u2019\u00e9conomie nationale.<\/p>\n<p>La d\u00e9l\u00e9gation a exhort\u00e9 les \u00e9leveurs et les cultivateurs \u00e0 pr\u00f4ner la cohabitation pacifique et le vivre-ensemble. Les \u00e9leveurs et cultivateurs sont invit\u00e9s \u00e0 participer au dialogue national afin de b\u00e2tir un Tchad o\u00f9 la paix pourra r\u00e9gner d\u00e9finitivement.<\/p>\n<p>Le conseiller national de transition Ahmat Mahamat Assileck et \u00e0 sa suite se sont rendus dans des salles o\u00f9 les candidats ont compos\u00e9 la 2\u00e8me session du baccalaur\u00e9at afin de les encourager \u00e0 promouvoir la paix, la tol\u00e9rance et l\u2019amour du prochain pour consolider l\u2019unit\u00e9 nationale.<\/p>\n<p><strong>Pour plus d&rsquo;informations et d&rsquo;analyses sur la <a href=\"https:\/\/www.africa-press.net\/tchad\">Tchad<\/a>, suivez <a href=\"https:\/\/www.africa-press.net\/\">Africa-Press<\/a><\/strong><\/p>\n","protected":false},"excerpt":{"rendered":"<p>Africa-Press &#8211; Tchad. L&rsquo;objectif est de renforcer la coh\u00e9sion sociale entre les deux entit\u00e9s qui constituent le mamelle de l\u2019\u00e9conomie nationale. La d\u00e9l\u00e9gation a exhort\u00e9 les \u00e9leveurs et les cultivateurs \u00e0 pr\u00f4ner la cohabitation pacifique et le vivre-ensemble. Les \u00e9leveurs et cultivateurs sont invit\u00e9s \u00e0 participer au dialogue national afin de b\u00e2tir un Tchad o\u00f9 [&hellip;]<\/p>\n","protected":false},"author":82,"featured_media":29522,"comment_status":"open","ping_status":"closed","sticky":false,"template":"","format":"standard","meta":{"footnotes":""},"categories":[21,11,10],"tags":[37,292,29],"class_list":["post-29523","post","type-post","status-publish","format-standard","has-post-thumbnail","hentry","category-communaute","category-homepage-french","category-toutes-les-actualites","tag-africa-press","tag-africa-press-tchad","tag-tchad"],"yoast_head":"<!-- This site is optimized with the Yoast SEO Premium plugin v26.1 (Yoast SEO v27.0) - https:\/\/yoast.com\/product\/yoast-seo-premium-wordpress\/ -->\n<title>les \u00e9leveurs et cultivateurs de Bokoro sensibilis\u00e9s sur le vivre-ensemble - tchad<\/title>\n<meta name=\"description\" content=\"L&#039;objectif est de renforcer la coh\u00e9sion sociale entre les deux entit\u00e9s qui constituent le mamelle ...\" \/>\n<meta name=\"robots\" content=\"index, follow, max-snippet:-1, max-image-preview:large, max-video-preview:-1\" \/>\n<link rel=\"canonical\" href=\"https:\/\/www.africa-press.net\/tchad\/toutes-les-actualites\/les-eleveurs-et-cultivateurs-de-bokoro-sensibilises-sur-le-vivre-ensemble\" \/>\n<meta property=\"og:locale\" content=\"fr_FR\" \/>\n<meta property=\"og:type\" content=\"article\" \/>\n<meta property=\"og:title\" content=\"les \u00e9leveurs et cultivateurs de Bokoro sensibilis\u00e9s sur le vivre-ensemble\" \/>\n<meta property=\"og:description\" content=\"L&#039;objectif est de renforcer la coh\u00e9sion sociale entre les deux entit\u00e9s qui constituent le mamelle ...\" \/>\n<meta property=\"og:url\" content=\"https:\/\/www.africa-press.net\/tchad\/toutes-les-actualites\/les-eleveurs-et-cultivateurs-de-bokoro-sensibilises-sur-le-vivre-ensemble\" \/>\n<meta property=\"og:site_name\" content=\"tchad\" \/>\n<meta property=\"article:published_time\" content=\"2022-07-25T17:07:09+00:00\" \/>\n<meta property=\"article:modified_time\" content=\"2022-07-25T17:18:36+00:00\" \/>\n<meta property=\"og:image\" content=\"https:\/\/static.africa-press.net\/tchad\/sites\/41\/2022\/07\/postQueueImg_4-62ded05976ffd.jpg\" \/>\n\t<meta property=\"og:image:width\" content=\"870\" \/>\n\t<meta property=\"og:image:height\" content=\"488\" \/>\n\t<meta property=\"og:image:type\" content=\"image\/jpeg\" \/>\n<meta name=\"author\" content=\"cfeditorfr\" \/>\n<meta name=\"twitter:card\" content=\"summary_large_image\" \/>\n<meta name=\"twitter:label1\" content=\"\u00c9crit par\" \/>\n\t<meta name=\"twitter:data1\" content=\"cfeditorfr\" \/>\n\t<meta name=\"twitter:label2\" content=\"Dur\u00e9e de lecture estim\u00e9e\" \/>\n\t<meta name=\"twitter:data2\" content=\"1 minute\" \/>\n<script type=\"application\/ld+json\" class=\"yoast-schema-graph\">{\"@context\":\"https:\/\/schema.org\",\"@graph\":[{\"@type\":\"Article\",\"@id\":\"https:\/\/www.africa-press.net\/tchad\/toutes-les-actualites\/les-eleveurs-et-cultivateurs-de-bokoro-sensibilises-sur-le-vivre-ensemble#article\",\"isPartOf\":{\"@id\":\"https:\/\/www.africa-press.net\/tchad\/toutes-les-actualites\/les-eleveurs-et-cultivateurs-de-bokoro-sensibilises-sur-le-vivre-ensemble\"},\"author\":{\"name\":\"cfeditorfr\",\"@id\":\"https:\/\/www.africa-press.net\/tchad\/#\/schema\/person\/2b1cf3cd81a31e3cd26889ca66d677f1\"},\"headline\":\"les \u00e9leveurs et cultivateurs de Bokoro sensibilis\u00e9s sur le vivre-ensemble\",\"datePublished\":\"2022-07-25T17:07:09+00:00\",\"dateModified\":\"2022-07-25T17:18:36+00:00\",\"mainEntityOfPage\":{\"@id\":\"https:\/\/www.africa-press.net\/tchad\/toutes-les-actualites\/les-eleveurs-et-cultivateurs-de-bokoro-sensibilises-sur-le-vivre-ensemble\"},\"wordCount\":140,\"commentCount\":0,\"image\":{\"@id\":\"https:\/\/www.africa-press.net\/tchad\/toutes-les-actualites\/les-eleveurs-et-cultivateurs-de-bokoro-sensibilises-sur-le-vivre-ensemble#primaryimage\"},\"thumbnailUrl\":\"https:\/\/static.africa-press.net\/tchad\/sites\/41\/2022\/07\/postQueueImg_4-62ded05976ffd.jpg\",\"keywords\":[\"Africa Press\",\"Africa Press-Tchad\",\"Tchad\"],\"articleSection\":[\"Communaut\u00e9\",\"homepage-french\",\"Toutes les actualit\u00e9s\"],\"inLanguage\":\"fr-FR\",\"potentialAction\":[{\"@type\":\"CommentAction\",\"name\":\"Comment\",\"target\":[\"https:\/\/www.africa-press.net\/tchad\/toutes-les-actualites\/les-eleveurs-et-cultivateurs-de-bokoro-sensibilises-sur-le-vivre-ensemble#respond\"]}]},{\"@type\":\"WebPage\",\"@id\":\"https:\/\/www.africa-press.net\/tchad\/toutes-les-actualites\/les-eleveurs-et-cultivateurs-de-bokoro-sensibilises-sur-le-vivre-ensemble\",\"url\":\"https:\/\/www.africa-press.net\/tchad\/toutes-les-actualites\/les-eleveurs-et-cultivateurs-de-bokoro-sensibilises-sur-le-vivre-ensemble\",\"name\":\"les \u00e9leveurs et cultivateurs de Bokoro sensibilis\u00e9s sur le vivre-ensemble - tchad\",\"isPartOf\":{\"@id\":\"https:\/\/www.africa-press.net\/tchad\/#website\"},\"primaryImageOfPage\":{\"@id\":\"https:\/\/www.africa-press.net\/tchad\/toutes-les-actualites\/les-eleveurs-et-cultivateurs-de-bokoro-sensibilises-sur-le-vivre-ensemble#primaryimage\"},\"image\":{\"@id\":\"https:\/\/www.africa-press.net\/tchad\/toutes-les-actualites\/les-eleveurs-et-cultivateurs-de-bokoro-sensibilises-sur-le-vivre-ensemble#primaryimage\"},\"thumbnailUrl\":\"https:\/\/static.africa-press.net\/tchad\/sites\/41\/2022\/07\/postQueueImg_4-62ded05976ffd.jpg\",\"datePublished\":\"2022-07-25T17:07:09+00:00\",\"dateModified\":\"2022-07-25T17:18:36+00:00\",\"author\":{\"@id\":\"https:\/\/www.africa-press.net\/tchad\/#\/schema\/person\/2b1cf3cd81a31e3cd26889ca66d677f1\"},\"description\":\"L'objectif est de renforcer la coh\u00e9sion sociale entre les deux entit\u00e9s qui constituent le mamelle ...\",\"breadcrumb\":{\"@id\":\"https:\/\/www.africa-press.net\/tchad\/toutes-les-actualites\/les-eleveurs-et-cultivateurs-de-bokoro-sensibilises-sur-le-vivre-ensemble#breadcrumb\"},\"inLanguage\":\"fr-FR\",\"potentialAction\":[{\"@type\":\"ReadAction\",\"target\":[\"https:\/\/www.africa-press.net\/tchad\/toutes-les-actualites\/les-eleveurs-et-cultivateurs-de-bokoro-sensibilises-sur-le-vivre-ensemble\"]}]},{\"@type\":\"ImageObject\",\"inLanguage\":\"fr-FR\",\"@id\":\"https:\/\/www.africa-press.net\/tchad\/toutes-les-actualites\/les-eleveurs-et-cultivateurs-de-bokoro-sensibilises-sur-le-vivre-ensemble#primaryimage\",\"url\":\"https:\/\/static.africa-press.net\/tchad\/sites\/41\/2022\/07\/postQueueImg_4-62ded05976ffd.jpg\",\"contentUrl\":\"https:\/\/static.africa-press.net\/tchad\/sites\/41\/2022\/07\/postQueueImg_4-62ded05976ffd.jpg\",\"width\":870,\"height\":488,\"caption\":\"les \u00e9leveurs et cultivateurs de Bokoro sensibilis\u00e9s sur le vivre-ensemble\"},{\"@type\":\"BreadcrumbList\",\"@id\":\"https:\/\/www.africa-press.net\/tchad\/toutes-les-actualites\/les-eleveurs-et-cultivateurs-de-bokoro-sensibilises-sur-le-vivre-ensemble#breadcrumb\",\"itemListElement\":[{\"@type\":\"ListItem\",\"position\":1,\"name\":\"Accueil\",\"item\":\"https:\/\/www.africa-press.net\/tchad\/\"},{\"@type\":\"ListItem\",\"position\":2,\"name\":\"les \u00e9leveurs et cultivateurs de Bokoro sensibilis\u00e9s sur le vivre-ensemble\"}]},{\"@type\":\"WebSite\",\"@id\":\"https:\/\/www.africa-press.net\/tchad\/#website\",\"url\":\"https:\/\/www.africa-press.net\/tchad\/\",\"name\":\"tchad\",\"description\":\"Just another Africa News Agency Sites site\",\"potentialAction\":[{\"@type\":\"SearchAction\",\"target\":{\"@type\":\"EntryPoint\",\"urlTemplate\":\"https:\/\/www.africa-press.net\/tchad\/?s={search_term_string}\"},\"query-input\":{\"@type\":\"PropertyValueSpecification\",\"valueRequired\":true,\"valueName\":\"search_term_string\"}}],\"inLanguage\":\"fr-FR\"},{\"@type\":\"Person\",\"@id\":\"https:\/\/www.africa-press.net\/tchad\/#\/schema\/person\/2b1cf3cd81a31e3cd26889ca66d677f1\",\"name\":\"cfeditorfr\"}]}<\/script>\n<!-- \/ Yoast SEO Premium plugin. -->","yoast_head_json":{"title":"les \u00e9leveurs et cultivateurs de Bokoro sensibilis\u00e9s sur le vivre-ensemble - tchad","description":"L'objectif est de renforcer la coh\u00e9sion sociale entre les deux entit\u00e9s qui constituent le mamelle ...","robots":{"index":"index","follow":"follow","max-snippet":"max-snippet:-1","max-image-preview":"max-image-preview:large","max-video-preview":"max-video-preview:-1"},"canonical":"https:\/\/www.africa-press.net\/tchad\/toutes-les-actualites\/les-eleveurs-et-cultivateurs-de-bokoro-sensibilises-sur-le-vivre-ensemble","og_locale":"fr_FR","og_type":"article","og_title":"les \u00e9leveurs et cultivateurs de Bokoro sensibilis\u00e9s sur le vivre-ensemble","og_description":"L'objectif est de renforcer la coh\u00e9sion sociale entre les deux entit\u00e9s qui constituent le mamelle ...","og_url":"https:\/\/www.africa-press.net\/tchad\/toutes-les-actualites\/les-eleveurs-et-cultivateurs-de-bokoro-sensibilises-sur-le-vivre-ensemble","og_site_name":"tchad","article_published_time":"2022-07-25T17:07:09+00:00","article_modified_time":"2022-07-25T17:18:36+00:00","og_image":[{"width":870,"height":488,"url":"https:\/\/static.africa-press.net\/tchad\/sites\/41\/2022\/07\/postQueueImg_4-62ded05976ffd.jpg","type":"image\/jpeg"}],"author":"cfeditorfr","twitter_card":"summary_large_image","twitter_misc":{"\u00c9crit par":"cfeditorfr","Dur\u00e9e de lecture estim\u00e9e":"1 minute"},"schema":{"@context":"https:\/\/schema.org","@graph":[{"@type":"Article","@id":"https:\/\/www.africa-press.net\/tchad\/toutes-les-actualites\/les-eleveurs-et-cultivateurs-de-bokoro-sensibilises-sur-le-vivre-ensemble#article","isPartOf":{"@id":"https:\/\/www.africa-press.net\/tchad\/toutes-les-actualites\/les-eleveurs-et-cultivateurs-de-bokoro-sensibilises-sur-le-vivre-ensemble"},"author":{"name":"cfeditorfr","@id":"https:\/\/www.africa-press.net\/tchad\/#\/schema\/person\/2b1cf3cd81a31e3cd26889ca66d677f1"},"headline":"les \u00e9leveurs et cultivateurs de Bokoro sensibilis\u00e9s sur le vivre-ensemble","datePublished":"2022-07-25T17:07:09+00:00","dateModified":"2022-07-25T17:18:36+00:00","mainEntityOfPage":{"@id":"https:\/\/www.africa-press.net\/tchad\/toutes-les-actualites\/les-eleveurs-et-cultivateurs-de-bokoro-sensibilises-sur-le-vivre-ensemble"},"wordCount":140,"commentCount":0,"image":{"@id":"https:\/\/www.africa-press.net\/tchad\/toutes-les-actualites\/les-eleveurs-et-cultivateurs-de-bokoro-sensibilises-sur-le-vivre-ensemble#primaryimage"},"thumbnailUrl":"https:\/\/static.africa-press.net\/tchad\/sites\/41\/2022\/07\/postQueueImg_4-62ded05976ffd.jpg","keywords":["Africa Press","Africa Press-Tchad","Tchad"],"articleSection":["Communaut\u00e9","homepage-french","Toutes les actualit\u00e9s"],"inLanguage":"fr-FR","potentialAction":[{"@type":"CommentAction","name":"Comment","target":["https:\/\/www.africa-press.net\/tchad\/toutes-les-actualites\/les-eleveurs-et-cultivateurs-de-bokoro-sensibilises-sur-le-vivre-ensemble#respond"]}]},{"@type":"WebPage","@id":"https:\/\/www.africa-press.net\/tchad\/toutes-les-actualites\/les-eleveurs-et-cultivateurs-de-bokoro-sensibilises-sur-le-vivre-ensemble","url":"https:\/\/www.africa-press.net\/tchad\/toutes-les-actualites\/les-eleveurs-et-cultivateurs-de-bokoro-sensibilises-sur-le-vivre-ensemble","name":"les \u00e9leveurs et cultivateurs de Bokoro sensibilis\u00e9s sur le vivre-ensemble - tchad","isPartOf":{"@id":"https:\/\/www.africa-press.net\/tchad\/#website"},"primaryImageOfPage":{"@id":"https:\/\/www.africa-press.net\/tchad\/toutes-les-actualites\/les-eleveurs-et-cultivateurs-de-bokoro-sensibilises-sur-le-vivre-ensemble#primaryimage"},"image":{"@id":"https:\/\/www.africa-press.net\/tchad\/toutes-les-actualites\/les-eleveurs-et-cultivateurs-de-bokoro-sensibilises-sur-le-vivre-ensemble#primaryimage"},"thumbnailUrl":"https:\/\/static.africa-press.net\/tchad\/sites\/41\/2022\/07\/postQueueImg_4-62ded05976ffd.jpg","datePublished":"2022-07-25T17:07:09+00:00","dateModified":"2022-07-25T17:18:36+00:00","author":{"@id":"https:\/\/www.africa-press.net\/tchad\/#\/schema\/person\/2b1cf3cd81a31e3cd26889ca66d677f1"},"description":"L'objectif est de renforcer la coh\u00e9sion sociale entre les deux entit\u00e9s qui constituent le mamelle ...","breadcrumb":{"@id":"https:\/\/www.africa-press.net\/tchad\/toutes-les-actualites\/les-eleveurs-et-cultivateurs-de-bokoro-sensibilises-sur-le-vivre-ensemble#breadcrumb"},"inLanguage":"fr-FR","potentialAction":[{"@type":"ReadAction","target":["https:\/\/www.africa-press.net\/tchad\/toutes-les-actualites\/les-eleveurs-et-cultivateurs-de-bokoro-sensibilises-sur-le-vivre-ensemble"]}]},{"@type":"ImageObject","inLanguage":"fr-FR","@id":"https:\/\/www.africa-press.net\/tchad\/toutes-les-actualites\/les-eleveurs-et-cultivateurs-de-bokoro-sensibilises-sur-le-vivre-ensemble#primaryimage","url":"https:\/\/static.africa-press.net\/tchad\/sites\/41\/2022\/07\/postQueueImg_4-62ded05976ffd.jpg","contentUrl":"https:\/\/static.africa-press.net\/tchad\/sites\/41\/2022\/07\/postQueueImg_4-62ded05976ffd.jpg","width":870,"height":488,"caption":"les \u00e9leveurs et cultivateurs de Bokoro sensibilis\u00e9s sur le vivre-ensemble"},{"@type":"BreadcrumbList","@id":"https:\/\/www.africa-press.net\/tchad\/toutes-les-actualites\/les-eleveurs-et-cultivateurs-de-bokoro-sensibilises-sur-le-vivre-ensemble#breadcrumb","itemListElement":[{"@type":"ListItem","position":1,"name":"Accueil","item":"https:\/\/www.africa-press.net\/tchad\/"},{"@type":"ListItem","position":2,"name":"les \u00e9leveurs et cultivateurs de Bokoro sensibilis\u00e9s sur le vivre-ensemble"}]},{"@type":"WebSite","@id":"https:\/\/www.africa-press.net\/tchad\/#website","url":"https:\/\/www.africa-press.net\/tchad\/","name":"tchad","description":"Just another Africa News Agency Sites site","potentialAction":[{"@type":"SearchAction","target":{"@type":"EntryPoint","urlTemplate":"https:\/\/www.africa-press.net\/tchad\/?s={search_term_string}"},"query-input":{"@type":"PropertyValueSpecification","valueRequired":true,"valueName":"search_term_string"}}],"inLanguage":"fr-FR"},{"@type":"Person","@id":"https:\/\/www.africa-press.net\/tchad\/#\/schema\/person\/2b1cf3cd81a31e3cd26889ca66d677f1","name":"cfeditorfr"}]}},"_links":{"self":[{"href":"https:\/\/www.africa-press.net\/tchad\/wp-json\/wp\/v2\/posts\/29523","targetHints":{"allow":["GET"]}}],"collection":[{"href":"https:\/\/www.africa-press.net\/tchad\/wp-json\/wp\/v2\/posts"}],"about":[{"href":"https:\/\/www.africa-press.net\/tchad\/wp-json\/wp\/v2\/types\/post"}],"author":[{"embeddable":true,"href":"https:\/\/www.africa-press.net\/tchad\/wp-json\/wp\/v2\/users\/82"}],"replies":[{"embeddable":true,"href":"https:\/\/www.africa-press.net\/tchad\/wp-json\/wp\/v2\/comments?post=29523"}],"version-history":[{"count":0,"href":"https:\/\/www.africa-press.net\/tchad\/wp-json\/wp\/v2\/posts\/29523\/revisions"}],"wp:featuredmedia":[{"embeddable":true,"href":"https:\/\/www.africa-press.net\/tchad\/wp-json\/wp\/v2\/media\/29522"}],"wp:attachment":[{"href":"https:\/\/www.africa-press.net\/tchad\/wp-json\/wp\/v2\/media?parent=29523"}],"wp:term":[{"taxonomy":"category","embeddable":true,"href":"https:\/\/www.africa-press.net\/tchad\/wp-json\/wp\/v2\/categories?post=29523"},{"taxonomy":"post_tag","embeddable":true,"href":"https:\/\/www.africa-press.net\/tchad\/wp-json\/wp\/v2\/tags?post=29523"}],"curies":[{"name":"wp","href":"https:\/\/api.w.org\/{rel}","templated":true}]}}