{"id":29529,"date":"2022-07-25T17:08:00","date_gmt":"2022-07-25T17:08:00","guid":{"rendered":"https:\/\/www.africa-press.net\/tchad\/politique\/tension-sociale-a-lapproche-du-dialogue-national"},"modified":"2022-07-25T17:19:26","modified_gmt":"2022-07-25T17:19:26","slug":"tension-sociale-a-lapproche-du-dialogue-national","status":"publish","type":"post","link":"https:\/\/www.africa-press.net\/tchad\/politique\/tension-sociale-a-lapproche-du-dialogue-national","title":{"rendered":"Tension sociale \u00e0 l\u2019approche du dialogue national"},"content":{"rendered":"<p><span style=\"color: #ff6600\"><strong>Africa-Press &#8211; Tchad. <\/strong><\/span>Des mouvements de revendications des travailleurs du public ou du priv\u00e9 se multiplient. Des menaces de gr\u00e8ve, l\u2019on assiste parfois \u00e0 des gr\u00e8ves s\u00e8ches et illimit\u00e9es pour revendiquer des meilleures conditions de travail et de vie. Des frustrations qui font grand bruit \u00e0 moins d\u2019un mois du d\u00e9but du dialogue national.<\/p>\n<p>A la sortie de la traditionnelle r\u00e9union sur les r\u00e9gies financi\u00e8res et les recettes administratives le 4 juillet, le ministre des Finances, Tahir Hamid Nguilin, avait affirm\u00e9 que les \u00ab r\u00e9gies ont \u00e9t\u00e9 performantes \u00bb en juin. Une d\u00e9claration qui devrait rassurer certains employ\u00e9s de l\u2019\u00c9tat qui attendent des arri\u00e9r\u00e9s de salaire et vivent dans la pr\u00e9carit\u00e9. Ce n\u2019est pas le cas.<\/p>\n<p>Au mois de juin, le Syndicat national des agents des postes et t\u00e9l\u00e9communications (Synapostel), avait lanc\u00e9 une gr\u00e8ve s\u00e8che et illimit\u00e9e pour revendiquer des arri\u00e9r\u00e9s de salaire et d\u00e9noncer la r\u00e9duction de la subvention de l\u2019\u00c9tat allou\u00e9e \u00e0 l\u2019institution. Des revendications qui ont d\u00e9but\u00e9 en 2018.<\/p>\n<p>A partir du 5 juillet, les agents des imp\u00f4ts ont entam\u00e9 une gr\u00e8ve de 4 jours, pour demander une am\u00e9lioration de leurs conditions de travail et de vie. Ils regrettent ne pas disposer d\u2019une structure appropri\u00e9e de travail, d\u2019une pension pour les retrait\u00e9s et l\u2019assurance maladie. \u00ab Les conditions de travail constituent un indicateur de performance \u00bb, soulignent-ils, estimant que l\u2019\u00c9tat doit les mettre hors de toutes les tentations.<\/p>\n<p>Depuis 2016, les agents de l\u2019Agence nationale d\u2019appui au d\u00e9veloppement rural (Anader), entit\u00e9 issue de la fusion de l\u2019Office national de d\u00e9veloppement rural (ONDR), Programme national de s\u00e9curit\u00e9 alimentaire (PNSA), Soci\u00e9t\u00e9 du d\u00e9veloppement du Lac (Sodelac), revendiquent des arri\u00e9r\u00e9s de salaire et des frais de transport qui s\u2019\u00e9l\u00e8vent \u00e0 30 mois pour certains. Apr\u00e8s expiration de deux pr\u00e9avis de gr\u00e8ve, ils pr\u00e9voient d\u2019engager un d\u00e9brayage de 3 jours \u00e0 partir du 28 juillet.<\/p>\n<p>Le 23 juillet, une assembl\u00e9e g\u00e9n\u00e9rale a r\u00e9uni les agents de la Caisse nationale de pr\u00e9voyance sociale (CNPS). Au centre de leur m\u00e9contentement, la suspension des pr\u00eats par la direction de la Caisse. \u00ab Les pr\u00eats ne constituent en aucun cas des d\u00e9penses de fonctionnement, mais plut\u00f4t des immobilisations qui sont amorties au fil du temps par le remboursement mensuel, contrairement aux charges administratives qui sont d\u00e9finitives \u00bb, rel\u00e8vent-ils.<\/p>\n<p>Ils disent \u00eatre conscients des difficult\u00e9s de la CNPS, \u00ab mais cela ne peut \u00eatre imput\u00e9 au personnel qui a d\u00e9j\u00e0 fait assez de sacrifice, en c\u00e9dant au pr\u00eat de cinq et \u00e0 la r\u00e9duction de ses indemnit\u00e9s \u00bb. Selon Nouvelles.Td, ils exigent \u00e9galement la lev\u00e9e de la suspension de trois de leurs d\u00e9l\u00e9gu\u00e9s.<\/p>\n<p>Le Syndicat national du secteur p\u00e9trolier du Tchad, cellule syndicale des employ\u00e9s nationaux de la CNPCIC, lors d\u2019une assembl\u00e9e le 23 juillet avait d\u00e9nonc\u00e9 le \u00ab manque d\u2019int\u00e9r\u00eat social et de bonne foi \u00bb de l\u2019administration de la CNPCIC dans le processus de la gestion de la n\u00e9gociation de la convention collective, qui, rappelle-t-il, est un document juridique relatif aux droits de travail des travailleurs tchadiens ; l\u2019\u201dacharnement\u201d sur les d\u00e9l\u00e9gu\u00e9s du personnel ; la \u00ab violation \u00bb du plan m\u00e9dical comme mentionn\u00e9 dans la convention collective ; le d\u00e9part du directeur des ressources humaines, Cai Min.<\/p>\n<p>Demandant l\u2019annulation de la lettre de sanction de son secr\u00e9taire g\u00e9n\u00e9ral, la Cellule syndicale informe qu\u2019un pr\u00e9avis de gr\u00e8ve sera transmis \u00e0 la CNPCIC dans un \u00ab bref d\u00e9lai \u00bb.<\/p>\n<p>L\u2019Union des syndicats du Tchad, \u00e0 laquelle sont affili\u00e9s certains syndicats en gr\u00e8ve ou qui menacent de grever, a donn\u00e9 un pr\u00e9avis de gr\u00e8ve de 10 jours qui prendra fin le 2 ao\u00fbt. La plus grande centrale syndicale du pays exige notamment la d\u00e9mission du Premier ministre de transition ; l\u2019augmentation du salaire des fonctionnaires ; l\u2019arrestation des personnes impliqu\u00e9es dans le d\u00e9tournement \u00e0 la Soci\u00e9t\u00e9 des hydrocarbures du Tchad (SHT).<\/p>\n<p><strong>Pour plus d&rsquo;informations et d&rsquo;analyses sur la <a href=\"https:\/\/www.africa-press.net\/tchad\">Tchad<\/a>, suivez <a href=\"https:\/\/www.africa-press.net\/\">Africa-Press<\/a><\/strong><\/p>\n","protected":false},"excerpt":{"rendered":"<p>Africa-Press &#8211; Tchad. Des mouvements de revendications des travailleurs du public ou du priv\u00e9 se multiplient. Des menaces de gr\u00e8ve, l\u2019on assiste parfois \u00e0 des gr\u00e8ves s\u00e8ches et illimit\u00e9es pour revendiquer des meilleures conditions de travail et de vie. Des frustrations qui font grand bruit \u00e0 moins d\u2019un mois du d\u00e9but du dialogue national. A [&hellip;]<\/p>\n","protected":false},"author":82,"featured_media":29528,"comment_status":"open","ping_status":"closed","sticky":false,"template":"","format":"standard","meta":{"footnotes":""},"categories":[11,2,10],"tags":[37,292,29],"class_list":["post-29529","post","type-post","status-publish","format-standard","has-post-thumbnail","hentry","category-homepage-french","category-politique","category-toutes-les-actualites","tag-africa-press","tag-africa-press-tchad","tag-tchad"],"yoast_head":"<!-- This site is optimized with the Yoast SEO Premium plugin v26.1 (Yoast SEO v27.0) - https:\/\/yoast.com\/product\/yoast-seo-premium-wordpress\/ -->\n<title>Tension sociale \u00e0 l\u2019approche du dialogue national - tchad<\/title>\n<meta name=\"description\" content=\"Des mouvements de revendications des travailleurs du public ou du priv\u00e9 se multiplient. Des menaces de gr\u00e8ve, l\u2019on assis ...\" \/>\n<meta name=\"robots\" content=\"index, follow, max-snippet:-1, max-image-preview:large, max-video-preview:-1\" \/>\n<link rel=\"canonical\" href=\"https:\/\/www.africa-press.net\/tchad\/politique\/tension-sociale-a-lapproche-du-dialogue-national\" \/>\n<meta property=\"og:locale\" content=\"fr_FR\" \/>\n<meta property=\"og:type\" content=\"article\" \/>\n<meta property=\"og:title\" content=\"Tension sociale \u00e0 l\u2019approche du dialogue national\" \/>\n<meta property=\"og:description\" content=\"Des mouvements de revendications des travailleurs du public ou du priv\u00e9 se multiplient. Des menaces de gr\u00e8ve, l\u2019on assis ...\" \/>\n<meta property=\"og:url\" content=\"https:\/\/www.africa-press.net\/tchad\/politique\/tension-sociale-a-lapproche-du-dialogue-national\" \/>\n<meta property=\"og:site_name\" content=\"tchad\" \/>\n<meta property=\"article:published_time\" content=\"2022-07-25T17:08:00+00:00\" \/>\n<meta property=\"article:modified_time\" content=\"2022-07-25T17:19:26+00:00\" \/>\n<meta property=\"og:image\" content=\"https:\/\/static.africa-press.net\/tchad\/sites\/41\/2022\/07\/postQueueImg_6-62ded08c46d8a.jpg\" \/>\n\t<meta property=\"og:image:width\" content=\"696\" \/>\n\t<meta property=\"og:image:height\" content=\"522\" \/>\n\t<meta property=\"og:image:type\" content=\"image\/jpeg\" \/>\n<meta name=\"author\" content=\"cfeditorfr\" \/>\n<meta name=\"twitter:card\" content=\"summary_large_image\" \/>\n<meta name=\"twitter:label1\" content=\"\u00c9crit par\" \/>\n\t<meta name=\"twitter:data1\" content=\"cfeditorfr\" \/>\n\t<meta name=\"twitter:label2\" content=\"Dur\u00e9e de lecture estim\u00e9e\" \/>\n\t<meta name=\"twitter:data2\" content=\"4 minutes\" \/>\n<script type=\"application\/ld+json\" class=\"yoast-schema-graph\">{\"@context\":\"https:\/\/schema.org\",\"@graph\":[{\"@type\":\"Article\",\"@id\":\"https:\/\/www.africa-press.net\/tchad\/politique\/tension-sociale-a-lapproche-du-dialogue-national#article\",\"isPartOf\":{\"@id\":\"https:\/\/www.africa-press.net\/tchad\/politique\/tension-sociale-a-lapproche-du-dialogue-national\"},\"author\":{\"name\":\"cfeditorfr\",\"@id\":\"https:\/\/www.africa-press.net\/tchad\/#\/schema\/person\/2b1cf3cd81a31e3cd26889ca66d677f1\"},\"headline\":\"Tension sociale \u00e0 l\u2019approche du dialogue national\",\"datePublished\":\"2022-07-25T17:08:00+00:00\",\"dateModified\":\"2022-07-25T17:19:26+00:00\",\"mainEntityOfPage\":{\"@id\":\"https:\/\/www.africa-press.net\/tchad\/politique\/tension-sociale-a-lapproche-du-dialogue-national\"},\"wordCount\":721,\"commentCount\":0,\"image\":{\"@id\":\"https:\/\/www.africa-press.net\/tchad\/politique\/tension-sociale-a-lapproche-du-dialogue-national#primaryimage\"},\"thumbnailUrl\":\"https:\/\/static.africa-press.net\/tchad\/sites\/41\/2022\/07\/postQueueImg_6-62ded08c46d8a.jpg\",\"keywords\":[\"Africa Press\",\"Africa Press-Tchad\",\"Tchad\"],\"articleSection\":[\"homepage-french\",\"Politique\",\"Toutes les actualit\u00e9s\"],\"inLanguage\":\"fr-FR\",\"potentialAction\":[{\"@type\":\"CommentAction\",\"name\":\"Comment\",\"target\":[\"https:\/\/www.africa-press.net\/tchad\/politique\/tension-sociale-a-lapproche-du-dialogue-national#respond\"]}]},{\"@type\":\"WebPage\",\"@id\":\"https:\/\/www.africa-press.net\/tchad\/politique\/tension-sociale-a-lapproche-du-dialogue-national\",\"url\":\"https:\/\/www.africa-press.net\/tchad\/politique\/tension-sociale-a-lapproche-du-dialogue-national\",\"name\":\"Tension sociale \u00e0 l\u2019approche du dialogue national - tchad\",\"isPartOf\":{\"@id\":\"https:\/\/www.africa-press.net\/tchad\/#website\"},\"primaryImageOfPage\":{\"@id\":\"https:\/\/www.africa-press.net\/tchad\/politique\/tension-sociale-a-lapproche-du-dialogue-national#primaryimage\"},\"image\":{\"@id\":\"https:\/\/www.africa-press.net\/tchad\/politique\/tension-sociale-a-lapproche-du-dialogue-national#primaryimage\"},\"thumbnailUrl\":\"https:\/\/static.africa-press.net\/tchad\/sites\/41\/2022\/07\/postQueueImg_6-62ded08c46d8a.jpg\",\"datePublished\":\"2022-07-25T17:08:00+00:00\",\"dateModified\":\"2022-07-25T17:19:26+00:00\",\"author\":{\"@id\":\"https:\/\/www.africa-press.net\/tchad\/#\/schema\/person\/2b1cf3cd81a31e3cd26889ca66d677f1\"},\"description\":\"Des mouvements de revendications des travailleurs du public ou du priv\u00e9 se multiplient. Des menaces de gr\u00e8ve, l\u2019on assis ...\",\"breadcrumb\":{\"@id\":\"https:\/\/www.africa-press.net\/tchad\/politique\/tension-sociale-a-lapproche-du-dialogue-national#breadcrumb\"},\"inLanguage\":\"fr-FR\",\"potentialAction\":[{\"@type\":\"ReadAction\",\"target\":[\"https:\/\/www.africa-press.net\/tchad\/politique\/tension-sociale-a-lapproche-du-dialogue-national\"]}]},{\"@type\":\"ImageObject\",\"inLanguage\":\"fr-FR\",\"@id\":\"https:\/\/www.africa-press.net\/tchad\/politique\/tension-sociale-a-lapproche-du-dialogue-national#primaryimage\",\"url\":\"https:\/\/static.africa-press.net\/tchad\/sites\/41\/2022\/07\/postQueueImg_6-62ded08c46d8a.jpg\",\"contentUrl\":\"https:\/\/static.africa-press.net\/tchad\/sites\/41\/2022\/07\/postQueueImg_6-62ded08c46d8a.jpg\",\"width\":696,\"height\":522,\"caption\":\"Tension sociale \u00e0 l\u2019approche du dialogue national\"},{\"@type\":\"BreadcrumbList\",\"@id\":\"https:\/\/www.africa-press.net\/tchad\/politique\/tension-sociale-a-lapproche-du-dialogue-national#breadcrumb\",\"itemListElement\":[{\"@type\":\"ListItem\",\"position\":1,\"name\":\"Accueil\",\"item\":\"https:\/\/www.africa-press.net\/tchad\/\"},{\"@type\":\"ListItem\",\"position\":2,\"name\":\"Tension sociale \u00e0 l\u2019approche du dialogue national\"}]},{\"@type\":\"WebSite\",\"@id\":\"https:\/\/www.africa-press.net\/tchad\/#website\",\"url\":\"https:\/\/www.africa-press.net\/tchad\/\",\"name\":\"tchad\",\"description\":\"Just another Africa News Agency Sites site\",\"potentialAction\":[{\"@type\":\"SearchAction\",\"target\":{\"@type\":\"EntryPoint\",\"urlTemplate\":\"https:\/\/www.africa-press.net\/tchad\/?s={search_term_string}\"},\"query-input\":{\"@type\":\"PropertyValueSpecification\",\"valueRequired\":true,\"valueName\":\"search_term_string\"}}],\"inLanguage\":\"fr-FR\"},{\"@type\":\"Person\",\"@id\":\"https:\/\/www.africa-press.net\/tchad\/#\/schema\/person\/2b1cf3cd81a31e3cd26889ca66d677f1\",\"name\":\"cfeditorfr\"}]}<\/script>\n<!-- \/ Yoast SEO Premium plugin. -->","yoast_head_json":{"title":"Tension sociale \u00e0 l\u2019approche du dialogue national - tchad","description":"Des mouvements de revendications des travailleurs du public ou du priv\u00e9 se multiplient. Des menaces de gr\u00e8ve, l\u2019on assis ...","robots":{"index":"index","follow":"follow","max-snippet":"max-snippet:-1","max-image-preview":"max-image-preview:large","max-video-preview":"max-video-preview:-1"},"canonical":"https:\/\/www.africa-press.net\/tchad\/politique\/tension-sociale-a-lapproche-du-dialogue-national","og_locale":"fr_FR","og_type":"article","og_title":"Tension sociale \u00e0 l\u2019approche du dialogue national","og_description":"Des mouvements de revendications des travailleurs du public ou du priv\u00e9 se multiplient. Des menaces de gr\u00e8ve, l\u2019on assis ...","og_url":"https:\/\/www.africa-press.net\/tchad\/politique\/tension-sociale-a-lapproche-du-dialogue-national","og_site_name":"tchad","article_published_time":"2022-07-25T17:08:00+00:00","article_modified_time":"2022-07-25T17:19:26+00:00","og_image":[{"width":696,"height":522,"url":"https:\/\/static.africa-press.net\/tchad\/sites\/41\/2022\/07\/postQueueImg_6-62ded08c46d8a.jpg","type":"image\/jpeg"}],"author":"cfeditorfr","twitter_card":"summary_large_image","twitter_misc":{"\u00c9crit par":"cfeditorfr","Dur\u00e9e de lecture estim\u00e9e":"4 minutes"},"schema":{"@context":"https:\/\/schema.org","@graph":[{"@type":"Article","@id":"https:\/\/www.africa-press.net\/tchad\/politique\/tension-sociale-a-lapproche-du-dialogue-national#article","isPartOf":{"@id":"https:\/\/www.africa-press.net\/tchad\/politique\/tension-sociale-a-lapproche-du-dialogue-national"},"author":{"name":"cfeditorfr","@id":"https:\/\/www.africa-press.net\/tchad\/#\/schema\/person\/2b1cf3cd81a31e3cd26889ca66d677f1"},"headline":"Tension sociale \u00e0 l\u2019approche du dialogue national","datePublished":"2022-07-25T17:08:00+00:00","dateModified":"2022-07-25T17:19:26+00:00","mainEntityOfPage":{"@id":"https:\/\/www.africa-press.net\/tchad\/politique\/tension-sociale-a-lapproche-du-dialogue-national"},"wordCount":721,"commentCount":0,"image":{"@id":"https:\/\/www.africa-press.net\/tchad\/politique\/tension-sociale-a-lapproche-du-dialogue-national#primaryimage"},"thumbnailUrl":"https:\/\/static.africa-press.net\/tchad\/sites\/41\/2022\/07\/postQueueImg_6-62ded08c46d8a.jpg","keywords":["Africa Press","Africa Press-Tchad","Tchad"],"articleSection":["homepage-french","Politique","Toutes les actualit\u00e9s"],"inLanguage":"fr-FR","potentialAction":[{"@type":"CommentAction","name":"Comment","target":["https:\/\/www.africa-press.net\/tchad\/politique\/tension-sociale-a-lapproche-du-dialogue-national#respond"]}]},{"@type":"WebPage","@id":"https:\/\/www.africa-press.net\/tchad\/politique\/tension-sociale-a-lapproche-du-dialogue-national","url":"https:\/\/www.africa-press.net\/tchad\/politique\/tension-sociale-a-lapproche-du-dialogue-national","name":"Tension sociale \u00e0 l\u2019approche du dialogue national - tchad","isPartOf":{"@id":"https:\/\/www.africa-press.net\/tchad\/#website"},"primaryImageOfPage":{"@id":"https:\/\/www.africa-press.net\/tchad\/politique\/tension-sociale-a-lapproche-du-dialogue-national#primaryimage"},"image":{"@id":"https:\/\/www.africa-press.net\/tchad\/politique\/tension-sociale-a-lapproche-du-dialogue-national#primaryimage"},"thumbnailUrl":"https:\/\/static.africa-press.net\/tchad\/sites\/41\/2022\/07\/postQueueImg_6-62ded08c46d8a.jpg","datePublished":"2022-07-25T17:08:00+00:00","dateModified":"2022-07-25T17:19:26+00:00","author":{"@id":"https:\/\/www.africa-press.net\/tchad\/#\/schema\/person\/2b1cf3cd81a31e3cd26889ca66d677f1"},"description":"Des mouvements de revendications des travailleurs du public ou du priv\u00e9 se multiplient. Des menaces de gr\u00e8ve, l\u2019on assis ...","breadcrumb":{"@id":"https:\/\/www.africa-press.net\/tchad\/politique\/tension-sociale-a-lapproche-du-dialogue-national#breadcrumb"},"inLanguage":"fr-FR","potentialAction":[{"@type":"ReadAction","target":["https:\/\/www.africa-press.net\/tchad\/politique\/tension-sociale-a-lapproche-du-dialogue-national"]}]},{"@type":"ImageObject","inLanguage":"fr-FR","@id":"https:\/\/www.africa-press.net\/tchad\/politique\/tension-sociale-a-lapproche-du-dialogue-national#primaryimage","url":"https:\/\/static.africa-press.net\/tchad\/sites\/41\/2022\/07\/postQueueImg_6-62ded08c46d8a.jpg","contentUrl":"https:\/\/static.africa-press.net\/tchad\/sites\/41\/2022\/07\/postQueueImg_6-62ded08c46d8a.jpg","width":696,"height":522,"caption":"Tension sociale \u00e0 l\u2019approche du dialogue national"},{"@type":"BreadcrumbList","@id":"https:\/\/www.africa-press.net\/tchad\/politique\/tension-sociale-a-lapproche-du-dialogue-national#breadcrumb","itemListElement":[{"@type":"ListItem","position":1,"name":"Accueil","item":"https:\/\/www.africa-press.net\/tchad\/"},{"@type":"ListItem","position":2,"name":"Tension sociale \u00e0 l\u2019approche du dialogue national"}]},{"@type":"WebSite","@id":"https:\/\/www.africa-press.net\/tchad\/#website","url":"https:\/\/www.africa-press.net\/tchad\/","name":"tchad","description":"Just another Africa News Agency Sites site","potentialAction":[{"@type":"SearchAction","target":{"@type":"EntryPoint","urlTemplate":"https:\/\/www.africa-press.net\/tchad\/?s={search_term_string}"},"query-input":{"@type":"PropertyValueSpecification","valueRequired":true,"valueName":"search_term_string"}}],"inLanguage":"fr-FR"},{"@type":"Person","@id":"https:\/\/www.africa-press.net\/tchad\/#\/schema\/person\/2b1cf3cd81a31e3cd26889ca66d677f1","name":"cfeditorfr"}]}},"_links":{"self":[{"href":"https:\/\/www.africa-press.net\/tchad\/wp-json\/wp\/v2\/posts\/29529","targetHints":{"allow":["GET"]}}],"collection":[{"href":"https:\/\/www.africa-press.net\/tchad\/wp-json\/wp\/v2\/posts"}],"about":[{"href":"https:\/\/www.africa-press.net\/tchad\/wp-json\/wp\/v2\/types\/post"}],"author":[{"embeddable":true,"href":"https:\/\/www.africa-press.net\/tchad\/wp-json\/wp\/v2\/users\/82"}],"replies":[{"embeddable":true,"href":"https:\/\/www.africa-press.net\/tchad\/wp-json\/wp\/v2\/comments?post=29529"}],"version-history":[{"count":0,"href":"https:\/\/www.africa-press.net\/tchad\/wp-json\/wp\/v2\/posts\/29529\/revisions"}],"wp:featuredmedia":[{"embeddable":true,"href":"https:\/\/www.africa-press.net\/tchad\/wp-json\/wp\/v2\/media\/29528"}],"wp:attachment":[{"href":"https:\/\/www.africa-press.net\/tchad\/wp-json\/wp\/v2\/media?parent=29529"}],"wp:term":[{"taxonomy":"category","embeddable":true,"href":"https:\/\/www.africa-press.net\/tchad\/wp-json\/wp\/v2\/categories?post=29529"},{"taxonomy":"post_tag","embeddable":true,"href":"https:\/\/www.africa-press.net\/tchad\/wp-json\/wp\/v2\/tags?post=29529"}],"curies":[{"name":"wp","href":"https:\/\/api.w.org\/{rel}","templated":true}]}}