{"id":29535,"date":"2022-07-25T17:11:01","date_gmt":"2022-07-25T17:11:01","guid":{"rendered":"https:\/\/www.africa-press.net\/tchad\/politique\/lujt-et-fij-forment-les-professionnels-des-medias-sur-le-changement-climatique"},"modified":"2022-07-25T17:20:20","modified_gmt":"2022-07-25T17:20:20","slug":"lujt-et-fij-forment-les-professionnels-des-medias-sur-le-changement-climatique","status":"publish","type":"post","link":"https:\/\/www.africa-press.net\/tchad\/toutes-les-actualites\/lujt-et-fij-forment-les-professionnels-des-medias-sur-le-changement-climatique","title":{"rendered":"L\u2019Ujt et Fij forment les professionnels des m\u00e9dias sur le changement climatique"},"content":{"rendered":"<p><span style=\"color: #ff6600\"><strong>Africa-Press &#8211; Tchad. <\/strong><\/span>L\u2019Union des journalistes tchadiens (Ujt) en collaboration avec la F\u00e9d\u00e9ration internationale des journalistes (Fij) forment les professionnels des m\u00e9dias sur la protection de l\u2019environnement et le changement climatique du 25 au 27 juillet \u00e0 l\u2019office national des m\u00e9dias et de l\u2019audiovisuel.<\/p>\n<p>Cette formation plac\u00e9e sous le th\u00e8me \u2018\u2018Media et changement climatique\u2019\u2019 est acc\u00e8s sur les fondamentaux du changement climatique. Elle s\u2019articule autour des concepts tels que, les politiques nationales du changement climatique et la dimension de celui-ci. Pour le pr\u00e9sident de l\u2019Union des journalistes tchadiens, Abbas Mahmoud Tahir, dans le monde entier les m\u00e9dias sont reconnus comme une arme cruciale dans la lutte contre le changement climatique. \u00ab Le bureau Afrique de la FIJ et son association r\u00e9gionale pour l\u2019Afrique, la F\u00e9d\u00e9ration des journalistes africains (FAJ), ont r\u00e9alis\u00e9 que seuls tr\u00e8s peu de journalistes font des reportages sur le changement climatique \u00e0 travers le continent, et les m\u00e9dias africains n\u2019accordent pas au changement climatique la priorit\u00e9 qu\u2019il m\u00e9rite dans leur couverture de l\u2019actualit\u00e9 et programmes \u00bb, informe-t-il.<\/p>\n<p>Les tr\u00e8s rares journalistes qui font des reportages sur le changement climatique, constate-t-il, il y a une grande difficult\u00e9 \u00e0 comprendre les concepts, et un d\u00e9ficit de comp\u00e9tences pour pouvoir mettre en \u00e9vidence les effets du changement climatique dans les catastrophes naturelles comme les inondations, d\u00e9forestation, \u00e9rosion et pr\u00e9cipitations sans pr\u00e9c\u00e9dent. \u00ab C\u2019est sur la base de ces perceptions que la Fij a jug\u00e9 n\u00e9cessaire de former des journalistes \u00e0 travers le continent afin de renforcer leurs capacit\u00e9s \u00e0 rendre compte du changement climatique \u00bb<\/p>\n<p>Pour ministre de l\u2019environnement, de la p\u00eache et du d\u00e9veloppement durable, Mahamat Lazina, le renforcement des connaissances des journalistes en mati\u00e8re de la protection de l\u2019environnement en vue d\u2019un suivi optimal des m\u00e9canismes et des programmes nationaux politique en mati\u00e8re d\u2019environnement et du changement climatique est important pour Tchad. \u00ab La n\u00e9cessit\u00e9 de la conservation et la gestion durable des \u00e9cosyst\u00e8mes forestiers du Tchad doit \u00eatre comprise par toute la population pour permettre une bonne mise en \u0153uvre de ces actions entreprises par le gouvernement en faveur de l\u2019environnement. Et cela ne peut se faire sans les journalistes que vous \u00eates \u00bb, estime-t-il.<\/p>\n<p><strong>Pour plus d&rsquo;informations et d&rsquo;analyses sur la <a href=\"https:\/\/www.africa-press.net\/tchad\">Tchad<\/a>, suivez <a href=\"https:\/\/www.africa-press.net\/\">Africa-Press<\/a><\/strong><\/p>\n","protected":false},"excerpt":{"rendered":"<p>Africa-Press &#8211; Tchad. L\u2019Union des journalistes tchadiens (Ujt) en collaboration avec la F\u00e9d\u00e9ration internationale des journalistes (Fij) forment les professionnels des m\u00e9dias sur la protection de l\u2019environnement et le changement climatique du 25 au 27 juillet \u00e0 l\u2019office national des m\u00e9dias et de l\u2019audiovisuel. Cette formation plac\u00e9e sous le th\u00e8me \u2018\u2018Media et changement climatique\u2019\u2019 est [&hellip;]<\/p>\n","protected":false},"author":82,"featured_media":29534,"comment_status":"open","ping_status":"closed","sticky":false,"template":"","format":"standard","meta":{"footnotes":""},"categories":[21,11,10],"tags":[37,292,29],"class_list":["post-29535","post","type-post","status-publish","format-standard","has-post-thumbnail","hentry","category-communaute","category-homepage-french","category-toutes-les-actualites","tag-africa-press","tag-africa-press-tchad","tag-tchad"],"yoast_head":"<!-- This site is optimized with the Yoast SEO Premium plugin v26.1 (Yoast SEO v27.0) - https:\/\/yoast.com\/product\/yoast-seo-premium-wordpress\/ -->\n<title>L\u2019Ujt et Fij forment les professionnels des m\u00e9dias sur le changement climatique - tchad<\/title>\n<meta name=\"description\" content=\"L\u2019Union des journalistes tchadiens (Ujt) en collaboration avec la F\u00e9d\u00e9ration internationale des journalistes (Fij) forme ...\" \/>\n<meta name=\"robots\" content=\"index, follow, max-snippet:-1, max-image-preview:large, max-video-preview:-1\" \/>\n<link rel=\"canonical\" href=\"https:\/\/www.africa-press.net\/tchad\/toutes-les-actualites\/lujt-et-fij-forment-les-professionnels-des-medias-sur-le-changement-climatique\" \/>\n<meta property=\"og:locale\" content=\"fr_FR\" \/>\n<meta property=\"og:type\" content=\"article\" \/>\n<meta property=\"og:title\" content=\"L\u2019Ujt et Fij forment les professionnels des m\u00e9dias sur le changement climatique\" \/>\n<meta property=\"og:description\" content=\"L\u2019Union des journalistes tchadiens (Ujt) en collaboration avec la F\u00e9d\u00e9ration internationale des journalistes (Fij) forme ...\" \/>\n<meta property=\"og:url\" content=\"https:\/\/www.africa-press.net\/tchad\/toutes-les-actualites\/lujt-et-fij-forment-les-professionnels-des-medias-sur-le-changement-climatique\" \/>\n<meta property=\"og:site_name\" content=\"tchad\" \/>\n<meta property=\"article:published_time\" content=\"2022-07-25T17:11:01+00:00\" \/>\n<meta property=\"article:modified_time\" content=\"2022-07-25T17:20:20+00:00\" \/>\n<meta property=\"og:image\" content=\"https:\/\/static.africa-press.net\/tchad\/sites\/41\/2022\/07\/postQueueImg_8-62ded0bf49a66.jpg\" \/>\n\t<meta property=\"og:image:width\" content=\"927\" \/>\n\t<meta property=\"og:image:height\" content=\"737\" \/>\n\t<meta property=\"og:image:type\" content=\"image\/jpeg\" \/>\n<meta name=\"author\" content=\"cfeditorfr\" \/>\n<meta name=\"twitter:card\" content=\"summary_large_image\" \/>\n<meta name=\"twitter:label1\" content=\"\u00c9crit par\" \/>\n\t<meta name=\"twitter:data1\" content=\"cfeditorfr\" \/>\n\t<meta name=\"twitter:label2\" content=\"Dur\u00e9e de lecture estim\u00e9e\" \/>\n\t<meta name=\"twitter:data2\" content=\"2 minutes\" \/>\n<script type=\"application\/ld+json\" class=\"yoast-schema-graph\">{\"@context\":\"https:\/\/schema.org\",\"@graph\":[{\"@type\":\"Article\",\"@id\":\"https:\/\/www.africa-press.net\/tchad\/toutes-les-actualites\/lujt-et-fij-forment-les-professionnels-des-medias-sur-le-changement-climatique#article\",\"isPartOf\":{\"@id\":\"https:\/\/www.africa-press.net\/tchad\/toutes-les-actualites\/lujt-et-fij-forment-les-professionnels-des-medias-sur-le-changement-climatique\"},\"author\":{\"name\":\"cfeditorfr\",\"@id\":\"https:\/\/www.africa-press.net\/tchad\/#\/schema\/person\/2b1cf3cd81a31e3cd26889ca66d677f1\"},\"headline\":\"L\u2019Ujt et Fij forment les professionnels des m\u00e9dias sur le changement climatique\",\"datePublished\":\"2022-07-25T17:11:01+00:00\",\"dateModified\":\"2022-07-25T17:20:20+00:00\",\"mainEntityOfPage\":{\"@id\":\"https:\/\/www.africa-press.net\/tchad\/toutes-les-actualites\/lujt-et-fij-forment-les-professionnels-des-medias-sur-le-changement-climatique\"},\"wordCount\":419,\"commentCount\":0,\"image\":{\"@id\":\"https:\/\/www.africa-press.net\/tchad\/toutes-les-actualites\/lujt-et-fij-forment-les-professionnels-des-medias-sur-le-changement-climatique#primaryimage\"},\"thumbnailUrl\":\"https:\/\/static.africa-press.net\/tchad\/sites\/41\/2022\/07\/postQueueImg_8-62ded0bf49a66.jpg\",\"keywords\":[\"Africa Press\",\"Africa Press-Tchad\",\"Tchad\"],\"articleSection\":[\"Communaut\u00e9\",\"homepage-french\",\"Toutes les actualit\u00e9s\"],\"inLanguage\":\"fr-FR\",\"potentialAction\":[{\"@type\":\"CommentAction\",\"name\":\"Comment\",\"target\":[\"https:\/\/www.africa-press.net\/tchad\/toutes-les-actualites\/lujt-et-fij-forment-les-professionnels-des-medias-sur-le-changement-climatique#respond\"]}]},{\"@type\":\"WebPage\",\"@id\":\"https:\/\/www.africa-press.net\/tchad\/toutes-les-actualites\/lujt-et-fij-forment-les-professionnels-des-medias-sur-le-changement-climatique\",\"url\":\"https:\/\/www.africa-press.net\/tchad\/toutes-les-actualites\/lujt-et-fij-forment-les-professionnels-des-medias-sur-le-changement-climatique\",\"name\":\"L\u2019Ujt et Fij forment les professionnels des m\u00e9dias sur le changement climatique - tchad\",\"isPartOf\":{\"@id\":\"https:\/\/www.africa-press.net\/tchad\/#website\"},\"primaryImageOfPage\":{\"@id\":\"https:\/\/www.africa-press.net\/tchad\/toutes-les-actualites\/lujt-et-fij-forment-les-professionnels-des-medias-sur-le-changement-climatique#primaryimage\"},\"image\":{\"@id\":\"https:\/\/www.africa-press.net\/tchad\/toutes-les-actualites\/lujt-et-fij-forment-les-professionnels-des-medias-sur-le-changement-climatique#primaryimage\"},\"thumbnailUrl\":\"https:\/\/static.africa-press.net\/tchad\/sites\/41\/2022\/07\/postQueueImg_8-62ded0bf49a66.jpg\",\"datePublished\":\"2022-07-25T17:11:01+00:00\",\"dateModified\":\"2022-07-25T17:20:20+00:00\",\"author\":{\"@id\":\"https:\/\/www.africa-press.net\/tchad\/#\/schema\/person\/2b1cf3cd81a31e3cd26889ca66d677f1\"},\"description\":\"L\u2019Union des journalistes tchadiens (Ujt) en collaboration avec la F\u00e9d\u00e9ration internationale des journalistes (Fij) forme ...\",\"breadcrumb\":{\"@id\":\"https:\/\/www.africa-press.net\/tchad\/toutes-les-actualites\/lujt-et-fij-forment-les-professionnels-des-medias-sur-le-changement-climatique#breadcrumb\"},\"inLanguage\":\"fr-FR\",\"potentialAction\":[{\"@type\":\"ReadAction\",\"target\":[\"https:\/\/www.africa-press.net\/tchad\/toutes-les-actualites\/lujt-et-fij-forment-les-professionnels-des-medias-sur-le-changement-climatique\"]}]},{\"@type\":\"ImageObject\",\"inLanguage\":\"fr-FR\",\"@id\":\"https:\/\/www.africa-press.net\/tchad\/toutes-les-actualites\/lujt-et-fij-forment-les-professionnels-des-medias-sur-le-changement-climatique#primaryimage\",\"url\":\"https:\/\/static.africa-press.net\/tchad\/sites\/41\/2022\/07\/postQueueImg_8-62ded0bf49a66.jpg\",\"contentUrl\":\"https:\/\/static.africa-press.net\/tchad\/sites\/41\/2022\/07\/postQueueImg_8-62ded0bf49a66.jpg\",\"width\":927,\"height\":737,\"caption\":\"L\u2019Ujt et Fij forment les professionnels des m\u00e9dias sur le changement climatique\"},{\"@type\":\"BreadcrumbList\",\"@id\":\"https:\/\/www.africa-press.net\/tchad\/toutes-les-actualites\/lujt-et-fij-forment-les-professionnels-des-medias-sur-le-changement-climatique#breadcrumb\",\"itemListElement\":[{\"@type\":\"ListItem\",\"position\":1,\"name\":\"Accueil\",\"item\":\"https:\/\/www.africa-press.net\/tchad\/\"},{\"@type\":\"ListItem\",\"position\":2,\"name\":\"L\u2019Ujt et Fij forment les professionnels des m\u00e9dias sur le changement climatique\"}]},{\"@type\":\"WebSite\",\"@id\":\"https:\/\/www.africa-press.net\/tchad\/#website\",\"url\":\"https:\/\/www.africa-press.net\/tchad\/\",\"name\":\"tchad\",\"description\":\"Just another Africa News Agency Sites site\",\"potentialAction\":[{\"@type\":\"SearchAction\",\"target\":{\"@type\":\"EntryPoint\",\"urlTemplate\":\"https:\/\/www.africa-press.net\/tchad\/?s={search_term_string}\"},\"query-input\":{\"@type\":\"PropertyValueSpecification\",\"valueRequired\":true,\"valueName\":\"search_term_string\"}}],\"inLanguage\":\"fr-FR\"},{\"@type\":\"Person\",\"@id\":\"https:\/\/www.africa-press.net\/tchad\/#\/schema\/person\/2b1cf3cd81a31e3cd26889ca66d677f1\",\"name\":\"cfeditorfr\"}]}<\/script>\n<!-- \/ Yoast SEO Premium plugin. -->","yoast_head_json":{"title":"L\u2019Ujt et Fij forment les professionnels des m\u00e9dias sur le changement climatique - tchad","description":"L\u2019Union des journalistes tchadiens (Ujt) en collaboration avec la F\u00e9d\u00e9ration internationale des journalistes (Fij) forme ...","robots":{"index":"index","follow":"follow","max-snippet":"max-snippet:-1","max-image-preview":"max-image-preview:large","max-video-preview":"max-video-preview:-1"},"canonical":"https:\/\/www.africa-press.net\/tchad\/toutes-les-actualites\/lujt-et-fij-forment-les-professionnels-des-medias-sur-le-changement-climatique","og_locale":"fr_FR","og_type":"article","og_title":"L\u2019Ujt et Fij forment les professionnels des m\u00e9dias sur le changement climatique","og_description":"L\u2019Union des journalistes tchadiens (Ujt) en collaboration avec la F\u00e9d\u00e9ration internationale des journalistes (Fij) forme ...","og_url":"https:\/\/www.africa-press.net\/tchad\/toutes-les-actualites\/lujt-et-fij-forment-les-professionnels-des-medias-sur-le-changement-climatique","og_site_name":"tchad","article_published_time":"2022-07-25T17:11:01+00:00","article_modified_time":"2022-07-25T17:20:20+00:00","og_image":[{"width":927,"height":737,"url":"https:\/\/static.africa-press.net\/tchad\/sites\/41\/2022\/07\/postQueueImg_8-62ded0bf49a66.jpg","type":"image\/jpeg"}],"author":"cfeditorfr","twitter_card":"summary_large_image","twitter_misc":{"\u00c9crit par":"cfeditorfr","Dur\u00e9e de lecture estim\u00e9e":"2 minutes"},"schema":{"@context":"https:\/\/schema.org","@graph":[{"@type":"Article","@id":"https:\/\/www.africa-press.net\/tchad\/toutes-les-actualites\/lujt-et-fij-forment-les-professionnels-des-medias-sur-le-changement-climatique#article","isPartOf":{"@id":"https:\/\/www.africa-press.net\/tchad\/toutes-les-actualites\/lujt-et-fij-forment-les-professionnels-des-medias-sur-le-changement-climatique"},"author":{"name":"cfeditorfr","@id":"https:\/\/www.africa-press.net\/tchad\/#\/schema\/person\/2b1cf3cd81a31e3cd26889ca66d677f1"},"headline":"L\u2019Ujt et Fij forment les professionnels des m\u00e9dias sur le changement climatique","datePublished":"2022-07-25T17:11:01+00:00","dateModified":"2022-07-25T17:20:20+00:00","mainEntityOfPage":{"@id":"https:\/\/www.africa-press.net\/tchad\/toutes-les-actualites\/lujt-et-fij-forment-les-professionnels-des-medias-sur-le-changement-climatique"},"wordCount":419,"commentCount":0,"image":{"@id":"https:\/\/www.africa-press.net\/tchad\/toutes-les-actualites\/lujt-et-fij-forment-les-professionnels-des-medias-sur-le-changement-climatique#primaryimage"},"thumbnailUrl":"https:\/\/static.africa-press.net\/tchad\/sites\/41\/2022\/07\/postQueueImg_8-62ded0bf49a66.jpg","keywords":["Africa Press","Africa Press-Tchad","Tchad"],"articleSection":["Communaut\u00e9","homepage-french","Toutes les actualit\u00e9s"],"inLanguage":"fr-FR","potentialAction":[{"@type":"CommentAction","name":"Comment","target":["https:\/\/www.africa-press.net\/tchad\/toutes-les-actualites\/lujt-et-fij-forment-les-professionnels-des-medias-sur-le-changement-climatique#respond"]}]},{"@type":"WebPage","@id":"https:\/\/www.africa-press.net\/tchad\/toutes-les-actualites\/lujt-et-fij-forment-les-professionnels-des-medias-sur-le-changement-climatique","url":"https:\/\/www.africa-press.net\/tchad\/toutes-les-actualites\/lujt-et-fij-forment-les-professionnels-des-medias-sur-le-changement-climatique","name":"L\u2019Ujt et Fij forment les professionnels des m\u00e9dias sur le changement climatique - tchad","isPartOf":{"@id":"https:\/\/www.africa-press.net\/tchad\/#website"},"primaryImageOfPage":{"@id":"https:\/\/www.africa-press.net\/tchad\/toutes-les-actualites\/lujt-et-fij-forment-les-professionnels-des-medias-sur-le-changement-climatique#primaryimage"},"image":{"@id":"https:\/\/www.africa-press.net\/tchad\/toutes-les-actualites\/lujt-et-fij-forment-les-professionnels-des-medias-sur-le-changement-climatique#primaryimage"},"thumbnailUrl":"https:\/\/static.africa-press.net\/tchad\/sites\/41\/2022\/07\/postQueueImg_8-62ded0bf49a66.jpg","datePublished":"2022-07-25T17:11:01+00:00","dateModified":"2022-07-25T17:20:20+00:00","author":{"@id":"https:\/\/www.africa-press.net\/tchad\/#\/schema\/person\/2b1cf3cd81a31e3cd26889ca66d677f1"},"description":"L\u2019Union des journalistes tchadiens (Ujt) en collaboration avec la F\u00e9d\u00e9ration internationale des journalistes (Fij) forme ...","breadcrumb":{"@id":"https:\/\/www.africa-press.net\/tchad\/toutes-les-actualites\/lujt-et-fij-forment-les-professionnels-des-medias-sur-le-changement-climatique#breadcrumb"},"inLanguage":"fr-FR","potentialAction":[{"@type":"ReadAction","target":["https:\/\/www.africa-press.net\/tchad\/toutes-les-actualites\/lujt-et-fij-forment-les-professionnels-des-medias-sur-le-changement-climatique"]}]},{"@type":"ImageObject","inLanguage":"fr-FR","@id":"https:\/\/www.africa-press.net\/tchad\/toutes-les-actualites\/lujt-et-fij-forment-les-professionnels-des-medias-sur-le-changement-climatique#primaryimage","url":"https:\/\/static.africa-press.net\/tchad\/sites\/41\/2022\/07\/postQueueImg_8-62ded0bf49a66.jpg","contentUrl":"https:\/\/static.africa-press.net\/tchad\/sites\/41\/2022\/07\/postQueueImg_8-62ded0bf49a66.jpg","width":927,"height":737,"caption":"L\u2019Ujt et Fij forment les professionnels des m\u00e9dias sur le changement climatique"},{"@type":"BreadcrumbList","@id":"https:\/\/www.africa-press.net\/tchad\/toutes-les-actualites\/lujt-et-fij-forment-les-professionnels-des-medias-sur-le-changement-climatique#breadcrumb","itemListElement":[{"@type":"ListItem","position":1,"name":"Accueil","item":"https:\/\/www.africa-press.net\/tchad\/"},{"@type":"ListItem","position":2,"name":"L\u2019Ujt et Fij forment les professionnels des m\u00e9dias sur le changement climatique"}]},{"@type":"WebSite","@id":"https:\/\/www.africa-press.net\/tchad\/#website","url":"https:\/\/www.africa-press.net\/tchad\/","name":"tchad","description":"Just another Africa News Agency Sites site","potentialAction":[{"@type":"SearchAction","target":{"@type":"EntryPoint","urlTemplate":"https:\/\/www.africa-press.net\/tchad\/?s={search_term_string}"},"query-input":{"@type":"PropertyValueSpecification","valueRequired":true,"valueName":"search_term_string"}}],"inLanguage":"fr-FR"},{"@type":"Person","@id":"https:\/\/www.africa-press.net\/tchad\/#\/schema\/person\/2b1cf3cd81a31e3cd26889ca66d677f1","name":"cfeditorfr"}]}},"_links":{"self":[{"href":"https:\/\/www.africa-press.net\/tchad\/wp-json\/wp\/v2\/posts\/29535","targetHints":{"allow":["GET"]}}],"collection":[{"href":"https:\/\/www.africa-press.net\/tchad\/wp-json\/wp\/v2\/posts"}],"about":[{"href":"https:\/\/www.africa-press.net\/tchad\/wp-json\/wp\/v2\/types\/post"}],"author":[{"embeddable":true,"href":"https:\/\/www.africa-press.net\/tchad\/wp-json\/wp\/v2\/users\/82"}],"replies":[{"embeddable":true,"href":"https:\/\/www.africa-press.net\/tchad\/wp-json\/wp\/v2\/comments?post=29535"}],"version-history":[{"count":0,"href":"https:\/\/www.africa-press.net\/tchad\/wp-json\/wp\/v2\/posts\/29535\/revisions"}],"wp:featuredmedia":[{"embeddable":true,"href":"https:\/\/www.africa-press.net\/tchad\/wp-json\/wp\/v2\/media\/29534"}],"wp:attachment":[{"href":"https:\/\/www.africa-press.net\/tchad\/wp-json\/wp\/v2\/media?parent=29535"}],"wp:term":[{"taxonomy":"category","embeddable":true,"href":"https:\/\/www.africa-press.net\/tchad\/wp-json\/wp\/v2\/categories?post=29535"},{"taxonomy":"post_tag","embeddable":true,"href":"https:\/\/www.africa-press.net\/tchad\/wp-json\/wp\/v2\/tags?post=29535"}],"curies":[{"name":"wp","href":"https:\/\/api.w.org\/{rel}","templated":true}]}}