{"id":29562,"date":"2022-07-26T15:35:39","date_gmt":"2022-07-26T15:35:39","guid":{"rendered":"https:\/\/www.africa-press.net\/tchad\/politique\/en-quete-de-solutions-contre-linsecurite-a-ndjamena"},"modified":"2022-07-26T16:13:20","modified_gmt":"2022-07-26T16:13:20","slug":"en-quete-de-solutions-contre-linsecurite-a-ndjamena","status":"publish","type":"post","link":"https:\/\/www.africa-press.net\/tchad\/politique\/en-quete-de-solutions-contre-linsecurite-a-ndjamena","title":{"rendered":"en qu\u00eate de solutions contre l\u2019ins\u00e9curit\u00e9 \u00e0 N\u2019Djamena"},"content":{"rendered":"<p><span style=\"color: #ff6600\"><strong>Africa-Press &#8211; Tchad. <\/strong><\/span><b>Une r\u00e9union sur la s\u00e9curit\u00e9 des biens et des personnes a \u00e9t\u00e9 organis\u00e9e dans la ville de N\u2019Djamena le 25 mai 2022. C\u2019est une initiative du directeur g\u00e9n\u00e9ral de la police, Moussa Haroun Tirgo.<\/b><\/p>\n<p>Une r\u00e9union sur la s\u00e9curit\u00e9 des biens et des personnes a \u00e9t\u00e9 organis\u00e9e dans la ville de N\u2019Djamena le 25 mai 2022. C\u2019est une initiative du directeur g\u00e9n\u00e9ral de la police, Moussa Haroun Tirgo.<\/p>\n<p>Les \u00e9changes \u00e9taient ax\u00e9s sur les strat\u00e9gies \u00e0 adopter pour mettre en confiance la population en assurant sa s\u00e9curit\u00e9 et de faire face \u00e0 l\u2019ins\u00e9curit\u00e9 dans la capitale. La s\u00e9ance qui s\u2019est tenue dans la salle de conf\u00e9rence du minist\u00e8re des Affaires \u00e9trang\u00e8res, a r\u00e9uni le directeur g\u00e9n\u00e9ral du gouvernement aupr\u00e8s de la commune de N\u2019Djamena, le directeur g\u00e9n\u00e9ral de la police nationale et le maire de la ville de N\u2019Djamena.<\/p>\n<p>En face de ces derniers \u00e9taient pr\u00e9sents, les maires des communes d\u2019arrondissement, les responsables des forces de d\u00e9fense et de s\u00e9curit\u00e9 de la ville de N\u2019Djamena, aux d\u00e9l\u00e9gu\u00e9s des quartiers, aux chefs des carr\u00e9s ainsi qu\u2019aux repr\u00e9sentants des conducteurs des taxis, bus et mototaxis. Les \u00e9changes ont essentiellement port\u00e9 sur la s\u00e9curit\u00e9 des biens et des personnes.<\/p>\n<p>Le DG de la police a reconnu que, qu\u2019une d\u00e9faillance organisationnelle au niveau administratif handicape la s\u00e9curit\u00e9 des personnes et des biens. Il invite toutes les parties \u00e0 un travail de synergie. Il demande de red\u00e9finir une nouvelle strat\u00e9gie de s\u00e9curit\u00e9 pour mieux traquer les hors la loi qui \u00f4tent le sommeil aux paisibles citoyens.<\/p>\n<p><strong>Pour plus d&rsquo;informations et d&rsquo;analyses sur la <a href=\"https:\/\/www.africa-press.net\/tchad\">Tchad<\/a>, suivez <a href=\"https:\/\/www.africa-press.net\/\">Africa-Press<\/a><\/strong><\/p>\n","protected":false},"excerpt":{"rendered":"<p>Africa-Press &#8211; Tchad. Une r\u00e9union sur la s\u00e9curit\u00e9 des biens et des personnes a \u00e9t\u00e9 organis\u00e9e dans la ville de N\u2019Djamena le 25 mai 2022. C\u2019est une initiative du directeur g\u00e9n\u00e9ral de la police, Moussa Haroun Tirgo. Une r\u00e9union sur la s\u00e9curit\u00e9 des biens et des personnes a \u00e9t\u00e9 organis\u00e9e dans la ville de N\u2019Djamena [&hellip;]<\/p>\n","protected":false},"author":82,"featured_media":29561,"comment_status":"open","ping_status":"closed","sticky":false,"template":"","format":"standard","meta":{"footnotes":""},"categories":[11,2,20,10],"tags":[37,292,3989,3988,29],"class_list":["post-29562","post","type-post","status-publish","format-standard","has-post-thumbnail","hentry","category-homepage-french","category-politique","category-top-nouvelles","category-toutes-les-actualites","tag-africa-press","tag-africa-press-tchad","tag-insecurite-a-ndjamena","tag-securite-des-biens","tag-tchad"],"yoast_head":"<!-- This site is optimized with the Yoast SEO Premium plugin v26.1 (Yoast SEO v27.0) - https:\/\/yoast.com\/product\/yoast-seo-premium-wordpress\/ -->\n<title>en qu\u00eate de solutions contre l\u2019ins\u00e9curit\u00e9 \u00e0 N\u2019Djamena - tchad<\/title>\n<meta name=\"description\" content=\"Une r\u00e9union sur la s\u00e9curit\u00e9 des biens et des personnes a \u00e9t\u00e9 organis\u00e9e dans la ville de N\u2019Djamena le 25 mai 2022. C\u2019e ...\" \/>\n<meta name=\"robots\" content=\"index, follow, max-snippet:-1, max-image-preview:large, max-video-preview:-1\" \/>\n<link rel=\"canonical\" href=\"https:\/\/www.africa-press.net\/tchad\/politique\/en-quete-de-solutions-contre-linsecurite-a-ndjamena\" \/>\n<meta property=\"og:locale\" content=\"fr_FR\" \/>\n<meta property=\"og:type\" content=\"article\" \/>\n<meta property=\"og:title\" content=\"en qu\u00eate de solutions contre l\u2019ins\u00e9curit\u00e9 \u00e0 N\u2019Djamena\" \/>\n<meta property=\"og:description\" content=\"Une r\u00e9union sur la s\u00e9curit\u00e9 des biens et des personnes a \u00e9t\u00e9 organis\u00e9e dans la ville de N\u2019Djamena le 25 mai 2022. C\u2019e ...\" \/>\n<meta property=\"og:url\" content=\"https:\/\/www.africa-press.net\/tchad\/politique\/en-quete-de-solutions-contre-linsecurite-a-ndjamena\" \/>\n<meta property=\"og:site_name\" content=\"tchad\" \/>\n<meta property=\"article:published_time\" content=\"2022-07-26T15:35:39+00:00\" \/>\n<meta property=\"article:modified_time\" content=\"2022-07-26T16:13:20+00:00\" \/>\n<meta property=\"og:image\" content=\"https:\/\/static.africa-press.net\/tchad\/sites\/41\/2022\/07\/postQueueImg_6-62e012823fa4b.jpg\" \/>\n\t<meta property=\"og:image:width\" content=\"780\" \/>\n\t<meta property=\"og:image:height\" content=\"440\" \/>\n\t<meta property=\"og:image:type\" content=\"image\/jpeg\" \/>\n<meta name=\"author\" content=\"cfeditorfr\" \/>\n<meta name=\"twitter:card\" content=\"summary_large_image\" \/>\n<meta name=\"twitter:label1\" content=\"\u00c9crit par\" \/>\n\t<meta name=\"twitter:data1\" content=\"cfeditorfr\" \/>\n\t<meta name=\"twitter:label2\" content=\"Dur\u00e9e de lecture estim\u00e9e\" \/>\n\t<meta name=\"twitter:data2\" content=\"2 minutes\" \/>\n<script type=\"application\/ld+json\" class=\"yoast-schema-graph\">{\"@context\":\"https:\/\/schema.org\",\"@graph\":[{\"@type\":\"Article\",\"@id\":\"https:\/\/www.africa-press.net\/tchad\/politique\/en-quete-de-solutions-contre-linsecurite-a-ndjamena#article\",\"isPartOf\":{\"@id\":\"https:\/\/www.africa-press.net\/tchad\/politique\/en-quete-de-solutions-contre-linsecurite-a-ndjamena\"},\"author\":{\"name\":\"cfeditorfr\",\"@id\":\"https:\/\/www.africa-press.net\/tchad\/#\/schema\/person\/2b1cf3cd81a31e3cd26889ca66d677f1\"},\"headline\":\"en qu\u00eate de solutions contre l\u2019ins\u00e9curit\u00e9 \u00e0 N\u2019Djamena\",\"datePublished\":\"2022-07-26T15:35:39+00:00\",\"dateModified\":\"2022-07-26T16:13:20+00:00\",\"mainEntityOfPage\":{\"@id\":\"https:\/\/www.africa-press.net\/tchad\/politique\/en-quete-de-solutions-contre-linsecurite-a-ndjamena\"},\"wordCount\":320,\"commentCount\":0,\"image\":{\"@id\":\"https:\/\/www.africa-press.net\/tchad\/politique\/en-quete-de-solutions-contre-linsecurite-a-ndjamena#primaryimage\"},\"thumbnailUrl\":\"https:\/\/static.africa-press.net\/tchad\/sites\/41\/2022\/07\/postQueueImg_6-62e012823fa4b.jpg\",\"keywords\":[\"Africa Press\",\"Africa Press-Tchad\",\"ins\u00e9curit\u00e9 \u00e0 N\u2019Djamena\",\"s\u00e9curit\u00e9 des biens\",\"Tchad\"],\"articleSection\":[\"homepage-french\",\"Politique\",\"Top Nouvelles\",\"Toutes les actualit\u00e9s\"],\"inLanguage\":\"fr-FR\",\"potentialAction\":[{\"@type\":\"CommentAction\",\"name\":\"Comment\",\"target\":[\"https:\/\/www.africa-press.net\/tchad\/politique\/en-quete-de-solutions-contre-linsecurite-a-ndjamena#respond\"]}]},{\"@type\":\"WebPage\",\"@id\":\"https:\/\/www.africa-press.net\/tchad\/politique\/en-quete-de-solutions-contre-linsecurite-a-ndjamena\",\"url\":\"https:\/\/www.africa-press.net\/tchad\/politique\/en-quete-de-solutions-contre-linsecurite-a-ndjamena\",\"name\":\"en qu\u00eate de solutions contre l\u2019ins\u00e9curit\u00e9 \u00e0 N\u2019Djamena - tchad\",\"isPartOf\":{\"@id\":\"https:\/\/www.africa-press.net\/tchad\/#website\"},\"primaryImageOfPage\":{\"@id\":\"https:\/\/www.africa-press.net\/tchad\/politique\/en-quete-de-solutions-contre-linsecurite-a-ndjamena#primaryimage\"},\"image\":{\"@id\":\"https:\/\/www.africa-press.net\/tchad\/politique\/en-quete-de-solutions-contre-linsecurite-a-ndjamena#primaryimage\"},\"thumbnailUrl\":\"https:\/\/static.africa-press.net\/tchad\/sites\/41\/2022\/07\/postQueueImg_6-62e012823fa4b.jpg\",\"datePublished\":\"2022-07-26T15:35:39+00:00\",\"dateModified\":\"2022-07-26T16:13:20+00:00\",\"author\":{\"@id\":\"https:\/\/www.africa-press.net\/tchad\/#\/schema\/person\/2b1cf3cd81a31e3cd26889ca66d677f1\"},\"description\":\"Une r\u00e9union sur la s\u00e9curit\u00e9 des biens et des personnes a \u00e9t\u00e9 organis\u00e9e dans la ville de N\u2019Djamena le 25 mai 2022. C\u2019e ...\",\"breadcrumb\":{\"@id\":\"https:\/\/www.africa-press.net\/tchad\/politique\/en-quete-de-solutions-contre-linsecurite-a-ndjamena#breadcrumb\"},\"inLanguage\":\"fr-FR\",\"potentialAction\":[{\"@type\":\"ReadAction\",\"target\":[\"https:\/\/www.africa-press.net\/tchad\/politique\/en-quete-de-solutions-contre-linsecurite-a-ndjamena\"]}]},{\"@type\":\"ImageObject\",\"inLanguage\":\"fr-FR\",\"@id\":\"https:\/\/www.africa-press.net\/tchad\/politique\/en-quete-de-solutions-contre-linsecurite-a-ndjamena#primaryimage\",\"url\":\"https:\/\/static.africa-press.net\/tchad\/sites\/41\/2022\/07\/postQueueImg_6-62e012823fa4b.jpg\",\"contentUrl\":\"https:\/\/static.africa-press.net\/tchad\/sites\/41\/2022\/07\/postQueueImg_6-62e012823fa4b.jpg\",\"width\":780,\"height\":440,\"caption\":\"en qu\u00eate de solutions contre l\u2019ins\u00e9curit\u00e9 \u00e0 N\u2019Djamena\"},{\"@type\":\"BreadcrumbList\",\"@id\":\"https:\/\/www.africa-press.net\/tchad\/politique\/en-quete-de-solutions-contre-linsecurite-a-ndjamena#breadcrumb\",\"itemListElement\":[{\"@type\":\"ListItem\",\"position\":1,\"name\":\"Accueil\",\"item\":\"https:\/\/www.africa-press.net\/tchad\/\"},{\"@type\":\"ListItem\",\"position\":2,\"name\":\"en qu\u00eate de solutions contre l\u2019ins\u00e9curit\u00e9 \u00e0 N\u2019Djamena\"}]},{\"@type\":\"WebSite\",\"@id\":\"https:\/\/www.africa-press.net\/tchad\/#website\",\"url\":\"https:\/\/www.africa-press.net\/tchad\/\",\"name\":\"tchad\",\"description\":\"Just another Africa News Agency Sites site\",\"potentialAction\":[{\"@type\":\"SearchAction\",\"target\":{\"@type\":\"EntryPoint\",\"urlTemplate\":\"https:\/\/www.africa-press.net\/tchad\/?s={search_term_string}\"},\"query-input\":{\"@type\":\"PropertyValueSpecification\",\"valueRequired\":true,\"valueName\":\"search_term_string\"}}],\"inLanguage\":\"fr-FR\"},{\"@type\":\"Person\",\"@id\":\"https:\/\/www.africa-press.net\/tchad\/#\/schema\/person\/2b1cf3cd81a31e3cd26889ca66d677f1\",\"name\":\"cfeditorfr\"}]}<\/script>\n<!-- \/ Yoast SEO Premium plugin. -->","yoast_head_json":{"title":"en qu\u00eate de solutions contre l\u2019ins\u00e9curit\u00e9 \u00e0 N\u2019Djamena - tchad","description":"Une r\u00e9union sur la s\u00e9curit\u00e9 des biens et des personnes a \u00e9t\u00e9 organis\u00e9e dans la ville de N\u2019Djamena le 25 mai 2022. C\u2019e ...","robots":{"index":"index","follow":"follow","max-snippet":"max-snippet:-1","max-image-preview":"max-image-preview:large","max-video-preview":"max-video-preview:-1"},"canonical":"https:\/\/www.africa-press.net\/tchad\/politique\/en-quete-de-solutions-contre-linsecurite-a-ndjamena","og_locale":"fr_FR","og_type":"article","og_title":"en qu\u00eate de solutions contre l\u2019ins\u00e9curit\u00e9 \u00e0 N\u2019Djamena","og_description":"Une r\u00e9union sur la s\u00e9curit\u00e9 des biens et des personnes a \u00e9t\u00e9 organis\u00e9e dans la ville de N\u2019Djamena le 25 mai 2022. C\u2019e ...","og_url":"https:\/\/www.africa-press.net\/tchad\/politique\/en-quete-de-solutions-contre-linsecurite-a-ndjamena","og_site_name":"tchad","article_published_time":"2022-07-26T15:35:39+00:00","article_modified_time":"2022-07-26T16:13:20+00:00","og_image":[{"width":780,"height":440,"url":"https:\/\/static.africa-press.net\/tchad\/sites\/41\/2022\/07\/postQueueImg_6-62e012823fa4b.jpg","type":"image\/jpeg"}],"author":"cfeditorfr","twitter_card":"summary_large_image","twitter_misc":{"\u00c9crit par":"cfeditorfr","Dur\u00e9e de lecture estim\u00e9e":"2 minutes"},"schema":{"@context":"https:\/\/schema.org","@graph":[{"@type":"Article","@id":"https:\/\/www.africa-press.net\/tchad\/politique\/en-quete-de-solutions-contre-linsecurite-a-ndjamena#article","isPartOf":{"@id":"https:\/\/www.africa-press.net\/tchad\/politique\/en-quete-de-solutions-contre-linsecurite-a-ndjamena"},"author":{"name":"cfeditorfr","@id":"https:\/\/www.africa-press.net\/tchad\/#\/schema\/person\/2b1cf3cd81a31e3cd26889ca66d677f1"},"headline":"en qu\u00eate de solutions contre l\u2019ins\u00e9curit\u00e9 \u00e0 N\u2019Djamena","datePublished":"2022-07-26T15:35:39+00:00","dateModified":"2022-07-26T16:13:20+00:00","mainEntityOfPage":{"@id":"https:\/\/www.africa-press.net\/tchad\/politique\/en-quete-de-solutions-contre-linsecurite-a-ndjamena"},"wordCount":320,"commentCount":0,"image":{"@id":"https:\/\/www.africa-press.net\/tchad\/politique\/en-quete-de-solutions-contre-linsecurite-a-ndjamena#primaryimage"},"thumbnailUrl":"https:\/\/static.africa-press.net\/tchad\/sites\/41\/2022\/07\/postQueueImg_6-62e012823fa4b.jpg","keywords":["Africa Press","Africa Press-Tchad","ins\u00e9curit\u00e9 \u00e0 N\u2019Djamena","s\u00e9curit\u00e9 des biens","Tchad"],"articleSection":["homepage-french","Politique","Top Nouvelles","Toutes les actualit\u00e9s"],"inLanguage":"fr-FR","potentialAction":[{"@type":"CommentAction","name":"Comment","target":["https:\/\/www.africa-press.net\/tchad\/politique\/en-quete-de-solutions-contre-linsecurite-a-ndjamena#respond"]}]},{"@type":"WebPage","@id":"https:\/\/www.africa-press.net\/tchad\/politique\/en-quete-de-solutions-contre-linsecurite-a-ndjamena","url":"https:\/\/www.africa-press.net\/tchad\/politique\/en-quete-de-solutions-contre-linsecurite-a-ndjamena","name":"en qu\u00eate de solutions contre l\u2019ins\u00e9curit\u00e9 \u00e0 N\u2019Djamena - tchad","isPartOf":{"@id":"https:\/\/www.africa-press.net\/tchad\/#website"},"primaryImageOfPage":{"@id":"https:\/\/www.africa-press.net\/tchad\/politique\/en-quete-de-solutions-contre-linsecurite-a-ndjamena#primaryimage"},"image":{"@id":"https:\/\/www.africa-press.net\/tchad\/politique\/en-quete-de-solutions-contre-linsecurite-a-ndjamena#primaryimage"},"thumbnailUrl":"https:\/\/static.africa-press.net\/tchad\/sites\/41\/2022\/07\/postQueueImg_6-62e012823fa4b.jpg","datePublished":"2022-07-26T15:35:39+00:00","dateModified":"2022-07-26T16:13:20+00:00","author":{"@id":"https:\/\/www.africa-press.net\/tchad\/#\/schema\/person\/2b1cf3cd81a31e3cd26889ca66d677f1"},"description":"Une r\u00e9union sur la s\u00e9curit\u00e9 des biens et des personnes a \u00e9t\u00e9 organis\u00e9e dans la ville de N\u2019Djamena le 25 mai 2022. C\u2019e ...","breadcrumb":{"@id":"https:\/\/www.africa-press.net\/tchad\/politique\/en-quete-de-solutions-contre-linsecurite-a-ndjamena#breadcrumb"},"inLanguage":"fr-FR","potentialAction":[{"@type":"ReadAction","target":["https:\/\/www.africa-press.net\/tchad\/politique\/en-quete-de-solutions-contre-linsecurite-a-ndjamena"]}]},{"@type":"ImageObject","inLanguage":"fr-FR","@id":"https:\/\/www.africa-press.net\/tchad\/politique\/en-quete-de-solutions-contre-linsecurite-a-ndjamena#primaryimage","url":"https:\/\/static.africa-press.net\/tchad\/sites\/41\/2022\/07\/postQueueImg_6-62e012823fa4b.jpg","contentUrl":"https:\/\/static.africa-press.net\/tchad\/sites\/41\/2022\/07\/postQueueImg_6-62e012823fa4b.jpg","width":780,"height":440,"caption":"en qu\u00eate de solutions contre l\u2019ins\u00e9curit\u00e9 \u00e0 N\u2019Djamena"},{"@type":"BreadcrumbList","@id":"https:\/\/www.africa-press.net\/tchad\/politique\/en-quete-de-solutions-contre-linsecurite-a-ndjamena#breadcrumb","itemListElement":[{"@type":"ListItem","position":1,"name":"Accueil","item":"https:\/\/www.africa-press.net\/tchad\/"},{"@type":"ListItem","position":2,"name":"en qu\u00eate de solutions contre l\u2019ins\u00e9curit\u00e9 \u00e0 N\u2019Djamena"}]},{"@type":"WebSite","@id":"https:\/\/www.africa-press.net\/tchad\/#website","url":"https:\/\/www.africa-press.net\/tchad\/","name":"tchad","description":"Just another Africa News Agency Sites site","potentialAction":[{"@type":"SearchAction","target":{"@type":"EntryPoint","urlTemplate":"https:\/\/www.africa-press.net\/tchad\/?s={search_term_string}"},"query-input":{"@type":"PropertyValueSpecification","valueRequired":true,"valueName":"search_term_string"}}],"inLanguage":"fr-FR"},{"@type":"Person","@id":"https:\/\/www.africa-press.net\/tchad\/#\/schema\/person\/2b1cf3cd81a31e3cd26889ca66d677f1","name":"cfeditorfr"}]}},"_links":{"self":[{"href":"https:\/\/www.africa-press.net\/tchad\/wp-json\/wp\/v2\/posts\/29562","targetHints":{"allow":["GET"]}}],"collection":[{"href":"https:\/\/www.africa-press.net\/tchad\/wp-json\/wp\/v2\/posts"}],"about":[{"href":"https:\/\/www.africa-press.net\/tchad\/wp-json\/wp\/v2\/types\/post"}],"author":[{"embeddable":true,"href":"https:\/\/www.africa-press.net\/tchad\/wp-json\/wp\/v2\/users\/82"}],"replies":[{"embeddable":true,"href":"https:\/\/www.africa-press.net\/tchad\/wp-json\/wp\/v2\/comments?post=29562"}],"version-history":[{"count":0,"href":"https:\/\/www.africa-press.net\/tchad\/wp-json\/wp\/v2\/posts\/29562\/revisions"}],"wp:featuredmedia":[{"embeddable":true,"href":"https:\/\/www.africa-press.net\/tchad\/wp-json\/wp\/v2\/media\/29561"}],"wp:attachment":[{"href":"https:\/\/www.africa-press.net\/tchad\/wp-json\/wp\/v2\/media?parent=29562"}],"wp:term":[{"taxonomy":"category","embeddable":true,"href":"https:\/\/www.africa-press.net\/tchad\/wp-json\/wp\/v2\/categories?post=29562"},{"taxonomy":"post_tag","embeddable":true,"href":"https:\/\/www.africa-press.net\/tchad\/wp-json\/wp\/v2\/tags?post=29562"}],"curies":[{"name":"wp","href":"https:\/\/api.w.org\/{rel}","templated":true}]}}