{"id":29583,"date":"2022-07-26T15:41:04","date_gmt":"2022-07-26T15:41:04","guid":{"rendered":"https:\/\/www.africa-press.net\/tchad\/politique\/la-voix-de-la-femme-salue-la-reprise-des-pourparlers-de-doha"},"modified":"2022-07-26T16:23:10","modified_gmt":"2022-07-26T16:23:10","slug":"la-voix-de-la-femme-salue-la-reprise-des-pourparlers-de-doha","status":"publish","type":"post","link":"https:\/\/www.africa-press.net\/tchad\/politique\/la-voix-de-la-femme-salue-la-reprise-des-pourparlers-de-doha","title":{"rendered":"\u00ab\u00a0La voix de la femme\u00a0\u00bb salue la reprise des pourparlers de Doha"},"content":{"rendered":"<p><span style=\"color: #ff6600\"><strong>Africa-Press &#8211; Tchad. <\/strong><\/span>Amina Tidjani Yaya invite tous les acteurs politiques et les forces vives de la nation \u00e0 \u00ab\u00a0saisir cette ultime chance que l\u2019histoire nous offre pour se r\u00e9unir tous ensemble sous le grand arbre de la paix, dans un esprit de communion fraternelle, afin de jeter les bases d\u2019un nouveau Tchad uni\u00a0\u00bb.<\/p>\n<p>L\u2019ONG exhorte les autorit\u00e9s de transition de prendre toutes les dispositions pour que le dialogue soit organis\u00e9 le 20 ao\u00fbt prochain comme convenu.<\/p>\n<p>Elle appelle \u00e0 l\u2019apaisement et \u00e0 la participation de tous les acteurs \u00e0 ce grand rendez-vous du dialogue afin d\u2019exorciser d\u00e9finitivement le mal tchadien au profit de l\u2019int\u00e9r\u00eat sup\u00e9rieur du Tchad.<\/p>\n<p>Selon l\u2019ONG, il est temps que les tchadien tirent les le\u00e7ons des divisions et des incompr\u00e9hensions du pass\u00e9 qui ont consid\u00e9rablement retard\u00e9s le pays.<\/p>\n<p><strong>Pour plus d&rsquo;informations et d&rsquo;analyses sur la <a href=\"https:\/\/www.africa-press.net\/tchad\">Tchad<\/a>, suivez <a href=\"https:\/\/www.africa-press.net\/\">Africa-Press<\/a><\/strong><\/p>\n","protected":false},"excerpt":{"rendered":"<p>Africa-Press &#8211; Tchad. Amina Tidjani Yaya invite tous les acteurs politiques et les forces vives de la nation \u00e0 \u00ab\u00a0saisir cette ultime chance que l\u2019histoire nous offre pour se r\u00e9unir tous ensemble sous le grand arbre de la paix, dans un esprit de communion fraternelle, afin de jeter les bases d\u2019un nouveau Tchad uni\u00a0\u00bb. L\u2019ONG [&hellip;]<\/p>\n","protected":false},"author":82,"featured_media":29582,"comment_status":"open","ping_status":"closed","sticky":false,"template":"","format":"standard","meta":{"footnotes":""},"categories":[11,2,20,10],"tags":[37,292,29],"class_list":["post-29583","post","type-post","status-publish","format-standard","has-post-thumbnail","hentry","category-homepage-french","category-politique","category-top-nouvelles","category-toutes-les-actualites","tag-africa-press","tag-africa-press-tchad","tag-tchad"],"yoast_head":"<!-- This site is optimized with the Yoast SEO Premium plugin v26.1 (Yoast SEO v27.0) - https:\/\/yoast.com\/product\/yoast-seo-premium-wordpress\/ -->\n<title>&quot;La voix de la femme&quot; salue la reprise des pourparlers de Doha - tchad<\/title>\n<meta name=\"description\" content=\"Amina Tidjani Yaya invite tous les acteurs politiques et les forces vives de la nation \u00e0 &quot;saisir cette ultime chance que ...\" \/>\n<meta name=\"robots\" content=\"index, follow, max-snippet:-1, max-image-preview:large, max-video-preview:-1\" \/>\n<link rel=\"canonical\" href=\"https:\/\/www.africa-press.net\/tchad\/politique\/la-voix-de-la-femme-salue-la-reprise-des-pourparlers-de-doha\" \/>\n<meta property=\"og:locale\" content=\"fr_FR\" \/>\n<meta property=\"og:type\" content=\"article\" \/>\n<meta property=\"og:title\" content=\"&quot;La voix de la femme&quot; salue la reprise des pourparlers de Doha\" \/>\n<meta property=\"og:description\" content=\"Amina Tidjani Yaya invite tous les acteurs politiques et les forces vives de la nation \u00e0 &quot;saisir cette ultime chance que ...\" \/>\n<meta property=\"og:url\" content=\"https:\/\/www.africa-press.net\/tchad\/politique\/la-voix-de-la-femme-salue-la-reprise-des-pourparlers-de-doha\" \/>\n<meta property=\"og:site_name\" content=\"tchad\" \/>\n<meta property=\"article:published_time\" content=\"2022-07-26T15:41:04+00:00\" \/>\n<meta property=\"article:modified_time\" content=\"2022-07-26T16:23:10+00:00\" \/>\n<meta property=\"og:image\" content=\"https:\/\/static.africa-press.net\/tchad\/sites\/41\/2022\/07\/postQueueImg_18-62e014aa726e5.jpg\" \/>\n\t<meta property=\"og:image:width\" content=\"870\" \/>\n\t<meta property=\"og:image:height\" content=\"653\" \/>\n\t<meta property=\"og:image:type\" content=\"image\/jpeg\" \/>\n<meta name=\"author\" content=\"cfeditorfr\" \/>\n<meta name=\"twitter:card\" content=\"summary_large_image\" \/>\n<meta name=\"twitter:label1\" content=\"\u00c9crit par\" \/>\n\t<meta name=\"twitter:data1\" content=\"cfeditorfr\" \/>\n\t<meta name=\"twitter:label2\" content=\"Dur\u00e9e de lecture estim\u00e9e\" \/>\n\t<meta name=\"twitter:data2\" content=\"1 minute\" \/>\n<script type=\"application\/ld+json\" class=\"yoast-schema-graph\">{\"@context\":\"https:\/\/schema.org\",\"@graph\":[{\"@type\":\"Article\",\"@id\":\"https:\/\/www.africa-press.net\/tchad\/politique\/la-voix-de-la-femme-salue-la-reprise-des-pourparlers-de-doha#article\",\"isPartOf\":{\"@id\":\"https:\/\/www.africa-press.net\/tchad\/politique\/la-voix-de-la-femme-salue-la-reprise-des-pourparlers-de-doha\"},\"author\":{\"name\":\"cfeditorfr\",\"@id\":\"https:\/\/www.africa-press.net\/tchad\/#\/schema\/person\/2b1cf3cd81a31e3cd26889ca66d677f1\"},\"headline\":\"\u00ab\u00a0La voix de la femme\u00a0\u00bb salue la reprise des pourparlers de Doha\",\"datePublished\":\"2022-07-26T15:41:04+00:00\",\"dateModified\":\"2022-07-26T16:23:10+00:00\",\"mainEntityOfPage\":{\"@id\":\"https:\/\/www.africa-press.net\/tchad\/politique\/la-voix-de-la-femme-salue-la-reprise-des-pourparlers-de-doha\"},\"wordCount\":169,\"commentCount\":0,\"image\":{\"@id\":\"https:\/\/www.africa-press.net\/tchad\/politique\/la-voix-de-la-femme-salue-la-reprise-des-pourparlers-de-doha#primaryimage\"},\"thumbnailUrl\":\"https:\/\/static.africa-press.net\/tchad\/sites\/41\/2022\/07\/postQueueImg_18-62e014aa726e5.jpg\",\"keywords\":[\"Africa Press\",\"Africa Press-Tchad\",\"Tchad\"],\"articleSection\":[\"homepage-french\",\"Politique\",\"Top Nouvelles\",\"Toutes les actualit\u00e9s\"],\"inLanguage\":\"fr-FR\",\"potentialAction\":[{\"@type\":\"CommentAction\",\"name\":\"Comment\",\"target\":[\"https:\/\/www.africa-press.net\/tchad\/politique\/la-voix-de-la-femme-salue-la-reprise-des-pourparlers-de-doha#respond\"]}]},{\"@type\":\"WebPage\",\"@id\":\"https:\/\/www.africa-press.net\/tchad\/politique\/la-voix-de-la-femme-salue-la-reprise-des-pourparlers-de-doha\",\"url\":\"https:\/\/www.africa-press.net\/tchad\/politique\/la-voix-de-la-femme-salue-la-reprise-des-pourparlers-de-doha\",\"name\":\"\\\"La voix de la femme\\\" salue la reprise des pourparlers de Doha - tchad\",\"isPartOf\":{\"@id\":\"https:\/\/www.africa-press.net\/tchad\/#website\"},\"primaryImageOfPage\":{\"@id\":\"https:\/\/www.africa-press.net\/tchad\/politique\/la-voix-de-la-femme-salue-la-reprise-des-pourparlers-de-doha#primaryimage\"},\"image\":{\"@id\":\"https:\/\/www.africa-press.net\/tchad\/politique\/la-voix-de-la-femme-salue-la-reprise-des-pourparlers-de-doha#primaryimage\"},\"thumbnailUrl\":\"https:\/\/static.africa-press.net\/tchad\/sites\/41\/2022\/07\/postQueueImg_18-62e014aa726e5.jpg\",\"datePublished\":\"2022-07-26T15:41:04+00:00\",\"dateModified\":\"2022-07-26T16:23:10+00:00\",\"author\":{\"@id\":\"https:\/\/www.africa-press.net\/tchad\/#\/schema\/person\/2b1cf3cd81a31e3cd26889ca66d677f1\"},\"description\":\"Amina Tidjani Yaya invite tous les acteurs politiques et les forces vives de la nation \u00e0 \\\"saisir cette ultime chance que ...\",\"breadcrumb\":{\"@id\":\"https:\/\/www.africa-press.net\/tchad\/politique\/la-voix-de-la-femme-salue-la-reprise-des-pourparlers-de-doha#breadcrumb\"},\"inLanguage\":\"fr-FR\",\"potentialAction\":[{\"@type\":\"ReadAction\",\"target\":[\"https:\/\/www.africa-press.net\/tchad\/politique\/la-voix-de-la-femme-salue-la-reprise-des-pourparlers-de-doha\"]}]},{\"@type\":\"ImageObject\",\"inLanguage\":\"fr-FR\",\"@id\":\"https:\/\/www.africa-press.net\/tchad\/politique\/la-voix-de-la-femme-salue-la-reprise-des-pourparlers-de-doha#primaryimage\",\"url\":\"https:\/\/static.africa-press.net\/tchad\/sites\/41\/2022\/07\/postQueueImg_18-62e014aa726e5.jpg\",\"contentUrl\":\"https:\/\/static.africa-press.net\/tchad\/sites\/41\/2022\/07\/postQueueImg_18-62e014aa726e5.jpg\",\"width\":870,\"height\":653,\"caption\":\"\\\"La voix de la femme\\\" salue la reprise des pourparlers de Doha\"},{\"@type\":\"BreadcrumbList\",\"@id\":\"https:\/\/www.africa-press.net\/tchad\/politique\/la-voix-de-la-femme-salue-la-reprise-des-pourparlers-de-doha#breadcrumb\",\"itemListElement\":[{\"@type\":\"ListItem\",\"position\":1,\"name\":\"Accueil\",\"item\":\"https:\/\/www.africa-press.net\/tchad\/\"},{\"@type\":\"ListItem\",\"position\":2,\"name\":\"&#8220;La voix de la femme&#8221; salue la reprise des pourparlers de Doha\"}]},{\"@type\":\"WebSite\",\"@id\":\"https:\/\/www.africa-press.net\/tchad\/#website\",\"url\":\"https:\/\/www.africa-press.net\/tchad\/\",\"name\":\"tchad\",\"description\":\"Just another Africa News Agency Sites site\",\"potentialAction\":[{\"@type\":\"SearchAction\",\"target\":{\"@type\":\"EntryPoint\",\"urlTemplate\":\"https:\/\/www.africa-press.net\/tchad\/?s={search_term_string}\"},\"query-input\":{\"@type\":\"PropertyValueSpecification\",\"valueRequired\":true,\"valueName\":\"search_term_string\"}}],\"inLanguage\":\"fr-FR\"},{\"@type\":\"Person\",\"@id\":\"https:\/\/www.africa-press.net\/tchad\/#\/schema\/person\/2b1cf3cd81a31e3cd26889ca66d677f1\",\"name\":\"cfeditorfr\"}]}<\/script>\n<!-- \/ Yoast SEO Premium plugin. -->","yoast_head_json":{"title":"\"La voix de la femme\" salue la reprise des pourparlers de Doha - tchad","description":"Amina Tidjani Yaya invite tous les acteurs politiques et les forces vives de la nation \u00e0 \"saisir cette ultime chance que ...","robots":{"index":"index","follow":"follow","max-snippet":"max-snippet:-1","max-image-preview":"max-image-preview:large","max-video-preview":"max-video-preview:-1"},"canonical":"https:\/\/www.africa-press.net\/tchad\/politique\/la-voix-de-la-femme-salue-la-reprise-des-pourparlers-de-doha","og_locale":"fr_FR","og_type":"article","og_title":"\"La voix de la femme\" salue la reprise des pourparlers de Doha","og_description":"Amina Tidjani Yaya invite tous les acteurs politiques et les forces vives de la nation \u00e0 \"saisir cette ultime chance que ...","og_url":"https:\/\/www.africa-press.net\/tchad\/politique\/la-voix-de-la-femme-salue-la-reprise-des-pourparlers-de-doha","og_site_name":"tchad","article_published_time":"2022-07-26T15:41:04+00:00","article_modified_time":"2022-07-26T16:23:10+00:00","og_image":[{"width":870,"height":653,"url":"https:\/\/static.africa-press.net\/tchad\/sites\/41\/2022\/07\/postQueueImg_18-62e014aa726e5.jpg","type":"image\/jpeg"}],"author":"cfeditorfr","twitter_card":"summary_large_image","twitter_misc":{"\u00c9crit par":"cfeditorfr","Dur\u00e9e de lecture estim\u00e9e":"1 minute"},"schema":{"@context":"https:\/\/schema.org","@graph":[{"@type":"Article","@id":"https:\/\/www.africa-press.net\/tchad\/politique\/la-voix-de-la-femme-salue-la-reprise-des-pourparlers-de-doha#article","isPartOf":{"@id":"https:\/\/www.africa-press.net\/tchad\/politique\/la-voix-de-la-femme-salue-la-reprise-des-pourparlers-de-doha"},"author":{"name":"cfeditorfr","@id":"https:\/\/www.africa-press.net\/tchad\/#\/schema\/person\/2b1cf3cd81a31e3cd26889ca66d677f1"},"headline":"\u00ab\u00a0La voix de la femme\u00a0\u00bb salue la reprise des pourparlers de Doha","datePublished":"2022-07-26T15:41:04+00:00","dateModified":"2022-07-26T16:23:10+00:00","mainEntityOfPage":{"@id":"https:\/\/www.africa-press.net\/tchad\/politique\/la-voix-de-la-femme-salue-la-reprise-des-pourparlers-de-doha"},"wordCount":169,"commentCount":0,"image":{"@id":"https:\/\/www.africa-press.net\/tchad\/politique\/la-voix-de-la-femme-salue-la-reprise-des-pourparlers-de-doha#primaryimage"},"thumbnailUrl":"https:\/\/static.africa-press.net\/tchad\/sites\/41\/2022\/07\/postQueueImg_18-62e014aa726e5.jpg","keywords":["Africa Press","Africa Press-Tchad","Tchad"],"articleSection":["homepage-french","Politique","Top Nouvelles","Toutes les actualit\u00e9s"],"inLanguage":"fr-FR","potentialAction":[{"@type":"CommentAction","name":"Comment","target":["https:\/\/www.africa-press.net\/tchad\/politique\/la-voix-de-la-femme-salue-la-reprise-des-pourparlers-de-doha#respond"]}]},{"@type":"WebPage","@id":"https:\/\/www.africa-press.net\/tchad\/politique\/la-voix-de-la-femme-salue-la-reprise-des-pourparlers-de-doha","url":"https:\/\/www.africa-press.net\/tchad\/politique\/la-voix-de-la-femme-salue-la-reprise-des-pourparlers-de-doha","name":"\"La voix de la femme\" salue la reprise des pourparlers de Doha - tchad","isPartOf":{"@id":"https:\/\/www.africa-press.net\/tchad\/#website"},"primaryImageOfPage":{"@id":"https:\/\/www.africa-press.net\/tchad\/politique\/la-voix-de-la-femme-salue-la-reprise-des-pourparlers-de-doha#primaryimage"},"image":{"@id":"https:\/\/www.africa-press.net\/tchad\/politique\/la-voix-de-la-femme-salue-la-reprise-des-pourparlers-de-doha#primaryimage"},"thumbnailUrl":"https:\/\/static.africa-press.net\/tchad\/sites\/41\/2022\/07\/postQueueImg_18-62e014aa726e5.jpg","datePublished":"2022-07-26T15:41:04+00:00","dateModified":"2022-07-26T16:23:10+00:00","author":{"@id":"https:\/\/www.africa-press.net\/tchad\/#\/schema\/person\/2b1cf3cd81a31e3cd26889ca66d677f1"},"description":"Amina Tidjani Yaya invite tous les acteurs politiques et les forces vives de la nation \u00e0 \"saisir cette ultime chance que ...","breadcrumb":{"@id":"https:\/\/www.africa-press.net\/tchad\/politique\/la-voix-de-la-femme-salue-la-reprise-des-pourparlers-de-doha#breadcrumb"},"inLanguage":"fr-FR","potentialAction":[{"@type":"ReadAction","target":["https:\/\/www.africa-press.net\/tchad\/politique\/la-voix-de-la-femme-salue-la-reprise-des-pourparlers-de-doha"]}]},{"@type":"ImageObject","inLanguage":"fr-FR","@id":"https:\/\/www.africa-press.net\/tchad\/politique\/la-voix-de-la-femme-salue-la-reprise-des-pourparlers-de-doha#primaryimage","url":"https:\/\/static.africa-press.net\/tchad\/sites\/41\/2022\/07\/postQueueImg_18-62e014aa726e5.jpg","contentUrl":"https:\/\/static.africa-press.net\/tchad\/sites\/41\/2022\/07\/postQueueImg_18-62e014aa726e5.jpg","width":870,"height":653,"caption":"\"La voix de la femme\" salue la reprise des pourparlers de Doha"},{"@type":"BreadcrumbList","@id":"https:\/\/www.africa-press.net\/tchad\/politique\/la-voix-de-la-femme-salue-la-reprise-des-pourparlers-de-doha#breadcrumb","itemListElement":[{"@type":"ListItem","position":1,"name":"Accueil","item":"https:\/\/www.africa-press.net\/tchad\/"},{"@type":"ListItem","position":2,"name":"&#8220;La voix de la femme&#8221; salue la reprise des pourparlers de Doha"}]},{"@type":"WebSite","@id":"https:\/\/www.africa-press.net\/tchad\/#website","url":"https:\/\/www.africa-press.net\/tchad\/","name":"tchad","description":"Just another Africa News Agency Sites site","potentialAction":[{"@type":"SearchAction","target":{"@type":"EntryPoint","urlTemplate":"https:\/\/www.africa-press.net\/tchad\/?s={search_term_string}"},"query-input":{"@type":"PropertyValueSpecification","valueRequired":true,"valueName":"search_term_string"}}],"inLanguage":"fr-FR"},{"@type":"Person","@id":"https:\/\/www.africa-press.net\/tchad\/#\/schema\/person\/2b1cf3cd81a31e3cd26889ca66d677f1","name":"cfeditorfr"}]}},"_links":{"self":[{"href":"https:\/\/www.africa-press.net\/tchad\/wp-json\/wp\/v2\/posts\/29583","targetHints":{"allow":["GET"]}}],"collection":[{"href":"https:\/\/www.africa-press.net\/tchad\/wp-json\/wp\/v2\/posts"}],"about":[{"href":"https:\/\/www.africa-press.net\/tchad\/wp-json\/wp\/v2\/types\/post"}],"author":[{"embeddable":true,"href":"https:\/\/www.africa-press.net\/tchad\/wp-json\/wp\/v2\/users\/82"}],"replies":[{"embeddable":true,"href":"https:\/\/www.africa-press.net\/tchad\/wp-json\/wp\/v2\/comments?post=29583"}],"version-history":[{"count":0,"href":"https:\/\/www.africa-press.net\/tchad\/wp-json\/wp\/v2\/posts\/29583\/revisions"}],"wp:featuredmedia":[{"embeddable":true,"href":"https:\/\/www.africa-press.net\/tchad\/wp-json\/wp\/v2\/media\/29582"}],"wp:attachment":[{"href":"https:\/\/www.africa-press.net\/tchad\/wp-json\/wp\/v2\/media?parent=29583"}],"wp:term":[{"taxonomy":"category","embeddable":true,"href":"https:\/\/www.africa-press.net\/tchad\/wp-json\/wp\/v2\/categories?post=29583"},{"taxonomy":"post_tag","embeddable":true,"href":"https:\/\/www.africa-press.net\/tchad\/wp-json\/wp\/v2\/tags?post=29583"}],"curies":[{"name":"wp","href":"https:\/\/api.w.org\/{rel}","templated":true}]}}