{"id":29598,"date":"2022-07-26T15:45:54","date_gmt":"2022-07-26T15:45:54","guid":{"rendered":"https:\/\/www.africa-press.net\/tchad\/politique\/lunion-europeenne-alloue-une-aide-budgetaire-au-tchad"},"modified":"2022-07-26T16:29:17","modified_gmt":"2022-07-26T16:29:17","slug":"lunion-europeenne-alloue-une-aide-budgetaire-au-tchad","status":"publish","type":"post","link":"https:\/\/www.africa-press.net\/tchad\/politique\/lunion-europeenne-alloue-une-aide-budgetaire-au-tchad","title":{"rendered":"L\u2019Union europ\u00e9enne alloue une aide budg\u00e9taire au Tchad"},"content":{"rendered":"<p><span style=\"color: #ff6600\"><strong>Africa-Press &#8211; Tchad. <\/strong><\/span>L\u2019ambassadeur de l\u2019Union europ\u00e9enne (Ue) au Tchad Kurt Cornelis, entour\u00e9 de quelques ambassadeurs des pays membres de l\u2019Ue, a anim\u00e9 une conf\u00e9rence de presse ce mardi 26 juillet 2022 \u00e0 Radisson blu pour annoncer un appui budg\u00e9taire de l\u2019Ue pour soutenir la transition et une aide \u00e0 la crise alimentaire au Tchad.<\/p>\n<p>C\u2019est un appui de 100 millions d\u2019euro. La premi\u00e8re tranche de \u00ab 6 millions d\u2019euro vient d\u2019\u00eatre d\u00e9caiss\u00e9e \u00bb, annonce l\u2019ambassadeur Kurt Cornelis. Cette aide, selon le conf\u00e9rencier, est bas\u00e9e sur les \u00ab progr\u00e8s accomplis dans la pr\u00e9paration du dialogue national inclusif \u00bb, elle vise \u00e0 \u00ab soutenir le Tchad dans la mise en place apais\u00e9e d\u2019un ordre constitutionnel pour une transformation d\u00e9mocratique durable, en vue de renforcer la stabilit\u00e9 au Tchad et dans le Sahel \u00bb, indique Kurt Cornelis.<\/p>\n<p>A travers plusieurs tranches, 40 millions d\u2019euro seront d\u00e9caiss\u00e9s. Ces tranches de d\u00e9caissement, selon Kurt Cornelis, sont soumises \u00e0 certains conditions qui doivent \u00eatre remplies dans chaque phase du processus de la transition. Ces conditions vont dans le sens de l\u2019inclusivit\u00e9 dans le processus de transition, de la r\u00e9ussite du dialogue national et du retour \u00e0 l\u2019ordre constitutionnel. Un montant de 16 millions d\u2019euro sera ensuite d\u00e9caiss\u00e9 pour appuyer les autorit\u00e9s et la soci\u00e9t\u00e9 civile pendant le r\u00e9f\u00e9rendum constitutionnel et les \u00e9lections post transition.<\/p>\n<p>Pour lutter contre la crise alimentaire, un montant 44 millions d\u2019euro sera octroy\u00e9 par l\u2019Ue. Cette aide vise d\u00e9velopper les syst\u00e8me agro-alimentaire, afin de renforcer les revenues ruraux, la s\u00e9curit\u00e9 alimentaire et nutritionnelle. \u00ab L\u2019action ciblera un total de 160 villages dans les provinces du Kanem, du Bar-el-Ghazel, du Mayo-Kebbi Est et Mayo-kebbi ouest \u00bb, informe l\u2019ambassadeur Kurt Cornelis. Elle cible 40.000 m\u00e9nages ruraux vuln\u00e9rables.<\/p>\n<p><strong>Pour plus d&rsquo;informations et d&rsquo;analyses sur la <a href=\"https:\/\/www.africa-press.net\/tchad\">Tchad<\/a>, suivez <a href=\"https:\/\/www.africa-press.net\/\">Africa-Press<\/a><\/strong><\/p>\n","protected":false},"excerpt":{"rendered":"<p>Africa-Press &#8211; Tchad. L\u2019ambassadeur de l\u2019Union europ\u00e9enne (Ue) au Tchad Kurt Cornelis, entour\u00e9 de quelques ambassadeurs des pays membres de l\u2019Ue, a anim\u00e9 une conf\u00e9rence de presse ce mardi 26 juillet 2022 \u00e0 Radisson blu pour annoncer un appui budg\u00e9taire de l\u2019Ue pour soutenir la transition et une aide \u00e0 la crise alimentaire au Tchad. [&hellip;]<\/p>\n","protected":false},"author":82,"featured_media":29597,"comment_status":"open","ping_status":"closed","sticky":false,"template":"","format":"standard","meta":{"footnotes":""},"categories":[11,2,20,10],"tags":[37,292,29],"class_list":["post-29598","post","type-post","status-publish","format-standard","has-post-thumbnail","hentry","category-homepage-french","category-politique","category-top-nouvelles","category-toutes-les-actualites","tag-africa-press","tag-africa-press-tchad","tag-tchad"],"yoast_head":"<!-- This site is optimized with the Yoast SEO Premium plugin v26.1 (Yoast SEO v27.0) - https:\/\/yoast.com\/product\/yoast-seo-premium-wordpress\/ -->\n<title>L\u2019Union europ\u00e9enne alloue une aide budg\u00e9taire au Tchad - tchad<\/title>\n<meta name=\"description\" content=\"L\u2019ambassadeur de l\u2019Union europ\u00e9enne (Ue) au Tchad Kurt Cornelis, entour\u00e9 de quelques ambassadeurs des pays membres de l\u2019 ...\" \/>\n<meta name=\"robots\" content=\"index, follow, max-snippet:-1, max-image-preview:large, max-video-preview:-1\" \/>\n<link rel=\"canonical\" href=\"https:\/\/www.africa-press.net\/tchad\/politique\/lunion-europeenne-alloue-une-aide-budgetaire-au-tchad\" \/>\n<meta property=\"og:locale\" content=\"fr_FR\" \/>\n<meta property=\"og:type\" content=\"article\" \/>\n<meta property=\"og:title\" content=\"L\u2019Union europ\u00e9enne alloue une aide budg\u00e9taire au Tchad\" \/>\n<meta property=\"og:description\" content=\"L\u2019ambassadeur de l\u2019Union europ\u00e9enne (Ue) au Tchad Kurt Cornelis, entour\u00e9 de quelques ambassadeurs des pays membres de l\u2019 ...\" \/>\n<meta property=\"og:url\" content=\"https:\/\/www.africa-press.net\/tchad\/politique\/lunion-europeenne-alloue-une-aide-budgetaire-au-tchad\" \/>\n<meta property=\"og:site_name\" content=\"tchad\" \/>\n<meta property=\"article:published_time\" content=\"2022-07-26T15:45:54+00:00\" \/>\n<meta property=\"article:modified_time\" content=\"2022-07-26T16:29:17+00:00\" \/>\n<meta property=\"og:image\" content=\"https:\/\/static.africa-press.net\/tchad\/sites\/41\/2022\/07\/postQueueImg_24.jpg\" \/>\n\t<meta property=\"og:image:width\" content=\"1920\" \/>\n\t<meta property=\"og:image:height\" content=\"1000\" \/>\n\t<meta property=\"og:image:type\" content=\"image\/jpeg\" \/>\n<meta name=\"author\" content=\"cfeditorfr\" \/>\n<meta name=\"twitter:card\" content=\"summary_large_image\" \/>\n<meta name=\"twitter:label1\" content=\"\u00c9crit par\" \/>\n\t<meta name=\"twitter:data1\" content=\"cfeditorfr\" \/>\n\t<meta name=\"twitter:label2\" content=\"Dur\u00e9e de lecture estim\u00e9e\" \/>\n\t<meta name=\"twitter:data2\" content=\"2 minutes\" \/>\n<script type=\"application\/ld+json\" class=\"yoast-schema-graph\">{\"@context\":\"https:\/\/schema.org\",\"@graph\":[{\"@type\":\"Article\",\"@id\":\"https:\/\/www.africa-press.net\/tchad\/politique\/lunion-europeenne-alloue-une-aide-budgetaire-au-tchad#article\",\"isPartOf\":{\"@id\":\"https:\/\/www.africa-press.net\/tchad\/politique\/lunion-europeenne-alloue-une-aide-budgetaire-au-tchad\"},\"author\":{\"name\":\"cfeditorfr\",\"@id\":\"https:\/\/www.africa-press.net\/tchad\/#\/schema\/person\/2b1cf3cd81a31e3cd26889ca66d677f1\"},\"headline\":\"L\u2019Union europ\u00e9enne alloue une aide budg\u00e9taire au Tchad\",\"datePublished\":\"2022-07-26T15:45:54+00:00\",\"dateModified\":\"2022-07-26T16:29:17+00:00\",\"mainEntityOfPage\":{\"@id\":\"https:\/\/www.africa-press.net\/tchad\/politique\/lunion-europeenne-alloue-une-aide-budgetaire-au-tchad\"},\"wordCount\":329,\"commentCount\":0,\"image\":{\"@id\":\"https:\/\/www.africa-press.net\/tchad\/politique\/lunion-europeenne-alloue-une-aide-budgetaire-au-tchad#primaryimage\"},\"thumbnailUrl\":\"https:\/\/static.africa-press.net\/tchad\/sites\/41\/2022\/07\/postQueueImg_24.jpg\",\"keywords\":[\"Africa Press\",\"Africa Press-Tchad\",\"Tchad\"],\"articleSection\":[\"homepage-french\",\"Politique\",\"Top Nouvelles\",\"Toutes les actualit\u00e9s\"],\"inLanguage\":\"fr-FR\",\"potentialAction\":[{\"@type\":\"CommentAction\",\"name\":\"Comment\",\"target\":[\"https:\/\/www.africa-press.net\/tchad\/politique\/lunion-europeenne-alloue-une-aide-budgetaire-au-tchad#respond\"]}]},{\"@type\":\"WebPage\",\"@id\":\"https:\/\/www.africa-press.net\/tchad\/politique\/lunion-europeenne-alloue-une-aide-budgetaire-au-tchad\",\"url\":\"https:\/\/www.africa-press.net\/tchad\/politique\/lunion-europeenne-alloue-une-aide-budgetaire-au-tchad\",\"name\":\"L\u2019Union europ\u00e9enne alloue une aide budg\u00e9taire au Tchad - tchad\",\"isPartOf\":{\"@id\":\"https:\/\/www.africa-press.net\/tchad\/#website\"},\"primaryImageOfPage\":{\"@id\":\"https:\/\/www.africa-press.net\/tchad\/politique\/lunion-europeenne-alloue-une-aide-budgetaire-au-tchad#primaryimage\"},\"image\":{\"@id\":\"https:\/\/www.africa-press.net\/tchad\/politique\/lunion-europeenne-alloue-une-aide-budgetaire-au-tchad#primaryimage\"},\"thumbnailUrl\":\"https:\/\/static.africa-press.net\/tchad\/sites\/41\/2022\/07\/postQueueImg_24.jpg\",\"datePublished\":\"2022-07-26T15:45:54+00:00\",\"dateModified\":\"2022-07-26T16:29:17+00:00\",\"author\":{\"@id\":\"https:\/\/www.africa-press.net\/tchad\/#\/schema\/person\/2b1cf3cd81a31e3cd26889ca66d677f1\"},\"description\":\"L\u2019ambassadeur de l\u2019Union europ\u00e9enne (Ue) au Tchad Kurt Cornelis, entour\u00e9 de quelques ambassadeurs des pays membres de l\u2019 ...\",\"breadcrumb\":{\"@id\":\"https:\/\/www.africa-press.net\/tchad\/politique\/lunion-europeenne-alloue-une-aide-budgetaire-au-tchad#breadcrumb\"},\"inLanguage\":\"fr-FR\",\"potentialAction\":[{\"@type\":\"ReadAction\",\"target\":[\"https:\/\/www.africa-press.net\/tchad\/politique\/lunion-europeenne-alloue-une-aide-budgetaire-au-tchad\"]}]},{\"@type\":\"ImageObject\",\"inLanguage\":\"fr-FR\",\"@id\":\"https:\/\/www.africa-press.net\/tchad\/politique\/lunion-europeenne-alloue-une-aide-budgetaire-au-tchad#primaryimage\",\"url\":\"https:\/\/static.africa-press.net\/tchad\/sites\/41\/2022\/07\/postQueueImg_24.jpg\",\"contentUrl\":\"https:\/\/static.africa-press.net\/tchad\/sites\/41\/2022\/07\/postQueueImg_24.jpg\",\"width\":1920,\"height\":1000,\"caption\":\"L\u2019Union europ\u00e9enne alloue une aide budg\u00e9taire au Tchad\"},{\"@type\":\"BreadcrumbList\",\"@id\":\"https:\/\/www.africa-press.net\/tchad\/politique\/lunion-europeenne-alloue-une-aide-budgetaire-au-tchad#breadcrumb\",\"itemListElement\":[{\"@type\":\"ListItem\",\"position\":1,\"name\":\"Accueil\",\"item\":\"https:\/\/www.africa-press.net\/tchad\/\"},{\"@type\":\"ListItem\",\"position\":2,\"name\":\"L\u2019Union europ\u00e9enne alloue une aide budg\u00e9taire au Tchad\"}]},{\"@type\":\"WebSite\",\"@id\":\"https:\/\/www.africa-press.net\/tchad\/#website\",\"url\":\"https:\/\/www.africa-press.net\/tchad\/\",\"name\":\"tchad\",\"description\":\"Just another Africa News Agency Sites site\",\"potentialAction\":[{\"@type\":\"SearchAction\",\"target\":{\"@type\":\"EntryPoint\",\"urlTemplate\":\"https:\/\/www.africa-press.net\/tchad\/?s={search_term_string}\"},\"query-input\":{\"@type\":\"PropertyValueSpecification\",\"valueRequired\":true,\"valueName\":\"search_term_string\"}}],\"inLanguage\":\"fr-FR\"},{\"@type\":\"Person\",\"@id\":\"https:\/\/www.africa-press.net\/tchad\/#\/schema\/person\/2b1cf3cd81a31e3cd26889ca66d677f1\",\"name\":\"cfeditorfr\"}]}<\/script>\n<!-- \/ Yoast SEO Premium plugin. -->","yoast_head_json":{"title":"L\u2019Union europ\u00e9enne alloue une aide budg\u00e9taire au Tchad - tchad","description":"L\u2019ambassadeur de l\u2019Union europ\u00e9enne (Ue) au Tchad Kurt Cornelis, entour\u00e9 de quelques ambassadeurs des pays membres de l\u2019 ...","robots":{"index":"index","follow":"follow","max-snippet":"max-snippet:-1","max-image-preview":"max-image-preview:large","max-video-preview":"max-video-preview:-1"},"canonical":"https:\/\/www.africa-press.net\/tchad\/politique\/lunion-europeenne-alloue-une-aide-budgetaire-au-tchad","og_locale":"fr_FR","og_type":"article","og_title":"L\u2019Union europ\u00e9enne alloue une aide budg\u00e9taire au Tchad","og_description":"L\u2019ambassadeur de l\u2019Union europ\u00e9enne (Ue) au Tchad Kurt Cornelis, entour\u00e9 de quelques ambassadeurs des pays membres de l\u2019 ...","og_url":"https:\/\/www.africa-press.net\/tchad\/politique\/lunion-europeenne-alloue-une-aide-budgetaire-au-tchad","og_site_name":"tchad","article_published_time":"2022-07-26T15:45:54+00:00","article_modified_time":"2022-07-26T16:29:17+00:00","og_image":[{"width":1920,"height":1000,"url":"https:\/\/static.africa-press.net\/tchad\/sites\/41\/2022\/07\/postQueueImg_24.jpg","type":"image\/jpeg"}],"author":"cfeditorfr","twitter_card":"summary_large_image","twitter_misc":{"\u00c9crit par":"cfeditorfr","Dur\u00e9e de lecture estim\u00e9e":"2 minutes"},"schema":{"@context":"https:\/\/schema.org","@graph":[{"@type":"Article","@id":"https:\/\/www.africa-press.net\/tchad\/politique\/lunion-europeenne-alloue-une-aide-budgetaire-au-tchad#article","isPartOf":{"@id":"https:\/\/www.africa-press.net\/tchad\/politique\/lunion-europeenne-alloue-une-aide-budgetaire-au-tchad"},"author":{"name":"cfeditorfr","@id":"https:\/\/www.africa-press.net\/tchad\/#\/schema\/person\/2b1cf3cd81a31e3cd26889ca66d677f1"},"headline":"L\u2019Union europ\u00e9enne alloue une aide budg\u00e9taire au Tchad","datePublished":"2022-07-26T15:45:54+00:00","dateModified":"2022-07-26T16:29:17+00:00","mainEntityOfPage":{"@id":"https:\/\/www.africa-press.net\/tchad\/politique\/lunion-europeenne-alloue-une-aide-budgetaire-au-tchad"},"wordCount":329,"commentCount":0,"image":{"@id":"https:\/\/www.africa-press.net\/tchad\/politique\/lunion-europeenne-alloue-une-aide-budgetaire-au-tchad#primaryimage"},"thumbnailUrl":"https:\/\/static.africa-press.net\/tchad\/sites\/41\/2022\/07\/postQueueImg_24.jpg","keywords":["Africa Press","Africa Press-Tchad","Tchad"],"articleSection":["homepage-french","Politique","Top Nouvelles","Toutes les actualit\u00e9s"],"inLanguage":"fr-FR","potentialAction":[{"@type":"CommentAction","name":"Comment","target":["https:\/\/www.africa-press.net\/tchad\/politique\/lunion-europeenne-alloue-une-aide-budgetaire-au-tchad#respond"]}]},{"@type":"WebPage","@id":"https:\/\/www.africa-press.net\/tchad\/politique\/lunion-europeenne-alloue-une-aide-budgetaire-au-tchad","url":"https:\/\/www.africa-press.net\/tchad\/politique\/lunion-europeenne-alloue-une-aide-budgetaire-au-tchad","name":"L\u2019Union europ\u00e9enne alloue une aide budg\u00e9taire au Tchad - tchad","isPartOf":{"@id":"https:\/\/www.africa-press.net\/tchad\/#website"},"primaryImageOfPage":{"@id":"https:\/\/www.africa-press.net\/tchad\/politique\/lunion-europeenne-alloue-une-aide-budgetaire-au-tchad#primaryimage"},"image":{"@id":"https:\/\/www.africa-press.net\/tchad\/politique\/lunion-europeenne-alloue-une-aide-budgetaire-au-tchad#primaryimage"},"thumbnailUrl":"https:\/\/static.africa-press.net\/tchad\/sites\/41\/2022\/07\/postQueueImg_24.jpg","datePublished":"2022-07-26T15:45:54+00:00","dateModified":"2022-07-26T16:29:17+00:00","author":{"@id":"https:\/\/www.africa-press.net\/tchad\/#\/schema\/person\/2b1cf3cd81a31e3cd26889ca66d677f1"},"description":"L\u2019ambassadeur de l\u2019Union europ\u00e9enne (Ue) au Tchad Kurt Cornelis, entour\u00e9 de quelques ambassadeurs des pays membres de l\u2019 ...","breadcrumb":{"@id":"https:\/\/www.africa-press.net\/tchad\/politique\/lunion-europeenne-alloue-une-aide-budgetaire-au-tchad#breadcrumb"},"inLanguage":"fr-FR","potentialAction":[{"@type":"ReadAction","target":["https:\/\/www.africa-press.net\/tchad\/politique\/lunion-europeenne-alloue-une-aide-budgetaire-au-tchad"]}]},{"@type":"ImageObject","inLanguage":"fr-FR","@id":"https:\/\/www.africa-press.net\/tchad\/politique\/lunion-europeenne-alloue-une-aide-budgetaire-au-tchad#primaryimage","url":"https:\/\/static.africa-press.net\/tchad\/sites\/41\/2022\/07\/postQueueImg_24.jpg","contentUrl":"https:\/\/static.africa-press.net\/tchad\/sites\/41\/2022\/07\/postQueueImg_24.jpg","width":1920,"height":1000,"caption":"L\u2019Union europ\u00e9enne alloue une aide budg\u00e9taire au Tchad"},{"@type":"BreadcrumbList","@id":"https:\/\/www.africa-press.net\/tchad\/politique\/lunion-europeenne-alloue-une-aide-budgetaire-au-tchad#breadcrumb","itemListElement":[{"@type":"ListItem","position":1,"name":"Accueil","item":"https:\/\/www.africa-press.net\/tchad\/"},{"@type":"ListItem","position":2,"name":"L\u2019Union europ\u00e9enne alloue une aide budg\u00e9taire au Tchad"}]},{"@type":"WebSite","@id":"https:\/\/www.africa-press.net\/tchad\/#website","url":"https:\/\/www.africa-press.net\/tchad\/","name":"tchad","description":"Just another Africa News Agency Sites site","potentialAction":[{"@type":"SearchAction","target":{"@type":"EntryPoint","urlTemplate":"https:\/\/www.africa-press.net\/tchad\/?s={search_term_string}"},"query-input":{"@type":"PropertyValueSpecification","valueRequired":true,"valueName":"search_term_string"}}],"inLanguage":"fr-FR"},{"@type":"Person","@id":"https:\/\/www.africa-press.net\/tchad\/#\/schema\/person\/2b1cf3cd81a31e3cd26889ca66d677f1","name":"cfeditorfr"}]}},"_links":{"self":[{"href":"https:\/\/www.africa-press.net\/tchad\/wp-json\/wp\/v2\/posts\/29598","targetHints":{"allow":["GET"]}}],"collection":[{"href":"https:\/\/www.africa-press.net\/tchad\/wp-json\/wp\/v2\/posts"}],"about":[{"href":"https:\/\/www.africa-press.net\/tchad\/wp-json\/wp\/v2\/types\/post"}],"author":[{"embeddable":true,"href":"https:\/\/www.africa-press.net\/tchad\/wp-json\/wp\/v2\/users\/82"}],"replies":[{"embeddable":true,"href":"https:\/\/www.africa-press.net\/tchad\/wp-json\/wp\/v2\/comments?post=29598"}],"version-history":[{"count":0,"href":"https:\/\/www.africa-press.net\/tchad\/wp-json\/wp\/v2\/posts\/29598\/revisions"}],"wp:featuredmedia":[{"embeddable":true,"href":"https:\/\/www.africa-press.net\/tchad\/wp-json\/wp\/v2\/media\/29597"}],"wp:attachment":[{"href":"https:\/\/www.africa-press.net\/tchad\/wp-json\/wp\/v2\/media?parent=29598"}],"wp:term":[{"taxonomy":"category","embeddable":true,"href":"https:\/\/www.africa-press.net\/tchad\/wp-json\/wp\/v2\/categories?post=29598"},{"taxonomy":"post_tag","embeddable":true,"href":"https:\/\/www.africa-press.net\/tchad\/wp-json\/wp\/v2\/tags?post=29598"}],"curies":[{"name":"wp","href":"https:\/\/api.w.org\/{rel}","templated":true}]}}