{"id":29601,"date":"2022-07-26T15:49:31","date_gmt":"2022-07-26T15:49:31","guid":{"rendered":"https:\/\/www.africa-press.net\/tchad\/politique\/tchad-congo-le-pcmt-echange-avec-le-president-sassou-nguesso-a-oyo"},"modified":"2022-07-26T16:30:46","modified_gmt":"2022-07-26T16:30:46","slug":"tchad-congo-le-pcmt-echange-avec-le-president-sassou-nguesso-a-oyo","status":"publish","type":"post","link":"https:\/\/www.africa-press.net\/tchad\/politique\/tchad-congo-le-pcmt-echange-avec-le-president-sassou-nguesso-a-oyo","title":{"rendered":"TCHAD \u2013 CONGO : le PCMT \u00e9change avec le Pr\u00e9sident SASSOU NGUESSO \u00e0 Oyo"},"content":{"rendered":"<p><span style=\"color: #ff6600\"><strong>Africa-Press &#8211; Tchad. <\/strong><\/span>Apr\u00e8s avoir particip\u00e9 aux travaux du 21\u00e8me sommet de la CEEAC, le Pr\u00e9sident du Conseil Militaire de Transition, Pr\u00e9sident de la R\u00e9publique, G\u00e9n\u00e9ral MAHAMAT IDRISS DEBY ITNO a quitt\u00e9 Kinshasa ce matin. En route pour N\u2019Djam\u00e9na, le Chef de l\u2019Etat a fait une escale \u00e0 Oyo au Congo-Brazzaville o\u00f9 il a eu un t\u00eate-\u00e0-t\u00eate avec son homologue, M. DENIS SASSOU NGUESSO, Pr\u00e9sident de la R\u00e9publique du Congo. L\u2019\u00e9tat des relations bilat\u00e9rales, le dossier libyen et le processus de la transition au Tchad ont \u00e9t\u00e9 au centre des \u00e9changes.<\/p>\n<p>Apr\u00e8s son s\u00e9jour kinois pour le Pr\u00e9sident du Conseil Militaire de Transition, G\u00e9n\u00e9ral MAHAMAT IDRISS DEBY ITNO a quitt\u00e9 ce matin la capitale congolaise. Il a \u00e9t\u00e9 raccompagn\u00e9 \u00e0 l\u2019a\u00e9roport de N\u2019Djili par quelques officiels congolais et le personnel diplomatique tchadien.<\/p>\n<p>Sur le chemin de retour, le Chef de l\u2019Etat s\u2019est arr\u00eat\u00e9 \u00e0 Oyo au Congo o\u00f9 l\u2019avion pr\u00e9sidentiel a atterrit \u00e0 l\u2019A\u00e9roport International d\u2019Ollombo qui dessert la ville situ\u00e9e dans le d\u00e9partement de la Cuvette \u00e0 plus de 400 km de la capitale Brazzaville.<\/p>\n<p>C\u2019est le Pr\u00e9sident de la R\u00e9publique du Congo, M. DENIS SASSOU NGUESSO en personne qui accueille son illustre h\u00f4te. Apr\u00e8s salutations de quelques personnalit\u00e9s congolaises, le Chef de l\u2019Etat G\u00e9n\u00e9ral MAHAMAT IDRISS DEBY ITNO et son homologue se sont retir\u00e9s pour un entretien. Un t\u00eate-\u00e0-t\u00eate, qui n\u2019est pas le premier, qui a permis aux deux hommes d\u2019Etat d\u2019\u00e9changer sur le devenir des relations bilat\u00e9rales et multilat\u00e9rales.<\/p>\n<p>La coop\u00e9ration entre les deux pays qui reposesur des relations solides et anciennes, soutenues par des accords bilat\u00e9raux, couvrant des domaines comme la culture, la science, la technologie et le transport a\u00e9rien sign\u00e9s en 1988. Cette coop\u00e9ration forte et exemplaire, les deux dirigeants entendent la renforcer davantage.<\/p>\n<p>La signature de la convention financi\u00e8re entre le Congo et le Tchad, pour la restructuration de la dette du Tchad envers le Congo, le 26 f\u00e9vrier 2022 \u00e0 Brazzaville, entre le Ministre congolais des Finances et celui du Tchad, para\u00eet aux yeux du Pr\u00e9sident du Conseil Militaire de Transition, comme un acte de haute importance pour son pays.<\/p>\n<p>Les deux pr\u00e9sidents se sont f\u00e9licit\u00e9s de l\u2019exemplarit\u00e9 des relations entre leurs deux pays. Le Chef de l\u2019Etat a transmis de vive voix ses remerciements \u00e0 son homologue Denis SASSOU NGUESSO dont le r\u00f4le est central dans l\u2019environnement politique africain, surtout en sa qualit\u00e9 de Pr\u00e9sident du Comit\u00e9 de Haut Niveau et du Groupe de Contact de l\u2019Union Africaine sur la Libye, ce pays dont la d\u00e9stabilisation a lourdement pes\u00e9 sur le Tchad et le Sahel. Les derniers d\u00e9veloppements de la situation politique en Libye et les perspectives de sortie de crise dans ce pays ont donc \u00e9t\u00e9 abord\u00e9s par les deux Pr\u00e9sidents.<\/p>\n<p>Le Pr\u00e9sident de la R\u00e9publique a \u00e9galement partag\u00e9 avec son h\u00f4te, les derniers d\u00e9veloppements de la situation politique au Tchad, avec en ligne de mire le Dialogue National Inclusif, pr\u00e9vu d\u00e9marrer le 20 ao\u00fbt 2022 et ses d\u00e9fis. Le Chef de l\u2019Etat congolais Denis SASSOU NGUESSO a lou\u00e9 les efforts du Conseil Militaire de Transition tout en renouvelant sa disponibilit\u00e9 et celle de son pays, \u00e0 accompagner le processus \u00e0 la hauteur des ambitions que se fixent les autorit\u00e9s de la transition sous la houlette du PCMT, soucieux de parachever le processus en beaut\u00e9.<\/p>\n<p>C\u2019est au terme de ces \u00e9changes que le PCMT a \u00e9t\u00e9 raccompagn\u00e9 par son homologue au pied de son avion qui a mis cap sur N\u2019Djam\u00e9na.<\/p>\n<p><strong>Pour plus d&rsquo;informations et d&rsquo;analyses sur la <a href=\"https:\/\/www.africa-press.net\/tchad\">Tchad<\/a>, suivez <a href=\"https:\/\/www.africa-press.net\/\">Africa-Press<\/a><\/strong><\/p>\n","protected":false},"excerpt":{"rendered":"<p>Africa-Press &#8211; Tchad. Apr\u00e8s avoir particip\u00e9 aux travaux du 21\u00e8me sommet de la CEEAC, le Pr\u00e9sident du Conseil Militaire de Transition, Pr\u00e9sident de la R\u00e9publique, G\u00e9n\u00e9ral MAHAMAT IDRISS DEBY ITNO a quitt\u00e9 Kinshasa ce matin. En route pour N\u2019Djam\u00e9na, le Chef de l\u2019Etat a fait une escale \u00e0 Oyo au Congo-Brazzaville o\u00f9 il a eu [&hellip;]<\/p>\n","protected":false},"author":82,"featured_media":29600,"comment_status":"open","ping_status":"closed","sticky":false,"template":"","format":"standard","meta":{"footnotes":""},"categories":[11,2,20,10],"tags":[37,292,29],"class_list":["post-29601","post","type-post","status-publish","format-standard","has-post-thumbnail","hentry","category-homepage-french","category-politique","category-top-nouvelles","category-toutes-les-actualites","tag-africa-press","tag-africa-press-tchad","tag-tchad"],"yoast_head":"<!-- This site is optimized with the Yoast SEO Premium plugin v26.1 (Yoast SEO v27.0) - https:\/\/yoast.com\/product\/yoast-seo-premium-wordpress\/ -->\n<title>TCHAD \u2013 CONGO : le PCMT \u00e9change avec le Pr\u00e9sident SASSOU NGUESSO \u00e0 Oyo - tchad<\/title>\n<meta name=\"description\" content=\"Apr\u00e8s avoir particip\u00e9 aux travaux du 21\u00e8me sommet de la CEEAC, le Pr\u00e9sident du Conseil Militaire de Transition, Pr\u00e9siden ...\" \/>\n<meta name=\"robots\" content=\"index, follow, max-snippet:-1, max-image-preview:large, max-video-preview:-1\" \/>\n<link rel=\"canonical\" href=\"https:\/\/www.africa-press.net\/tchad\/politique\/tchad-congo-le-pcmt-echange-avec-le-president-sassou-nguesso-a-oyo\" \/>\n<meta property=\"og:locale\" content=\"fr_FR\" \/>\n<meta property=\"og:type\" content=\"article\" \/>\n<meta property=\"og:title\" content=\"TCHAD \u2013 CONGO : le PCMT \u00e9change avec le Pr\u00e9sident SASSOU NGUESSO \u00e0 Oyo\" \/>\n<meta property=\"og:description\" content=\"Apr\u00e8s avoir particip\u00e9 aux travaux du 21\u00e8me sommet de la CEEAC, le Pr\u00e9sident du Conseil Militaire de Transition, Pr\u00e9siden ...\" \/>\n<meta property=\"og:url\" content=\"https:\/\/www.africa-press.net\/tchad\/politique\/tchad-congo-le-pcmt-echange-avec-le-president-sassou-nguesso-a-oyo\" \/>\n<meta property=\"og:site_name\" content=\"tchad\" \/>\n<meta property=\"article:published_time\" content=\"2022-07-26T15:49:31+00:00\" \/>\n<meta property=\"article:modified_time\" content=\"2022-07-26T16:30:46+00:00\" \/>\n<meta property=\"og:image\" content=\"https:\/\/static.africa-press.net\/tchad\/sites\/41\/2022\/07\/postQueueImg_26-62e0168d791d8.jpg\" \/>\n\t<meta property=\"og:image:width\" content=\"1024\" \/>\n\t<meta property=\"og:image:height\" content=\"702\" \/>\n\t<meta property=\"og:image:type\" content=\"image\/jpeg\" \/>\n<meta name=\"author\" content=\"cfeditorfr\" \/>\n<meta name=\"twitter:card\" content=\"summary_large_image\" \/>\n<meta name=\"twitter:label1\" content=\"\u00c9crit par\" \/>\n\t<meta name=\"twitter:data1\" content=\"cfeditorfr\" \/>\n\t<meta name=\"twitter:label2\" content=\"Dur\u00e9e de lecture estim\u00e9e\" \/>\n\t<meta name=\"twitter:data2\" content=\"3 minutes\" \/>\n<script type=\"application\/ld+json\" class=\"yoast-schema-graph\">{\"@context\":\"https:\/\/schema.org\",\"@graph\":[{\"@type\":\"Article\",\"@id\":\"https:\/\/www.africa-press.net\/tchad\/politique\/tchad-congo-le-pcmt-echange-avec-le-president-sassou-nguesso-a-oyo#article\",\"isPartOf\":{\"@id\":\"https:\/\/www.africa-press.net\/tchad\/politique\/tchad-congo-le-pcmt-echange-avec-le-president-sassou-nguesso-a-oyo\"},\"author\":{\"name\":\"cfeditorfr\",\"@id\":\"https:\/\/www.africa-press.net\/tchad\/#\/schema\/person\/2b1cf3cd81a31e3cd26889ca66d677f1\"},\"headline\":\"TCHAD \u2013 CONGO : le PCMT \u00e9change avec le Pr\u00e9sident SASSOU NGUESSO \u00e0 Oyo\",\"datePublished\":\"2022-07-26T15:49:31+00:00\",\"dateModified\":\"2022-07-26T16:30:46+00:00\",\"mainEntityOfPage\":{\"@id\":\"https:\/\/www.africa-press.net\/tchad\/politique\/tchad-congo-le-pcmt-echange-avec-le-president-sassou-nguesso-a-oyo\"},\"wordCount\":666,\"commentCount\":0,\"image\":{\"@id\":\"https:\/\/www.africa-press.net\/tchad\/politique\/tchad-congo-le-pcmt-echange-avec-le-president-sassou-nguesso-a-oyo#primaryimage\"},\"thumbnailUrl\":\"https:\/\/static.africa-press.net\/tchad\/sites\/41\/2022\/07\/postQueueImg_26-62e0168d791d8.jpg\",\"keywords\":[\"Africa Press\",\"Africa Press-Tchad\",\"Tchad\"],\"articleSection\":[\"homepage-french\",\"Politique\",\"Top Nouvelles\",\"Toutes les actualit\u00e9s\"],\"inLanguage\":\"fr-FR\",\"potentialAction\":[{\"@type\":\"CommentAction\",\"name\":\"Comment\",\"target\":[\"https:\/\/www.africa-press.net\/tchad\/politique\/tchad-congo-le-pcmt-echange-avec-le-president-sassou-nguesso-a-oyo#respond\"]}]},{\"@type\":\"WebPage\",\"@id\":\"https:\/\/www.africa-press.net\/tchad\/politique\/tchad-congo-le-pcmt-echange-avec-le-president-sassou-nguesso-a-oyo\",\"url\":\"https:\/\/www.africa-press.net\/tchad\/politique\/tchad-congo-le-pcmt-echange-avec-le-president-sassou-nguesso-a-oyo\",\"name\":\"TCHAD \u2013 CONGO : le PCMT \u00e9change avec le Pr\u00e9sident SASSOU NGUESSO \u00e0 Oyo - tchad\",\"isPartOf\":{\"@id\":\"https:\/\/www.africa-press.net\/tchad\/#website\"},\"primaryImageOfPage\":{\"@id\":\"https:\/\/www.africa-press.net\/tchad\/politique\/tchad-congo-le-pcmt-echange-avec-le-president-sassou-nguesso-a-oyo#primaryimage\"},\"image\":{\"@id\":\"https:\/\/www.africa-press.net\/tchad\/politique\/tchad-congo-le-pcmt-echange-avec-le-president-sassou-nguesso-a-oyo#primaryimage\"},\"thumbnailUrl\":\"https:\/\/static.africa-press.net\/tchad\/sites\/41\/2022\/07\/postQueueImg_26-62e0168d791d8.jpg\",\"datePublished\":\"2022-07-26T15:49:31+00:00\",\"dateModified\":\"2022-07-26T16:30:46+00:00\",\"author\":{\"@id\":\"https:\/\/www.africa-press.net\/tchad\/#\/schema\/person\/2b1cf3cd81a31e3cd26889ca66d677f1\"},\"description\":\"Apr\u00e8s avoir particip\u00e9 aux travaux du 21\u00e8me sommet de la CEEAC, le Pr\u00e9sident du Conseil Militaire de Transition, Pr\u00e9siden ...\",\"breadcrumb\":{\"@id\":\"https:\/\/www.africa-press.net\/tchad\/politique\/tchad-congo-le-pcmt-echange-avec-le-president-sassou-nguesso-a-oyo#breadcrumb\"},\"inLanguage\":\"fr-FR\",\"potentialAction\":[{\"@type\":\"ReadAction\",\"target\":[\"https:\/\/www.africa-press.net\/tchad\/politique\/tchad-congo-le-pcmt-echange-avec-le-president-sassou-nguesso-a-oyo\"]}]},{\"@type\":\"ImageObject\",\"inLanguage\":\"fr-FR\",\"@id\":\"https:\/\/www.africa-press.net\/tchad\/politique\/tchad-congo-le-pcmt-echange-avec-le-president-sassou-nguesso-a-oyo#primaryimage\",\"url\":\"https:\/\/static.africa-press.net\/tchad\/sites\/41\/2022\/07\/postQueueImg_26-62e0168d791d8.jpg\",\"contentUrl\":\"https:\/\/static.africa-press.net\/tchad\/sites\/41\/2022\/07\/postQueueImg_26-62e0168d791d8.jpg\",\"width\":1024,\"height\":702,\"caption\":\"TCHAD \u2013 CONGO : le PCMT \u00e9change avec le Pr\u00e9sident SASSOU NGUESSO \u00e0 Oyo\"},{\"@type\":\"BreadcrumbList\",\"@id\":\"https:\/\/www.africa-press.net\/tchad\/politique\/tchad-congo-le-pcmt-echange-avec-le-president-sassou-nguesso-a-oyo#breadcrumb\",\"itemListElement\":[{\"@type\":\"ListItem\",\"position\":1,\"name\":\"Accueil\",\"item\":\"https:\/\/www.africa-press.net\/tchad\/\"},{\"@type\":\"ListItem\",\"position\":2,\"name\":\"TCHAD \u2013 CONGO : le PCMT \u00e9change avec le Pr\u00e9sident SASSOU NGUESSO \u00e0 Oyo\"}]},{\"@type\":\"WebSite\",\"@id\":\"https:\/\/www.africa-press.net\/tchad\/#website\",\"url\":\"https:\/\/www.africa-press.net\/tchad\/\",\"name\":\"tchad\",\"description\":\"Just another Africa News Agency Sites site\",\"potentialAction\":[{\"@type\":\"SearchAction\",\"target\":{\"@type\":\"EntryPoint\",\"urlTemplate\":\"https:\/\/www.africa-press.net\/tchad\/?s={search_term_string}\"},\"query-input\":{\"@type\":\"PropertyValueSpecification\",\"valueRequired\":true,\"valueName\":\"search_term_string\"}}],\"inLanguage\":\"fr-FR\"},{\"@type\":\"Person\",\"@id\":\"https:\/\/www.africa-press.net\/tchad\/#\/schema\/person\/2b1cf3cd81a31e3cd26889ca66d677f1\",\"name\":\"cfeditorfr\"}]}<\/script>\n<!-- \/ Yoast SEO Premium plugin. -->","yoast_head_json":{"title":"TCHAD \u2013 CONGO : le PCMT \u00e9change avec le Pr\u00e9sident SASSOU NGUESSO \u00e0 Oyo - tchad","description":"Apr\u00e8s avoir particip\u00e9 aux travaux du 21\u00e8me sommet de la CEEAC, le Pr\u00e9sident du Conseil Militaire de Transition, Pr\u00e9siden ...","robots":{"index":"index","follow":"follow","max-snippet":"max-snippet:-1","max-image-preview":"max-image-preview:large","max-video-preview":"max-video-preview:-1"},"canonical":"https:\/\/www.africa-press.net\/tchad\/politique\/tchad-congo-le-pcmt-echange-avec-le-president-sassou-nguesso-a-oyo","og_locale":"fr_FR","og_type":"article","og_title":"TCHAD \u2013 CONGO : le PCMT \u00e9change avec le Pr\u00e9sident SASSOU NGUESSO \u00e0 Oyo","og_description":"Apr\u00e8s avoir particip\u00e9 aux travaux du 21\u00e8me sommet de la CEEAC, le Pr\u00e9sident du Conseil Militaire de Transition, Pr\u00e9siden ...","og_url":"https:\/\/www.africa-press.net\/tchad\/politique\/tchad-congo-le-pcmt-echange-avec-le-president-sassou-nguesso-a-oyo","og_site_name":"tchad","article_published_time":"2022-07-26T15:49:31+00:00","article_modified_time":"2022-07-26T16:30:46+00:00","og_image":[{"width":1024,"height":702,"url":"https:\/\/static.africa-press.net\/tchad\/sites\/41\/2022\/07\/postQueueImg_26-62e0168d791d8.jpg","type":"image\/jpeg"}],"author":"cfeditorfr","twitter_card":"summary_large_image","twitter_misc":{"\u00c9crit par":"cfeditorfr","Dur\u00e9e de lecture estim\u00e9e":"3 minutes"},"schema":{"@context":"https:\/\/schema.org","@graph":[{"@type":"Article","@id":"https:\/\/www.africa-press.net\/tchad\/politique\/tchad-congo-le-pcmt-echange-avec-le-president-sassou-nguesso-a-oyo#article","isPartOf":{"@id":"https:\/\/www.africa-press.net\/tchad\/politique\/tchad-congo-le-pcmt-echange-avec-le-president-sassou-nguesso-a-oyo"},"author":{"name":"cfeditorfr","@id":"https:\/\/www.africa-press.net\/tchad\/#\/schema\/person\/2b1cf3cd81a31e3cd26889ca66d677f1"},"headline":"TCHAD \u2013 CONGO : le PCMT \u00e9change avec le Pr\u00e9sident SASSOU NGUESSO \u00e0 Oyo","datePublished":"2022-07-26T15:49:31+00:00","dateModified":"2022-07-26T16:30:46+00:00","mainEntityOfPage":{"@id":"https:\/\/www.africa-press.net\/tchad\/politique\/tchad-congo-le-pcmt-echange-avec-le-president-sassou-nguesso-a-oyo"},"wordCount":666,"commentCount":0,"image":{"@id":"https:\/\/www.africa-press.net\/tchad\/politique\/tchad-congo-le-pcmt-echange-avec-le-president-sassou-nguesso-a-oyo#primaryimage"},"thumbnailUrl":"https:\/\/static.africa-press.net\/tchad\/sites\/41\/2022\/07\/postQueueImg_26-62e0168d791d8.jpg","keywords":["Africa Press","Africa Press-Tchad","Tchad"],"articleSection":["homepage-french","Politique","Top Nouvelles","Toutes les actualit\u00e9s"],"inLanguage":"fr-FR","potentialAction":[{"@type":"CommentAction","name":"Comment","target":["https:\/\/www.africa-press.net\/tchad\/politique\/tchad-congo-le-pcmt-echange-avec-le-president-sassou-nguesso-a-oyo#respond"]}]},{"@type":"WebPage","@id":"https:\/\/www.africa-press.net\/tchad\/politique\/tchad-congo-le-pcmt-echange-avec-le-president-sassou-nguesso-a-oyo","url":"https:\/\/www.africa-press.net\/tchad\/politique\/tchad-congo-le-pcmt-echange-avec-le-president-sassou-nguesso-a-oyo","name":"TCHAD \u2013 CONGO : le PCMT \u00e9change avec le Pr\u00e9sident SASSOU NGUESSO \u00e0 Oyo - tchad","isPartOf":{"@id":"https:\/\/www.africa-press.net\/tchad\/#website"},"primaryImageOfPage":{"@id":"https:\/\/www.africa-press.net\/tchad\/politique\/tchad-congo-le-pcmt-echange-avec-le-president-sassou-nguesso-a-oyo#primaryimage"},"image":{"@id":"https:\/\/www.africa-press.net\/tchad\/politique\/tchad-congo-le-pcmt-echange-avec-le-president-sassou-nguesso-a-oyo#primaryimage"},"thumbnailUrl":"https:\/\/static.africa-press.net\/tchad\/sites\/41\/2022\/07\/postQueueImg_26-62e0168d791d8.jpg","datePublished":"2022-07-26T15:49:31+00:00","dateModified":"2022-07-26T16:30:46+00:00","author":{"@id":"https:\/\/www.africa-press.net\/tchad\/#\/schema\/person\/2b1cf3cd81a31e3cd26889ca66d677f1"},"description":"Apr\u00e8s avoir particip\u00e9 aux travaux du 21\u00e8me sommet de la CEEAC, le Pr\u00e9sident du Conseil Militaire de Transition, Pr\u00e9siden ...","breadcrumb":{"@id":"https:\/\/www.africa-press.net\/tchad\/politique\/tchad-congo-le-pcmt-echange-avec-le-president-sassou-nguesso-a-oyo#breadcrumb"},"inLanguage":"fr-FR","potentialAction":[{"@type":"ReadAction","target":["https:\/\/www.africa-press.net\/tchad\/politique\/tchad-congo-le-pcmt-echange-avec-le-president-sassou-nguesso-a-oyo"]}]},{"@type":"ImageObject","inLanguage":"fr-FR","@id":"https:\/\/www.africa-press.net\/tchad\/politique\/tchad-congo-le-pcmt-echange-avec-le-president-sassou-nguesso-a-oyo#primaryimage","url":"https:\/\/static.africa-press.net\/tchad\/sites\/41\/2022\/07\/postQueueImg_26-62e0168d791d8.jpg","contentUrl":"https:\/\/static.africa-press.net\/tchad\/sites\/41\/2022\/07\/postQueueImg_26-62e0168d791d8.jpg","width":1024,"height":702,"caption":"TCHAD \u2013 CONGO : le PCMT \u00e9change avec le Pr\u00e9sident SASSOU NGUESSO \u00e0 Oyo"},{"@type":"BreadcrumbList","@id":"https:\/\/www.africa-press.net\/tchad\/politique\/tchad-congo-le-pcmt-echange-avec-le-president-sassou-nguesso-a-oyo#breadcrumb","itemListElement":[{"@type":"ListItem","position":1,"name":"Accueil","item":"https:\/\/www.africa-press.net\/tchad\/"},{"@type":"ListItem","position":2,"name":"TCHAD \u2013 CONGO : le PCMT \u00e9change avec le Pr\u00e9sident SASSOU NGUESSO \u00e0 Oyo"}]},{"@type":"WebSite","@id":"https:\/\/www.africa-press.net\/tchad\/#website","url":"https:\/\/www.africa-press.net\/tchad\/","name":"tchad","description":"Just another Africa News Agency Sites site","potentialAction":[{"@type":"SearchAction","target":{"@type":"EntryPoint","urlTemplate":"https:\/\/www.africa-press.net\/tchad\/?s={search_term_string}"},"query-input":{"@type":"PropertyValueSpecification","valueRequired":true,"valueName":"search_term_string"}}],"inLanguage":"fr-FR"},{"@type":"Person","@id":"https:\/\/www.africa-press.net\/tchad\/#\/schema\/person\/2b1cf3cd81a31e3cd26889ca66d677f1","name":"cfeditorfr"}]}},"_links":{"self":[{"href":"https:\/\/www.africa-press.net\/tchad\/wp-json\/wp\/v2\/posts\/29601","targetHints":{"allow":["GET"]}}],"collection":[{"href":"https:\/\/www.africa-press.net\/tchad\/wp-json\/wp\/v2\/posts"}],"about":[{"href":"https:\/\/www.africa-press.net\/tchad\/wp-json\/wp\/v2\/types\/post"}],"author":[{"embeddable":true,"href":"https:\/\/www.africa-press.net\/tchad\/wp-json\/wp\/v2\/users\/82"}],"replies":[{"embeddable":true,"href":"https:\/\/www.africa-press.net\/tchad\/wp-json\/wp\/v2\/comments?post=29601"}],"version-history":[{"count":0,"href":"https:\/\/www.africa-press.net\/tchad\/wp-json\/wp\/v2\/posts\/29601\/revisions"}],"wp:featuredmedia":[{"embeddable":true,"href":"https:\/\/www.africa-press.net\/tchad\/wp-json\/wp\/v2\/media\/29600"}],"wp:attachment":[{"href":"https:\/\/www.africa-press.net\/tchad\/wp-json\/wp\/v2\/media?parent=29601"}],"wp:term":[{"taxonomy":"category","embeddable":true,"href":"https:\/\/www.africa-press.net\/tchad\/wp-json\/wp\/v2\/categories?post=29601"},{"taxonomy":"post_tag","embeddable":true,"href":"https:\/\/www.africa-press.net\/tchad\/wp-json\/wp\/v2\/tags?post=29601"}],"curies":[{"name":"wp","href":"https:\/\/api.w.org\/{rel}","templated":true}]}}