{"id":29636,"date":"2022-07-27T16:32:27","date_gmt":"2022-07-27T16:32:27","guid":{"rendered":"https:\/\/www.africa-press.net\/tchad\/politique\/le-tchad-devient-membre-de-lorganisation-islamique-pour-la-securite-alimentaire"},"modified":"2022-07-27T16:51:07","modified_gmt":"2022-07-27T16:51:07","slug":"le-tchad-devient-membre-de-lorganisation-islamique-pour-la-securite-alimentaire","status":"publish","type":"post","link":"https:\/\/www.africa-press.net\/tchad\/toutes-les-actualites\/le-tchad-devient-membre-de-lorganisation-islamique-pour-la-securite-alimentaire","title":{"rendered":"Le Tchad devient membre de l\u2019Organisation Islamique pour la S\u00e9curit\u00e9 Alimentaire"},"content":{"rendered":"<p><span style=\"color: #ff6600\"><strong>Africa-Press &#8211; Tchad. <\/strong><\/span><b>L\u2019accord a \u00e9t\u00e9 sign\u00e9 ce mercredi 27 juillet 2022, \u00e0 Jeddah au si\u00e8ge de l\u2019institution. Le Tchad est d\u00e9sormais membre de l\u2019Organisation Islamique pour la S\u00e9curit\u00e9 Alimentaire (OISA).<\/b><\/p>\n<p>L\u2019ambassadeur extraordinaire et pl\u00e9nipotentiaire du Tchad aupr\u00e8s du royaume d\u2019Arabie Saoudite S.E.M. Zakaria Fadoul Kittir, par ailleurs repr\u00e9sentant permanent aupr\u00e8s de l\u2019Organisation de la Coop\u00e9ration Islamique a oppos\u00e9 sa signature pour le compte du Tchad, \u00e0 Jeddah au si\u00e8ge de ladite Organisation, le Statut de membre de l\u2019Organisation Islamique pour la S\u00e9curit\u00e9 Alimentaire (OISA). Cet \u00e9v\u00e9nement a eu lieu en pr\u00e9sence de S.E. l\u2019Amb Hissein Brahim Taha, Secr\u00e9taire G\u00e9n\u00e9ral de l\u2019OCI.<\/p>\n<p>Le si\u00e8ge de l\u2019Organisation Islamique pour la S\u00e9curit\u00e9 Alimentaire est bas\u00e9 en R\u00e9publique de Kazakhstan. Cette organisation est une branche sp\u00e9cialis\u00e9e de l\u2019Organisation de la Coop\u00e9ration Islamique qui a pour objectifs :<\/p>\n<p>-R\u00e9soudre les probl\u00e8mes de fourniture de nourriture \u00e9conomiquement plus abordable \u00e0 la population des pays islamiques, en fonction de leurs conditions naturelles et climatiques et de leur situation g\u00e9ographique ;<\/p>\n<p>-Cr\u00e9er les itin\u00e9raires de transport et de logistique les plus avantageux pour r\u00e9duire au minimum le co\u00fbt des approvisionnements en nourriture pour les pays membres de l\u2019OCI ;<\/p>\n<p>-Stabiliser les prix des denr\u00e9es alimentaires par la cr\u00e9ation et la gestion de fonds communs pour l\u2019alimentation. L\u2019OISA mettra \u00e9galement en \u0153uvre des programmes humanitaires sur la base des demandes pertinentes du Secr\u00e9tariat g\u00e9n\u00e9ral de l\u2019OCI. (Source OISA).<\/p>\n<p><strong>Pour plus d&rsquo;informations et d&rsquo;analyses sur la <a href=\"https:\/\/www.africa-press.net\/tchad\">Tchad<\/a>, suivez <a href=\"https:\/\/www.africa-press.net\/\">Africa-Press<\/a><\/strong><\/p>\n","protected":false},"excerpt":{"rendered":"<p>Africa-Press &#8211; Tchad. L\u2019accord a \u00e9t\u00e9 sign\u00e9 ce mercredi 27 juillet 2022, \u00e0 Jeddah au si\u00e8ge de l\u2019institution. Le Tchad est d\u00e9sormais membre de l\u2019Organisation Islamique pour la S\u00e9curit\u00e9 Alimentaire (OISA). L\u2019ambassadeur extraordinaire et pl\u00e9nipotentiaire du Tchad aupr\u00e8s du royaume d\u2019Arabie Saoudite S.E.M. Zakaria Fadoul Kittir, par ailleurs repr\u00e9sentant permanent aupr\u00e8s de l\u2019Organisation de la [&hellip;]<\/p>\n","protected":false},"author":82,"featured_media":29635,"comment_status":"open","ping_status":"closed","sticky":false,"template":"","format":"standard","meta":{"footnotes":""},"categories":[21,11,10],"tags":[37,292,3993,3992,29],"class_list":["post-29636","post","type-post","status-publish","format-standard","has-post-thumbnail","hentry","category-communaute","category-homepage-french","category-toutes-les-actualites","tag-africa-press","tag-africa-press-tchad","tag-oisa","tag-securite-alimentaire","tag-tchad"],"yoast_head":"<!-- This site is optimized with the Yoast SEO Premium plugin v26.1 (Yoast SEO v27.0) - https:\/\/yoast.com\/product\/yoast-seo-premium-wordpress\/ -->\n<title>Le Tchad devient membre de l\u2019Organisation Islamique pour la S\u00e9curit\u00e9 Alimentaire - tchad<\/title>\n<meta name=\"description\" content=\"L\u2019accord a \u00e9t\u00e9 sign\u00e9 ce mercredi 27 juillet 2022, \u00e0 Jeddah au si\u00e8ge de l\u2019institution. Le Tchad est d\u00e9sormais membre d ...\" \/>\n<meta name=\"robots\" content=\"index, follow, max-snippet:-1, max-image-preview:large, max-video-preview:-1\" \/>\n<link rel=\"canonical\" href=\"https:\/\/www.africa-press.net\/tchad\/toutes-les-actualites\/le-tchad-devient-membre-de-lorganisation-islamique-pour-la-securite-alimentaire\" \/>\n<meta property=\"og:locale\" content=\"fr_FR\" \/>\n<meta property=\"og:type\" content=\"article\" \/>\n<meta property=\"og:title\" content=\"Le Tchad devient membre de l\u2019Organisation Islamique pour la S\u00e9curit\u00e9 Alimentaire\" \/>\n<meta property=\"og:description\" content=\"L\u2019accord a \u00e9t\u00e9 sign\u00e9 ce mercredi 27 juillet 2022, \u00e0 Jeddah au si\u00e8ge de l\u2019institution. Le Tchad est d\u00e9sormais membre d ...\" \/>\n<meta property=\"og:url\" content=\"https:\/\/www.africa-press.net\/tchad\/toutes-les-actualites\/le-tchad-devient-membre-de-lorganisation-islamique-pour-la-securite-alimentaire\" \/>\n<meta property=\"og:site_name\" content=\"tchad\" \/>\n<meta property=\"article:published_time\" content=\"2022-07-27T16:32:27+00:00\" \/>\n<meta property=\"article:modified_time\" content=\"2022-07-27T16:51:07+00:00\" \/>\n<meta property=\"og:image\" content=\"https:\/\/static.africa-press.net\/tchad\/sites\/41\/2022\/07\/postQueueImg_20-62e16ce150205.jpg\" \/>\n\t<meta property=\"og:image:width\" content=\"780\" \/>\n\t<meta property=\"og:image:height\" content=\"440\" \/>\n\t<meta property=\"og:image:type\" content=\"image\/jpeg\" \/>\n<meta name=\"author\" content=\"cfeditorfr\" \/>\n<meta name=\"twitter:card\" content=\"summary_large_image\" \/>\n<meta name=\"twitter:label1\" content=\"\u00c9crit par\" \/>\n\t<meta name=\"twitter:data1\" content=\"cfeditorfr\" \/>\n\t<meta name=\"twitter:label2\" content=\"Dur\u00e9e de lecture estim\u00e9e\" \/>\n\t<meta name=\"twitter:data2\" content=\"2 minutes\" \/>\n<script type=\"application\/ld+json\" class=\"yoast-schema-graph\">{\"@context\":\"https:\/\/schema.org\",\"@graph\":[{\"@type\":\"Article\",\"@id\":\"https:\/\/www.africa-press.net\/tchad\/toutes-les-actualites\/le-tchad-devient-membre-de-lorganisation-islamique-pour-la-securite-alimentaire#article\",\"isPartOf\":{\"@id\":\"https:\/\/www.africa-press.net\/tchad\/toutes-les-actualites\/le-tchad-devient-membre-de-lorganisation-islamique-pour-la-securite-alimentaire\"},\"author\":{\"name\":\"cfeditorfr\",\"@id\":\"https:\/\/www.africa-press.net\/tchad\/#\/schema\/person\/2b1cf3cd81a31e3cd26889ca66d677f1\"},\"headline\":\"Le Tchad devient membre de l\u2019Organisation Islamique pour la S\u00e9curit\u00e9 Alimentaire\",\"datePublished\":\"2022-07-27T16:32:27+00:00\",\"dateModified\":\"2022-07-27T16:51:07+00:00\",\"mainEntityOfPage\":{\"@id\":\"https:\/\/www.africa-press.net\/tchad\/toutes-les-actualites\/le-tchad-devient-membre-de-lorganisation-islamique-pour-la-securite-alimentaire\"},\"wordCount\":298,\"commentCount\":0,\"image\":{\"@id\":\"https:\/\/www.africa-press.net\/tchad\/toutes-les-actualites\/le-tchad-devient-membre-de-lorganisation-islamique-pour-la-securite-alimentaire#primaryimage\"},\"thumbnailUrl\":\"https:\/\/static.africa-press.net\/tchad\/sites\/41\/2022\/07\/postQueueImg_20-62e16ce150205.jpg\",\"keywords\":[\"Africa Press\",\"Africa Press-Tchad\",\"OISA\",\"S\u00e9curit\u00e9 alimentaire\",\"Tchad\"],\"articleSection\":[\"Communaut\u00e9\",\"homepage-french\",\"Toutes les actualit\u00e9s\"],\"inLanguage\":\"fr-FR\",\"potentialAction\":[{\"@type\":\"CommentAction\",\"name\":\"Comment\",\"target\":[\"https:\/\/www.africa-press.net\/tchad\/toutes-les-actualites\/le-tchad-devient-membre-de-lorganisation-islamique-pour-la-securite-alimentaire#respond\"]}]},{\"@type\":\"WebPage\",\"@id\":\"https:\/\/www.africa-press.net\/tchad\/toutes-les-actualites\/le-tchad-devient-membre-de-lorganisation-islamique-pour-la-securite-alimentaire\",\"url\":\"https:\/\/www.africa-press.net\/tchad\/toutes-les-actualites\/le-tchad-devient-membre-de-lorganisation-islamique-pour-la-securite-alimentaire\",\"name\":\"Le Tchad devient membre de l\u2019Organisation Islamique pour la S\u00e9curit\u00e9 Alimentaire - tchad\",\"isPartOf\":{\"@id\":\"https:\/\/www.africa-press.net\/tchad\/#website\"},\"primaryImageOfPage\":{\"@id\":\"https:\/\/www.africa-press.net\/tchad\/toutes-les-actualites\/le-tchad-devient-membre-de-lorganisation-islamique-pour-la-securite-alimentaire#primaryimage\"},\"image\":{\"@id\":\"https:\/\/www.africa-press.net\/tchad\/toutes-les-actualites\/le-tchad-devient-membre-de-lorganisation-islamique-pour-la-securite-alimentaire#primaryimage\"},\"thumbnailUrl\":\"https:\/\/static.africa-press.net\/tchad\/sites\/41\/2022\/07\/postQueueImg_20-62e16ce150205.jpg\",\"datePublished\":\"2022-07-27T16:32:27+00:00\",\"dateModified\":\"2022-07-27T16:51:07+00:00\",\"author\":{\"@id\":\"https:\/\/www.africa-press.net\/tchad\/#\/schema\/person\/2b1cf3cd81a31e3cd26889ca66d677f1\"},\"description\":\"L\u2019accord a \u00e9t\u00e9 sign\u00e9 ce mercredi 27 juillet 2022, \u00e0 Jeddah au si\u00e8ge de l\u2019institution. Le Tchad est d\u00e9sormais membre d ...\",\"breadcrumb\":{\"@id\":\"https:\/\/www.africa-press.net\/tchad\/toutes-les-actualites\/le-tchad-devient-membre-de-lorganisation-islamique-pour-la-securite-alimentaire#breadcrumb\"},\"inLanguage\":\"fr-FR\",\"potentialAction\":[{\"@type\":\"ReadAction\",\"target\":[\"https:\/\/www.africa-press.net\/tchad\/toutes-les-actualites\/le-tchad-devient-membre-de-lorganisation-islamique-pour-la-securite-alimentaire\"]}]},{\"@type\":\"ImageObject\",\"inLanguage\":\"fr-FR\",\"@id\":\"https:\/\/www.africa-press.net\/tchad\/toutes-les-actualites\/le-tchad-devient-membre-de-lorganisation-islamique-pour-la-securite-alimentaire#primaryimage\",\"url\":\"https:\/\/static.africa-press.net\/tchad\/sites\/41\/2022\/07\/postQueueImg_20-62e16ce150205.jpg\",\"contentUrl\":\"https:\/\/static.africa-press.net\/tchad\/sites\/41\/2022\/07\/postQueueImg_20-62e16ce150205.jpg\",\"width\":780,\"height\":440,\"caption\":\"Le Tchad devient membre de l\u2019Organisation Islamique pour la S\u00e9curit\u00e9 Alimentaire\"},{\"@type\":\"BreadcrumbList\",\"@id\":\"https:\/\/www.africa-press.net\/tchad\/toutes-les-actualites\/le-tchad-devient-membre-de-lorganisation-islamique-pour-la-securite-alimentaire#breadcrumb\",\"itemListElement\":[{\"@type\":\"ListItem\",\"position\":1,\"name\":\"Accueil\",\"item\":\"https:\/\/www.africa-press.net\/tchad\/\"},{\"@type\":\"ListItem\",\"position\":2,\"name\":\"Le Tchad devient membre de l\u2019Organisation Islamique pour la S\u00e9curit\u00e9 Alimentaire\"}]},{\"@type\":\"WebSite\",\"@id\":\"https:\/\/www.africa-press.net\/tchad\/#website\",\"url\":\"https:\/\/www.africa-press.net\/tchad\/\",\"name\":\"tchad\",\"description\":\"Just another Africa News Agency Sites site\",\"potentialAction\":[{\"@type\":\"SearchAction\",\"target\":{\"@type\":\"EntryPoint\",\"urlTemplate\":\"https:\/\/www.africa-press.net\/tchad\/?s={search_term_string}\"},\"query-input\":{\"@type\":\"PropertyValueSpecification\",\"valueRequired\":true,\"valueName\":\"search_term_string\"}}],\"inLanguage\":\"fr-FR\"},{\"@type\":\"Person\",\"@id\":\"https:\/\/www.africa-press.net\/tchad\/#\/schema\/person\/2b1cf3cd81a31e3cd26889ca66d677f1\",\"name\":\"cfeditorfr\"}]}<\/script>\n<!-- \/ Yoast SEO Premium plugin. -->","yoast_head_json":{"title":"Le Tchad devient membre de l\u2019Organisation Islamique pour la S\u00e9curit\u00e9 Alimentaire - tchad","description":"L\u2019accord a \u00e9t\u00e9 sign\u00e9 ce mercredi 27 juillet 2022, \u00e0 Jeddah au si\u00e8ge de l\u2019institution. Le Tchad est d\u00e9sormais membre d ...","robots":{"index":"index","follow":"follow","max-snippet":"max-snippet:-1","max-image-preview":"max-image-preview:large","max-video-preview":"max-video-preview:-1"},"canonical":"https:\/\/www.africa-press.net\/tchad\/toutes-les-actualites\/le-tchad-devient-membre-de-lorganisation-islamique-pour-la-securite-alimentaire","og_locale":"fr_FR","og_type":"article","og_title":"Le Tchad devient membre de l\u2019Organisation Islamique pour la S\u00e9curit\u00e9 Alimentaire","og_description":"L\u2019accord a \u00e9t\u00e9 sign\u00e9 ce mercredi 27 juillet 2022, \u00e0 Jeddah au si\u00e8ge de l\u2019institution. Le Tchad est d\u00e9sormais membre d ...","og_url":"https:\/\/www.africa-press.net\/tchad\/toutes-les-actualites\/le-tchad-devient-membre-de-lorganisation-islamique-pour-la-securite-alimentaire","og_site_name":"tchad","article_published_time":"2022-07-27T16:32:27+00:00","article_modified_time":"2022-07-27T16:51:07+00:00","og_image":[{"width":780,"height":440,"url":"https:\/\/static.africa-press.net\/tchad\/sites\/41\/2022\/07\/postQueueImg_20-62e16ce150205.jpg","type":"image\/jpeg"}],"author":"cfeditorfr","twitter_card":"summary_large_image","twitter_misc":{"\u00c9crit par":"cfeditorfr","Dur\u00e9e de lecture estim\u00e9e":"2 minutes"},"schema":{"@context":"https:\/\/schema.org","@graph":[{"@type":"Article","@id":"https:\/\/www.africa-press.net\/tchad\/toutes-les-actualites\/le-tchad-devient-membre-de-lorganisation-islamique-pour-la-securite-alimentaire#article","isPartOf":{"@id":"https:\/\/www.africa-press.net\/tchad\/toutes-les-actualites\/le-tchad-devient-membre-de-lorganisation-islamique-pour-la-securite-alimentaire"},"author":{"name":"cfeditorfr","@id":"https:\/\/www.africa-press.net\/tchad\/#\/schema\/person\/2b1cf3cd81a31e3cd26889ca66d677f1"},"headline":"Le Tchad devient membre de l\u2019Organisation Islamique pour la S\u00e9curit\u00e9 Alimentaire","datePublished":"2022-07-27T16:32:27+00:00","dateModified":"2022-07-27T16:51:07+00:00","mainEntityOfPage":{"@id":"https:\/\/www.africa-press.net\/tchad\/toutes-les-actualites\/le-tchad-devient-membre-de-lorganisation-islamique-pour-la-securite-alimentaire"},"wordCount":298,"commentCount":0,"image":{"@id":"https:\/\/www.africa-press.net\/tchad\/toutes-les-actualites\/le-tchad-devient-membre-de-lorganisation-islamique-pour-la-securite-alimentaire#primaryimage"},"thumbnailUrl":"https:\/\/static.africa-press.net\/tchad\/sites\/41\/2022\/07\/postQueueImg_20-62e16ce150205.jpg","keywords":["Africa Press","Africa Press-Tchad","OISA","S\u00e9curit\u00e9 alimentaire","Tchad"],"articleSection":["Communaut\u00e9","homepage-french","Toutes les actualit\u00e9s"],"inLanguage":"fr-FR","potentialAction":[{"@type":"CommentAction","name":"Comment","target":["https:\/\/www.africa-press.net\/tchad\/toutes-les-actualites\/le-tchad-devient-membre-de-lorganisation-islamique-pour-la-securite-alimentaire#respond"]}]},{"@type":"WebPage","@id":"https:\/\/www.africa-press.net\/tchad\/toutes-les-actualites\/le-tchad-devient-membre-de-lorganisation-islamique-pour-la-securite-alimentaire","url":"https:\/\/www.africa-press.net\/tchad\/toutes-les-actualites\/le-tchad-devient-membre-de-lorganisation-islamique-pour-la-securite-alimentaire","name":"Le Tchad devient membre de l\u2019Organisation Islamique pour la S\u00e9curit\u00e9 Alimentaire - tchad","isPartOf":{"@id":"https:\/\/www.africa-press.net\/tchad\/#website"},"primaryImageOfPage":{"@id":"https:\/\/www.africa-press.net\/tchad\/toutes-les-actualites\/le-tchad-devient-membre-de-lorganisation-islamique-pour-la-securite-alimentaire#primaryimage"},"image":{"@id":"https:\/\/www.africa-press.net\/tchad\/toutes-les-actualites\/le-tchad-devient-membre-de-lorganisation-islamique-pour-la-securite-alimentaire#primaryimage"},"thumbnailUrl":"https:\/\/static.africa-press.net\/tchad\/sites\/41\/2022\/07\/postQueueImg_20-62e16ce150205.jpg","datePublished":"2022-07-27T16:32:27+00:00","dateModified":"2022-07-27T16:51:07+00:00","author":{"@id":"https:\/\/www.africa-press.net\/tchad\/#\/schema\/person\/2b1cf3cd81a31e3cd26889ca66d677f1"},"description":"L\u2019accord a \u00e9t\u00e9 sign\u00e9 ce mercredi 27 juillet 2022, \u00e0 Jeddah au si\u00e8ge de l\u2019institution. Le Tchad est d\u00e9sormais membre d ...","breadcrumb":{"@id":"https:\/\/www.africa-press.net\/tchad\/toutes-les-actualites\/le-tchad-devient-membre-de-lorganisation-islamique-pour-la-securite-alimentaire#breadcrumb"},"inLanguage":"fr-FR","potentialAction":[{"@type":"ReadAction","target":["https:\/\/www.africa-press.net\/tchad\/toutes-les-actualites\/le-tchad-devient-membre-de-lorganisation-islamique-pour-la-securite-alimentaire"]}]},{"@type":"ImageObject","inLanguage":"fr-FR","@id":"https:\/\/www.africa-press.net\/tchad\/toutes-les-actualites\/le-tchad-devient-membre-de-lorganisation-islamique-pour-la-securite-alimentaire#primaryimage","url":"https:\/\/static.africa-press.net\/tchad\/sites\/41\/2022\/07\/postQueueImg_20-62e16ce150205.jpg","contentUrl":"https:\/\/static.africa-press.net\/tchad\/sites\/41\/2022\/07\/postQueueImg_20-62e16ce150205.jpg","width":780,"height":440,"caption":"Le Tchad devient membre de l\u2019Organisation Islamique pour la S\u00e9curit\u00e9 Alimentaire"},{"@type":"BreadcrumbList","@id":"https:\/\/www.africa-press.net\/tchad\/toutes-les-actualites\/le-tchad-devient-membre-de-lorganisation-islamique-pour-la-securite-alimentaire#breadcrumb","itemListElement":[{"@type":"ListItem","position":1,"name":"Accueil","item":"https:\/\/www.africa-press.net\/tchad\/"},{"@type":"ListItem","position":2,"name":"Le Tchad devient membre de l\u2019Organisation Islamique pour la S\u00e9curit\u00e9 Alimentaire"}]},{"@type":"WebSite","@id":"https:\/\/www.africa-press.net\/tchad\/#website","url":"https:\/\/www.africa-press.net\/tchad\/","name":"tchad","description":"Just another Africa News Agency Sites site","potentialAction":[{"@type":"SearchAction","target":{"@type":"EntryPoint","urlTemplate":"https:\/\/www.africa-press.net\/tchad\/?s={search_term_string}"},"query-input":{"@type":"PropertyValueSpecification","valueRequired":true,"valueName":"search_term_string"}}],"inLanguage":"fr-FR"},{"@type":"Person","@id":"https:\/\/www.africa-press.net\/tchad\/#\/schema\/person\/2b1cf3cd81a31e3cd26889ca66d677f1","name":"cfeditorfr"}]}},"_links":{"self":[{"href":"https:\/\/www.africa-press.net\/tchad\/wp-json\/wp\/v2\/posts\/29636","targetHints":{"allow":["GET"]}}],"collection":[{"href":"https:\/\/www.africa-press.net\/tchad\/wp-json\/wp\/v2\/posts"}],"about":[{"href":"https:\/\/www.africa-press.net\/tchad\/wp-json\/wp\/v2\/types\/post"}],"author":[{"embeddable":true,"href":"https:\/\/www.africa-press.net\/tchad\/wp-json\/wp\/v2\/users\/82"}],"replies":[{"embeddable":true,"href":"https:\/\/www.africa-press.net\/tchad\/wp-json\/wp\/v2\/comments?post=29636"}],"version-history":[{"count":0,"href":"https:\/\/www.africa-press.net\/tchad\/wp-json\/wp\/v2\/posts\/29636\/revisions"}],"wp:featuredmedia":[{"embeddable":true,"href":"https:\/\/www.africa-press.net\/tchad\/wp-json\/wp\/v2\/media\/29635"}],"wp:attachment":[{"href":"https:\/\/www.africa-press.net\/tchad\/wp-json\/wp\/v2\/media?parent=29636"}],"wp:term":[{"taxonomy":"category","embeddable":true,"href":"https:\/\/www.africa-press.net\/tchad\/wp-json\/wp\/v2\/categories?post=29636"},{"taxonomy":"post_tag","embeddable":true,"href":"https:\/\/www.africa-press.net\/tchad\/wp-json\/wp\/v2\/tags?post=29636"}],"curies":[{"name":"wp","href":"https:\/\/api.w.org\/{rel}","templated":true}]}}