{"id":29645,"date":"2022-07-27T16:33:47","date_gmt":"2022-07-27T16:33:47","guid":{"rendered":"https:\/\/www.africa-press.net\/tchad\/politique\/une-petition-pour-exiger-un-congres-extraordinaire-du-parti-far"},"modified":"2022-07-27T16:52:36","modified_gmt":"2022-07-27T16:52:36","slug":"une-petition-pour-exiger-un-congres-extraordinaire-du-parti-far","status":"publish","type":"post","link":"https:\/\/www.africa-press.net\/tchad\/parties\/une-petition-pour-exiger-un-congres-extraordinaire-du-parti-far","title":{"rendered":"une p\u00e9tition pour exiger un congr\u00e8s extraordinaire du parti FAR"},"content":{"rendered":"<p><span style=\"color: #ff6600\"><strong>Africa-Press &#8211; Tchad. <\/strong><\/span>Le congr\u00e8s a notamment pour objectif de se pencher sur l&rsquo;avenir du parti et l&rsquo;alternance \u00e0 sa t\u00eate.<\/p>\n<p>Lanc\u00e9e le 29 juin, la p\u00e9tition a \u00e9t\u00e9 sign\u00e9e par des membres de la plupart des provinces.<\/p>\n<p>Le 20 juillet, le pr\u00e9sident du (FAR, Ngarlejy Yorongar, a sign\u00e9 une d\u00e9cision suspendant son chef de cabinet, Kemnoudji Ngadjadoum Daniel, du parti.<\/p>\n<p>Il est reproch\u00e9 \u00e0 Kemnoudji Ngadjadoum Daniel plusieurs faits selon la d\u00e9cision : incitation \u00e0 la r\u00e9volte au sein du parti, non-paiement de ses cotisations, troubles et injures et espionnage par l&rsquo;interm\u00e9diaire d&rsquo;un journaliste.<\/p>\n<p>Kemnoudji Ngadjadoum Daniel n&rsquo;a pas encore r\u00e9agi publiquement \u00e0 sa suspension.<\/p>\n<p>Le 7 juillet, l&rsquo;historique opposant au d\u00e9funt pr\u00e9sident Idriss Deby a \u00e9t\u00e9 re\u00e7u par le chef de la transition au Palais pr\u00e9sidentiel.<\/p>\n<p>\u00c0 la sortie d&rsquo;audience, Ngarlejy Yorongar a affirm\u00e9 avoir \u00e9voqu\u00e9 les probl\u00e8mes au sein de son parti avec le pr\u00e9sident du Conseil militaire de transition, Mahamat Idriss Deby.<\/p>\n<p><strong>Pour plus d&rsquo;informations et d&rsquo;analyses sur la <a href=\"https:\/\/www.africa-press.net\/tchad\">Tchad<\/a>, suivez <a href=\"https:\/\/www.africa-press.net\/\">Africa-Press<\/a><\/strong><\/p>\n","protected":false},"excerpt":{"rendered":"<p>Africa-Press &#8211; Tchad. Le congr\u00e8s a notamment pour objectif de se pencher sur l&rsquo;avenir du parti et l&rsquo;alternance \u00e0 sa t\u00eate. Lanc\u00e9e le 29 juin, la p\u00e9tition a \u00e9t\u00e9 sign\u00e9e par des membres de la plupart des provinces. Le 20 juillet, le pr\u00e9sident du (FAR, Ngarlejy Yorongar, a sign\u00e9 une d\u00e9cision suspendant son chef de [&hellip;]<\/p>\n","protected":false},"author":82,"featured_media":29644,"comment_status":"open","ping_status":"closed","sticky":false,"template":"","format":"standard","meta":{"footnotes":""},"categories":[11,4,20,10],"tags":[37,292,29],"class_list":["post-29645","post","type-post","status-publish","format-standard","has-post-thumbnail","hentry","category-homepage-french","category-parties","category-top-nouvelles","category-toutes-les-actualites","tag-africa-press","tag-africa-press-tchad","tag-tchad"],"yoast_head":"<!-- This site is optimized with the Yoast SEO Premium plugin v26.1 (Yoast SEO v27.0) - https:\/\/yoast.com\/product\/yoast-seo-premium-wordpress\/ -->\n<title>une p\u00e9tition pour exiger un congr\u00e8s extraordinaire du parti FAR - tchad<\/title>\n<meta name=\"description\" content=\"Le congr\u00e8s a notamment pour objectif de se pencher sur l&#039;avenir du parti et l&#039;alternance \u00e0 sa t\u00eate. Lanc\u00e9e le 29 juin, ...\" \/>\n<meta name=\"robots\" content=\"index, follow, max-snippet:-1, max-image-preview:large, max-video-preview:-1\" \/>\n<link rel=\"canonical\" href=\"https:\/\/www.africa-press.net\/tchad\/parties\/une-petition-pour-exiger-un-congres-extraordinaire-du-parti-far\" \/>\n<meta property=\"og:locale\" content=\"fr_FR\" \/>\n<meta property=\"og:type\" content=\"article\" \/>\n<meta property=\"og:title\" content=\"une p\u00e9tition pour exiger un congr\u00e8s extraordinaire du parti FAR\" \/>\n<meta property=\"og:description\" content=\"Le congr\u00e8s a notamment pour objectif de se pencher sur l&#039;avenir du parti et l&#039;alternance \u00e0 sa t\u00eate. Lanc\u00e9e le 29 juin, ...\" \/>\n<meta property=\"og:url\" content=\"https:\/\/www.africa-press.net\/tchad\/parties\/une-petition-pour-exiger-un-congres-extraordinaire-du-parti-far\" \/>\n<meta property=\"og:site_name\" content=\"tchad\" \/>\n<meta property=\"article:published_time\" content=\"2022-07-27T16:33:47+00:00\" \/>\n<meta property=\"article:modified_time\" content=\"2022-07-27T16:52:36+00:00\" \/>\n<meta property=\"og:image\" content=\"https:\/\/static.africa-press.net\/tchad\/sites\/41\/2022\/07\/postQueueImg_23-62e16d4133456.jpg\" \/>\n\t<meta property=\"og:image:width\" content=\"870\" \/>\n\t<meta property=\"og:image:height\" content=\"492\" \/>\n\t<meta property=\"og:image:type\" content=\"image\/jpeg\" \/>\n<meta name=\"author\" content=\"cfeditorfr\" \/>\n<meta name=\"twitter:card\" content=\"summary_large_image\" \/>\n<meta name=\"twitter:label1\" content=\"\u00c9crit par\" \/>\n\t<meta name=\"twitter:data1\" content=\"cfeditorfr\" \/>\n\t<meta name=\"twitter:label2\" content=\"Dur\u00e9e de lecture estim\u00e9e\" \/>\n\t<meta name=\"twitter:data2\" content=\"1 minute\" \/>\n<script type=\"application\/ld+json\" class=\"yoast-schema-graph\">{\"@context\":\"https:\/\/schema.org\",\"@graph\":[{\"@type\":\"Article\",\"@id\":\"https:\/\/www.africa-press.net\/tchad\/parties\/une-petition-pour-exiger-un-congres-extraordinaire-du-parti-far#article\",\"isPartOf\":{\"@id\":\"https:\/\/www.africa-press.net\/tchad\/parties\/une-petition-pour-exiger-un-congres-extraordinaire-du-parti-far\"},\"author\":{\"name\":\"cfeditorfr\",\"@id\":\"https:\/\/www.africa-press.net\/tchad\/#\/schema\/person\/2b1cf3cd81a31e3cd26889ca66d677f1\"},\"headline\":\"une p\u00e9tition pour exiger un congr\u00e8s extraordinaire du parti FAR\",\"datePublished\":\"2022-07-27T16:33:47+00:00\",\"dateModified\":\"2022-07-27T16:52:36+00:00\",\"mainEntityOfPage\":{\"@id\":\"https:\/\/www.africa-press.net\/tchad\/parties\/une-petition-pour-exiger-un-congres-extraordinaire-du-parti-far\"},\"wordCount\":195,\"commentCount\":0,\"image\":{\"@id\":\"https:\/\/www.africa-press.net\/tchad\/parties\/une-petition-pour-exiger-un-congres-extraordinaire-du-parti-far#primaryimage\"},\"thumbnailUrl\":\"https:\/\/static.africa-press.net\/tchad\/sites\/41\/2022\/07\/postQueueImg_23-62e16d4133456.jpg\",\"keywords\":[\"Africa Press\",\"Africa Press-Tchad\",\"Tchad\"],\"articleSection\":[\"homepage-french\",\"Parties\",\"Top Nouvelles\",\"Toutes les actualit\u00e9s\"],\"inLanguage\":\"fr-FR\",\"potentialAction\":[{\"@type\":\"CommentAction\",\"name\":\"Comment\",\"target\":[\"https:\/\/www.africa-press.net\/tchad\/parties\/une-petition-pour-exiger-un-congres-extraordinaire-du-parti-far#respond\"]}]},{\"@type\":\"WebPage\",\"@id\":\"https:\/\/www.africa-press.net\/tchad\/parties\/une-petition-pour-exiger-un-congres-extraordinaire-du-parti-far\",\"url\":\"https:\/\/www.africa-press.net\/tchad\/parties\/une-petition-pour-exiger-un-congres-extraordinaire-du-parti-far\",\"name\":\"une p\u00e9tition pour exiger un congr\u00e8s extraordinaire du parti FAR - tchad\",\"isPartOf\":{\"@id\":\"https:\/\/www.africa-press.net\/tchad\/#website\"},\"primaryImageOfPage\":{\"@id\":\"https:\/\/www.africa-press.net\/tchad\/parties\/une-petition-pour-exiger-un-congres-extraordinaire-du-parti-far#primaryimage\"},\"image\":{\"@id\":\"https:\/\/www.africa-press.net\/tchad\/parties\/une-petition-pour-exiger-un-congres-extraordinaire-du-parti-far#primaryimage\"},\"thumbnailUrl\":\"https:\/\/static.africa-press.net\/tchad\/sites\/41\/2022\/07\/postQueueImg_23-62e16d4133456.jpg\",\"datePublished\":\"2022-07-27T16:33:47+00:00\",\"dateModified\":\"2022-07-27T16:52:36+00:00\",\"author\":{\"@id\":\"https:\/\/www.africa-press.net\/tchad\/#\/schema\/person\/2b1cf3cd81a31e3cd26889ca66d677f1\"},\"description\":\"Le congr\u00e8s a notamment pour objectif de se pencher sur l'avenir du parti et l'alternance \u00e0 sa t\u00eate. Lanc\u00e9e le 29 juin, ...\",\"breadcrumb\":{\"@id\":\"https:\/\/www.africa-press.net\/tchad\/parties\/une-petition-pour-exiger-un-congres-extraordinaire-du-parti-far#breadcrumb\"},\"inLanguage\":\"fr-FR\",\"potentialAction\":[{\"@type\":\"ReadAction\",\"target\":[\"https:\/\/www.africa-press.net\/tchad\/parties\/une-petition-pour-exiger-un-congres-extraordinaire-du-parti-far\"]}]},{\"@type\":\"ImageObject\",\"inLanguage\":\"fr-FR\",\"@id\":\"https:\/\/www.africa-press.net\/tchad\/parties\/une-petition-pour-exiger-un-congres-extraordinaire-du-parti-far#primaryimage\",\"url\":\"https:\/\/static.africa-press.net\/tchad\/sites\/41\/2022\/07\/postQueueImg_23-62e16d4133456.jpg\",\"contentUrl\":\"https:\/\/static.africa-press.net\/tchad\/sites\/41\/2022\/07\/postQueueImg_23-62e16d4133456.jpg\",\"width\":870,\"height\":492,\"caption\":\"une p\u00e9tition pour exiger un congr\u00e8s extraordinaire du parti FAR\"},{\"@type\":\"BreadcrumbList\",\"@id\":\"https:\/\/www.africa-press.net\/tchad\/parties\/une-petition-pour-exiger-un-congres-extraordinaire-du-parti-far#breadcrumb\",\"itemListElement\":[{\"@type\":\"ListItem\",\"position\":1,\"name\":\"Accueil\",\"item\":\"https:\/\/www.africa-press.net\/tchad\/\"},{\"@type\":\"ListItem\",\"position\":2,\"name\":\"une p\u00e9tition pour exiger un congr\u00e8s extraordinaire du parti FAR\"}]},{\"@type\":\"WebSite\",\"@id\":\"https:\/\/www.africa-press.net\/tchad\/#website\",\"url\":\"https:\/\/www.africa-press.net\/tchad\/\",\"name\":\"tchad\",\"description\":\"Just another Africa News Agency Sites site\",\"potentialAction\":[{\"@type\":\"SearchAction\",\"target\":{\"@type\":\"EntryPoint\",\"urlTemplate\":\"https:\/\/www.africa-press.net\/tchad\/?s={search_term_string}\"},\"query-input\":{\"@type\":\"PropertyValueSpecification\",\"valueRequired\":true,\"valueName\":\"search_term_string\"}}],\"inLanguage\":\"fr-FR\"},{\"@type\":\"Person\",\"@id\":\"https:\/\/www.africa-press.net\/tchad\/#\/schema\/person\/2b1cf3cd81a31e3cd26889ca66d677f1\",\"name\":\"cfeditorfr\"}]}<\/script>\n<!-- \/ Yoast SEO Premium plugin. -->","yoast_head_json":{"title":"une p\u00e9tition pour exiger un congr\u00e8s extraordinaire du parti FAR - tchad","description":"Le congr\u00e8s a notamment pour objectif de se pencher sur l'avenir du parti et l'alternance \u00e0 sa t\u00eate. Lanc\u00e9e le 29 juin, ...","robots":{"index":"index","follow":"follow","max-snippet":"max-snippet:-1","max-image-preview":"max-image-preview:large","max-video-preview":"max-video-preview:-1"},"canonical":"https:\/\/www.africa-press.net\/tchad\/parties\/une-petition-pour-exiger-un-congres-extraordinaire-du-parti-far","og_locale":"fr_FR","og_type":"article","og_title":"une p\u00e9tition pour exiger un congr\u00e8s extraordinaire du parti FAR","og_description":"Le congr\u00e8s a notamment pour objectif de se pencher sur l'avenir du parti et l'alternance \u00e0 sa t\u00eate. Lanc\u00e9e le 29 juin, ...","og_url":"https:\/\/www.africa-press.net\/tchad\/parties\/une-petition-pour-exiger-un-congres-extraordinaire-du-parti-far","og_site_name":"tchad","article_published_time":"2022-07-27T16:33:47+00:00","article_modified_time":"2022-07-27T16:52:36+00:00","og_image":[{"width":870,"height":492,"url":"https:\/\/static.africa-press.net\/tchad\/sites\/41\/2022\/07\/postQueueImg_23-62e16d4133456.jpg","type":"image\/jpeg"}],"author":"cfeditorfr","twitter_card":"summary_large_image","twitter_misc":{"\u00c9crit par":"cfeditorfr","Dur\u00e9e de lecture estim\u00e9e":"1 minute"},"schema":{"@context":"https:\/\/schema.org","@graph":[{"@type":"Article","@id":"https:\/\/www.africa-press.net\/tchad\/parties\/une-petition-pour-exiger-un-congres-extraordinaire-du-parti-far#article","isPartOf":{"@id":"https:\/\/www.africa-press.net\/tchad\/parties\/une-petition-pour-exiger-un-congres-extraordinaire-du-parti-far"},"author":{"name":"cfeditorfr","@id":"https:\/\/www.africa-press.net\/tchad\/#\/schema\/person\/2b1cf3cd81a31e3cd26889ca66d677f1"},"headline":"une p\u00e9tition pour exiger un congr\u00e8s extraordinaire du parti FAR","datePublished":"2022-07-27T16:33:47+00:00","dateModified":"2022-07-27T16:52:36+00:00","mainEntityOfPage":{"@id":"https:\/\/www.africa-press.net\/tchad\/parties\/une-petition-pour-exiger-un-congres-extraordinaire-du-parti-far"},"wordCount":195,"commentCount":0,"image":{"@id":"https:\/\/www.africa-press.net\/tchad\/parties\/une-petition-pour-exiger-un-congres-extraordinaire-du-parti-far#primaryimage"},"thumbnailUrl":"https:\/\/static.africa-press.net\/tchad\/sites\/41\/2022\/07\/postQueueImg_23-62e16d4133456.jpg","keywords":["Africa Press","Africa Press-Tchad","Tchad"],"articleSection":["homepage-french","Parties","Top Nouvelles","Toutes les actualit\u00e9s"],"inLanguage":"fr-FR","potentialAction":[{"@type":"CommentAction","name":"Comment","target":["https:\/\/www.africa-press.net\/tchad\/parties\/une-petition-pour-exiger-un-congres-extraordinaire-du-parti-far#respond"]}]},{"@type":"WebPage","@id":"https:\/\/www.africa-press.net\/tchad\/parties\/une-petition-pour-exiger-un-congres-extraordinaire-du-parti-far","url":"https:\/\/www.africa-press.net\/tchad\/parties\/une-petition-pour-exiger-un-congres-extraordinaire-du-parti-far","name":"une p\u00e9tition pour exiger un congr\u00e8s extraordinaire du parti FAR - tchad","isPartOf":{"@id":"https:\/\/www.africa-press.net\/tchad\/#website"},"primaryImageOfPage":{"@id":"https:\/\/www.africa-press.net\/tchad\/parties\/une-petition-pour-exiger-un-congres-extraordinaire-du-parti-far#primaryimage"},"image":{"@id":"https:\/\/www.africa-press.net\/tchad\/parties\/une-petition-pour-exiger-un-congres-extraordinaire-du-parti-far#primaryimage"},"thumbnailUrl":"https:\/\/static.africa-press.net\/tchad\/sites\/41\/2022\/07\/postQueueImg_23-62e16d4133456.jpg","datePublished":"2022-07-27T16:33:47+00:00","dateModified":"2022-07-27T16:52:36+00:00","author":{"@id":"https:\/\/www.africa-press.net\/tchad\/#\/schema\/person\/2b1cf3cd81a31e3cd26889ca66d677f1"},"description":"Le congr\u00e8s a notamment pour objectif de se pencher sur l'avenir du parti et l'alternance \u00e0 sa t\u00eate. Lanc\u00e9e le 29 juin, ...","breadcrumb":{"@id":"https:\/\/www.africa-press.net\/tchad\/parties\/une-petition-pour-exiger-un-congres-extraordinaire-du-parti-far#breadcrumb"},"inLanguage":"fr-FR","potentialAction":[{"@type":"ReadAction","target":["https:\/\/www.africa-press.net\/tchad\/parties\/une-petition-pour-exiger-un-congres-extraordinaire-du-parti-far"]}]},{"@type":"ImageObject","inLanguage":"fr-FR","@id":"https:\/\/www.africa-press.net\/tchad\/parties\/une-petition-pour-exiger-un-congres-extraordinaire-du-parti-far#primaryimage","url":"https:\/\/static.africa-press.net\/tchad\/sites\/41\/2022\/07\/postQueueImg_23-62e16d4133456.jpg","contentUrl":"https:\/\/static.africa-press.net\/tchad\/sites\/41\/2022\/07\/postQueueImg_23-62e16d4133456.jpg","width":870,"height":492,"caption":"une p\u00e9tition pour exiger un congr\u00e8s extraordinaire du parti FAR"},{"@type":"BreadcrumbList","@id":"https:\/\/www.africa-press.net\/tchad\/parties\/une-petition-pour-exiger-un-congres-extraordinaire-du-parti-far#breadcrumb","itemListElement":[{"@type":"ListItem","position":1,"name":"Accueil","item":"https:\/\/www.africa-press.net\/tchad\/"},{"@type":"ListItem","position":2,"name":"une p\u00e9tition pour exiger un congr\u00e8s extraordinaire du parti FAR"}]},{"@type":"WebSite","@id":"https:\/\/www.africa-press.net\/tchad\/#website","url":"https:\/\/www.africa-press.net\/tchad\/","name":"tchad","description":"Just another Africa News Agency Sites site","potentialAction":[{"@type":"SearchAction","target":{"@type":"EntryPoint","urlTemplate":"https:\/\/www.africa-press.net\/tchad\/?s={search_term_string}"},"query-input":{"@type":"PropertyValueSpecification","valueRequired":true,"valueName":"search_term_string"}}],"inLanguage":"fr-FR"},{"@type":"Person","@id":"https:\/\/www.africa-press.net\/tchad\/#\/schema\/person\/2b1cf3cd81a31e3cd26889ca66d677f1","name":"cfeditorfr"}]}},"_links":{"self":[{"href":"https:\/\/www.africa-press.net\/tchad\/wp-json\/wp\/v2\/posts\/29645","targetHints":{"allow":["GET"]}}],"collection":[{"href":"https:\/\/www.africa-press.net\/tchad\/wp-json\/wp\/v2\/posts"}],"about":[{"href":"https:\/\/www.africa-press.net\/tchad\/wp-json\/wp\/v2\/types\/post"}],"author":[{"embeddable":true,"href":"https:\/\/www.africa-press.net\/tchad\/wp-json\/wp\/v2\/users\/82"}],"replies":[{"embeddable":true,"href":"https:\/\/www.africa-press.net\/tchad\/wp-json\/wp\/v2\/comments?post=29645"}],"version-history":[{"count":0,"href":"https:\/\/www.africa-press.net\/tchad\/wp-json\/wp\/v2\/posts\/29645\/revisions"}],"wp:featuredmedia":[{"embeddable":true,"href":"https:\/\/www.africa-press.net\/tchad\/wp-json\/wp\/v2\/media\/29644"}],"wp:attachment":[{"href":"https:\/\/www.africa-press.net\/tchad\/wp-json\/wp\/v2\/media?parent=29645"}],"wp:term":[{"taxonomy":"category","embeddable":true,"href":"https:\/\/www.africa-press.net\/tchad\/wp-json\/wp\/v2\/categories?post=29645"},{"taxonomy":"post_tag","embeddable":true,"href":"https:\/\/www.africa-press.net\/tchad\/wp-json\/wp\/v2\/tags?post=29645"}],"curies":[{"name":"wp","href":"https:\/\/api.w.org\/{rel}","templated":true}]}}