{"id":29648,"date":"2022-07-27T16:34:17","date_gmt":"2022-07-27T16:34:17","guid":{"rendered":"https:\/\/www.africa-press.net\/tchad\/politique\/lobservatoire-citoyen-favorable-a-la-prolongation-de-la-transition-sous-condition"},"modified":"2022-07-27T16:53:05","modified_gmt":"2022-07-27T16:53:05","slug":"lobservatoire-citoyen-favorable-a-la-prolongation-de-la-transition-sous-condition","status":"publish","type":"post","link":"https:\/\/www.africa-press.net\/tchad\/politique\/lobservatoire-citoyen-favorable-a-la-prolongation-de-la-transition-sous-condition","title":{"rendered":"l&rsquo;Observatoire citoyen favorable \u00e0 la prolongation de la transition sous condition"},"content":{"rendered":"<p><span style=\"color: #ff6600\"><strong>Africa-Press &#8211; Tchad. <\/strong><\/span>Le Forum citoyen d&rsquo;\u00e9changes sur la situation politique au Tchad a pris fin ce 26 juillet au CEFOD.<\/p>\n<p>Il a \u00e9t\u00e9 organis\u00e9 par le Comit\u00e9 de suivi de l&rsquo;appel \u00e0 la paix et \u00e0 la r\u00e9conciliation (CSAPR).<\/p>\n<p>Apr\u00e8s la mise en place du Conseil militaire de transition (CMT), pour assurer la transition, les acteurs de la soci\u00e9t\u00e9 civile se sont r\u00e9unis pour r\u00e9fl\u00e9chir autour de la question de la p\u00e9riode transitoire que conna\u00eet le pays.<\/p>\n<p>\u00c0 l&rsquo;issue de cette r\u00e9flexion, l&rsquo;Observatoire citoyen de la transition a \u00e9t\u00e9 cr\u00e9\u00e9.<\/p>\n<p>Il a pour r\u00f4le de, veiller sur ce qui passe pendant cette transition, d\u00e9noncer les manquements constat\u00e9s, et faire de propositions, explique Nodjitoloum Salomon, pr\u00e9sident de l&rsquo;Observatoire.<\/p>\n<p>Au terme du Forum citoyen, les participants s&rsquo;accordent \u00e0 contribuer au dialogue national inclusif, et acceptent le fait que la transition puisse \u00eatre prolong\u00e9e avec une p\u00e9riode bien d\u00e9finie et limit\u00e9e.<\/p>\n<p>Car, selon eux, la vraie transition commence apr\u00e8s le prochain dialogue.<\/p>\n<p>Ils acceptent de participer \u00e0 cette grande rencontre, \u00e0 condition qu&rsquo;elle soit souveraine, inclusive et que les personnes qui seront d\u00e9sign\u00e9es \u00e0 faire partie du pr\u00e9sidium, le soient par consensus.<\/p>\n<p>\u00ab Pendant ce dialogue, une nouvelle charte de transition doit \u00eatre r\u00e9dig\u00e9e et elle doit faire clairement mention de la non-\u00e9ligibilit\u00e9 de ceux qui dirigent la transition.<\/p>\n<p>Cela doit \u00eatre not\u00e9, noir sur blanc \u00bb, affirme Nodjitoloum Salamon.<\/p>\n<p>Et d&rsquo;ajouter que \u00ab la communaut\u00e9 internationale doit d\u00e9signer un facilitateur ind\u00e9pendant afin de suivre, et de veiller sur l&rsquo;application des r\u00e9solutions qui seront prises lors du dialogue \u00bb.<\/p>\n<p><strong>Pour plus d&rsquo;informations et d&rsquo;analyses sur la <a href=\"https:\/\/www.africa-press.net\/tchad\">Tchad<\/a>, suivez <a href=\"https:\/\/www.africa-press.net\/\">Africa-Press<\/a><\/strong><\/p>\n","protected":false},"excerpt":{"rendered":"<p>Africa-Press &#8211; Tchad. Le Forum citoyen d&rsquo;\u00e9changes sur la situation politique au Tchad a pris fin ce 26 juillet au CEFOD. Il a \u00e9t\u00e9 organis\u00e9 par le Comit\u00e9 de suivi de l&rsquo;appel \u00e0 la paix et \u00e0 la r\u00e9conciliation (CSAPR). Apr\u00e8s la mise en place du Conseil militaire de transition (CMT), pour assurer la transition, [&hellip;]<\/p>\n","protected":false},"author":82,"featured_media":29647,"comment_status":"open","ping_status":"closed","sticky":false,"template":"","format":"standard","meta":{"footnotes":""},"categories":[11,2,10],"tags":[37,292,29],"class_list":["post-29648","post","type-post","status-publish","format-standard","has-post-thumbnail","hentry","category-homepage-french","category-politique","category-toutes-les-actualites","tag-africa-press","tag-africa-press-tchad","tag-tchad"],"yoast_head":"<!-- This site is optimized with the Yoast SEO Premium plugin v26.1 (Yoast SEO v27.0) - https:\/\/yoast.com\/product\/yoast-seo-premium-wordpress\/ -->\n<title>l&#039;Observatoire citoyen favorable \u00e0 la prolongation de la transition sous condition - tchad<\/title>\n<meta name=\"description\" content=\"Le Forum citoyen d&#039;\u00e9changes sur la situation politique au Tchad a pris fin ce 26 juillet au CEFOD. Il a \u00e9t\u00e9 organis\u00e9 pa ...\" \/>\n<meta name=\"robots\" content=\"index, follow, max-snippet:-1, max-image-preview:large, max-video-preview:-1\" \/>\n<link rel=\"canonical\" href=\"https:\/\/www.africa-press.net\/tchad\/politique\/lobservatoire-citoyen-favorable-a-la-prolongation-de-la-transition-sous-condition\" \/>\n<meta property=\"og:locale\" content=\"fr_FR\" \/>\n<meta property=\"og:type\" content=\"article\" \/>\n<meta property=\"og:title\" content=\"l&#039;Observatoire citoyen favorable \u00e0 la prolongation de la transition sous condition\" \/>\n<meta property=\"og:description\" content=\"Le Forum citoyen d&#039;\u00e9changes sur la situation politique au Tchad a pris fin ce 26 juillet au CEFOD. Il a \u00e9t\u00e9 organis\u00e9 pa ...\" \/>\n<meta property=\"og:url\" content=\"https:\/\/www.africa-press.net\/tchad\/politique\/lobservatoire-citoyen-favorable-a-la-prolongation-de-la-transition-sous-condition\" \/>\n<meta property=\"og:site_name\" content=\"tchad\" \/>\n<meta property=\"article:published_time\" content=\"2022-07-27T16:34:17+00:00\" \/>\n<meta property=\"article:modified_time\" content=\"2022-07-27T16:53:05+00:00\" \/>\n<meta property=\"og:image\" content=\"https:\/\/static.africa-press.net\/tchad\/sites\/41\/2022\/07\/postQueueImg_24-62e16d5af2e48.jpg\" \/>\n\t<meta property=\"og:image:width\" content=\"870\" \/>\n\t<meta property=\"og:image:height\" content=\"423\" \/>\n\t<meta property=\"og:image:type\" content=\"image\/jpeg\" \/>\n<meta name=\"author\" content=\"cfeditorfr\" \/>\n<meta name=\"twitter:card\" content=\"summary_large_image\" \/>\n<meta name=\"twitter:label1\" content=\"\u00c9crit par\" \/>\n\t<meta name=\"twitter:data1\" content=\"cfeditorfr\" \/>\n\t<meta name=\"twitter:label2\" content=\"Dur\u00e9e de lecture estim\u00e9e\" \/>\n\t<meta name=\"twitter:data2\" content=\"2 minutes\" \/>\n<script type=\"application\/ld+json\" class=\"yoast-schema-graph\">{\"@context\":\"https:\/\/schema.org\",\"@graph\":[{\"@type\":\"Article\",\"@id\":\"https:\/\/www.africa-press.net\/tchad\/politique\/lobservatoire-citoyen-favorable-a-la-prolongation-de-la-transition-sous-condition#article\",\"isPartOf\":{\"@id\":\"https:\/\/www.africa-press.net\/tchad\/politique\/lobservatoire-citoyen-favorable-a-la-prolongation-de-la-transition-sous-condition\"},\"author\":{\"name\":\"cfeditorfr\",\"@id\":\"https:\/\/www.africa-press.net\/tchad\/#\/schema\/person\/2b1cf3cd81a31e3cd26889ca66d677f1\"},\"headline\":\"l&rsquo;Observatoire citoyen favorable \u00e0 la prolongation de la transition sous condition\",\"datePublished\":\"2022-07-27T16:34:17+00:00\",\"dateModified\":\"2022-07-27T16:53:05+00:00\",\"mainEntityOfPage\":{\"@id\":\"https:\/\/www.africa-press.net\/tchad\/politique\/lobservatoire-citoyen-favorable-a-la-prolongation-de-la-transition-sous-condition\"},\"wordCount\":304,\"commentCount\":0,\"image\":{\"@id\":\"https:\/\/www.africa-press.net\/tchad\/politique\/lobservatoire-citoyen-favorable-a-la-prolongation-de-la-transition-sous-condition#primaryimage\"},\"thumbnailUrl\":\"https:\/\/static.africa-press.net\/tchad\/sites\/41\/2022\/07\/postQueueImg_24-62e16d5af2e48.jpg\",\"keywords\":[\"Africa Press\",\"Africa Press-Tchad\",\"Tchad\"],\"articleSection\":[\"homepage-french\",\"Politique\",\"Toutes les actualit\u00e9s\"],\"inLanguage\":\"fr-FR\",\"potentialAction\":[{\"@type\":\"CommentAction\",\"name\":\"Comment\",\"target\":[\"https:\/\/www.africa-press.net\/tchad\/politique\/lobservatoire-citoyen-favorable-a-la-prolongation-de-la-transition-sous-condition#respond\"]}]},{\"@type\":\"WebPage\",\"@id\":\"https:\/\/www.africa-press.net\/tchad\/politique\/lobservatoire-citoyen-favorable-a-la-prolongation-de-la-transition-sous-condition\",\"url\":\"https:\/\/www.africa-press.net\/tchad\/politique\/lobservatoire-citoyen-favorable-a-la-prolongation-de-la-transition-sous-condition\",\"name\":\"l'Observatoire citoyen favorable \u00e0 la prolongation de la transition sous condition - tchad\",\"isPartOf\":{\"@id\":\"https:\/\/www.africa-press.net\/tchad\/#website\"},\"primaryImageOfPage\":{\"@id\":\"https:\/\/www.africa-press.net\/tchad\/politique\/lobservatoire-citoyen-favorable-a-la-prolongation-de-la-transition-sous-condition#primaryimage\"},\"image\":{\"@id\":\"https:\/\/www.africa-press.net\/tchad\/politique\/lobservatoire-citoyen-favorable-a-la-prolongation-de-la-transition-sous-condition#primaryimage\"},\"thumbnailUrl\":\"https:\/\/static.africa-press.net\/tchad\/sites\/41\/2022\/07\/postQueueImg_24-62e16d5af2e48.jpg\",\"datePublished\":\"2022-07-27T16:34:17+00:00\",\"dateModified\":\"2022-07-27T16:53:05+00:00\",\"author\":{\"@id\":\"https:\/\/www.africa-press.net\/tchad\/#\/schema\/person\/2b1cf3cd81a31e3cd26889ca66d677f1\"},\"description\":\"Le Forum citoyen d'\u00e9changes sur la situation politique au Tchad a pris fin ce 26 juillet au CEFOD. Il a \u00e9t\u00e9 organis\u00e9 pa ...\",\"breadcrumb\":{\"@id\":\"https:\/\/www.africa-press.net\/tchad\/politique\/lobservatoire-citoyen-favorable-a-la-prolongation-de-la-transition-sous-condition#breadcrumb\"},\"inLanguage\":\"fr-FR\",\"potentialAction\":[{\"@type\":\"ReadAction\",\"target\":[\"https:\/\/www.africa-press.net\/tchad\/politique\/lobservatoire-citoyen-favorable-a-la-prolongation-de-la-transition-sous-condition\"]}]},{\"@type\":\"ImageObject\",\"inLanguage\":\"fr-FR\",\"@id\":\"https:\/\/www.africa-press.net\/tchad\/politique\/lobservatoire-citoyen-favorable-a-la-prolongation-de-la-transition-sous-condition#primaryimage\",\"url\":\"https:\/\/static.africa-press.net\/tchad\/sites\/41\/2022\/07\/postQueueImg_24-62e16d5af2e48.jpg\",\"contentUrl\":\"https:\/\/static.africa-press.net\/tchad\/sites\/41\/2022\/07\/postQueueImg_24-62e16d5af2e48.jpg\",\"width\":870,\"height\":423,\"caption\":\"l'Observatoire citoyen favorable \u00e0 la prolongation de la transition sous condition\"},{\"@type\":\"BreadcrumbList\",\"@id\":\"https:\/\/www.africa-press.net\/tchad\/politique\/lobservatoire-citoyen-favorable-a-la-prolongation-de-la-transition-sous-condition#breadcrumb\",\"itemListElement\":[{\"@type\":\"ListItem\",\"position\":1,\"name\":\"Accueil\",\"item\":\"https:\/\/www.africa-press.net\/tchad\/\"},{\"@type\":\"ListItem\",\"position\":2,\"name\":\"l&#8217;Observatoire citoyen favorable \u00e0 la prolongation de la transition sous condition\"}]},{\"@type\":\"WebSite\",\"@id\":\"https:\/\/www.africa-press.net\/tchad\/#website\",\"url\":\"https:\/\/www.africa-press.net\/tchad\/\",\"name\":\"tchad\",\"description\":\"Just another Africa News Agency Sites site\",\"potentialAction\":[{\"@type\":\"SearchAction\",\"target\":{\"@type\":\"EntryPoint\",\"urlTemplate\":\"https:\/\/www.africa-press.net\/tchad\/?s={search_term_string}\"},\"query-input\":{\"@type\":\"PropertyValueSpecification\",\"valueRequired\":true,\"valueName\":\"search_term_string\"}}],\"inLanguage\":\"fr-FR\"},{\"@type\":\"Person\",\"@id\":\"https:\/\/www.africa-press.net\/tchad\/#\/schema\/person\/2b1cf3cd81a31e3cd26889ca66d677f1\",\"name\":\"cfeditorfr\"}]}<\/script>\n<!-- \/ Yoast SEO Premium plugin. -->","yoast_head_json":{"title":"l'Observatoire citoyen favorable \u00e0 la prolongation de la transition sous condition - tchad","description":"Le Forum citoyen d'\u00e9changes sur la situation politique au Tchad a pris fin ce 26 juillet au CEFOD. Il a \u00e9t\u00e9 organis\u00e9 pa ...","robots":{"index":"index","follow":"follow","max-snippet":"max-snippet:-1","max-image-preview":"max-image-preview:large","max-video-preview":"max-video-preview:-1"},"canonical":"https:\/\/www.africa-press.net\/tchad\/politique\/lobservatoire-citoyen-favorable-a-la-prolongation-de-la-transition-sous-condition","og_locale":"fr_FR","og_type":"article","og_title":"l'Observatoire citoyen favorable \u00e0 la prolongation de la transition sous condition","og_description":"Le Forum citoyen d'\u00e9changes sur la situation politique au Tchad a pris fin ce 26 juillet au CEFOD. Il a \u00e9t\u00e9 organis\u00e9 pa ...","og_url":"https:\/\/www.africa-press.net\/tchad\/politique\/lobservatoire-citoyen-favorable-a-la-prolongation-de-la-transition-sous-condition","og_site_name":"tchad","article_published_time":"2022-07-27T16:34:17+00:00","article_modified_time":"2022-07-27T16:53:05+00:00","og_image":[{"width":870,"height":423,"url":"https:\/\/static.africa-press.net\/tchad\/sites\/41\/2022\/07\/postQueueImg_24-62e16d5af2e48.jpg","type":"image\/jpeg"}],"author":"cfeditorfr","twitter_card":"summary_large_image","twitter_misc":{"\u00c9crit par":"cfeditorfr","Dur\u00e9e de lecture estim\u00e9e":"2 minutes"},"schema":{"@context":"https:\/\/schema.org","@graph":[{"@type":"Article","@id":"https:\/\/www.africa-press.net\/tchad\/politique\/lobservatoire-citoyen-favorable-a-la-prolongation-de-la-transition-sous-condition#article","isPartOf":{"@id":"https:\/\/www.africa-press.net\/tchad\/politique\/lobservatoire-citoyen-favorable-a-la-prolongation-de-la-transition-sous-condition"},"author":{"name":"cfeditorfr","@id":"https:\/\/www.africa-press.net\/tchad\/#\/schema\/person\/2b1cf3cd81a31e3cd26889ca66d677f1"},"headline":"l&rsquo;Observatoire citoyen favorable \u00e0 la prolongation de la transition sous condition","datePublished":"2022-07-27T16:34:17+00:00","dateModified":"2022-07-27T16:53:05+00:00","mainEntityOfPage":{"@id":"https:\/\/www.africa-press.net\/tchad\/politique\/lobservatoire-citoyen-favorable-a-la-prolongation-de-la-transition-sous-condition"},"wordCount":304,"commentCount":0,"image":{"@id":"https:\/\/www.africa-press.net\/tchad\/politique\/lobservatoire-citoyen-favorable-a-la-prolongation-de-la-transition-sous-condition#primaryimage"},"thumbnailUrl":"https:\/\/static.africa-press.net\/tchad\/sites\/41\/2022\/07\/postQueueImg_24-62e16d5af2e48.jpg","keywords":["Africa Press","Africa Press-Tchad","Tchad"],"articleSection":["homepage-french","Politique","Toutes les actualit\u00e9s"],"inLanguage":"fr-FR","potentialAction":[{"@type":"CommentAction","name":"Comment","target":["https:\/\/www.africa-press.net\/tchad\/politique\/lobservatoire-citoyen-favorable-a-la-prolongation-de-la-transition-sous-condition#respond"]}]},{"@type":"WebPage","@id":"https:\/\/www.africa-press.net\/tchad\/politique\/lobservatoire-citoyen-favorable-a-la-prolongation-de-la-transition-sous-condition","url":"https:\/\/www.africa-press.net\/tchad\/politique\/lobservatoire-citoyen-favorable-a-la-prolongation-de-la-transition-sous-condition","name":"l'Observatoire citoyen favorable \u00e0 la prolongation de la transition sous condition - tchad","isPartOf":{"@id":"https:\/\/www.africa-press.net\/tchad\/#website"},"primaryImageOfPage":{"@id":"https:\/\/www.africa-press.net\/tchad\/politique\/lobservatoire-citoyen-favorable-a-la-prolongation-de-la-transition-sous-condition#primaryimage"},"image":{"@id":"https:\/\/www.africa-press.net\/tchad\/politique\/lobservatoire-citoyen-favorable-a-la-prolongation-de-la-transition-sous-condition#primaryimage"},"thumbnailUrl":"https:\/\/static.africa-press.net\/tchad\/sites\/41\/2022\/07\/postQueueImg_24-62e16d5af2e48.jpg","datePublished":"2022-07-27T16:34:17+00:00","dateModified":"2022-07-27T16:53:05+00:00","author":{"@id":"https:\/\/www.africa-press.net\/tchad\/#\/schema\/person\/2b1cf3cd81a31e3cd26889ca66d677f1"},"description":"Le Forum citoyen d'\u00e9changes sur la situation politique au Tchad a pris fin ce 26 juillet au CEFOD. Il a \u00e9t\u00e9 organis\u00e9 pa ...","breadcrumb":{"@id":"https:\/\/www.africa-press.net\/tchad\/politique\/lobservatoire-citoyen-favorable-a-la-prolongation-de-la-transition-sous-condition#breadcrumb"},"inLanguage":"fr-FR","potentialAction":[{"@type":"ReadAction","target":["https:\/\/www.africa-press.net\/tchad\/politique\/lobservatoire-citoyen-favorable-a-la-prolongation-de-la-transition-sous-condition"]}]},{"@type":"ImageObject","inLanguage":"fr-FR","@id":"https:\/\/www.africa-press.net\/tchad\/politique\/lobservatoire-citoyen-favorable-a-la-prolongation-de-la-transition-sous-condition#primaryimage","url":"https:\/\/static.africa-press.net\/tchad\/sites\/41\/2022\/07\/postQueueImg_24-62e16d5af2e48.jpg","contentUrl":"https:\/\/static.africa-press.net\/tchad\/sites\/41\/2022\/07\/postQueueImg_24-62e16d5af2e48.jpg","width":870,"height":423,"caption":"l'Observatoire citoyen favorable \u00e0 la prolongation de la transition sous condition"},{"@type":"BreadcrumbList","@id":"https:\/\/www.africa-press.net\/tchad\/politique\/lobservatoire-citoyen-favorable-a-la-prolongation-de-la-transition-sous-condition#breadcrumb","itemListElement":[{"@type":"ListItem","position":1,"name":"Accueil","item":"https:\/\/www.africa-press.net\/tchad\/"},{"@type":"ListItem","position":2,"name":"l&#8217;Observatoire citoyen favorable \u00e0 la prolongation de la transition sous condition"}]},{"@type":"WebSite","@id":"https:\/\/www.africa-press.net\/tchad\/#website","url":"https:\/\/www.africa-press.net\/tchad\/","name":"tchad","description":"Just another Africa News Agency Sites site","potentialAction":[{"@type":"SearchAction","target":{"@type":"EntryPoint","urlTemplate":"https:\/\/www.africa-press.net\/tchad\/?s={search_term_string}"},"query-input":{"@type":"PropertyValueSpecification","valueRequired":true,"valueName":"search_term_string"}}],"inLanguage":"fr-FR"},{"@type":"Person","@id":"https:\/\/www.africa-press.net\/tchad\/#\/schema\/person\/2b1cf3cd81a31e3cd26889ca66d677f1","name":"cfeditorfr"}]}},"_links":{"self":[{"href":"https:\/\/www.africa-press.net\/tchad\/wp-json\/wp\/v2\/posts\/29648","targetHints":{"allow":["GET"]}}],"collection":[{"href":"https:\/\/www.africa-press.net\/tchad\/wp-json\/wp\/v2\/posts"}],"about":[{"href":"https:\/\/www.africa-press.net\/tchad\/wp-json\/wp\/v2\/types\/post"}],"author":[{"embeddable":true,"href":"https:\/\/www.africa-press.net\/tchad\/wp-json\/wp\/v2\/users\/82"}],"replies":[{"embeddable":true,"href":"https:\/\/www.africa-press.net\/tchad\/wp-json\/wp\/v2\/comments?post=29648"}],"version-history":[{"count":0,"href":"https:\/\/www.africa-press.net\/tchad\/wp-json\/wp\/v2\/posts\/29648\/revisions"}],"wp:featuredmedia":[{"embeddable":true,"href":"https:\/\/www.africa-press.net\/tchad\/wp-json\/wp\/v2\/media\/29647"}],"wp:attachment":[{"href":"https:\/\/www.africa-press.net\/tchad\/wp-json\/wp\/v2\/media?parent=29648"}],"wp:term":[{"taxonomy":"category","embeddable":true,"href":"https:\/\/www.africa-press.net\/tchad\/wp-json\/wp\/v2\/categories?post=29648"},{"taxonomy":"post_tag","embeddable":true,"href":"https:\/\/www.africa-press.net\/tchad\/wp-json\/wp\/v2\/tags?post=29648"}],"curies":[{"name":"wp","href":"https:\/\/api.w.org\/{rel}","templated":true}]}}