{"id":29654,"date":"2022-07-27T16:35:13","date_gmt":"2022-07-27T16:35:13","guid":{"rendered":"https:\/\/www.africa-press.net\/tchad\/politique\/le-pont-damtiman-menace-par-les-eaux-du-barh-azoum"},"modified":"2022-07-27T16:53:53","modified_gmt":"2022-07-27T16:53:53","slug":"le-pont-damtiman-menace-par-les-eaux-du-barh-azoum","status":"publish","type":"post","link":"https:\/\/www.africa-press.net\/tchad\/toutes-les-actualites\/le-pont-damtiman-menace-par-les-eaux-du-barh-azoum","title":{"rendered":"le pont d\u2019Amtiman menac\u00e9 par les eaux du Barh Azoum"},"content":{"rendered":"<p><span style=\"color: #ff6600\"><strong>Africa-Press &#8211; Tchad. <\/strong><\/span>Soucieuse de cette situation, la d\u00e9l\u00e9gation provinciale de la Chambre de commerce, d\u2019industrie et d\u2019agriculture, des mines et d\u2019artisanat (Cciama) a donn\u00e9 des sacs vides et bon nombre de fourches, appuy\u00e9e en cela par l\u2019administration avec de la lat\u00e9rite pour tenter de boucher les trous et faire des barrages.<\/p>\n<p>Alert\u00e9, le gouverneur Abdoulaye Ibrahim Siam a fait une descente ce mardi 26 juillet sur le lieu pour constater le niveau d\u2019eau.<\/p>\n<p>Vu l\u2019allure que prennent les eaux de ce fleuve saisonnier, le risque est l\u00e0 et le pont se trouve actuellement en \u00e9tat de d\u00e9gradation tr\u00e8s avanc\u00e9.<\/p>\n<p>Depuis la crue de ce fleuve, Amtiman, chef-lieu de la province du Salamat, est coup\u00e9 du d\u00e9partement de Haraze-Mangueigne aussi bien que Kyab\u00e9 dans le Moyen-Chari. Aujourd\u2019hui, c\u2019est le tour du tron\u00e7on reliant Amtiman \u00e0 Mongo (Gu\u00e9ra).<\/p>\n<p><strong>Pour plus d&rsquo;informations et d&rsquo;analyses sur la <a href=\"https:\/\/www.africa-press.net\/tchad\">Tchad<\/a>, suivez <a href=\"https:\/\/www.africa-press.net\/\">Africa-Press<\/a><\/strong><\/p>\n","protected":false},"excerpt":{"rendered":"<p>Africa-Press &#8211; Tchad. Soucieuse de cette situation, la d\u00e9l\u00e9gation provinciale de la Chambre de commerce, d\u2019industrie et d\u2019agriculture, des mines et d\u2019artisanat (Cciama) a donn\u00e9 des sacs vides et bon nombre de fourches, appuy\u00e9e en cela par l\u2019administration avec de la lat\u00e9rite pour tenter de boucher les trous et faire des barrages. Alert\u00e9, le gouverneur [&hellip;]<\/p>\n","protected":false},"author":82,"featured_media":29653,"comment_status":"open","ping_status":"closed","sticky":false,"template":"","format":"standard","meta":{"footnotes":""},"categories":[21,11,10],"tags":[37,292,29],"class_list":["post-29654","post","type-post","status-publish","format-standard","has-post-thumbnail","hentry","category-communaute","category-homepage-french","category-toutes-les-actualites","tag-africa-press","tag-africa-press-tchad","tag-tchad"],"yoast_head":"<!-- This site is optimized with the Yoast SEO Premium plugin v26.1 (Yoast SEO v27.0) - https:\/\/yoast.com\/product\/yoast-seo-premium-wordpress\/ -->\n<title>le pont d\u2019Amtiman menac\u00e9 par les eaux du Barh Azoum - tchad<\/title>\n<meta name=\"description\" content=\"Soucieuse de cette situation, la d\u00e9l\u00e9gation provinciale de la Chambre de commerce, d\u2019industrie et d\u2019agriculture, des min ...\" \/>\n<meta name=\"robots\" content=\"index, follow, max-snippet:-1, max-image-preview:large, max-video-preview:-1\" \/>\n<link rel=\"canonical\" href=\"https:\/\/www.africa-press.net\/tchad\/toutes-les-actualites\/le-pont-damtiman-menace-par-les-eaux-du-barh-azoum\" \/>\n<meta property=\"og:locale\" content=\"fr_FR\" \/>\n<meta property=\"og:type\" content=\"article\" \/>\n<meta property=\"og:title\" content=\"le pont d\u2019Amtiman menac\u00e9 par les eaux du Barh Azoum\" \/>\n<meta property=\"og:description\" content=\"Soucieuse de cette situation, la d\u00e9l\u00e9gation provinciale de la Chambre de commerce, d\u2019industrie et d\u2019agriculture, des min ...\" \/>\n<meta property=\"og:url\" content=\"https:\/\/www.africa-press.net\/tchad\/toutes-les-actualites\/le-pont-damtiman-menace-par-les-eaux-du-barh-azoum\" \/>\n<meta property=\"og:site_name\" content=\"tchad\" \/>\n<meta property=\"article:published_time\" content=\"2022-07-27T16:35:13+00:00\" \/>\n<meta property=\"article:modified_time\" content=\"2022-07-27T16:53:53+00:00\" \/>\n<meta property=\"og:image\" content=\"https:\/\/static.africa-press.net\/tchad\/sites\/41\/2022\/07\/postQueueImg_26-62e16d900305d.jpg\" \/>\n\t<meta property=\"og:image:width\" content=\"696\" \/>\n\t<meta property=\"og:image:height\" content=\"313\" \/>\n\t<meta property=\"og:image:type\" content=\"image\/jpeg\" \/>\n<meta name=\"author\" content=\"cfeditorfr\" \/>\n<meta name=\"twitter:card\" content=\"summary_large_image\" \/>\n<meta name=\"twitter:label1\" content=\"\u00c9crit par\" \/>\n\t<meta name=\"twitter:data1\" content=\"cfeditorfr\" \/>\n\t<meta name=\"twitter:label2\" content=\"Dur\u00e9e de lecture estim\u00e9e\" \/>\n\t<meta name=\"twitter:data2\" content=\"1 minute\" \/>\n<script type=\"application\/ld+json\" class=\"yoast-schema-graph\">{\"@context\":\"https:\/\/schema.org\",\"@graph\":[{\"@type\":\"Article\",\"@id\":\"https:\/\/www.africa-press.net\/tchad\/toutes-les-actualites\/le-pont-damtiman-menace-par-les-eaux-du-barh-azoum#article\",\"isPartOf\":{\"@id\":\"https:\/\/www.africa-press.net\/tchad\/toutes-les-actualites\/le-pont-damtiman-menace-par-les-eaux-du-barh-azoum\"},\"author\":{\"name\":\"cfeditorfr\",\"@id\":\"https:\/\/www.africa-press.net\/tchad\/#\/schema\/person\/2b1cf3cd81a31e3cd26889ca66d677f1\"},\"headline\":\"le pont d\u2019Amtiman menac\u00e9 par les eaux du Barh Azoum\",\"datePublished\":\"2022-07-27T16:35:13+00:00\",\"dateModified\":\"2022-07-27T16:53:53+00:00\",\"mainEntityOfPage\":{\"@id\":\"https:\/\/www.africa-press.net\/tchad\/toutes-les-actualites\/le-pont-damtiman-menace-par-les-eaux-du-barh-azoum\"},\"wordCount\":175,\"commentCount\":0,\"image\":{\"@id\":\"https:\/\/www.africa-press.net\/tchad\/toutes-les-actualites\/le-pont-damtiman-menace-par-les-eaux-du-barh-azoum#primaryimage\"},\"thumbnailUrl\":\"https:\/\/static.africa-press.net\/tchad\/sites\/41\/2022\/07\/postQueueImg_26-62e16d900305d.jpg\",\"keywords\":[\"Africa Press\",\"Africa Press-Tchad\",\"Tchad\"],\"articleSection\":[\"Communaut\u00e9\",\"homepage-french\",\"Toutes les actualit\u00e9s\"],\"inLanguage\":\"fr-FR\",\"potentialAction\":[{\"@type\":\"CommentAction\",\"name\":\"Comment\",\"target\":[\"https:\/\/www.africa-press.net\/tchad\/toutes-les-actualites\/le-pont-damtiman-menace-par-les-eaux-du-barh-azoum#respond\"]}]},{\"@type\":\"WebPage\",\"@id\":\"https:\/\/www.africa-press.net\/tchad\/toutes-les-actualites\/le-pont-damtiman-menace-par-les-eaux-du-barh-azoum\",\"url\":\"https:\/\/www.africa-press.net\/tchad\/toutes-les-actualites\/le-pont-damtiman-menace-par-les-eaux-du-barh-azoum\",\"name\":\"le pont d\u2019Amtiman menac\u00e9 par les eaux du Barh Azoum - tchad\",\"isPartOf\":{\"@id\":\"https:\/\/www.africa-press.net\/tchad\/#website\"},\"primaryImageOfPage\":{\"@id\":\"https:\/\/www.africa-press.net\/tchad\/toutes-les-actualites\/le-pont-damtiman-menace-par-les-eaux-du-barh-azoum#primaryimage\"},\"image\":{\"@id\":\"https:\/\/www.africa-press.net\/tchad\/toutes-les-actualites\/le-pont-damtiman-menace-par-les-eaux-du-barh-azoum#primaryimage\"},\"thumbnailUrl\":\"https:\/\/static.africa-press.net\/tchad\/sites\/41\/2022\/07\/postQueueImg_26-62e16d900305d.jpg\",\"datePublished\":\"2022-07-27T16:35:13+00:00\",\"dateModified\":\"2022-07-27T16:53:53+00:00\",\"author\":{\"@id\":\"https:\/\/www.africa-press.net\/tchad\/#\/schema\/person\/2b1cf3cd81a31e3cd26889ca66d677f1\"},\"description\":\"Soucieuse de cette situation, la d\u00e9l\u00e9gation provinciale de la Chambre de commerce, d\u2019industrie et d\u2019agriculture, des min ...\",\"breadcrumb\":{\"@id\":\"https:\/\/www.africa-press.net\/tchad\/toutes-les-actualites\/le-pont-damtiman-menace-par-les-eaux-du-barh-azoum#breadcrumb\"},\"inLanguage\":\"fr-FR\",\"potentialAction\":[{\"@type\":\"ReadAction\",\"target\":[\"https:\/\/www.africa-press.net\/tchad\/toutes-les-actualites\/le-pont-damtiman-menace-par-les-eaux-du-barh-azoum\"]}]},{\"@type\":\"ImageObject\",\"inLanguage\":\"fr-FR\",\"@id\":\"https:\/\/www.africa-press.net\/tchad\/toutes-les-actualites\/le-pont-damtiman-menace-par-les-eaux-du-barh-azoum#primaryimage\",\"url\":\"https:\/\/static.africa-press.net\/tchad\/sites\/41\/2022\/07\/postQueueImg_26-62e16d900305d.jpg\",\"contentUrl\":\"https:\/\/static.africa-press.net\/tchad\/sites\/41\/2022\/07\/postQueueImg_26-62e16d900305d.jpg\",\"width\":696,\"height\":313,\"caption\":\"le pont d\u2019Amtiman menac\u00e9 par les eaux du Barh Azoum\"},{\"@type\":\"BreadcrumbList\",\"@id\":\"https:\/\/www.africa-press.net\/tchad\/toutes-les-actualites\/le-pont-damtiman-menace-par-les-eaux-du-barh-azoum#breadcrumb\",\"itemListElement\":[{\"@type\":\"ListItem\",\"position\":1,\"name\":\"Accueil\",\"item\":\"https:\/\/www.africa-press.net\/tchad\/\"},{\"@type\":\"ListItem\",\"position\":2,\"name\":\"le pont d\u2019Amtiman menac\u00e9 par les eaux du Barh Azoum\"}]},{\"@type\":\"WebSite\",\"@id\":\"https:\/\/www.africa-press.net\/tchad\/#website\",\"url\":\"https:\/\/www.africa-press.net\/tchad\/\",\"name\":\"tchad\",\"description\":\"Just another Africa News Agency Sites site\",\"potentialAction\":[{\"@type\":\"SearchAction\",\"target\":{\"@type\":\"EntryPoint\",\"urlTemplate\":\"https:\/\/www.africa-press.net\/tchad\/?s={search_term_string}\"},\"query-input\":{\"@type\":\"PropertyValueSpecification\",\"valueRequired\":true,\"valueName\":\"search_term_string\"}}],\"inLanguage\":\"fr-FR\"},{\"@type\":\"Person\",\"@id\":\"https:\/\/www.africa-press.net\/tchad\/#\/schema\/person\/2b1cf3cd81a31e3cd26889ca66d677f1\",\"name\":\"cfeditorfr\"}]}<\/script>\n<!-- \/ Yoast SEO Premium plugin. -->","yoast_head_json":{"title":"le pont d\u2019Amtiman menac\u00e9 par les eaux du Barh Azoum - tchad","description":"Soucieuse de cette situation, la d\u00e9l\u00e9gation provinciale de la Chambre de commerce, d\u2019industrie et d\u2019agriculture, des min ...","robots":{"index":"index","follow":"follow","max-snippet":"max-snippet:-1","max-image-preview":"max-image-preview:large","max-video-preview":"max-video-preview:-1"},"canonical":"https:\/\/www.africa-press.net\/tchad\/toutes-les-actualites\/le-pont-damtiman-menace-par-les-eaux-du-barh-azoum","og_locale":"fr_FR","og_type":"article","og_title":"le pont d\u2019Amtiman menac\u00e9 par les eaux du Barh Azoum","og_description":"Soucieuse de cette situation, la d\u00e9l\u00e9gation provinciale de la Chambre de commerce, d\u2019industrie et d\u2019agriculture, des min ...","og_url":"https:\/\/www.africa-press.net\/tchad\/toutes-les-actualites\/le-pont-damtiman-menace-par-les-eaux-du-barh-azoum","og_site_name":"tchad","article_published_time":"2022-07-27T16:35:13+00:00","article_modified_time":"2022-07-27T16:53:53+00:00","og_image":[{"width":696,"height":313,"url":"https:\/\/static.africa-press.net\/tchad\/sites\/41\/2022\/07\/postQueueImg_26-62e16d900305d.jpg","type":"image\/jpeg"}],"author":"cfeditorfr","twitter_card":"summary_large_image","twitter_misc":{"\u00c9crit par":"cfeditorfr","Dur\u00e9e de lecture estim\u00e9e":"1 minute"},"schema":{"@context":"https:\/\/schema.org","@graph":[{"@type":"Article","@id":"https:\/\/www.africa-press.net\/tchad\/toutes-les-actualites\/le-pont-damtiman-menace-par-les-eaux-du-barh-azoum#article","isPartOf":{"@id":"https:\/\/www.africa-press.net\/tchad\/toutes-les-actualites\/le-pont-damtiman-menace-par-les-eaux-du-barh-azoum"},"author":{"name":"cfeditorfr","@id":"https:\/\/www.africa-press.net\/tchad\/#\/schema\/person\/2b1cf3cd81a31e3cd26889ca66d677f1"},"headline":"le pont d\u2019Amtiman menac\u00e9 par les eaux du Barh Azoum","datePublished":"2022-07-27T16:35:13+00:00","dateModified":"2022-07-27T16:53:53+00:00","mainEntityOfPage":{"@id":"https:\/\/www.africa-press.net\/tchad\/toutes-les-actualites\/le-pont-damtiman-menace-par-les-eaux-du-barh-azoum"},"wordCount":175,"commentCount":0,"image":{"@id":"https:\/\/www.africa-press.net\/tchad\/toutes-les-actualites\/le-pont-damtiman-menace-par-les-eaux-du-barh-azoum#primaryimage"},"thumbnailUrl":"https:\/\/static.africa-press.net\/tchad\/sites\/41\/2022\/07\/postQueueImg_26-62e16d900305d.jpg","keywords":["Africa Press","Africa Press-Tchad","Tchad"],"articleSection":["Communaut\u00e9","homepage-french","Toutes les actualit\u00e9s"],"inLanguage":"fr-FR","potentialAction":[{"@type":"CommentAction","name":"Comment","target":["https:\/\/www.africa-press.net\/tchad\/toutes-les-actualites\/le-pont-damtiman-menace-par-les-eaux-du-barh-azoum#respond"]}]},{"@type":"WebPage","@id":"https:\/\/www.africa-press.net\/tchad\/toutes-les-actualites\/le-pont-damtiman-menace-par-les-eaux-du-barh-azoum","url":"https:\/\/www.africa-press.net\/tchad\/toutes-les-actualites\/le-pont-damtiman-menace-par-les-eaux-du-barh-azoum","name":"le pont d\u2019Amtiman menac\u00e9 par les eaux du Barh Azoum - tchad","isPartOf":{"@id":"https:\/\/www.africa-press.net\/tchad\/#website"},"primaryImageOfPage":{"@id":"https:\/\/www.africa-press.net\/tchad\/toutes-les-actualites\/le-pont-damtiman-menace-par-les-eaux-du-barh-azoum#primaryimage"},"image":{"@id":"https:\/\/www.africa-press.net\/tchad\/toutes-les-actualites\/le-pont-damtiman-menace-par-les-eaux-du-barh-azoum#primaryimage"},"thumbnailUrl":"https:\/\/static.africa-press.net\/tchad\/sites\/41\/2022\/07\/postQueueImg_26-62e16d900305d.jpg","datePublished":"2022-07-27T16:35:13+00:00","dateModified":"2022-07-27T16:53:53+00:00","author":{"@id":"https:\/\/www.africa-press.net\/tchad\/#\/schema\/person\/2b1cf3cd81a31e3cd26889ca66d677f1"},"description":"Soucieuse de cette situation, la d\u00e9l\u00e9gation provinciale de la Chambre de commerce, d\u2019industrie et d\u2019agriculture, des min ...","breadcrumb":{"@id":"https:\/\/www.africa-press.net\/tchad\/toutes-les-actualites\/le-pont-damtiman-menace-par-les-eaux-du-barh-azoum#breadcrumb"},"inLanguage":"fr-FR","potentialAction":[{"@type":"ReadAction","target":["https:\/\/www.africa-press.net\/tchad\/toutes-les-actualites\/le-pont-damtiman-menace-par-les-eaux-du-barh-azoum"]}]},{"@type":"ImageObject","inLanguage":"fr-FR","@id":"https:\/\/www.africa-press.net\/tchad\/toutes-les-actualites\/le-pont-damtiman-menace-par-les-eaux-du-barh-azoum#primaryimage","url":"https:\/\/static.africa-press.net\/tchad\/sites\/41\/2022\/07\/postQueueImg_26-62e16d900305d.jpg","contentUrl":"https:\/\/static.africa-press.net\/tchad\/sites\/41\/2022\/07\/postQueueImg_26-62e16d900305d.jpg","width":696,"height":313,"caption":"le pont d\u2019Amtiman menac\u00e9 par les eaux du Barh Azoum"},{"@type":"BreadcrumbList","@id":"https:\/\/www.africa-press.net\/tchad\/toutes-les-actualites\/le-pont-damtiman-menace-par-les-eaux-du-barh-azoum#breadcrumb","itemListElement":[{"@type":"ListItem","position":1,"name":"Accueil","item":"https:\/\/www.africa-press.net\/tchad\/"},{"@type":"ListItem","position":2,"name":"le pont d\u2019Amtiman menac\u00e9 par les eaux du Barh Azoum"}]},{"@type":"WebSite","@id":"https:\/\/www.africa-press.net\/tchad\/#website","url":"https:\/\/www.africa-press.net\/tchad\/","name":"tchad","description":"Just another Africa News Agency Sites site","potentialAction":[{"@type":"SearchAction","target":{"@type":"EntryPoint","urlTemplate":"https:\/\/www.africa-press.net\/tchad\/?s={search_term_string}"},"query-input":{"@type":"PropertyValueSpecification","valueRequired":true,"valueName":"search_term_string"}}],"inLanguage":"fr-FR"},{"@type":"Person","@id":"https:\/\/www.africa-press.net\/tchad\/#\/schema\/person\/2b1cf3cd81a31e3cd26889ca66d677f1","name":"cfeditorfr"}]}},"_links":{"self":[{"href":"https:\/\/www.africa-press.net\/tchad\/wp-json\/wp\/v2\/posts\/29654","targetHints":{"allow":["GET"]}}],"collection":[{"href":"https:\/\/www.africa-press.net\/tchad\/wp-json\/wp\/v2\/posts"}],"about":[{"href":"https:\/\/www.africa-press.net\/tchad\/wp-json\/wp\/v2\/types\/post"}],"author":[{"embeddable":true,"href":"https:\/\/www.africa-press.net\/tchad\/wp-json\/wp\/v2\/users\/82"}],"replies":[{"embeddable":true,"href":"https:\/\/www.africa-press.net\/tchad\/wp-json\/wp\/v2\/comments?post=29654"}],"version-history":[{"count":0,"href":"https:\/\/www.africa-press.net\/tchad\/wp-json\/wp\/v2\/posts\/29654\/revisions"}],"wp:featuredmedia":[{"embeddable":true,"href":"https:\/\/www.africa-press.net\/tchad\/wp-json\/wp\/v2\/media\/29653"}],"wp:attachment":[{"href":"https:\/\/www.africa-press.net\/tchad\/wp-json\/wp\/v2\/media?parent=29654"}],"wp:term":[{"taxonomy":"category","embeddable":true,"href":"https:\/\/www.africa-press.net\/tchad\/wp-json\/wp\/v2\/categories?post=29654"},{"taxonomy":"post_tag","embeddable":true,"href":"https:\/\/www.africa-press.net\/tchad\/wp-json\/wp\/v2\/tags?post=29654"}],"curies":[{"name":"wp","href":"https:\/\/api.w.org\/{rel}","templated":true}]}}