{"id":29663,"date":"2022-07-27T16:39:19","date_gmt":"2022-07-27T16:39:19","guid":{"rendered":"https:\/\/www.africa-press.net\/tchad\/politique\/dialogue-au-tchad-nous-sommes-sur-la-derniere-ligne-droite-mahamat-idriss-deby"},"modified":"2022-07-27T16:55:15","modified_gmt":"2022-07-27T16:55:15","slug":"dialogue-au-tchad-nous-sommes-sur-la-derniere-ligne-droite-mahamat-idriss-deby","status":"publish","type":"post","link":"https:\/\/www.africa-press.net\/tchad\/politique\/dialogue-au-tchad-nous-sommes-sur-la-derniere-ligne-droite-mahamat-idriss-deby","title":{"rendered":"Dialogue au Tchad : \u00ab\u00a0nous sommes sur la derni\u00e8re ligne droite\u00a0\u00bb, Mahamat Idriss Deby"},"content":{"rendered":"<p><span style=\"color: #ff6600\"><strong>Africa-Press &#8211; Tchad. <\/strong><\/span>Dans son discours, le PCMT a encourag\u00e9 le comit\u00e9 \u00e0 oeuvrer pour \u00ab\u00a0garantir tout ce qui est n\u00e9cessaire \u00e0 une organisation optimale et irr\u00e9prochable\u00a0\u00bb.<\/p>\n<p>\u00c0 quelques semaines du 20 ao\u00fbt 2022, date du lancement du dialogue, le PCMT r\u00e9it\u00e8re l&rsquo;exigence d&rsquo;une inclusivit\u00e9 du dialogue, de la juste repr\u00e9sentativit\u00e9 des forces vives de la nation, d&rsquo;un dialogue sans tabou, souverain et dont les r\u00e9solutions seront ex\u00e9cutoires.<\/p>\n<p>\u00ab\u00a0Nous sommes d\u00e9sormais sur la derni\u00e8re ligne droite (.<\/p>\n<p>.<\/p>\n<p>.<\/p>\n<p>) Il s&rsquo;agit d&rsquo;un rendez-vous \u00e0 ne pas manquer, un rendez-vous qui restera dans les annales, qui ouvrira la voie \u00e0 un nouveau d\u00e9part pour notre pays\u00a0\u00bb, affirme Mahamat Idriss Deby.<\/p>\n<p>\u00ab\u00a0Avec l&rsquo;\u00e9tat des lieux pr\u00e9sent\u00e9, apr\u00e8s 11 mois d&rsquo;intenses travaux, le bout du tunnel est proche.<\/p>\n<p>Ce qui nous donne l&rsquo;espoir de tenir le calendrier fix\u00e9\u00a0\u00bb, poursuit le pr\u00e9sident du CMT.<\/p>\n<p>Il estime que \u00ab\u00a0ce dialogue ne devrait pas \u00eatre une victoire d&rsquo;un camp sur un autre, d&rsquo;un syst\u00e8me sur un autre, mais plut\u00f4t un dialogue franc et sinc\u00e8re pour b\u00e2tir ensemble un Tchad r\u00e9concili\u00e9, juste, solidaire et harmonieux\u00a0\u00bb.<\/p>\n<p><strong>Pour plus d&rsquo;informations et d&rsquo;analyses sur la <a href=\"https:\/\/www.africa-press.net\/tchad\">Tchad<\/a>, suivez <a href=\"https:\/\/www.africa-press.net\/\">Africa-Press<\/a><\/strong><\/p>\n","protected":false},"excerpt":{"rendered":"<p>Africa-Press &#8211; Tchad. Dans son discours, le PCMT a encourag\u00e9 le comit\u00e9 \u00e0 oeuvrer pour \u00ab\u00a0garantir tout ce qui est n\u00e9cessaire \u00e0 une organisation optimale et irr\u00e9prochable\u00a0\u00bb. \u00c0 quelques semaines du 20 ao\u00fbt 2022, date du lancement du dialogue, le PCMT r\u00e9it\u00e8re l&rsquo;exigence d&rsquo;une inclusivit\u00e9 du dialogue, de la juste repr\u00e9sentativit\u00e9 des forces vives de [&hellip;]<\/p>\n","protected":false},"author":82,"featured_media":29662,"comment_status":"open","ping_status":"closed","sticky":false,"template":"","format":"standard","meta":{"footnotes":""},"categories":[11,2,20,10],"tags":[37,292,29],"class_list":["post-29663","post","type-post","status-publish","format-standard","has-post-thumbnail","hentry","category-homepage-french","category-politique","category-top-nouvelles","category-toutes-les-actualites","tag-africa-press","tag-africa-press-tchad","tag-tchad"],"yoast_head":"<!-- This site is optimized with the Yoast SEO Premium plugin v26.1 (Yoast SEO v27.0) - https:\/\/yoast.com\/product\/yoast-seo-premium-wordpress\/ -->\n<title>Dialogue au Tchad : &quot;nous sommes sur la derni\u00e8re ligne droite&quot;, Mahamat Idriss Deby - tchad<\/title>\n<meta name=\"description\" content=\"Dans son discours, le PCMT a encourag\u00e9 le comit\u00e9 \u00e0 oeuvrer pour &quot;garantir tout ce qui est n\u00e9cessaire \u00e0 une organisation ...\" \/>\n<meta name=\"robots\" content=\"index, follow, max-snippet:-1, max-image-preview:large, max-video-preview:-1\" \/>\n<link rel=\"canonical\" href=\"https:\/\/www.africa-press.net\/tchad\/politique\/dialogue-au-tchad-nous-sommes-sur-la-derniere-ligne-droite-mahamat-idriss-deby\" \/>\n<meta property=\"og:locale\" content=\"fr_FR\" \/>\n<meta property=\"og:type\" content=\"article\" \/>\n<meta property=\"og:title\" content=\"Dialogue au Tchad : &quot;nous sommes sur la derni\u00e8re ligne droite&quot;, Mahamat Idriss Deby\" \/>\n<meta property=\"og:description\" content=\"Dans son discours, le PCMT a encourag\u00e9 le comit\u00e9 \u00e0 oeuvrer pour &quot;garantir tout ce qui est n\u00e9cessaire \u00e0 une organisation ...\" \/>\n<meta property=\"og:url\" content=\"https:\/\/www.africa-press.net\/tchad\/politique\/dialogue-au-tchad-nous-sommes-sur-la-derniere-ligne-droite-mahamat-idriss-deby\" \/>\n<meta property=\"og:site_name\" content=\"tchad\" \/>\n<meta property=\"article:published_time\" content=\"2022-07-27T16:39:19+00:00\" \/>\n<meta property=\"article:modified_time\" content=\"2022-07-27T16:55:15+00:00\" \/>\n<meta property=\"og:image\" content=\"https:\/\/static.africa-press.net\/tchad\/sites\/41\/2022\/07\/postQueueImg_29-62e16de16d977.jpg\" \/>\n\t<meta property=\"og:image:width\" content=\"869\" \/>\n\t<meta property=\"og:image:height\" content=\"494\" \/>\n\t<meta property=\"og:image:type\" content=\"image\/jpeg\" \/>\n<meta name=\"author\" content=\"cfeditorfr\" \/>\n<meta name=\"twitter:card\" content=\"summary_large_image\" \/>\n<meta name=\"twitter:label1\" content=\"\u00c9crit par\" \/>\n\t<meta name=\"twitter:data1\" content=\"cfeditorfr\" \/>\n\t<meta name=\"twitter:label2\" content=\"Dur\u00e9e de lecture estim\u00e9e\" \/>\n\t<meta name=\"twitter:data2\" content=\"1 minute\" \/>\n<script type=\"application\/ld+json\" class=\"yoast-schema-graph\">{\"@context\":\"https:\/\/schema.org\",\"@graph\":[{\"@type\":\"Article\",\"@id\":\"https:\/\/www.africa-press.net\/tchad\/politique\/dialogue-au-tchad-nous-sommes-sur-la-derniere-ligne-droite-mahamat-idriss-deby#article\",\"isPartOf\":{\"@id\":\"https:\/\/www.africa-press.net\/tchad\/politique\/dialogue-au-tchad-nous-sommes-sur-la-derniere-ligne-droite-mahamat-idriss-deby\"},\"author\":{\"name\":\"cfeditorfr\",\"@id\":\"https:\/\/www.africa-press.net\/tchad\/#\/schema\/person\/2b1cf3cd81a31e3cd26889ca66d677f1\"},\"headline\":\"Dialogue au Tchad : \u00ab\u00a0nous sommes sur la derni\u00e8re ligne droite\u00a0\u00bb, Mahamat Idriss Deby\",\"datePublished\":\"2022-07-27T16:39:19+00:00\",\"dateModified\":\"2022-07-27T16:55:15+00:00\",\"mainEntityOfPage\":{\"@id\":\"https:\/\/www.africa-press.net\/tchad\/politique\/dialogue-au-tchad-nous-sommes-sur-la-derniere-ligne-droite-mahamat-idriss-deby\"},\"wordCount\":222,\"commentCount\":0,\"image\":{\"@id\":\"https:\/\/www.africa-press.net\/tchad\/politique\/dialogue-au-tchad-nous-sommes-sur-la-derniere-ligne-droite-mahamat-idriss-deby#primaryimage\"},\"thumbnailUrl\":\"https:\/\/static.africa-press.net\/tchad\/sites\/41\/2022\/07\/postQueueImg_29-62e16de16d977.jpg\",\"keywords\":[\"Africa Press\",\"Africa Press-Tchad\",\"Tchad\"],\"articleSection\":[\"homepage-french\",\"Politique\",\"Top Nouvelles\",\"Toutes les actualit\u00e9s\"],\"inLanguage\":\"fr-FR\",\"potentialAction\":[{\"@type\":\"CommentAction\",\"name\":\"Comment\",\"target\":[\"https:\/\/www.africa-press.net\/tchad\/politique\/dialogue-au-tchad-nous-sommes-sur-la-derniere-ligne-droite-mahamat-idriss-deby#respond\"]}]},{\"@type\":\"WebPage\",\"@id\":\"https:\/\/www.africa-press.net\/tchad\/politique\/dialogue-au-tchad-nous-sommes-sur-la-derniere-ligne-droite-mahamat-idriss-deby\",\"url\":\"https:\/\/www.africa-press.net\/tchad\/politique\/dialogue-au-tchad-nous-sommes-sur-la-derniere-ligne-droite-mahamat-idriss-deby\",\"name\":\"Dialogue au Tchad : \\\"nous sommes sur la derni\u00e8re ligne droite\\\", Mahamat Idriss Deby - tchad\",\"isPartOf\":{\"@id\":\"https:\/\/www.africa-press.net\/tchad\/#website\"},\"primaryImageOfPage\":{\"@id\":\"https:\/\/www.africa-press.net\/tchad\/politique\/dialogue-au-tchad-nous-sommes-sur-la-derniere-ligne-droite-mahamat-idriss-deby#primaryimage\"},\"image\":{\"@id\":\"https:\/\/www.africa-press.net\/tchad\/politique\/dialogue-au-tchad-nous-sommes-sur-la-derniere-ligne-droite-mahamat-idriss-deby#primaryimage\"},\"thumbnailUrl\":\"https:\/\/static.africa-press.net\/tchad\/sites\/41\/2022\/07\/postQueueImg_29-62e16de16d977.jpg\",\"datePublished\":\"2022-07-27T16:39:19+00:00\",\"dateModified\":\"2022-07-27T16:55:15+00:00\",\"author\":{\"@id\":\"https:\/\/www.africa-press.net\/tchad\/#\/schema\/person\/2b1cf3cd81a31e3cd26889ca66d677f1\"},\"description\":\"Dans son discours, le PCMT a encourag\u00e9 le comit\u00e9 \u00e0 oeuvrer pour \\\"garantir tout ce qui est n\u00e9cessaire \u00e0 une organisation ...\",\"breadcrumb\":{\"@id\":\"https:\/\/www.africa-press.net\/tchad\/politique\/dialogue-au-tchad-nous-sommes-sur-la-derniere-ligne-droite-mahamat-idriss-deby#breadcrumb\"},\"inLanguage\":\"fr-FR\",\"potentialAction\":[{\"@type\":\"ReadAction\",\"target\":[\"https:\/\/www.africa-press.net\/tchad\/politique\/dialogue-au-tchad-nous-sommes-sur-la-derniere-ligne-droite-mahamat-idriss-deby\"]}]},{\"@type\":\"ImageObject\",\"inLanguage\":\"fr-FR\",\"@id\":\"https:\/\/www.africa-press.net\/tchad\/politique\/dialogue-au-tchad-nous-sommes-sur-la-derniere-ligne-droite-mahamat-idriss-deby#primaryimage\",\"url\":\"https:\/\/static.africa-press.net\/tchad\/sites\/41\/2022\/07\/postQueueImg_29-62e16de16d977.jpg\",\"contentUrl\":\"https:\/\/static.africa-press.net\/tchad\/sites\/41\/2022\/07\/postQueueImg_29-62e16de16d977.jpg\",\"width\":869,\"height\":494,\"caption\":\"Dialogue au Tchad : \\\"nous sommes sur la derni\u00e8re ligne droite\\\", Mahamat Idriss Deby\"},{\"@type\":\"BreadcrumbList\",\"@id\":\"https:\/\/www.africa-press.net\/tchad\/politique\/dialogue-au-tchad-nous-sommes-sur-la-derniere-ligne-droite-mahamat-idriss-deby#breadcrumb\",\"itemListElement\":[{\"@type\":\"ListItem\",\"position\":1,\"name\":\"Accueil\",\"item\":\"https:\/\/www.africa-press.net\/tchad\/\"},{\"@type\":\"ListItem\",\"position\":2,\"name\":\"Dialogue au Tchad : &#8220;nous sommes sur la derni\u00e8re ligne droite&#8221;, Mahamat Idriss Deby\"}]},{\"@type\":\"WebSite\",\"@id\":\"https:\/\/www.africa-press.net\/tchad\/#website\",\"url\":\"https:\/\/www.africa-press.net\/tchad\/\",\"name\":\"tchad\",\"description\":\"Just another Africa News Agency Sites site\",\"potentialAction\":[{\"@type\":\"SearchAction\",\"target\":{\"@type\":\"EntryPoint\",\"urlTemplate\":\"https:\/\/www.africa-press.net\/tchad\/?s={search_term_string}\"},\"query-input\":{\"@type\":\"PropertyValueSpecification\",\"valueRequired\":true,\"valueName\":\"search_term_string\"}}],\"inLanguage\":\"fr-FR\"},{\"@type\":\"Person\",\"@id\":\"https:\/\/www.africa-press.net\/tchad\/#\/schema\/person\/2b1cf3cd81a31e3cd26889ca66d677f1\",\"name\":\"cfeditorfr\"}]}<\/script>\n<!-- \/ Yoast SEO Premium plugin. -->","yoast_head_json":{"title":"Dialogue au Tchad : \"nous sommes sur la derni\u00e8re ligne droite\", Mahamat Idriss Deby - tchad","description":"Dans son discours, le PCMT a encourag\u00e9 le comit\u00e9 \u00e0 oeuvrer pour \"garantir tout ce qui est n\u00e9cessaire \u00e0 une organisation ...","robots":{"index":"index","follow":"follow","max-snippet":"max-snippet:-1","max-image-preview":"max-image-preview:large","max-video-preview":"max-video-preview:-1"},"canonical":"https:\/\/www.africa-press.net\/tchad\/politique\/dialogue-au-tchad-nous-sommes-sur-la-derniere-ligne-droite-mahamat-idriss-deby","og_locale":"fr_FR","og_type":"article","og_title":"Dialogue au Tchad : \"nous sommes sur la derni\u00e8re ligne droite\", Mahamat Idriss Deby","og_description":"Dans son discours, le PCMT a encourag\u00e9 le comit\u00e9 \u00e0 oeuvrer pour \"garantir tout ce qui est n\u00e9cessaire \u00e0 une organisation ...","og_url":"https:\/\/www.africa-press.net\/tchad\/politique\/dialogue-au-tchad-nous-sommes-sur-la-derniere-ligne-droite-mahamat-idriss-deby","og_site_name":"tchad","article_published_time":"2022-07-27T16:39:19+00:00","article_modified_time":"2022-07-27T16:55:15+00:00","og_image":[{"width":869,"height":494,"url":"https:\/\/static.africa-press.net\/tchad\/sites\/41\/2022\/07\/postQueueImg_29-62e16de16d977.jpg","type":"image\/jpeg"}],"author":"cfeditorfr","twitter_card":"summary_large_image","twitter_misc":{"\u00c9crit par":"cfeditorfr","Dur\u00e9e de lecture estim\u00e9e":"1 minute"},"schema":{"@context":"https:\/\/schema.org","@graph":[{"@type":"Article","@id":"https:\/\/www.africa-press.net\/tchad\/politique\/dialogue-au-tchad-nous-sommes-sur-la-derniere-ligne-droite-mahamat-idriss-deby#article","isPartOf":{"@id":"https:\/\/www.africa-press.net\/tchad\/politique\/dialogue-au-tchad-nous-sommes-sur-la-derniere-ligne-droite-mahamat-idriss-deby"},"author":{"name":"cfeditorfr","@id":"https:\/\/www.africa-press.net\/tchad\/#\/schema\/person\/2b1cf3cd81a31e3cd26889ca66d677f1"},"headline":"Dialogue au Tchad : \u00ab\u00a0nous sommes sur la derni\u00e8re ligne droite\u00a0\u00bb, Mahamat Idriss Deby","datePublished":"2022-07-27T16:39:19+00:00","dateModified":"2022-07-27T16:55:15+00:00","mainEntityOfPage":{"@id":"https:\/\/www.africa-press.net\/tchad\/politique\/dialogue-au-tchad-nous-sommes-sur-la-derniere-ligne-droite-mahamat-idriss-deby"},"wordCount":222,"commentCount":0,"image":{"@id":"https:\/\/www.africa-press.net\/tchad\/politique\/dialogue-au-tchad-nous-sommes-sur-la-derniere-ligne-droite-mahamat-idriss-deby#primaryimage"},"thumbnailUrl":"https:\/\/static.africa-press.net\/tchad\/sites\/41\/2022\/07\/postQueueImg_29-62e16de16d977.jpg","keywords":["Africa Press","Africa Press-Tchad","Tchad"],"articleSection":["homepage-french","Politique","Top Nouvelles","Toutes les actualit\u00e9s"],"inLanguage":"fr-FR","potentialAction":[{"@type":"CommentAction","name":"Comment","target":["https:\/\/www.africa-press.net\/tchad\/politique\/dialogue-au-tchad-nous-sommes-sur-la-derniere-ligne-droite-mahamat-idriss-deby#respond"]}]},{"@type":"WebPage","@id":"https:\/\/www.africa-press.net\/tchad\/politique\/dialogue-au-tchad-nous-sommes-sur-la-derniere-ligne-droite-mahamat-idriss-deby","url":"https:\/\/www.africa-press.net\/tchad\/politique\/dialogue-au-tchad-nous-sommes-sur-la-derniere-ligne-droite-mahamat-idriss-deby","name":"Dialogue au Tchad : \"nous sommes sur la derni\u00e8re ligne droite\", Mahamat Idriss Deby - tchad","isPartOf":{"@id":"https:\/\/www.africa-press.net\/tchad\/#website"},"primaryImageOfPage":{"@id":"https:\/\/www.africa-press.net\/tchad\/politique\/dialogue-au-tchad-nous-sommes-sur-la-derniere-ligne-droite-mahamat-idriss-deby#primaryimage"},"image":{"@id":"https:\/\/www.africa-press.net\/tchad\/politique\/dialogue-au-tchad-nous-sommes-sur-la-derniere-ligne-droite-mahamat-idriss-deby#primaryimage"},"thumbnailUrl":"https:\/\/static.africa-press.net\/tchad\/sites\/41\/2022\/07\/postQueueImg_29-62e16de16d977.jpg","datePublished":"2022-07-27T16:39:19+00:00","dateModified":"2022-07-27T16:55:15+00:00","author":{"@id":"https:\/\/www.africa-press.net\/tchad\/#\/schema\/person\/2b1cf3cd81a31e3cd26889ca66d677f1"},"description":"Dans son discours, le PCMT a encourag\u00e9 le comit\u00e9 \u00e0 oeuvrer pour \"garantir tout ce qui est n\u00e9cessaire \u00e0 une organisation ...","breadcrumb":{"@id":"https:\/\/www.africa-press.net\/tchad\/politique\/dialogue-au-tchad-nous-sommes-sur-la-derniere-ligne-droite-mahamat-idriss-deby#breadcrumb"},"inLanguage":"fr-FR","potentialAction":[{"@type":"ReadAction","target":["https:\/\/www.africa-press.net\/tchad\/politique\/dialogue-au-tchad-nous-sommes-sur-la-derniere-ligne-droite-mahamat-idriss-deby"]}]},{"@type":"ImageObject","inLanguage":"fr-FR","@id":"https:\/\/www.africa-press.net\/tchad\/politique\/dialogue-au-tchad-nous-sommes-sur-la-derniere-ligne-droite-mahamat-idriss-deby#primaryimage","url":"https:\/\/static.africa-press.net\/tchad\/sites\/41\/2022\/07\/postQueueImg_29-62e16de16d977.jpg","contentUrl":"https:\/\/static.africa-press.net\/tchad\/sites\/41\/2022\/07\/postQueueImg_29-62e16de16d977.jpg","width":869,"height":494,"caption":"Dialogue au Tchad : \"nous sommes sur la derni\u00e8re ligne droite\", Mahamat Idriss Deby"},{"@type":"BreadcrumbList","@id":"https:\/\/www.africa-press.net\/tchad\/politique\/dialogue-au-tchad-nous-sommes-sur-la-derniere-ligne-droite-mahamat-idriss-deby#breadcrumb","itemListElement":[{"@type":"ListItem","position":1,"name":"Accueil","item":"https:\/\/www.africa-press.net\/tchad\/"},{"@type":"ListItem","position":2,"name":"Dialogue au Tchad : &#8220;nous sommes sur la derni\u00e8re ligne droite&#8221;, Mahamat Idriss Deby"}]},{"@type":"WebSite","@id":"https:\/\/www.africa-press.net\/tchad\/#website","url":"https:\/\/www.africa-press.net\/tchad\/","name":"tchad","description":"Just another Africa News Agency Sites site","potentialAction":[{"@type":"SearchAction","target":{"@type":"EntryPoint","urlTemplate":"https:\/\/www.africa-press.net\/tchad\/?s={search_term_string}"},"query-input":{"@type":"PropertyValueSpecification","valueRequired":true,"valueName":"search_term_string"}}],"inLanguage":"fr-FR"},{"@type":"Person","@id":"https:\/\/www.africa-press.net\/tchad\/#\/schema\/person\/2b1cf3cd81a31e3cd26889ca66d677f1","name":"cfeditorfr"}]}},"_links":{"self":[{"href":"https:\/\/www.africa-press.net\/tchad\/wp-json\/wp\/v2\/posts\/29663","targetHints":{"allow":["GET"]}}],"collection":[{"href":"https:\/\/www.africa-press.net\/tchad\/wp-json\/wp\/v2\/posts"}],"about":[{"href":"https:\/\/www.africa-press.net\/tchad\/wp-json\/wp\/v2\/types\/post"}],"author":[{"embeddable":true,"href":"https:\/\/www.africa-press.net\/tchad\/wp-json\/wp\/v2\/users\/82"}],"replies":[{"embeddable":true,"href":"https:\/\/www.africa-press.net\/tchad\/wp-json\/wp\/v2\/comments?post=29663"}],"version-history":[{"count":0,"href":"https:\/\/www.africa-press.net\/tchad\/wp-json\/wp\/v2\/posts\/29663\/revisions"}],"wp:featuredmedia":[{"embeddable":true,"href":"https:\/\/www.africa-press.net\/tchad\/wp-json\/wp\/v2\/media\/29662"}],"wp:attachment":[{"href":"https:\/\/www.africa-press.net\/tchad\/wp-json\/wp\/v2\/media?parent=29663"}],"wp:term":[{"taxonomy":"category","embeddable":true,"href":"https:\/\/www.africa-press.net\/tchad\/wp-json\/wp\/v2\/categories?post=29663"},{"taxonomy":"post_tag","embeddable":true,"href":"https:\/\/www.africa-press.net\/tchad\/wp-json\/wp\/v2\/tags?post=29663"}],"curies":[{"name":"wp","href":"https:\/\/api.w.org\/{rel}","templated":true}]}}