{"id":29693,"date":"2022-07-28T16:52:49","date_gmt":"2022-07-28T16:52:49","guid":{"rendered":"https:\/\/www.africa-press.net\/tchad\/politique\/le-mcpl-exige-la-liberation-sans-condition-de-mekila-elysee"},"modified":"2022-07-28T17:08:35","modified_gmt":"2022-07-28T17:08:35","slug":"le-mcpl-exige-la-liberation-sans-condition-de-mekila-elysee","status":"publish","type":"post","link":"https:\/\/www.africa-press.net\/tchad\/politique\/le-mcpl-exige-la-liberation-sans-condition-de-mekila-elysee","title":{"rendered":"Le Mcpl exige la lib\u00e9ration sans condition de Mekila Elys\u00e9e"},"content":{"rendered":"<p><span style=\"color: #ff6600\"><strong>Africa-Press &#8211; Tchad. <\/strong><\/span>Le coordonnateur du Mouvement citoyen pour la pr\u00e9servation des libert\u00e9s (Mcpl), Sosth\u00e8ne Mbernodji a fait un point de presse ce jeudi 28 juillet 2022 au sein de la radio Fm libert\u00e9, r\u00e9clamant la lib\u00e9ration sans condition du policier Mekila Elys\u00e9e Assingar arr\u00eat\u00e9 depuis 13 avril et garder dans un cachot de service sp\u00e9cial.<\/p>\n<p>Arr\u00eat\u00e9 depuis plus de trois mois, Mekila Elys\u00e9e Assingar, policier de son \u00e9tat en service \u00e0 la Direction g\u00e9n\u00e9rale des renseignements et d\u2019investigations (Dgri), est toujours gard\u00e9 dans un cachot de service sp\u00e9cial. \u00ab Sa d\u00e9tention prolong\u00e9e et hors cadre du point de vue de la loi, c\u2019est une violation flagrante des droits humains \u00bb, mart\u00e8le Sosth\u00e8ne Mbernodji.<\/p>\n<p>Le coordonnateur du mouvement citoyen pour la pr\u00e9servation des libert\u00e9s, Sosth\u00e8ne Mbernodji interpelle directement le Pcmt Mahamat Idriss D\u00e9by pour la lib\u00e9ration de ce policier. \u00ab Dans quelques semaines s\u2019ouvre le dialogue national inclusif pour r\u00e9concilier les c\u0153urs et les esprits des tchadiens meurtriers, je m\u2019adresse \u00e0 vous aux fins d\u2019ordonner la lib\u00e9ration sans condition de Mekila Elys\u00e9e Assingar \u00bb, exige-t-il.<\/p>\n<p>Pour le coordonnateur du Mcpl, Mekila Elys\u00e9e Assangar, policier de grade gardien de paix arr\u00eat\u00e9 et d\u00e9tenu depuis plus de 100 jours au violon de la Dgri. \u00ab L\u2019un de ses deux enfants est malade \u00e0 force de demander \u00e0 sa m\u00e8re la longue absence de son p\u00e8re \u00bb, dit-il.<\/p>\n<p>Selon le Mcpl, Mekila Elys\u00e9e n\u2019a \u00e9t\u00e9 ni d\u00e9f\u00e9r\u00e9 au parquet comme dans un \u00ab Etat qui respecte la loi prescrite, ni eu droit aux visites \u00bb. Il est l\u2019otage du \u00ab ministre de la s\u00e9curit\u00e9 publique et des deux directeurs de la Dgri. Aucune raison m\u00eame disciplinaire ne peut expliquer son maintien en d\u00e9tention \u00e0 ce jour \u00bb, ajoute Sosth\u00e8ne Mbernodji.<\/p>\n<p><strong>Pour plus d&rsquo;informations et d&rsquo;analyses sur la <a href=\"https:\/\/www.africa-press.net\/tchad\">Tchad<\/a>, suivez <a href=\"https:\/\/www.africa-press.net\/\">Africa-Press<\/a><\/strong><\/p>\n","protected":false},"excerpt":{"rendered":"<p>Africa-Press &#8211; Tchad. Le coordonnateur du Mouvement citoyen pour la pr\u00e9servation des libert\u00e9s (Mcpl), Sosth\u00e8ne Mbernodji a fait un point de presse ce jeudi 28 juillet 2022 au sein de la radio Fm libert\u00e9, r\u00e9clamant la lib\u00e9ration sans condition du policier Mekila Elys\u00e9e Assingar arr\u00eat\u00e9 depuis 13 avril et garder dans un cachot de service [&hellip;]<\/p>\n","protected":false},"author":82,"featured_media":29692,"comment_status":"open","ping_status":"closed","sticky":false,"template":"","format":"standard","meta":{"footnotes":""},"categories":[11,2,10],"tags":[37,292,29],"class_list":["post-29693","post","type-post","status-publish","format-standard","has-post-thumbnail","hentry","category-homepage-french","category-politique","category-toutes-les-actualites","tag-africa-press","tag-africa-press-tchad","tag-tchad"],"yoast_head":"<!-- This site is optimized with the Yoast SEO Premium plugin v26.1 (Yoast SEO v27.0) - https:\/\/yoast.com\/product\/yoast-seo-premium-wordpress\/ -->\n<title>Le Mcpl exige la lib\u00e9ration sans condition de Mekila Elys\u00e9e - tchad<\/title>\n<meta name=\"description\" content=\"Le coordonnateur du Mouvement citoyen pour la pr\u00e9servation des libert\u00e9s (Mcpl), Sosth\u00e8ne Mbernodji a fait un point de pr ...\" \/>\n<meta name=\"robots\" content=\"index, follow, max-snippet:-1, max-image-preview:large, max-video-preview:-1\" \/>\n<link rel=\"canonical\" href=\"https:\/\/www.africa-press.net\/tchad\/politique\/le-mcpl-exige-la-liberation-sans-condition-de-mekila-elysee\" \/>\n<meta property=\"og:locale\" content=\"fr_FR\" \/>\n<meta property=\"og:type\" content=\"article\" \/>\n<meta property=\"og:title\" content=\"Le Mcpl exige la lib\u00e9ration sans condition de Mekila Elys\u00e9e\" \/>\n<meta property=\"og:description\" content=\"Le coordonnateur du Mouvement citoyen pour la pr\u00e9servation des libert\u00e9s (Mcpl), Sosth\u00e8ne Mbernodji a fait un point de pr ...\" \/>\n<meta property=\"og:url\" content=\"https:\/\/www.africa-press.net\/tchad\/politique\/le-mcpl-exige-la-liberation-sans-condition-de-mekila-elysee\" \/>\n<meta property=\"og:site_name\" content=\"tchad\" \/>\n<meta property=\"article:published_time\" content=\"2022-07-28T16:52:49+00:00\" \/>\n<meta property=\"article:modified_time\" content=\"2022-07-28T17:08:35+00:00\" \/>\n<meta property=\"og:image\" content=\"https:\/\/static.africa-press.net\/tchad\/sites\/41\/2022\/07\/postQueueImg_2-62e2c2737cb59.jpg\" \/>\n\t<meta property=\"og:image:width\" content=\"612\" \/>\n\t<meta property=\"og:image:height\" content=\"752\" \/>\n\t<meta property=\"og:image:type\" content=\"image\/jpeg\" \/>\n<meta name=\"author\" content=\"cfeditorfr\" \/>\n<meta name=\"twitter:card\" content=\"summary_large_image\" \/>\n<meta name=\"twitter:label1\" content=\"\u00c9crit par\" \/>\n\t<meta name=\"twitter:data1\" content=\"cfeditorfr\" \/>\n\t<meta name=\"twitter:label2\" content=\"Dur\u00e9e de lecture estim\u00e9e\" \/>\n\t<meta name=\"twitter:data2\" content=\"2 minutes\" \/>\n<script type=\"application\/ld+json\" class=\"yoast-schema-graph\">{\"@context\":\"https:\/\/schema.org\",\"@graph\":[{\"@type\":\"Article\",\"@id\":\"https:\/\/www.africa-press.net\/tchad\/politique\/le-mcpl-exige-la-liberation-sans-condition-de-mekila-elysee#article\",\"isPartOf\":{\"@id\":\"https:\/\/www.africa-press.net\/tchad\/politique\/le-mcpl-exige-la-liberation-sans-condition-de-mekila-elysee\"},\"author\":{\"name\":\"cfeditorfr\",\"@id\":\"https:\/\/www.africa-press.net\/tchad\/#\/schema\/person\/2b1cf3cd81a31e3cd26889ca66d677f1\"},\"headline\":\"Le Mcpl exige la lib\u00e9ration sans condition de Mekila Elys\u00e9e\",\"datePublished\":\"2022-07-28T16:52:49+00:00\",\"dateModified\":\"2022-07-28T17:08:35+00:00\",\"mainEntityOfPage\":{\"@id\":\"https:\/\/www.africa-press.net\/tchad\/politique\/le-mcpl-exige-la-liberation-sans-condition-de-mekila-elysee\"},\"wordCount\":338,\"commentCount\":0,\"image\":{\"@id\":\"https:\/\/www.africa-press.net\/tchad\/politique\/le-mcpl-exige-la-liberation-sans-condition-de-mekila-elysee#primaryimage\"},\"thumbnailUrl\":\"https:\/\/static.africa-press.net\/tchad\/sites\/41\/2022\/07\/postQueueImg_2-62e2c2737cb59.jpg\",\"keywords\":[\"Africa Press\",\"Africa Press-Tchad\",\"Tchad\"],\"articleSection\":[\"homepage-french\",\"Politique\",\"Toutes les actualit\u00e9s\"],\"inLanguage\":\"fr-FR\",\"potentialAction\":[{\"@type\":\"CommentAction\",\"name\":\"Comment\",\"target\":[\"https:\/\/www.africa-press.net\/tchad\/politique\/le-mcpl-exige-la-liberation-sans-condition-de-mekila-elysee#respond\"]}]},{\"@type\":\"WebPage\",\"@id\":\"https:\/\/www.africa-press.net\/tchad\/politique\/le-mcpl-exige-la-liberation-sans-condition-de-mekila-elysee\",\"url\":\"https:\/\/www.africa-press.net\/tchad\/politique\/le-mcpl-exige-la-liberation-sans-condition-de-mekila-elysee\",\"name\":\"Le Mcpl exige la lib\u00e9ration sans condition de Mekila Elys\u00e9e - tchad\",\"isPartOf\":{\"@id\":\"https:\/\/www.africa-press.net\/tchad\/#website\"},\"primaryImageOfPage\":{\"@id\":\"https:\/\/www.africa-press.net\/tchad\/politique\/le-mcpl-exige-la-liberation-sans-condition-de-mekila-elysee#primaryimage\"},\"image\":{\"@id\":\"https:\/\/www.africa-press.net\/tchad\/politique\/le-mcpl-exige-la-liberation-sans-condition-de-mekila-elysee#primaryimage\"},\"thumbnailUrl\":\"https:\/\/static.africa-press.net\/tchad\/sites\/41\/2022\/07\/postQueueImg_2-62e2c2737cb59.jpg\",\"datePublished\":\"2022-07-28T16:52:49+00:00\",\"dateModified\":\"2022-07-28T17:08:35+00:00\",\"author\":{\"@id\":\"https:\/\/www.africa-press.net\/tchad\/#\/schema\/person\/2b1cf3cd81a31e3cd26889ca66d677f1\"},\"description\":\"Le coordonnateur du Mouvement citoyen pour la pr\u00e9servation des libert\u00e9s (Mcpl), Sosth\u00e8ne Mbernodji a fait un point de pr ...\",\"breadcrumb\":{\"@id\":\"https:\/\/www.africa-press.net\/tchad\/politique\/le-mcpl-exige-la-liberation-sans-condition-de-mekila-elysee#breadcrumb\"},\"inLanguage\":\"fr-FR\",\"potentialAction\":[{\"@type\":\"ReadAction\",\"target\":[\"https:\/\/www.africa-press.net\/tchad\/politique\/le-mcpl-exige-la-liberation-sans-condition-de-mekila-elysee\"]}]},{\"@type\":\"ImageObject\",\"inLanguage\":\"fr-FR\",\"@id\":\"https:\/\/www.africa-press.net\/tchad\/politique\/le-mcpl-exige-la-liberation-sans-condition-de-mekila-elysee#primaryimage\",\"url\":\"https:\/\/static.africa-press.net\/tchad\/sites\/41\/2022\/07\/postQueueImg_2-62e2c2737cb59.jpg\",\"contentUrl\":\"https:\/\/static.africa-press.net\/tchad\/sites\/41\/2022\/07\/postQueueImg_2-62e2c2737cb59.jpg\",\"width\":612,\"height\":752,\"caption\":\"Le Mcpl exige la lib\u00e9ration sans condition de Mekila Elys\u00e9e\"},{\"@type\":\"BreadcrumbList\",\"@id\":\"https:\/\/www.africa-press.net\/tchad\/politique\/le-mcpl-exige-la-liberation-sans-condition-de-mekila-elysee#breadcrumb\",\"itemListElement\":[{\"@type\":\"ListItem\",\"position\":1,\"name\":\"Accueil\",\"item\":\"https:\/\/www.africa-press.net\/tchad\/\"},{\"@type\":\"ListItem\",\"position\":2,\"name\":\"Le Mcpl exige la lib\u00e9ration sans condition de Mekila Elys\u00e9e\"}]},{\"@type\":\"WebSite\",\"@id\":\"https:\/\/www.africa-press.net\/tchad\/#website\",\"url\":\"https:\/\/www.africa-press.net\/tchad\/\",\"name\":\"tchad\",\"description\":\"Just another Africa News Agency Sites site\",\"potentialAction\":[{\"@type\":\"SearchAction\",\"target\":{\"@type\":\"EntryPoint\",\"urlTemplate\":\"https:\/\/www.africa-press.net\/tchad\/?s={search_term_string}\"},\"query-input\":{\"@type\":\"PropertyValueSpecification\",\"valueRequired\":true,\"valueName\":\"search_term_string\"}}],\"inLanguage\":\"fr-FR\"},{\"@type\":\"Person\",\"@id\":\"https:\/\/www.africa-press.net\/tchad\/#\/schema\/person\/2b1cf3cd81a31e3cd26889ca66d677f1\",\"name\":\"cfeditorfr\"}]}<\/script>\n<!-- \/ Yoast SEO Premium plugin. -->","yoast_head_json":{"title":"Le Mcpl exige la lib\u00e9ration sans condition de Mekila Elys\u00e9e - tchad","description":"Le coordonnateur du Mouvement citoyen pour la pr\u00e9servation des libert\u00e9s (Mcpl), Sosth\u00e8ne Mbernodji a fait un point de pr ...","robots":{"index":"index","follow":"follow","max-snippet":"max-snippet:-1","max-image-preview":"max-image-preview:large","max-video-preview":"max-video-preview:-1"},"canonical":"https:\/\/www.africa-press.net\/tchad\/politique\/le-mcpl-exige-la-liberation-sans-condition-de-mekila-elysee","og_locale":"fr_FR","og_type":"article","og_title":"Le Mcpl exige la lib\u00e9ration sans condition de Mekila Elys\u00e9e","og_description":"Le coordonnateur du Mouvement citoyen pour la pr\u00e9servation des libert\u00e9s (Mcpl), Sosth\u00e8ne Mbernodji a fait un point de pr ...","og_url":"https:\/\/www.africa-press.net\/tchad\/politique\/le-mcpl-exige-la-liberation-sans-condition-de-mekila-elysee","og_site_name":"tchad","article_published_time":"2022-07-28T16:52:49+00:00","article_modified_time":"2022-07-28T17:08:35+00:00","og_image":[{"width":612,"height":752,"url":"https:\/\/static.africa-press.net\/tchad\/sites\/41\/2022\/07\/postQueueImg_2-62e2c2737cb59.jpg","type":"image\/jpeg"}],"author":"cfeditorfr","twitter_card":"summary_large_image","twitter_misc":{"\u00c9crit par":"cfeditorfr","Dur\u00e9e de lecture estim\u00e9e":"2 minutes"},"schema":{"@context":"https:\/\/schema.org","@graph":[{"@type":"Article","@id":"https:\/\/www.africa-press.net\/tchad\/politique\/le-mcpl-exige-la-liberation-sans-condition-de-mekila-elysee#article","isPartOf":{"@id":"https:\/\/www.africa-press.net\/tchad\/politique\/le-mcpl-exige-la-liberation-sans-condition-de-mekila-elysee"},"author":{"name":"cfeditorfr","@id":"https:\/\/www.africa-press.net\/tchad\/#\/schema\/person\/2b1cf3cd81a31e3cd26889ca66d677f1"},"headline":"Le Mcpl exige la lib\u00e9ration sans condition de Mekila Elys\u00e9e","datePublished":"2022-07-28T16:52:49+00:00","dateModified":"2022-07-28T17:08:35+00:00","mainEntityOfPage":{"@id":"https:\/\/www.africa-press.net\/tchad\/politique\/le-mcpl-exige-la-liberation-sans-condition-de-mekila-elysee"},"wordCount":338,"commentCount":0,"image":{"@id":"https:\/\/www.africa-press.net\/tchad\/politique\/le-mcpl-exige-la-liberation-sans-condition-de-mekila-elysee#primaryimage"},"thumbnailUrl":"https:\/\/static.africa-press.net\/tchad\/sites\/41\/2022\/07\/postQueueImg_2-62e2c2737cb59.jpg","keywords":["Africa Press","Africa Press-Tchad","Tchad"],"articleSection":["homepage-french","Politique","Toutes les actualit\u00e9s"],"inLanguage":"fr-FR","potentialAction":[{"@type":"CommentAction","name":"Comment","target":["https:\/\/www.africa-press.net\/tchad\/politique\/le-mcpl-exige-la-liberation-sans-condition-de-mekila-elysee#respond"]}]},{"@type":"WebPage","@id":"https:\/\/www.africa-press.net\/tchad\/politique\/le-mcpl-exige-la-liberation-sans-condition-de-mekila-elysee","url":"https:\/\/www.africa-press.net\/tchad\/politique\/le-mcpl-exige-la-liberation-sans-condition-de-mekila-elysee","name":"Le Mcpl exige la lib\u00e9ration sans condition de Mekila Elys\u00e9e - tchad","isPartOf":{"@id":"https:\/\/www.africa-press.net\/tchad\/#website"},"primaryImageOfPage":{"@id":"https:\/\/www.africa-press.net\/tchad\/politique\/le-mcpl-exige-la-liberation-sans-condition-de-mekila-elysee#primaryimage"},"image":{"@id":"https:\/\/www.africa-press.net\/tchad\/politique\/le-mcpl-exige-la-liberation-sans-condition-de-mekila-elysee#primaryimage"},"thumbnailUrl":"https:\/\/static.africa-press.net\/tchad\/sites\/41\/2022\/07\/postQueueImg_2-62e2c2737cb59.jpg","datePublished":"2022-07-28T16:52:49+00:00","dateModified":"2022-07-28T17:08:35+00:00","author":{"@id":"https:\/\/www.africa-press.net\/tchad\/#\/schema\/person\/2b1cf3cd81a31e3cd26889ca66d677f1"},"description":"Le coordonnateur du Mouvement citoyen pour la pr\u00e9servation des libert\u00e9s (Mcpl), Sosth\u00e8ne Mbernodji a fait un point de pr ...","breadcrumb":{"@id":"https:\/\/www.africa-press.net\/tchad\/politique\/le-mcpl-exige-la-liberation-sans-condition-de-mekila-elysee#breadcrumb"},"inLanguage":"fr-FR","potentialAction":[{"@type":"ReadAction","target":["https:\/\/www.africa-press.net\/tchad\/politique\/le-mcpl-exige-la-liberation-sans-condition-de-mekila-elysee"]}]},{"@type":"ImageObject","inLanguage":"fr-FR","@id":"https:\/\/www.africa-press.net\/tchad\/politique\/le-mcpl-exige-la-liberation-sans-condition-de-mekila-elysee#primaryimage","url":"https:\/\/static.africa-press.net\/tchad\/sites\/41\/2022\/07\/postQueueImg_2-62e2c2737cb59.jpg","contentUrl":"https:\/\/static.africa-press.net\/tchad\/sites\/41\/2022\/07\/postQueueImg_2-62e2c2737cb59.jpg","width":612,"height":752,"caption":"Le Mcpl exige la lib\u00e9ration sans condition de Mekila Elys\u00e9e"},{"@type":"BreadcrumbList","@id":"https:\/\/www.africa-press.net\/tchad\/politique\/le-mcpl-exige-la-liberation-sans-condition-de-mekila-elysee#breadcrumb","itemListElement":[{"@type":"ListItem","position":1,"name":"Accueil","item":"https:\/\/www.africa-press.net\/tchad\/"},{"@type":"ListItem","position":2,"name":"Le Mcpl exige la lib\u00e9ration sans condition de Mekila Elys\u00e9e"}]},{"@type":"WebSite","@id":"https:\/\/www.africa-press.net\/tchad\/#website","url":"https:\/\/www.africa-press.net\/tchad\/","name":"tchad","description":"Just another Africa News Agency Sites site","potentialAction":[{"@type":"SearchAction","target":{"@type":"EntryPoint","urlTemplate":"https:\/\/www.africa-press.net\/tchad\/?s={search_term_string}"},"query-input":{"@type":"PropertyValueSpecification","valueRequired":true,"valueName":"search_term_string"}}],"inLanguage":"fr-FR"},{"@type":"Person","@id":"https:\/\/www.africa-press.net\/tchad\/#\/schema\/person\/2b1cf3cd81a31e3cd26889ca66d677f1","name":"cfeditorfr"}]}},"_links":{"self":[{"href":"https:\/\/www.africa-press.net\/tchad\/wp-json\/wp\/v2\/posts\/29693","targetHints":{"allow":["GET"]}}],"collection":[{"href":"https:\/\/www.africa-press.net\/tchad\/wp-json\/wp\/v2\/posts"}],"about":[{"href":"https:\/\/www.africa-press.net\/tchad\/wp-json\/wp\/v2\/types\/post"}],"author":[{"embeddable":true,"href":"https:\/\/www.africa-press.net\/tchad\/wp-json\/wp\/v2\/users\/82"}],"replies":[{"embeddable":true,"href":"https:\/\/www.africa-press.net\/tchad\/wp-json\/wp\/v2\/comments?post=29693"}],"version-history":[{"count":0,"href":"https:\/\/www.africa-press.net\/tchad\/wp-json\/wp\/v2\/posts\/29693\/revisions"}],"wp:featuredmedia":[{"embeddable":true,"href":"https:\/\/www.africa-press.net\/tchad\/wp-json\/wp\/v2\/media\/29692"}],"wp:attachment":[{"href":"https:\/\/www.africa-press.net\/tchad\/wp-json\/wp\/v2\/media?parent=29693"}],"wp:term":[{"taxonomy":"category","embeddable":true,"href":"https:\/\/www.africa-press.net\/tchad\/wp-json\/wp\/v2\/categories?post=29693"},{"taxonomy":"post_tag","embeddable":true,"href":"https:\/\/www.africa-press.net\/tchad\/wp-json\/wp\/v2\/tags?post=29693"}],"curies":[{"name":"wp","href":"https:\/\/api.w.org\/{rel}","templated":true}]}}