{"id":29705,"date":"2022-07-28T16:55:08","date_gmt":"2022-07-28T16:55:08","guid":{"rendered":"https:\/\/www.africa-press.net\/tchad\/politique\/sept-presumes-malfrats-captures-dans-la-province-du-ouaddai"},"modified":"2022-07-28T17:15:07","modified_gmt":"2022-07-28T17:15:07","slug":"sept-presumes-malfrats-captures-dans-la-province-du-ouaddai","status":"publish","type":"post","link":"https:\/\/www.africa-press.net\/tchad\/toutes-les-actualites\/sept-presumes-malfrats-captures-dans-la-province-du-ouaddai","title":{"rendered":"Sept pr\u00e9sum\u00e9s malfrats captur\u00e9s dans la province du Ouadda\u00ef"},"content":{"rendered":"<p><span style=\"color: #ff6600\"><strong>Africa-Press &#8211; Tchad. <\/strong><\/span><b>Dans la province du Ouadda\u00ef sept pr\u00e9sum\u00e9s malfrats ont \u00e9t\u00e9 pr\u00e9sent\u00e9s \u00e0 la presse. Ils ont \u00e9t\u00e9 arr\u00eat\u00e9s au cours des op\u00e9rations des forces de maintien de l\u2019ordre de la circonscription.<\/b><\/p>\n<p>Les services du gouvernorat, \u00e0 travers une publication de ce jeudi 28 juillet 2022, fait savoir que sept (07) pr\u00e9sum\u00e9s malfrats tomb\u00e9s dans les mailles des \u00e9l\u00e9ments de la Police Nationale ont \u00e9t\u00e9 pr\u00e9sent\u00e9s \u00e0 la presse locale.<\/p>\n<p>\u00ab C\u2019\u00e9tait en pr\u00e9sence du Gouverneur de la Province du Ouadda\u00ef Ibrahim Ibni Oumar Mahamat Saleh et plusieurs autres personnalit\u00e9s de la place \u00bb, peut-on lire<\/p>\n<p>La police a pu mettre la main sur les objets vol\u00e9s notamment : un v\u00e9hicule Toyota pick-up, des t\u00e9l\u00e9phones portables et bien d\u2019autres objets de valeur.<\/p>\n<p>Le Gouverneur du Ouadda\u00ef a salu\u00e9 le travail abattu par les \u00e9l\u00e9ments de la police nationale d\u2019Ab\u00e9ch\u00e9 ayant permis de mettre la main sur ces bandits qui perturbent la qui\u00e9tude des paisibles citoyens.<\/p>\n<p><strong>Pour plus d&rsquo;informations et d&rsquo;analyses sur la <a href=\"https:\/\/www.africa-press.net\/tchad\">Tchad<\/a>, suivez <a href=\"https:\/\/www.africa-press.net\/\">Africa-Press<\/a><\/strong><\/p>\n","protected":false},"excerpt":{"rendered":"<p>Africa-Press &#8211; Tchad. Dans la province du Ouadda\u00ef sept pr\u00e9sum\u00e9s malfrats ont \u00e9t\u00e9 pr\u00e9sent\u00e9s \u00e0 la presse. Ils ont \u00e9t\u00e9 arr\u00eat\u00e9s au cours des op\u00e9rations des forces de maintien de l\u2019ordre de la circonscription. Les services du gouvernorat, \u00e0 travers une publication de ce jeudi 28 juillet 2022, fait savoir que sept (07) pr\u00e9sum\u00e9s malfrats [&hellip;]<\/p>\n","protected":false},"author":82,"featured_media":29704,"comment_status":"open","ping_status":"closed","sticky":false,"template":"","format":"standard","meta":{"footnotes":""},"categories":[21,11,10],"tags":[37,292,3999,4000,29],"class_list":["post-29705","post","type-post","status-publish","format-standard","has-post-thumbnail","hentry","category-communaute","category-homepage-french","category-toutes-les-actualites","tag-africa-press","tag-africa-press-tchad","tag-province-du-ouaddai","tag-sept-presumes-malfrats","tag-tchad"],"yoast_head":"<!-- This site is optimized with the Yoast SEO Premium plugin v26.1 (Yoast SEO v27.0) - https:\/\/yoast.com\/product\/yoast-seo-premium-wordpress\/ -->\n<title>Sept pr\u00e9sum\u00e9s malfrats captur\u00e9s dans la province du Ouadda\u00ef - tchad<\/title>\n<meta name=\"description\" content=\"Dans la province du Ouadda\u00ef sept pr\u00e9sum\u00e9s malfrats ont \u00e9t\u00e9 pr\u00e9sent\u00e9s \u00e0 la presse. Ils ont \u00e9t\u00e9 arr\u00eat\u00e9s au cours des op ...\" \/>\n<meta name=\"robots\" content=\"index, follow, max-snippet:-1, max-image-preview:large, max-video-preview:-1\" \/>\n<link rel=\"canonical\" href=\"https:\/\/www.africa-press.net\/tchad\/toutes-les-actualites\/sept-presumes-malfrats-captures-dans-la-province-du-ouaddai\" \/>\n<meta property=\"og:locale\" content=\"fr_FR\" \/>\n<meta property=\"og:type\" content=\"article\" \/>\n<meta property=\"og:title\" content=\"Sept pr\u00e9sum\u00e9s malfrats captur\u00e9s dans la province du Ouadda\u00ef\" \/>\n<meta property=\"og:description\" content=\"Dans la province du Ouadda\u00ef sept pr\u00e9sum\u00e9s malfrats ont \u00e9t\u00e9 pr\u00e9sent\u00e9s \u00e0 la presse. Ils ont \u00e9t\u00e9 arr\u00eat\u00e9s au cours des op ...\" \/>\n<meta property=\"og:url\" content=\"https:\/\/www.africa-press.net\/tchad\/toutes-les-actualites\/sept-presumes-malfrats-captures-dans-la-province-du-ouaddai\" \/>\n<meta property=\"og:site_name\" content=\"tchad\" \/>\n<meta property=\"article:published_time\" content=\"2022-07-28T16:55:08+00:00\" \/>\n<meta property=\"article:modified_time\" content=\"2022-07-28T17:15:07+00:00\" \/>\n<meta property=\"og:image\" content=\"https:\/\/static.africa-press.net\/tchad\/sites\/41\/2022\/07\/postQueueImg_10-62e2c3f6cc51c.jpg\" \/>\n\t<meta property=\"og:image:width\" content=\"780\" \/>\n\t<meta property=\"og:image:height\" content=\"440\" \/>\n\t<meta property=\"og:image:type\" content=\"image\/jpeg\" \/>\n<meta name=\"author\" content=\"cfeditorfr\" \/>\n<meta name=\"twitter:card\" content=\"summary_large_image\" \/>\n<meta name=\"twitter:label1\" content=\"\u00c9crit par\" \/>\n\t<meta name=\"twitter:data1\" content=\"cfeditorfr\" \/>\n\t<meta name=\"twitter:label2\" content=\"Dur\u00e9e de lecture estim\u00e9e\" \/>\n\t<meta name=\"twitter:data2\" content=\"1 minute\" \/>\n<script type=\"application\/ld+json\" class=\"yoast-schema-graph\">{\"@context\":\"https:\/\/schema.org\",\"@graph\":[{\"@type\":\"Article\",\"@id\":\"https:\/\/www.africa-press.net\/tchad\/toutes-les-actualites\/sept-presumes-malfrats-captures-dans-la-province-du-ouaddai#article\",\"isPartOf\":{\"@id\":\"https:\/\/www.africa-press.net\/tchad\/toutes-les-actualites\/sept-presumes-malfrats-captures-dans-la-province-du-ouaddai\"},\"author\":{\"name\":\"cfeditorfr\",\"@id\":\"https:\/\/www.africa-press.net\/tchad\/#\/schema\/person\/2b1cf3cd81a31e3cd26889ca66d677f1\"},\"headline\":\"Sept pr\u00e9sum\u00e9s malfrats captur\u00e9s dans la province du Ouadda\u00ef\",\"datePublished\":\"2022-07-28T16:55:08+00:00\",\"dateModified\":\"2022-07-28T17:15:07+00:00\",\"mainEntityOfPage\":{\"@id\":\"https:\/\/www.africa-press.net\/tchad\/toutes-les-actualites\/sept-presumes-malfrats-captures-dans-la-province-du-ouaddai\"},\"wordCount\":198,\"commentCount\":0,\"image\":{\"@id\":\"https:\/\/www.africa-press.net\/tchad\/toutes-les-actualites\/sept-presumes-malfrats-captures-dans-la-province-du-ouaddai#primaryimage\"},\"thumbnailUrl\":\"https:\/\/static.africa-press.net\/tchad\/sites\/41\/2022\/07\/postQueueImg_10-62e2c3f6cc51c.jpg\",\"keywords\":[\"Africa Press\",\"Africa Press-Tchad\",\"province du Ouadda\u00ef\",\"Sept pr\u00e9sum\u00e9s malfrats\",\"Tchad\"],\"articleSection\":[\"Communaut\u00e9\",\"homepage-french\",\"Toutes les actualit\u00e9s\"],\"inLanguage\":\"fr-FR\",\"potentialAction\":[{\"@type\":\"CommentAction\",\"name\":\"Comment\",\"target\":[\"https:\/\/www.africa-press.net\/tchad\/toutes-les-actualites\/sept-presumes-malfrats-captures-dans-la-province-du-ouaddai#respond\"]}]},{\"@type\":\"WebPage\",\"@id\":\"https:\/\/www.africa-press.net\/tchad\/toutes-les-actualites\/sept-presumes-malfrats-captures-dans-la-province-du-ouaddai\",\"url\":\"https:\/\/www.africa-press.net\/tchad\/toutes-les-actualites\/sept-presumes-malfrats-captures-dans-la-province-du-ouaddai\",\"name\":\"Sept pr\u00e9sum\u00e9s malfrats captur\u00e9s dans la province du Ouadda\u00ef - tchad\",\"isPartOf\":{\"@id\":\"https:\/\/www.africa-press.net\/tchad\/#website\"},\"primaryImageOfPage\":{\"@id\":\"https:\/\/www.africa-press.net\/tchad\/toutes-les-actualites\/sept-presumes-malfrats-captures-dans-la-province-du-ouaddai#primaryimage\"},\"image\":{\"@id\":\"https:\/\/www.africa-press.net\/tchad\/toutes-les-actualites\/sept-presumes-malfrats-captures-dans-la-province-du-ouaddai#primaryimage\"},\"thumbnailUrl\":\"https:\/\/static.africa-press.net\/tchad\/sites\/41\/2022\/07\/postQueueImg_10-62e2c3f6cc51c.jpg\",\"datePublished\":\"2022-07-28T16:55:08+00:00\",\"dateModified\":\"2022-07-28T17:15:07+00:00\",\"author\":{\"@id\":\"https:\/\/www.africa-press.net\/tchad\/#\/schema\/person\/2b1cf3cd81a31e3cd26889ca66d677f1\"},\"description\":\"Dans la province du Ouadda\u00ef sept pr\u00e9sum\u00e9s malfrats ont \u00e9t\u00e9 pr\u00e9sent\u00e9s \u00e0 la presse. Ils ont \u00e9t\u00e9 arr\u00eat\u00e9s au cours des op ...\",\"breadcrumb\":{\"@id\":\"https:\/\/www.africa-press.net\/tchad\/toutes-les-actualites\/sept-presumes-malfrats-captures-dans-la-province-du-ouaddai#breadcrumb\"},\"inLanguage\":\"fr-FR\",\"potentialAction\":[{\"@type\":\"ReadAction\",\"target\":[\"https:\/\/www.africa-press.net\/tchad\/toutes-les-actualites\/sept-presumes-malfrats-captures-dans-la-province-du-ouaddai\"]}]},{\"@type\":\"ImageObject\",\"inLanguage\":\"fr-FR\",\"@id\":\"https:\/\/www.africa-press.net\/tchad\/toutes-les-actualites\/sept-presumes-malfrats-captures-dans-la-province-du-ouaddai#primaryimage\",\"url\":\"https:\/\/static.africa-press.net\/tchad\/sites\/41\/2022\/07\/postQueueImg_10-62e2c3f6cc51c.jpg\",\"contentUrl\":\"https:\/\/static.africa-press.net\/tchad\/sites\/41\/2022\/07\/postQueueImg_10-62e2c3f6cc51c.jpg\",\"width\":780,\"height\":440,\"caption\":\"Sept pr\u00e9sum\u00e9s malfrats captur\u00e9s dans la province du Ouadda\u00ef\"},{\"@type\":\"BreadcrumbList\",\"@id\":\"https:\/\/www.africa-press.net\/tchad\/toutes-les-actualites\/sept-presumes-malfrats-captures-dans-la-province-du-ouaddai#breadcrumb\",\"itemListElement\":[{\"@type\":\"ListItem\",\"position\":1,\"name\":\"Accueil\",\"item\":\"https:\/\/www.africa-press.net\/tchad\/\"},{\"@type\":\"ListItem\",\"position\":2,\"name\":\"Sept pr\u00e9sum\u00e9s malfrats captur\u00e9s dans la province du Ouadda\u00ef\"}]},{\"@type\":\"WebSite\",\"@id\":\"https:\/\/www.africa-press.net\/tchad\/#website\",\"url\":\"https:\/\/www.africa-press.net\/tchad\/\",\"name\":\"tchad\",\"description\":\"Just another Africa News Agency Sites site\",\"potentialAction\":[{\"@type\":\"SearchAction\",\"target\":{\"@type\":\"EntryPoint\",\"urlTemplate\":\"https:\/\/www.africa-press.net\/tchad\/?s={search_term_string}\"},\"query-input\":{\"@type\":\"PropertyValueSpecification\",\"valueRequired\":true,\"valueName\":\"search_term_string\"}}],\"inLanguage\":\"fr-FR\"},{\"@type\":\"Person\",\"@id\":\"https:\/\/www.africa-press.net\/tchad\/#\/schema\/person\/2b1cf3cd81a31e3cd26889ca66d677f1\",\"name\":\"cfeditorfr\"}]}<\/script>\n<!-- \/ Yoast SEO Premium plugin. -->","yoast_head_json":{"title":"Sept pr\u00e9sum\u00e9s malfrats captur\u00e9s dans la province du Ouadda\u00ef - tchad","description":"Dans la province du Ouadda\u00ef sept pr\u00e9sum\u00e9s malfrats ont \u00e9t\u00e9 pr\u00e9sent\u00e9s \u00e0 la presse. Ils ont \u00e9t\u00e9 arr\u00eat\u00e9s au cours des op ...","robots":{"index":"index","follow":"follow","max-snippet":"max-snippet:-1","max-image-preview":"max-image-preview:large","max-video-preview":"max-video-preview:-1"},"canonical":"https:\/\/www.africa-press.net\/tchad\/toutes-les-actualites\/sept-presumes-malfrats-captures-dans-la-province-du-ouaddai","og_locale":"fr_FR","og_type":"article","og_title":"Sept pr\u00e9sum\u00e9s malfrats captur\u00e9s dans la province du Ouadda\u00ef","og_description":"Dans la province du Ouadda\u00ef sept pr\u00e9sum\u00e9s malfrats ont \u00e9t\u00e9 pr\u00e9sent\u00e9s \u00e0 la presse. Ils ont \u00e9t\u00e9 arr\u00eat\u00e9s au cours des op ...","og_url":"https:\/\/www.africa-press.net\/tchad\/toutes-les-actualites\/sept-presumes-malfrats-captures-dans-la-province-du-ouaddai","og_site_name":"tchad","article_published_time":"2022-07-28T16:55:08+00:00","article_modified_time":"2022-07-28T17:15:07+00:00","og_image":[{"width":780,"height":440,"url":"https:\/\/static.africa-press.net\/tchad\/sites\/41\/2022\/07\/postQueueImg_10-62e2c3f6cc51c.jpg","type":"image\/jpeg"}],"author":"cfeditorfr","twitter_card":"summary_large_image","twitter_misc":{"\u00c9crit par":"cfeditorfr","Dur\u00e9e de lecture estim\u00e9e":"1 minute"},"schema":{"@context":"https:\/\/schema.org","@graph":[{"@type":"Article","@id":"https:\/\/www.africa-press.net\/tchad\/toutes-les-actualites\/sept-presumes-malfrats-captures-dans-la-province-du-ouaddai#article","isPartOf":{"@id":"https:\/\/www.africa-press.net\/tchad\/toutes-les-actualites\/sept-presumes-malfrats-captures-dans-la-province-du-ouaddai"},"author":{"name":"cfeditorfr","@id":"https:\/\/www.africa-press.net\/tchad\/#\/schema\/person\/2b1cf3cd81a31e3cd26889ca66d677f1"},"headline":"Sept pr\u00e9sum\u00e9s malfrats captur\u00e9s dans la province du Ouadda\u00ef","datePublished":"2022-07-28T16:55:08+00:00","dateModified":"2022-07-28T17:15:07+00:00","mainEntityOfPage":{"@id":"https:\/\/www.africa-press.net\/tchad\/toutes-les-actualites\/sept-presumes-malfrats-captures-dans-la-province-du-ouaddai"},"wordCount":198,"commentCount":0,"image":{"@id":"https:\/\/www.africa-press.net\/tchad\/toutes-les-actualites\/sept-presumes-malfrats-captures-dans-la-province-du-ouaddai#primaryimage"},"thumbnailUrl":"https:\/\/static.africa-press.net\/tchad\/sites\/41\/2022\/07\/postQueueImg_10-62e2c3f6cc51c.jpg","keywords":["Africa Press","Africa Press-Tchad","province du Ouadda\u00ef","Sept pr\u00e9sum\u00e9s malfrats","Tchad"],"articleSection":["Communaut\u00e9","homepage-french","Toutes les actualit\u00e9s"],"inLanguage":"fr-FR","potentialAction":[{"@type":"CommentAction","name":"Comment","target":["https:\/\/www.africa-press.net\/tchad\/toutes-les-actualites\/sept-presumes-malfrats-captures-dans-la-province-du-ouaddai#respond"]}]},{"@type":"WebPage","@id":"https:\/\/www.africa-press.net\/tchad\/toutes-les-actualites\/sept-presumes-malfrats-captures-dans-la-province-du-ouaddai","url":"https:\/\/www.africa-press.net\/tchad\/toutes-les-actualites\/sept-presumes-malfrats-captures-dans-la-province-du-ouaddai","name":"Sept pr\u00e9sum\u00e9s malfrats captur\u00e9s dans la province du Ouadda\u00ef - tchad","isPartOf":{"@id":"https:\/\/www.africa-press.net\/tchad\/#website"},"primaryImageOfPage":{"@id":"https:\/\/www.africa-press.net\/tchad\/toutes-les-actualites\/sept-presumes-malfrats-captures-dans-la-province-du-ouaddai#primaryimage"},"image":{"@id":"https:\/\/www.africa-press.net\/tchad\/toutes-les-actualites\/sept-presumes-malfrats-captures-dans-la-province-du-ouaddai#primaryimage"},"thumbnailUrl":"https:\/\/static.africa-press.net\/tchad\/sites\/41\/2022\/07\/postQueueImg_10-62e2c3f6cc51c.jpg","datePublished":"2022-07-28T16:55:08+00:00","dateModified":"2022-07-28T17:15:07+00:00","author":{"@id":"https:\/\/www.africa-press.net\/tchad\/#\/schema\/person\/2b1cf3cd81a31e3cd26889ca66d677f1"},"description":"Dans la province du Ouadda\u00ef sept pr\u00e9sum\u00e9s malfrats ont \u00e9t\u00e9 pr\u00e9sent\u00e9s \u00e0 la presse. Ils ont \u00e9t\u00e9 arr\u00eat\u00e9s au cours des op ...","breadcrumb":{"@id":"https:\/\/www.africa-press.net\/tchad\/toutes-les-actualites\/sept-presumes-malfrats-captures-dans-la-province-du-ouaddai#breadcrumb"},"inLanguage":"fr-FR","potentialAction":[{"@type":"ReadAction","target":["https:\/\/www.africa-press.net\/tchad\/toutes-les-actualites\/sept-presumes-malfrats-captures-dans-la-province-du-ouaddai"]}]},{"@type":"ImageObject","inLanguage":"fr-FR","@id":"https:\/\/www.africa-press.net\/tchad\/toutes-les-actualites\/sept-presumes-malfrats-captures-dans-la-province-du-ouaddai#primaryimage","url":"https:\/\/static.africa-press.net\/tchad\/sites\/41\/2022\/07\/postQueueImg_10-62e2c3f6cc51c.jpg","contentUrl":"https:\/\/static.africa-press.net\/tchad\/sites\/41\/2022\/07\/postQueueImg_10-62e2c3f6cc51c.jpg","width":780,"height":440,"caption":"Sept pr\u00e9sum\u00e9s malfrats captur\u00e9s dans la province du Ouadda\u00ef"},{"@type":"BreadcrumbList","@id":"https:\/\/www.africa-press.net\/tchad\/toutes-les-actualites\/sept-presumes-malfrats-captures-dans-la-province-du-ouaddai#breadcrumb","itemListElement":[{"@type":"ListItem","position":1,"name":"Accueil","item":"https:\/\/www.africa-press.net\/tchad\/"},{"@type":"ListItem","position":2,"name":"Sept pr\u00e9sum\u00e9s malfrats captur\u00e9s dans la province du Ouadda\u00ef"}]},{"@type":"WebSite","@id":"https:\/\/www.africa-press.net\/tchad\/#website","url":"https:\/\/www.africa-press.net\/tchad\/","name":"tchad","description":"Just another Africa News Agency Sites site","potentialAction":[{"@type":"SearchAction","target":{"@type":"EntryPoint","urlTemplate":"https:\/\/www.africa-press.net\/tchad\/?s={search_term_string}"},"query-input":{"@type":"PropertyValueSpecification","valueRequired":true,"valueName":"search_term_string"}}],"inLanguage":"fr-FR"},{"@type":"Person","@id":"https:\/\/www.africa-press.net\/tchad\/#\/schema\/person\/2b1cf3cd81a31e3cd26889ca66d677f1","name":"cfeditorfr"}]}},"_links":{"self":[{"href":"https:\/\/www.africa-press.net\/tchad\/wp-json\/wp\/v2\/posts\/29705","targetHints":{"allow":["GET"]}}],"collection":[{"href":"https:\/\/www.africa-press.net\/tchad\/wp-json\/wp\/v2\/posts"}],"about":[{"href":"https:\/\/www.africa-press.net\/tchad\/wp-json\/wp\/v2\/types\/post"}],"author":[{"embeddable":true,"href":"https:\/\/www.africa-press.net\/tchad\/wp-json\/wp\/v2\/users\/82"}],"replies":[{"embeddable":true,"href":"https:\/\/www.africa-press.net\/tchad\/wp-json\/wp\/v2\/comments?post=29705"}],"version-history":[{"count":0,"href":"https:\/\/www.africa-press.net\/tchad\/wp-json\/wp\/v2\/posts\/29705\/revisions"}],"wp:featuredmedia":[{"embeddable":true,"href":"https:\/\/www.africa-press.net\/tchad\/wp-json\/wp\/v2\/media\/29704"}],"wp:attachment":[{"href":"https:\/\/www.africa-press.net\/tchad\/wp-json\/wp\/v2\/media?parent=29705"}],"wp:term":[{"taxonomy":"category","embeddable":true,"href":"https:\/\/www.africa-press.net\/tchad\/wp-json\/wp\/v2\/categories?post=29705"},{"taxonomy":"post_tag","embeddable":true,"href":"https:\/\/www.africa-press.net\/tchad\/wp-json\/wp\/v2\/tags?post=29705"}],"curies":[{"name":"wp","href":"https:\/\/api.w.org\/{rel}","templated":true}]}}