{"id":29735,"date":"2022-07-29T15:46:15","date_gmt":"2022-07-29T15:46:15","guid":{"rendered":"https:\/\/www.africa-press.net\/tchad\/politique\/dialogue-au-tchad-la-course-contre-la-montre-de-mahamat-idriss-deby-itno"},"modified":"2022-07-29T16:04:49","modified_gmt":"2022-07-29T16:04:49","slug":"dialogue-au-tchad-la-course-contre-la-montre-de-mahamat-idriss-deby-itno","status":"publish","type":"post","link":"https:\/\/www.africa-press.net\/tchad\/dossiers\/dialogue-au-tchad-la-course-contre-la-montre-de-mahamat-idriss-deby-itno","title":{"rendered":"Dialogue au Tchad : la course contre la montre de Mahamat Idriss D\u00e9by Itno"},"content":{"rendered":"<p><span style=\"color: #ff6600\"><strong>Africa-Press &#8211; Tchad. <\/strong><\/span>Pr\u00e9sent au sommet de la Communaut\u00e9 \u00e9conomique des \u00c9tats d\u2019Afrique centrale (CEEAC), \u00e0 Kinshasa, le 25 juillet puis, le lendemain, en visite au Congo-Brazzaville pour y rencontrer Denis Sassou Nguesso, Mahamat Idriss D\u00e9by Itno s\u2019active pour rassurer ses interlocuteurs quant \u00e0 la bonne marche de la transition tchadienne, dont il est le pr\u00e9sident. Il a ainsi assur\u00e9 aux diff\u00e9rents chefs d\u2019\u00c9tat avec lesquels il s\u2019est entretenu que le dialogue national se tiendrait bien \u00e0 partir de la fin du mois d\u2019ao\u00fbt \u00e0 N\u2019Djamena.<\/p>\n<p><b>Les \u00e9missaires de Doha sous pression<\/b><br \/>\nSelon nos sources, la date du 20 ao\u00fbt est d\u2019ailleurs toujours retenue pour l\u2019organisation d\u2019une c\u00e9r\u00e9monie d\u2019ouverture officielle de ces concertations nationales. Mahamat Idriss D\u00e9by Itno a donc mis la pression sur ses \u00e9missaires au pr\u00e9-dialogue de Doha, le ministre des Affaires \u00e9trang\u00e8res Mahamat Zene Ch\u00e9rif et le patron de l\u2019Agence nationale de s\u00e9curit\u00e9 Ahmed Kogri, afin qu\u2019ils obtiennent des groupes politico-militaires pr\u00e9sents au Qatar la signature d\u2019un accord avec le gouvernement.<\/p>\n<p>Un document a \u00e9t\u00e9 transmis aux rebelles, par l\u2019interm\u00e9diaire du m\u00e9diateur qatari, et une grande majorit\u00e9 de ceux-ci auraient accept\u00e9 de le parapher, dont Timan Erdimi, le neveu de l\u2019ancien pr\u00e9sident Idriss D\u00e9by Itno. En revanche, les repr\u00e9sentants du Front pour l\u2019alternance et la concorde au Tchad (FACT) refusent toujours de valider l\u2019accord, exigeant au pr\u00e9alable la lib\u00e9ration de tous leurs combattants emprisonn\u00e9s au Tchad.<\/p>\n<p>Abdelkerim Idriss D\u00e9by en retrait<br \/>\nToujours selon nos sources, Mahamat Idriss D\u00e9by Itno a l\u2019ambition d\u2019obtenir d\u00e8s la semaine du 1er ao\u00fbt la signature d\u2019un accord de paix par le maximum de groupes possible, quitte \u00e0 se passer du FACT, qu\u2019il tente de marginaliser. Les signataires seraient ensuite autoris\u00e9s \u00e0 rentrer au Tchad afin de participer, aux c\u00f4t\u00e9s de la soci\u00e9t\u00e9 civile et de l\u2019opposition politique classique, \u00e0 l\u2019ouverture du dialogue national le 20 ao\u00fbt, soit moins de trois semaines plus tard.<\/p>\n<p>Sous la pression de partenaires internationaux sourcilleux au sujet du respect de l\u2019esprit et du calendrier de la transition, le chef de l\u2019\u00c9tat tchadien a \u00e9galement proc\u00e9d\u00e9 \u00e0 un changement de taille au sein de son cabinet. Alert\u00e9 de la mauvaise image que pouvait engendrer le fait d\u2019avoir nomm\u00e9 en avril dernier son fr\u00e8re, Abdelkerim Idriss D\u00e9by, au poste de directeur de cabinet, il l\u2019a remplac\u00e9 le 9 juillet par l\u2019ancien ministre Mahamat Hamid Koua.<\/p>\n<p>Cet \u00e9conomiste de formation est un cadre bien connu de l\u2019\u00c9tat tchadien et a occup\u00e9 les portefeuilles du P\u00e9trole, de l\u2019\u00c9nergie, du Commerce, de l\u2019Industrie ou encore des Infrastructures. Abdelkerim Idriss D\u00e9by, qui s\u2019est d\u00e9j\u00e0 occup\u00e9 du secteur des investissements \u00e9trangers sous son p\u00e8re Idriss D\u00e9by Itno, a quant \u00e0 lui \u00e9t\u00e9 nomm\u00e9 pr\u00e9sident du Conseil d\u2019administration de l\u2019Agence nationale des investissements et des exportations.<\/p>\n<p><strong>Pour plus d&rsquo;informations et d&rsquo;analyses sur la <a href=\"https:\/\/www.africa-press.net\/tchad\">Tchad<\/a>, suivez <a href=\"https:\/\/www.africa-press.net\/\">Africa-Press<\/a><\/strong><\/p>\n","protected":false},"excerpt":{"rendered":"<p>Africa-Press &#8211; Tchad. Pr\u00e9sent au sommet de la Communaut\u00e9 \u00e9conomique des \u00c9tats d\u2019Afrique centrale (CEEAC), \u00e0 Kinshasa, le 25 juillet puis, le lendemain, en visite au Congo-Brazzaville pour y rencontrer Denis Sassou Nguesso, Mahamat Idriss D\u00e9by Itno s\u2019active pour rassurer ses interlocuteurs quant \u00e0 la bonne marche de la transition tchadienne, dont il est le [&hellip;]<\/p>\n","protected":false},"author":82,"featured_media":29734,"comment_status":"open","ping_status":"closed","sticky":false,"template":"","format":"standard","meta":{"footnotes":""},"categories":[7,11,20,10],"tags":[37,292,29],"class_list":["post-29735","post","type-post","status-publish","format-standard","has-post-thumbnail","hentry","category-dossiers","category-homepage-french","category-top-nouvelles","category-toutes-les-actualites","tag-africa-press","tag-africa-press-tchad","tag-tchad"],"yoast_head":"<!-- This site is optimized with the Yoast SEO Premium plugin v26.1 (Yoast SEO v27.0) - https:\/\/yoast.com\/product\/yoast-seo-premium-wordpress\/ -->\n<title>Dialogue au Tchad : la course contre la montre de Mahamat Idriss D\u00e9by Itno - tchad<\/title>\n<meta name=\"description\" content=\"Pr\u00e9sent au sommet de la Communaut\u00e9 \u00e9conomique des \u00c9tats d\u2019Afrique centrale (CEEAC), \u00e0 Kinshasa, le 25 juillet puis, le l ...\" \/>\n<meta name=\"robots\" content=\"index, follow, max-snippet:-1, max-image-preview:large, max-video-preview:-1\" \/>\n<link rel=\"canonical\" href=\"https:\/\/www.africa-press.net\/tchad\/dossiers\/dialogue-au-tchad-la-course-contre-la-montre-de-mahamat-idriss-deby-itno\" \/>\n<meta property=\"og:locale\" content=\"fr_FR\" \/>\n<meta property=\"og:type\" content=\"article\" \/>\n<meta property=\"og:title\" content=\"Dialogue au Tchad : la course contre la montre de Mahamat Idriss D\u00e9by Itno\" \/>\n<meta property=\"og:description\" content=\"Pr\u00e9sent au sommet de la Communaut\u00e9 \u00e9conomique des \u00c9tats d\u2019Afrique centrale (CEEAC), \u00e0 Kinshasa, le 25 juillet puis, le l ...\" \/>\n<meta property=\"og:url\" content=\"https:\/\/www.africa-press.net\/tchad\/dossiers\/dialogue-au-tchad-la-course-contre-la-montre-de-mahamat-idriss-deby-itno\" \/>\n<meta property=\"og:site_name\" content=\"tchad\" \/>\n<meta property=\"article:published_time\" content=\"2022-07-29T15:46:15+00:00\" \/>\n<meta property=\"article:modified_time\" content=\"2022-07-29T16:04:49+00:00\" \/>\n<meta property=\"og:image\" content=\"https:\/\/static.africa-press.net\/tchad\/sites\/41\/2022\/07\/postQueueImg_1-62e404d947f1e.jpg\" \/>\n\t<meta property=\"og:image:width\" content=\"1256\" \/>\n\t<meta property=\"og:image:height\" content=\"628\" \/>\n\t<meta property=\"og:image:type\" content=\"image\/jpeg\" \/>\n<meta name=\"author\" content=\"cfeditorfr\" \/>\n<meta name=\"twitter:card\" content=\"summary_large_image\" \/>\n<meta name=\"twitter:label1\" content=\"\u00c9crit par\" \/>\n\t<meta name=\"twitter:data1\" content=\"cfeditorfr\" \/>\n\t<meta name=\"twitter:label2\" content=\"Dur\u00e9e de lecture estim\u00e9e\" \/>\n\t<meta name=\"twitter:data2\" content=\"3 minutes\" \/>\n<script type=\"application\/ld+json\" class=\"yoast-schema-graph\">{\"@context\":\"https:\/\/schema.org\",\"@graph\":[{\"@type\":\"Article\",\"@id\":\"https:\/\/www.africa-press.net\/tchad\/dossiers\/dialogue-au-tchad-la-course-contre-la-montre-de-mahamat-idriss-deby-itno#article\",\"isPartOf\":{\"@id\":\"https:\/\/www.africa-press.net\/tchad\/dossiers\/dialogue-au-tchad-la-course-contre-la-montre-de-mahamat-idriss-deby-itno\"},\"author\":{\"name\":\"cfeditorfr\",\"@id\":\"https:\/\/www.africa-press.net\/tchad\/#\/schema\/person\/2b1cf3cd81a31e3cd26889ca66d677f1\"},\"headline\":\"Dialogue au Tchad : la course contre la montre de Mahamat Idriss D\u00e9by Itno\",\"datePublished\":\"2022-07-29T15:46:15+00:00\",\"dateModified\":\"2022-07-29T16:04:49+00:00\",\"mainEntityOfPage\":{\"@id\":\"https:\/\/www.africa-press.net\/tchad\/dossiers\/dialogue-au-tchad-la-course-contre-la-montre-de-mahamat-idriss-deby-itno\"},\"wordCount\":538,\"commentCount\":0,\"image\":{\"@id\":\"https:\/\/www.africa-press.net\/tchad\/dossiers\/dialogue-au-tchad-la-course-contre-la-montre-de-mahamat-idriss-deby-itno#primaryimage\"},\"thumbnailUrl\":\"https:\/\/static.africa-press.net\/tchad\/sites\/41\/2022\/07\/postQueueImg_1-62e404d947f1e.jpg\",\"keywords\":[\"Africa Press\",\"Africa Press-Tchad\",\"Tchad\"],\"articleSection\":[\"Dossiers\",\"homepage-french\",\"Top Nouvelles\",\"Toutes les actualit\u00e9s\"],\"inLanguage\":\"fr-FR\",\"potentialAction\":[{\"@type\":\"CommentAction\",\"name\":\"Comment\",\"target\":[\"https:\/\/www.africa-press.net\/tchad\/dossiers\/dialogue-au-tchad-la-course-contre-la-montre-de-mahamat-idriss-deby-itno#respond\"]}]},{\"@type\":\"WebPage\",\"@id\":\"https:\/\/www.africa-press.net\/tchad\/dossiers\/dialogue-au-tchad-la-course-contre-la-montre-de-mahamat-idriss-deby-itno\",\"url\":\"https:\/\/www.africa-press.net\/tchad\/dossiers\/dialogue-au-tchad-la-course-contre-la-montre-de-mahamat-idriss-deby-itno\",\"name\":\"Dialogue au Tchad : la course contre la montre de Mahamat Idriss D\u00e9by Itno - tchad\",\"isPartOf\":{\"@id\":\"https:\/\/www.africa-press.net\/tchad\/#website\"},\"primaryImageOfPage\":{\"@id\":\"https:\/\/www.africa-press.net\/tchad\/dossiers\/dialogue-au-tchad-la-course-contre-la-montre-de-mahamat-idriss-deby-itno#primaryimage\"},\"image\":{\"@id\":\"https:\/\/www.africa-press.net\/tchad\/dossiers\/dialogue-au-tchad-la-course-contre-la-montre-de-mahamat-idriss-deby-itno#primaryimage\"},\"thumbnailUrl\":\"https:\/\/static.africa-press.net\/tchad\/sites\/41\/2022\/07\/postQueueImg_1-62e404d947f1e.jpg\",\"datePublished\":\"2022-07-29T15:46:15+00:00\",\"dateModified\":\"2022-07-29T16:04:49+00:00\",\"author\":{\"@id\":\"https:\/\/www.africa-press.net\/tchad\/#\/schema\/person\/2b1cf3cd81a31e3cd26889ca66d677f1\"},\"description\":\"Pr\u00e9sent au sommet de la Communaut\u00e9 \u00e9conomique des \u00c9tats d\u2019Afrique centrale (CEEAC), \u00e0 Kinshasa, le 25 juillet puis, le l ...\",\"breadcrumb\":{\"@id\":\"https:\/\/www.africa-press.net\/tchad\/dossiers\/dialogue-au-tchad-la-course-contre-la-montre-de-mahamat-idriss-deby-itno#breadcrumb\"},\"inLanguage\":\"fr-FR\",\"potentialAction\":[{\"@type\":\"ReadAction\",\"target\":[\"https:\/\/www.africa-press.net\/tchad\/dossiers\/dialogue-au-tchad-la-course-contre-la-montre-de-mahamat-idriss-deby-itno\"]}]},{\"@type\":\"ImageObject\",\"inLanguage\":\"fr-FR\",\"@id\":\"https:\/\/www.africa-press.net\/tchad\/dossiers\/dialogue-au-tchad-la-course-contre-la-montre-de-mahamat-idriss-deby-itno#primaryimage\",\"url\":\"https:\/\/static.africa-press.net\/tchad\/sites\/41\/2022\/07\/postQueueImg_1-62e404d947f1e.jpg\",\"contentUrl\":\"https:\/\/static.africa-press.net\/tchad\/sites\/41\/2022\/07\/postQueueImg_1-62e404d947f1e.jpg\",\"width\":1256,\"height\":628,\"caption\":\"Dialogue au Tchad : la course contre la montre de Mahamat Idriss D\u00e9by Itno\"},{\"@type\":\"BreadcrumbList\",\"@id\":\"https:\/\/www.africa-press.net\/tchad\/dossiers\/dialogue-au-tchad-la-course-contre-la-montre-de-mahamat-idriss-deby-itno#breadcrumb\",\"itemListElement\":[{\"@type\":\"ListItem\",\"position\":1,\"name\":\"Accueil\",\"item\":\"https:\/\/www.africa-press.net\/tchad\/\"},{\"@type\":\"ListItem\",\"position\":2,\"name\":\"Dialogue au Tchad : la course contre la montre de Mahamat Idriss D\u00e9by Itno\"}]},{\"@type\":\"WebSite\",\"@id\":\"https:\/\/www.africa-press.net\/tchad\/#website\",\"url\":\"https:\/\/www.africa-press.net\/tchad\/\",\"name\":\"tchad\",\"description\":\"Just another Africa News Agency Sites site\",\"potentialAction\":[{\"@type\":\"SearchAction\",\"target\":{\"@type\":\"EntryPoint\",\"urlTemplate\":\"https:\/\/www.africa-press.net\/tchad\/?s={search_term_string}\"},\"query-input\":{\"@type\":\"PropertyValueSpecification\",\"valueRequired\":true,\"valueName\":\"search_term_string\"}}],\"inLanguage\":\"fr-FR\"},{\"@type\":\"Person\",\"@id\":\"https:\/\/www.africa-press.net\/tchad\/#\/schema\/person\/2b1cf3cd81a31e3cd26889ca66d677f1\",\"name\":\"cfeditorfr\"}]}<\/script>\n<!-- \/ Yoast SEO Premium plugin. -->","yoast_head_json":{"title":"Dialogue au Tchad : la course contre la montre de Mahamat Idriss D\u00e9by Itno - tchad","description":"Pr\u00e9sent au sommet de la Communaut\u00e9 \u00e9conomique des \u00c9tats d\u2019Afrique centrale (CEEAC), \u00e0 Kinshasa, le 25 juillet puis, le l ...","robots":{"index":"index","follow":"follow","max-snippet":"max-snippet:-1","max-image-preview":"max-image-preview:large","max-video-preview":"max-video-preview:-1"},"canonical":"https:\/\/www.africa-press.net\/tchad\/dossiers\/dialogue-au-tchad-la-course-contre-la-montre-de-mahamat-idriss-deby-itno","og_locale":"fr_FR","og_type":"article","og_title":"Dialogue au Tchad : la course contre la montre de Mahamat Idriss D\u00e9by Itno","og_description":"Pr\u00e9sent au sommet de la Communaut\u00e9 \u00e9conomique des \u00c9tats d\u2019Afrique centrale (CEEAC), \u00e0 Kinshasa, le 25 juillet puis, le l ...","og_url":"https:\/\/www.africa-press.net\/tchad\/dossiers\/dialogue-au-tchad-la-course-contre-la-montre-de-mahamat-idriss-deby-itno","og_site_name":"tchad","article_published_time":"2022-07-29T15:46:15+00:00","article_modified_time":"2022-07-29T16:04:49+00:00","og_image":[{"width":1256,"height":628,"url":"https:\/\/static.africa-press.net\/tchad\/sites\/41\/2022\/07\/postQueueImg_1-62e404d947f1e.jpg","type":"image\/jpeg"}],"author":"cfeditorfr","twitter_card":"summary_large_image","twitter_misc":{"\u00c9crit par":"cfeditorfr","Dur\u00e9e de lecture estim\u00e9e":"3 minutes"},"schema":{"@context":"https:\/\/schema.org","@graph":[{"@type":"Article","@id":"https:\/\/www.africa-press.net\/tchad\/dossiers\/dialogue-au-tchad-la-course-contre-la-montre-de-mahamat-idriss-deby-itno#article","isPartOf":{"@id":"https:\/\/www.africa-press.net\/tchad\/dossiers\/dialogue-au-tchad-la-course-contre-la-montre-de-mahamat-idriss-deby-itno"},"author":{"name":"cfeditorfr","@id":"https:\/\/www.africa-press.net\/tchad\/#\/schema\/person\/2b1cf3cd81a31e3cd26889ca66d677f1"},"headline":"Dialogue au Tchad : la course contre la montre de Mahamat Idriss D\u00e9by Itno","datePublished":"2022-07-29T15:46:15+00:00","dateModified":"2022-07-29T16:04:49+00:00","mainEntityOfPage":{"@id":"https:\/\/www.africa-press.net\/tchad\/dossiers\/dialogue-au-tchad-la-course-contre-la-montre-de-mahamat-idriss-deby-itno"},"wordCount":538,"commentCount":0,"image":{"@id":"https:\/\/www.africa-press.net\/tchad\/dossiers\/dialogue-au-tchad-la-course-contre-la-montre-de-mahamat-idriss-deby-itno#primaryimage"},"thumbnailUrl":"https:\/\/static.africa-press.net\/tchad\/sites\/41\/2022\/07\/postQueueImg_1-62e404d947f1e.jpg","keywords":["Africa Press","Africa Press-Tchad","Tchad"],"articleSection":["Dossiers","homepage-french","Top Nouvelles","Toutes les actualit\u00e9s"],"inLanguage":"fr-FR","potentialAction":[{"@type":"CommentAction","name":"Comment","target":["https:\/\/www.africa-press.net\/tchad\/dossiers\/dialogue-au-tchad-la-course-contre-la-montre-de-mahamat-idriss-deby-itno#respond"]}]},{"@type":"WebPage","@id":"https:\/\/www.africa-press.net\/tchad\/dossiers\/dialogue-au-tchad-la-course-contre-la-montre-de-mahamat-idriss-deby-itno","url":"https:\/\/www.africa-press.net\/tchad\/dossiers\/dialogue-au-tchad-la-course-contre-la-montre-de-mahamat-idriss-deby-itno","name":"Dialogue au Tchad : la course contre la montre de Mahamat Idriss D\u00e9by Itno - tchad","isPartOf":{"@id":"https:\/\/www.africa-press.net\/tchad\/#website"},"primaryImageOfPage":{"@id":"https:\/\/www.africa-press.net\/tchad\/dossiers\/dialogue-au-tchad-la-course-contre-la-montre-de-mahamat-idriss-deby-itno#primaryimage"},"image":{"@id":"https:\/\/www.africa-press.net\/tchad\/dossiers\/dialogue-au-tchad-la-course-contre-la-montre-de-mahamat-idriss-deby-itno#primaryimage"},"thumbnailUrl":"https:\/\/static.africa-press.net\/tchad\/sites\/41\/2022\/07\/postQueueImg_1-62e404d947f1e.jpg","datePublished":"2022-07-29T15:46:15+00:00","dateModified":"2022-07-29T16:04:49+00:00","author":{"@id":"https:\/\/www.africa-press.net\/tchad\/#\/schema\/person\/2b1cf3cd81a31e3cd26889ca66d677f1"},"description":"Pr\u00e9sent au sommet de la Communaut\u00e9 \u00e9conomique des \u00c9tats d\u2019Afrique centrale (CEEAC), \u00e0 Kinshasa, le 25 juillet puis, le l ...","breadcrumb":{"@id":"https:\/\/www.africa-press.net\/tchad\/dossiers\/dialogue-au-tchad-la-course-contre-la-montre-de-mahamat-idriss-deby-itno#breadcrumb"},"inLanguage":"fr-FR","potentialAction":[{"@type":"ReadAction","target":["https:\/\/www.africa-press.net\/tchad\/dossiers\/dialogue-au-tchad-la-course-contre-la-montre-de-mahamat-idriss-deby-itno"]}]},{"@type":"ImageObject","inLanguage":"fr-FR","@id":"https:\/\/www.africa-press.net\/tchad\/dossiers\/dialogue-au-tchad-la-course-contre-la-montre-de-mahamat-idriss-deby-itno#primaryimage","url":"https:\/\/static.africa-press.net\/tchad\/sites\/41\/2022\/07\/postQueueImg_1-62e404d947f1e.jpg","contentUrl":"https:\/\/static.africa-press.net\/tchad\/sites\/41\/2022\/07\/postQueueImg_1-62e404d947f1e.jpg","width":1256,"height":628,"caption":"Dialogue au Tchad : la course contre la montre de Mahamat Idriss D\u00e9by Itno"},{"@type":"BreadcrumbList","@id":"https:\/\/www.africa-press.net\/tchad\/dossiers\/dialogue-au-tchad-la-course-contre-la-montre-de-mahamat-idriss-deby-itno#breadcrumb","itemListElement":[{"@type":"ListItem","position":1,"name":"Accueil","item":"https:\/\/www.africa-press.net\/tchad\/"},{"@type":"ListItem","position":2,"name":"Dialogue au Tchad : la course contre la montre de Mahamat Idriss D\u00e9by Itno"}]},{"@type":"WebSite","@id":"https:\/\/www.africa-press.net\/tchad\/#website","url":"https:\/\/www.africa-press.net\/tchad\/","name":"tchad","description":"Just another Africa News Agency Sites site","potentialAction":[{"@type":"SearchAction","target":{"@type":"EntryPoint","urlTemplate":"https:\/\/www.africa-press.net\/tchad\/?s={search_term_string}"},"query-input":{"@type":"PropertyValueSpecification","valueRequired":true,"valueName":"search_term_string"}}],"inLanguage":"fr-FR"},{"@type":"Person","@id":"https:\/\/www.africa-press.net\/tchad\/#\/schema\/person\/2b1cf3cd81a31e3cd26889ca66d677f1","name":"cfeditorfr"}]}},"_links":{"self":[{"href":"https:\/\/www.africa-press.net\/tchad\/wp-json\/wp\/v2\/posts\/29735","targetHints":{"allow":["GET"]}}],"collection":[{"href":"https:\/\/www.africa-press.net\/tchad\/wp-json\/wp\/v2\/posts"}],"about":[{"href":"https:\/\/www.africa-press.net\/tchad\/wp-json\/wp\/v2\/types\/post"}],"author":[{"embeddable":true,"href":"https:\/\/www.africa-press.net\/tchad\/wp-json\/wp\/v2\/users\/82"}],"replies":[{"embeddable":true,"href":"https:\/\/www.africa-press.net\/tchad\/wp-json\/wp\/v2\/comments?post=29735"}],"version-history":[{"count":0,"href":"https:\/\/www.africa-press.net\/tchad\/wp-json\/wp\/v2\/posts\/29735\/revisions"}],"wp:featuredmedia":[{"embeddable":true,"href":"https:\/\/www.africa-press.net\/tchad\/wp-json\/wp\/v2\/media\/29734"}],"wp:attachment":[{"href":"https:\/\/www.africa-press.net\/tchad\/wp-json\/wp\/v2\/media?parent=29735"}],"wp:term":[{"taxonomy":"category","embeddable":true,"href":"https:\/\/www.africa-press.net\/tchad\/wp-json\/wp\/v2\/categories?post=29735"},{"taxonomy":"post_tag","embeddable":true,"href":"https:\/\/www.africa-press.net\/tchad\/wp-json\/wp\/v2\/tags?post=29735"}],"curies":[{"name":"wp","href":"https:\/\/api.w.org\/{rel}","templated":true}]}}