{"id":29738,"date":"2022-07-29T15:55:54","date_gmt":"2022-07-29T15:55:54","guid":{"rendered":"https:\/\/www.africa-press.net\/tchad\/politique\/fermeture-de-lusine-de-production-de-la-farine-yes"},"modified":"2022-07-29T16:05:31","modified_gmt":"2022-07-29T16:05:31","slug":"fermeture-de-lusine-de-production-de-la-farine-yes","status":"publish","type":"post","link":"https:\/\/www.africa-press.net\/tchad\/economie\/fermeture-de-lusine-de-production-de-la-farine-yes","title":{"rendered":"fermeture de l\u2019usine de production de la farine Yes"},"content":{"rendered":"<p><span style=\"color: #ff6600\"><strong>Africa-Press &#8211; Tchad. <\/strong><\/span><b> Une d\u00e9cision du ministre du Commerce et de l\u2019Industrie, instruit la fermeture l\u2019usine de production de la farine Yes et interdit sa commercialisation.<\/b><\/p>\n<p>Le ministre du Commerce et de l\u2019Industrie, \u00e0 travers une note du 28 juillet 2022, demande au directeur de la soci\u00e9t\u00e9 CPL Transformation de mettre la cl\u00e9 sur le paillasson. Moussa Batraki interdit la commercialisation de la farine de ma\u00efs, issue de cette entreprise sur toute l\u2019\u00e9tendue du territoire national, en attendant les r\u00e9sultats de la contre-expertise diligent\u00e9e par les services comp\u00e9tents.<\/p>\n<p><b>Moussa Batraki<\/b><\/p>\n<p>Le ministre fait savoir que cette mesure fait suite \u00e0 une r\u00e9union qui a eu lieu le 27 juillet autour du premier ministre Pahimi Padack\u00e9 Albert relative \u00e0 la qualit\u00e9 de la farine de ma\u00efs produite par la soci\u00e9t\u00e9.<\/p>\n<p>La pol\u00e9mique sur le danger de la farine Yes alimente les d\u00e9bats sur la toile depuis quelques semaines. D\u2019apr\u00e8s le Centre de contr\u00f4le de qualit\u00e9 des denr\u00e9es alimentaires (CECOQDA), ce produit contient des substances canc\u00e9rig\u00e8nes. Ce qui expose les consommateurs \u00e0 un risque de maladie.<\/p>\n<p><strong>Pour plus d&rsquo;informations et d&rsquo;analyses sur la <a href=\"https:\/\/www.africa-press.net\/tchad\">Tchad<\/a>, suivez <a href=\"https:\/\/www.africa-press.net\/\">Africa-Press<\/a><\/strong><\/p>\n","protected":false},"excerpt":{"rendered":"<p>Africa-Press &#8211; Tchad. Une d\u00e9cision du ministre du Commerce et de l\u2019Industrie, instruit la fermeture l\u2019usine de production de la farine Yes et interdit sa commercialisation. Le ministre du Commerce et de l\u2019Industrie, \u00e0 travers une note du 28 juillet 2022, demande au directeur de la soci\u00e9t\u00e9 CPL Transformation de mettre la cl\u00e9 sur le [&hellip;]<\/p>\n","protected":false},"author":82,"featured_media":29737,"comment_status":"open","ping_status":"closed","sticky":false,"template":"","format":"standard","meta":{"footnotes":""},"categories":[3,11,10],"tags":[37,292,4002,29,4001],"class_list":["post-29738","post","type-post","status-publish","format-standard","has-post-thumbnail","hentry","category-economie","category-homepage-french","category-toutes-les-actualites","tag-africa-press","tag-africa-press-tchad","tag-farine-yes","tag-tchad","tag-usine-de-production"],"yoast_head":"<!-- This site is optimized with the Yoast SEO Premium plugin v26.1 (Yoast SEO v27.0) - https:\/\/yoast.com\/product\/yoast-seo-premium-wordpress\/ -->\n<title>fermeture de l\u2019usine de production de la farine Yes - tchad<\/title>\n<meta name=\"description\" content=\"Une d\u00e9cision du ministre du Commerce et de l\u2019Industrie, instruit la fermeture l\u2019usine de production de la farine Yes ...\" \/>\n<meta name=\"robots\" content=\"index, follow, max-snippet:-1, max-image-preview:large, max-video-preview:-1\" \/>\n<link rel=\"canonical\" href=\"https:\/\/www.africa-press.net\/tchad\/economie\/fermeture-de-lusine-de-production-de-la-farine-yes\" \/>\n<meta property=\"og:locale\" content=\"fr_FR\" \/>\n<meta property=\"og:type\" content=\"article\" \/>\n<meta property=\"og:title\" content=\"fermeture de l\u2019usine de production de la farine Yes\" \/>\n<meta property=\"og:description\" content=\"Une d\u00e9cision du ministre du Commerce et de l\u2019Industrie, instruit la fermeture l\u2019usine de production de la farine Yes ...\" \/>\n<meta property=\"og:url\" content=\"https:\/\/www.africa-press.net\/tchad\/economie\/fermeture-de-lusine-de-production-de-la-farine-yes\" \/>\n<meta property=\"og:site_name\" content=\"tchad\" \/>\n<meta property=\"article:published_time\" content=\"2022-07-29T15:55:54+00:00\" \/>\n<meta property=\"article:modified_time\" content=\"2022-07-29T16:05:31+00:00\" \/>\n<meta property=\"og:image\" content=\"https:\/\/static.africa-press.net\/tchad\/sites\/41\/2022\/07\/postQueueImg_2-62e4052837657.jpg\" \/>\n\t<meta property=\"og:image:width\" content=\"780\" \/>\n\t<meta property=\"og:image:height\" content=\"440\" \/>\n\t<meta property=\"og:image:type\" content=\"image\/jpeg\" \/>\n<meta name=\"author\" content=\"cfeditorfr\" \/>\n<meta name=\"twitter:card\" content=\"summary_large_image\" \/>\n<meta name=\"twitter:label1\" content=\"\u00c9crit par\" \/>\n\t<meta name=\"twitter:data1\" content=\"cfeditorfr\" \/>\n\t<meta name=\"twitter:label2\" content=\"Dur\u00e9e de lecture estim\u00e9e\" \/>\n\t<meta name=\"twitter:data2\" content=\"1 minute\" \/>\n<script type=\"application\/ld+json\" class=\"yoast-schema-graph\">{\"@context\":\"https:\/\/schema.org\",\"@graph\":[{\"@type\":\"Article\",\"@id\":\"https:\/\/www.africa-press.net\/tchad\/economie\/fermeture-de-lusine-de-production-de-la-farine-yes#article\",\"isPartOf\":{\"@id\":\"https:\/\/www.africa-press.net\/tchad\/economie\/fermeture-de-lusine-de-production-de-la-farine-yes\"},\"author\":{\"name\":\"cfeditorfr\",\"@id\":\"https:\/\/www.africa-press.net\/tchad\/#\/schema\/person\/2b1cf3cd81a31e3cd26889ca66d677f1\"},\"headline\":\"fermeture de l\u2019usine de production de la farine Yes\",\"datePublished\":\"2022-07-29T15:55:54+00:00\",\"dateModified\":\"2022-07-29T16:05:31+00:00\",\"mainEntityOfPage\":{\"@id\":\"https:\/\/www.africa-press.net\/tchad\/economie\/fermeture-de-lusine-de-production-de-la-farine-yes\"},\"wordCount\":210,\"commentCount\":0,\"image\":{\"@id\":\"https:\/\/www.africa-press.net\/tchad\/economie\/fermeture-de-lusine-de-production-de-la-farine-yes#primaryimage\"},\"thumbnailUrl\":\"https:\/\/static.africa-press.net\/tchad\/sites\/41\/2022\/07\/postQueueImg_2-62e4052837657.jpg\",\"keywords\":[\"Africa Press\",\"Africa Press-Tchad\",\"farine Yes\",\"Tchad\",\"usine de production\"],\"articleSection\":[\"\u00c9conomie\",\"homepage-french\",\"Toutes les actualit\u00e9s\"],\"inLanguage\":\"fr-FR\",\"potentialAction\":[{\"@type\":\"CommentAction\",\"name\":\"Comment\",\"target\":[\"https:\/\/www.africa-press.net\/tchad\/economie\/fermeture-de-lusine-de-production-de-la-farine-yes#respond\"]}]},{\"@type\":\"WebPage\",\"@id\":\"https:\/\/www.africa-press.net\/tchad\/economie\/fermeture-de-lusine-de-production-de-la-farine-yes\",\"url\":\"https:\/\/www.africa-press.net\/tchad\/economie\/fermeture-de-lusine-de-production-de-la-farine-yes\",\"name\":\"fermeture de l\u2019usine de production de la farine Yes - tchad\",\"isPartOf\":{\"@id\":\"https:\/\/www.africa-press.net\/tchad\/#website\"},\"primaryImageOfPage\":{\"@id\":\"https:\/\/www.africa-press.net\/tchad\/economie\/fermeture-de-lusine-de-production-de-la-farine-yes#primaryimage\"},\"image\":{\"@id\":\"https:\/\/www.africa-press.net\/tchad\/economie\/fermeture-de-lusine-de-production-de-la-farine-yes#primaryimage\"},\"thumbnailUrl\":\"https:\/\/static.africa-press.net\/tchad\/sites\/41\/2022\/07\/postQueueImg_2-62e4052837657.jpg\",\"datePublished\":\"2022-07-29T15:55:54+00:00\",\"dateModified\":\"2022-07-29T16:05:31+00:00\",\"author\":{\"@id\":\"https:\/\/www.africa-press.net\/tchad\/#\/schema\/person\/2b1cf3cd81a31e3cd26889ca66d677f1\"},\"description\":\"Une d\u00e9cision du ministre du Commerce et de l\u2019Industrie, instruit la fermeture l\u2019usine de production de la farine Yes ...\",\"breadcrumb\":{\"@id\":\"https:\/\/www.africa-press.net\/tchad\/economie\/fermeture-de-lusine-de-production-de-la-farine-yes#breadcrumb\"},\"inLanguage\":\"fr-FR\",\"potentialAction\":[{\"@type\":\"ReadAction\",\"target\":[\"https:\/\/www.africa-press.net\/tchad\/economie\/fermeture-de-lusine-de-production-de-la-farine-yes\"]}]},{\"@type\":\"ImageObject\",\"inLanguage\":\"fr-FR\",\"@id\":\"https:\/\/www.africa-press.net\/tchad\/economie\/fermeture-de-lusine-de-production-de-la-farine-yes#primaryimage\",\"url\":\"https:\/\/static.africa-press.net\/tchad\/sites\/41\/2022\/07\/postQueueImg_2-62e4052837657.jpg\",\"contentUrl\":\"https:\/\/static.africa-press.net\/tchad\/sites\/41\/2022\/07\/postQueueImg_2-62e4052837657.jpg\",\"width\":780,\"height\":440,\"caption\":\"fermeture de l\u2019usine de production de la farine Yes\"},{\"@type\":\"BreadcrumbList\",\"@id\":\"https:\/\/www.africa-press.net\/tchad\/economie\/fermeture-de-lusine-de-production-de-la-farine-yes#breadcrumb\",\"itemListElement\":[{\"@type\":\"ListItem\",\"position\":1,\"name\":\"Accueil\",\"item\":\"https:\/\/www.africa-press.net\/tchad\/\"},{\"@type\":\"ListItem\",\"position\":2,\"name\":\"fermeture de l\u2019usine de production de la farine Yes\"}]},{\"@type\":\"WebSite\",\"@id\":\"https:\/\/www.africa-press.net\/tchad\/#website\",\"url\":\"https:\/\/www.africa-press.net\/tchad\/\",\"name\":\"tchad\",\"description\":\"Just another Africa News Agency Sites site\",\"potentialAction\":[{\"@type\":\"SearchAction\",\"target\":{\"@type\":\"EntryPoint\",\"urlTemplate\":\"https:\/\/www.africa-press.net\/tchad\/?s={search_term_string}\"},\"query-input\":{\"@type\":\"PropertyValueSpecification\",\"valueRequired\":true,\"valueName\":\"search_term_string\"}}],\"inLanguage\":\"fr-FR\"},{\"@type\":\"Person\",\"@id\":\"https:\/\/www.africa-press.net\/tchad\/#\/schema\/person\/2b1cf3cd81a31e3cd26889ca66d677f1\",\"name\":\"cfeditorfr\"}]}<\/script>\n<!-- \/ Yoast SEO Premium plugin. -->","yoast_head_json":{"title":"fermeture de l\u2019usine de production de la farine Yes - tchad","description":"Une d\u00e9cision du ministre du Commerce et de l\u2019Industrie, instruit la fermeture l\u2019usine de production de la farine Yes ...","robots":{"index":"index","follow":"follow","max-snippet":"max-snippet:-1","max-image-preview":"max-image-preview:large","max-video-preview":"max-video-preview:-1"},"canonical":"https:\/\/www.africa-press.net\/tchad\/economie\/fermeture-de-lusine-de-production-de-la-farine-yes","og_locale":"fr_FR","og_type":"article","og_title":"fermeture de l\u2019usine de production de la farine Yes","og_description":"Une d\u00e9cision du ministre du Commerce et de l\u2019Industrie, instruit la fermeture l\u2019usine de production de la farine Yes ...","og_url":"https:\/\/www.africa-press.net\/tchad\/economie\/fermeture-de-lusine-de-production-de-la-farine-yes","og_site_name":"tchad","article_published_time":"2022-07-29T15:55:54+00:00","article_modified_time":"2022-07-29T16:05:31+00:00","og_image":[{"width":780,"height":440,"url":"https:\/\/static.africa-press.net\/tchad\/sites\/41\/2022\/07\/postQueueImg_2-62e4052837657.jpg","type":"image\/jpeg"}],"author":"cfeditorfr","twitter_card":"summary_large_image","twitter_misc":{"\u00c9crit par":"cfeditorfr","Dur\u00e9e de lecture estim\u00e9e":"1 minute"},"schema":{"@context":"https:\/\/schema.org","@graph":[{"@type":"Article","@id":"https:\/\/www.africa-press.net\/tchad\/economie\/fermeture-de-lusine-de-production-de-la-farine-yes#article","isPartOf":{"@id":"https:\/\/www.africa-press.net\/tchad\/economie\/fermeture-de-lusine-de-production-de-la-farine-yes"},"author":{"name":"cfeditorfr","@id":"https:\/\/www.africa-press.net\/tchad\/#\/schema\/person\/2b1cf3cd81a31e3cd26889ca66d677f1"},"headline":"fermeture de l\u2019usine de production de la farine Yes","datePublished":"2022-07-29T15:55:54+00:00","dateModified":"2022-07-29T16:05:31+00:00","mainEntityOfPage":{"@id":"https:\/\/www.africa-press.net\/tchad\/economie\/fermeture-de-lusine-de-production-de-la-farine-yes"},"wordCount":210,"commentCount":0,"image":{"@id":"https:\/\/www.africa-press.net\/tchad\/economie\/fermeture-de-lusine-de-production-de-la-farine-yes#primaryimage"},"thumbnailUrl":"https:\/\/static.africa-press.net\/tchad\/sites\/41\/2022\/07\/postQueueImg_2-62e4052837657.jpg","keywords":["Africa Press","Africa Press-Tchad","farine Yes","Tchad","usine de production"],"articleSection":["\u00c9conomie","homepage-french","Toutes les actualit\u00e9s"],"inLanguage":"fr-FR","potentialAction":[{"@type":"CommentAction","name":"Comment","target":["https:\/\/www.africa-press.net\/tchad\/economie\/fermeture-de-lusine-de-production-de-la-farine-yes#respond"]}]},{"@type":"WebPage","@id":"https:\/\/www.africa-press.net\/tchad\/economie\/fermeture-de-lusine-de-production-de-la-farine-yes","url":"https:\/\/www.africa-press.net\/tchad\/economie\/fermeture-de-lusine-de-production-de-la-farine-yes","name":"fermeture de l\u2019usine de production de la farine Yes - tchad","isPartOf":{"@id":"https:\/\/www.africa-press.net\/tchad\/#website"},"primaryImageOfPage":{"@id":"https:\/\/www.africa-press.net\/tchad\/economie\/fermeture-de-lusine-de-production-de-la-farine-yes#primaryimage"},"image":{"@id":"https:\/\/www.africa-press.net\/tchad\/economie\/fermeture-de-lusine-de-production-de-la-farine-yes#primaryimage"},"thumbnailUrl":"https:\/\/static.africa-press.net\/tchad\/sites\/41\/2022\/07\/postQueueImg_2-62e4052837657.jpg","datePublished":"2022-07-29T15:55:54+00:00","dateModified":"2022-07-29T16:05:31+00:00","author":{"@id":"https:\/\/www.africa-press.net\/tchad\/#\/schema\/person\/2b1cf3cd81a31e3cd26889ca66d677f1"},"description":"Une d\u00e9cision du ministre du Commerce et de l\u2019Industrie, instruit la fermeture l\u2019usine de production de la farine Yes ...","breadcrumb":{"@id":"https:\/\/www.africa-press.net\/tchad\/economie\/fermeture-de-lusine-de-production-de-la-farine-yes#breadcrumb"},"inLanguage":"fr-FR","potentialAction":[{"@type":"ReadAction","target":["https:\/\/www.africa-press.net\/tchad\/economie\/fermeture-de-lusine-de-production-de-la-farine-yes"]}]},{"@type":"ImageObject","inLanguage":"fr-FR","@id":"https:\/\/www.africa-press.net\/tchad\/economie\/fermeture-de-lusine-de-production-de-la-farine-yes#primaryimage","url":"https:\/\/static.africa-press.net\/tchad\/sites\/41\/2022\/07\/postQueueImg_2-62e4052837657.jpg","contentUrl":"https:\/\/static.africa-press.net\/tchad\/sites\/41\/2022\/07\/postQueueImg_2-62e4052837657.jpg","width":780,"height":440,"caption":"fermeture de l\u2019usine de production de la farine Yes"},{"@type":"BreadcrumbList","@id":"https:\/\/www.africa-press.net\/tchad\/economie\/fermeture-de-lusine-de-production-de-la-farine-yes#breadcrumb","itemListElement":[{"@type":"ListItem","position":1,"name":"Accueil","item":"https:\/\/www.africa-press.net\/tchad\/"},{"@type":"ListItem","position":2,"name":"fermeture de l\u2019usine de production de la farine Yes"}]},{"@type":"WebSite","@id":"https:\/\/www.africa-press.net\/tchad\/#website","url":"https:\/\/www.africa-press.net\/tchad\/","name":"tchad","description":"Just another Africa News Agency Sites site","potentialAction":[{"@type":"SearchAction","target":{"@type":"EntryPoint","urlTemplate":"https:\/\/www.africa-press.net\/tchad\/?s={search_term_string}"},"query-input":{"@type":"PropertyValueSpecification","valueRequired":true,"valueName":"search_term_string"}}],"inLanguage":"fr-FR"},{"@type":"Person","@id":"https:\/\/www.africa-press.net\/tchad\/#\/schema\/person\/2b1cf3cd81a31e3cd26889ca66d677f1","name":"cfeditorfr"}]}},"_links":{"self":[{"href":"https:\/\/www.africa-press.net\/tchad\/wp-json\/wp\/v2\/posts\/29738","targetHints":{"allow":["GET"]}}],"collection":[{"href":"https:\/\/www.africa-press.net\/tchad\/wp-json\/wp\/v2\/posts"}],"about":[{"href":"https:\/\/www.africa-press.net\/tchad\/wp-json\/wp\/v2\/types\/post"}],"author":[{"embeddable":true,"href":"https:\/\/www.africa-press.net\/tchad\/wp-json\/wp\/v2\/users\/82"}],"replies":[{"embeddable":true,"href":"https:\/\/www.africa-press.net\/tchad\/wp-json\/wp\/v2\/comments?post=29738"}],"version-history":[{"count":0,"href":"https:\/\/www.africa-press.net\/tchad\/wp-json\/wp\/v2\/posts\/29738\/revisions"}],"wp:featuredmedia":[{"embeddable":true,"href":"https:\/\/www.africa-press.net\/tchad\/wp-json\/wp\/v2\/media\/29737"}],"wp:attachment":[{"href":"https:\/\/www.africa-press.net\/tchad\/wp-json\/wp\/v2\/media?parent=29738"}],"wp:term":[{"taxonomy":"category","embeddable":true,"href":"https:\/\/www.africa-press.net\/tchad\/wp-json\/wp\/v2\/categories?post=29738"},{"taxonomy":"post_tag","embeddable":true,"href":"https:\/\/www.africa-press.net\/tchad\/wp-json\/wp\/v2\/tags?post=29738"}],"curies":[{"name":"wp","href":"https:\/\/api.w.org\/{rel}","templated":true}]}}