{"id":29750,"date":"2022-07-29T15:58:11","date_gmt":"2022-07-29T15:58:11","guid":{"rendered":"https:\/\/www.africa-press.net\/tchad\/politique\/sahel-et-lac-tchad-loci-veut-mobiliser-des-ressources-en-faveur-des-refugies-et-deplaces"},"modified":"2022-07-29T16:07:30","modified_gmt":"2022-07-29T16:07:30","slug":"sahel-et-lac-tchad-loci-veut-mobiliser-des-ressources-en-faveur-des-refugies-et-deplaces","status":"publish","type":"post","link":"https:\/\/www.africa-press.net\/tchad\/toutes-les-actualites\/sahel-et-lac-tchad-loci-veut-mobiliser-des-ressources-en-faveur-des-refugies-et-deplaces","title":{"rendered":"Sahel et Lac Tchad : l&rsquo;OCI veut mobiliser des ressources en faveur des r\u00e9fugi\u00e9s et d\u00e9plac\u00e9s"},"content":{"rendered":"<p><span style=\"color: #ff6600\"><strong>Africa-Press &#8211; Tchad. <\/strong><\/span>Dans son allocution prononc\u00e9e pour la circonstance, le Secr\u00e9taire g\u00e9n\u00e9ral de l&rsquo;OCI, M.<\/p>\n<p>Hissein Brahim Taha, a soulign\u00e9 que le mandat confi\u00e9 \u00e0 ce Comit\u00e9 sp\u00e9cial rev\u00eat une importance capitale compte tenu de l&rsquo;urgence de r\u00e9pondre aux besoins des victimes de la crise que connaissent plusieurs \u00c9tats membres de l&rsquo;OCI dans le Sahel et le Bassin du Lac Tchad, en particulier au Nigeria, au Tchad, au Niger et au Cameroun.<\/p>\n<p>Il a indiqu\u00e9 que le d\u00e9placement massif des populations dans ces pays, suite aux actions du groupe terroriste Boko Haram, a exacerb\u00e9 la crise alimentaire dans la r\u00e9gion et a r\u00e9duit l&rsquo;acc\u00e8s aux services de base tant pour les d\u00e9plac\u00e9s que pour les communaut\u00e9s d&rsquo;accueil, malgr\u00e9 les grands efforts d\u00e9ploy\u00e9s par les gouvernements concern\u00e9s.<\/p>\n<p>Le Secr\u00e9taire g\u00e9n\u00e9ral a soulign\u00e9 qu&rsquo;il s\u2019av\u00e8re n\u00e9cessaire de mobiliser davantage le soutien des partenaires internationaux, afin de fournir une meilleure assistance humanitaire aux millions de personnes touch\u00e9es.<\/p>\n<p>Il a pr\u00e9cis\u00e9 que le Secr\u00e9tariat g\u00e9n\u00e9ral de l&rsquo;OCI est d\u00e9termin\u00e9 \u00e0 travailler avec ses \u00c9tats membres donateurs, ses institutions financi\u00e8res et sa mission r\u00e9gionale au Niger, ainsi qu&rsquo;avec ses partenaires ext\u00e9rieurs, pour initier des mesures concr\u00e8tes visant \u00e0 att\u00e9nuer les souffrances des r\u00e9fugi\u00e9s et des personnes d\u00e9plac\u00e9es dans le Sahel et Bassin du lac Tchad, conform\u00e9ment aux r\u00e9solutions connexes.<\/p>\n<p>Il est \u00e0 noter que la r\u00e9union tenue par le D\u00e9partement des affaires humanitaires de l&rsquo;Organisation a vu la participation des membres du Comit\u00e9 des Etats de la r\u00e9gion du Sahel et du Bassin du Lac Tchad, de la Banque islamique de d\u00e9veloppement et du Fonds de solidarit\u00e9 islamique.<\/p>\n<p><strong>Pour plus d&rsquo;informations et d&rsquo;analyses sur la <a href=\"https:\/\/www.africa-press.net\/tchad\">Tchad<\/a>, suivez <a href=\"https:\/\/www.africa-press.net\/\">Africa-Press<\/a><\/strong><\/p>\n","protected":false},"excerpt":{"rendered":"<p>Africa-Press &#8211; Tchad. Dans son allocution prononc\u00e9e pour la circonstance, le Secr\u00e9taire g\u00e9n\u00e9ral de l&rsquo;OCI, M. Hissein Brahim Taha, a soulign\u00e9 que le mandat confi\u00e9 \u00e0 ce Comit\u00e9 sp\u00e9cial rev\u00eat une importance capitale compte tenu de l&rsquo;urgence de r\u00e9pondre aux besoins des victimes de la crise que connaissent plusieurs \u00c9tats membres de l&rsquo;OCI dans le [&hellip;]<\/p>\n","protected":false},"author":82,"featured_media":29749,"comment_status":"open","ping_status":"closed","sticky":false,"template":"","format":"standard","meta":{"footnotes":""},"categories":[21,11,10],"tags":[37,292,29],"class_list":["post-29750","post","type-post","status-publish","format-standard","has-post-thumbnail","hentry","category-communaute","category-homepage-french","category-toutes-les-actualites","tag-africa-press","tag-africa-press-tchad","tag-tchad"],"yoast_head":"<!-- This site is optimized with the Yoast SEO Premium plugin v26.1 (Yoast SEO v27.0) - https:\/\/yoast.com\/product\/yoast-seo-premium-wordpress\/ -->\n<title>Sahel et Lac Tchad : l&#039;OCI veut mobiliser des ressources en faveur des r\u00e9fugi\u00e9s et d\u00e9plac\u00e9s - tchad<\/title>\n<meta name=\"description\" content=\"Dans son allocution prononc\u00e9e pour la circonstance, le Secr\u00e9taire g\u00e9n\u00e9ral de l&#039;OCI, M. Hissein Brahim Taha, a soulign\u00e9 ...\" \/>\n<meta name=\"robots\" content=\"index, follow, max-snippet:-1, max-image-preview:large, max-video-preview:-1\" \/>\n<link rel=\"canonical\" href=\"https:\/\/www.africa-press.net\/tchad\/toutes-les-actualites\/sahel-et-lac-tchad-loci-veut-mobiliser-des-ressources-en-faveur-des-refugies-et-deplaces\" \/>\n<meta property=\"og:locale\" content=\"fr_FR\" \/>\n<meta property=\"og:type\" content=\"article\" \/>\n<meta property=\"og:title\" content=\"Sahel et Lac Tchad : l&#039;OCI veut mobiliser des ressources en faveur des r\u00e9fugi\u00e9s et d\u00e9plac\u00e9s\" \/>\n<meta property=\"og:description\" content=\"Dans son allocution prononc\u00e9e pour la circonstance, le Secr\u00e9taire g\u00e9n\u00e9ral de l&#039;OCI, M. Hissein Brahim Taha, a soulign\u00e9 ...\" \/>\n<meta property=\"og:url\" content=\"https:\/\/www.africa-press.net\/tchad\/toutes-les-actualites\/sahel-et-lac-tchad-loci-veut-mobiliser-des-ressources-en-faveur-des-refugies-et-deplaces\" \/>\n<meta property=\"og:site_name\" content=\"tchad\" \/>\n<meta property=\"article:published_time\" content=\"2022-07-29T15:58:11+00:00\" \/>\n<meta property=\"article:modified_time\" content=\"2022-07-29T16:07:30+00:00\" \/>\n<meta property=\"og:image\" content=\"https:\/\/static.africa-press.net\/tchad\/sites\/41\/2022\/07\/postQueueImg_6-62e405af0cb85.jpg\" \/>\n\t<meta property=\"og:image:width\" content=\"870\" \/>\n\t<meta property=\"og:image:height\" content=\"582\" \/>\n\t<meta property=\"og:image:type\" content=\"image\/jpeg\" \/>\n<meta name=\"author\" content=\"cfeditorfr\" \/>\n<meta name=\"twitter:card\" content=\"summary_large_image\" \/>\n<meta name=\"twitter:label1\" content=\"\u00c9crit par\" \/>\n\t<meta name=\"twitter:data1\" content=\"cfeditorfr\" \/>\n\t<meta name=\"twitter:label2\" content=\"Dur\u00e9e de lecture estim\u00e9e\" \/>\n\t<meta name=\"twitter:data2\" content=\"2 minutes\" \/>\n<script type=\"application\/ld+json\" class=\"yoast-schema-graph\">{\"@context\":\"https:\/\/schema.org\",\"@graph\":[{\"@type\":\"Article\",\"@id\":\"https:\/\/www.africa-press.net\/tchad\/toutes-les-actualites\/sahel-et-lac-tchad-loci-veut-mobiliser-des-ressources-en-faveur-des-refugies-et-deplaces#article\",\"isPartOf\":{\"@id\":\"https:\/\/www.africa-press.net\/tchad\/toutes-les-actualites\/sahel-et-lac-tchad-loci-veut-mobiliser-des-ressources-en-faveur-des-refugies-et-deplaces\"},\"author\":{\"name\":\"cfeditorfr\",\"@id\":\"https:\/\/www.africa-press.net\/tchad\/#\/schema\/person\/2b1cf3cd81a31e3cd26889ca66d677f1\"},\"headline\":\"Sahel et Lac Tchad : l&rsquo;OCI veut mobiliser des ressources en faveur des r\u00e9fugi\u00e9s et d\u00e9plac\u00e9s\",\"datePublished\":\"2022-07-29T15:58:11+00:00\",\"dateModified\":\"2022-07-29T16:07:30+00:00\",\"mainEntityOfPage\":{\"@id\":\"https:\/\/www.africa-press.net\/tchad\/toutes-les-actualites\/sahel-et-lac-tchad-loci-veut-mobiliser-des-ressources-en-faveur-des-refugies-et-deplaces\"},\"wordCount\":345,\"commentCount\":0,\"image\":{\"@id\":\"https:\/\/www.africa-press.net\/tchad\/toutes-les-actualites\/sahel-et-lac-tchad-loci-veut-mobiliser-des-ressources-en-faveur-des-refugies-et-deplaces#primaryimage\"},\"thumbnailUrl\":\"https:\/\/static.africa-press.net\/tchad\/sites\/41\/2022\/07\/postQueueImg_6-62e405af0cb85.jpg\",\"keywords\":[\"Africa Press\",\"Africa Press-Tchad\",\"Tchad\"],\"articleSection\":[\"Communaut\u00e9\",\"homepage-french\",\"Toutes les actualit\u00e9s\"],\"inLanguage\":\"fr-FR\",\"potentialAction\":[{\"@type\":\"CommentAction\",\"name\":\"Comment\",\"target\":[\"https:\/\/www.africa-press.net\/tchad\/toutes-les-actualites\/sahel-et-lac-tchad-loci-veut-mobiliser-des-ressources-en-faveur-des-refugies-et-deplaces#respond\"]}]},{\"@type\":\"WebPage\",\"@id\":\"https:\/\/www.africa-press.net\/tchad\/toutes-les-actualites\/sahel-et-lac-tchad-loci-veut-mobiliser-des-ressources-en-faveur-des-refugies-et-deplaces\",\"url\":\"https:\/\/www.africa-press.net\/tchad\/toutes-les-actualites\/sahel-et-lac-tchad-loci-veut-mobiliser-des-ressources-en-faveur-des-refugies-et-deplaces\",\"name\":\"Sahel et Lac Tchad : l'OCI veut mobiliser des ressources en faveur des r\u00e9fugi\u00e9s et d\u00e9plac\u00e9s - tchad\",\"isPartOf\":{\"@id\":\"https:\/\/www.africa-press.net\/tchad\/#website\"},\"primaryImageOfPage\":{\"@id\":\"https:\/\/www.africa-press.net\/tchad\/toutes-les-actualites\/sahel-et-lac-tchad-loci-veut-mobiliser-des-ressources-en-faveur-des-refugies-et-deplaces#primaryimage\"},\"image\":{\"@id\":\"https:\/\/www.africa-press.net\/tchad\/toutes-les-actualites\/sahel-et-lac-tchad-loci-veut-mobiliser-des-ressources-en-faveur-des-refugies-et-deplaces#primaryimage\"},\"thumbnailUrl\":\"https:\/\/static.africa-press.net\/tchad\/sites\/41\/2022\/07\/postQueueImg_6-62e405af0cb85.jpg\",\"datePublished\":\"2022-07-29T15:58:11+00:00\",\"dateModified\":\"2022-07-29T16:07:30+00:00\",\"author\":{\"@id\":\"https:\/\/www.africa-press.net\/tchad\/#\/schema\/person\/2b1cf3cd81a31e3cd26889ca66d677f1\"},\"description\":\"Dans son allocution prononc\u00e9e pour la circonstance, le Secr\u00e9taire g\u00e9n\u00e9ral de l'OCI, M. Hissein Brahim Taha, a soulign\u00e9 ...\",\"breadcrumb\":{\"@id\":\"https:\/\/www.africa-press.net\/tchad\/toutes-les-actualites\/sahel-et-lac-tchad-loci-veut-mobiliser-des-ressources-en-faveur-des-refugies-et-deplaces#breadcrumb\"},\"inLanguage\":\"fr-FR\",\"potentialAction\":[{\"@type\":\"ReadAction\",\"target\":[\"https:\/\/www.africa-press.net\/tchad\/toutes-les-actualites\/sahel-et-lac-tchad-loci-veut-mobiliser-des-ressources-en-faveur-des-refugies-et-deplaces\"]}]},{\"@type\":\"ImageObject\",\"inLanguage\":\"fr-FR\",\"@id\":\"https:\/\/www.africa-press.net\/tchad\/toutes-les-actualites\/sahel-et-lac-tchad-loci-veut-mobiliser-des-ressources-en-faveur-des-refugies-et-deplaces#primaryimage\",\"url\":\"https:\/\/static.africa-press.net\/tchad\/sites\/41\/2022\/07\/postQueueImg_6-62e405af0cb85.jpg\",\"contentUrl\":\"https:\/\/static.africa-press.net\/tchad\/sites\/41\/2022\/07\/postQueueImg_6-62e405af0cb85.jpg\",\"width\":870,\"height\":582,\"caption\":\"Sahel et Lac Tchad : l'OCI veut mobiliser des ressources en faveur des r\u00e9fugi\u00e9s et d\u00e9plac\u00e9s\"},{\"@type\":\"BreadcrumbList\",\"@id\":\"https:\/\/www.africa-press.net\/tchad\/toutes-les-actualites\/sahel-et-lac-tchad-loci-veut-mobiliser-des-ressources-en-faveur-des-refugies-et-deplaces#breadcrumb\",\"itemListElement\":[{\"@type\":\"ListItem\",\"position\":1,\"name\":\"Accueil\",\"item\":\"https:\/\/www.africa-press.net\/tchad\/\"},{\"@type\":\"ListItem\",\"position\":2,\"name\":\"Sahel et Lac Tchad : l&#8217;OCI veut mobiliser des ressources en faveur des r\u00e9fugi\u00e9s et d\u00e9plac\u00e9s\"}]},{\"@type\":\"WebSite\",\"@id\":\"https:\/\/www.africa-press.net\/tchad\/#website\",\"url\":\"https:\/\/www.africa-press.net\/tchad\/\",\"name\":\"tchad\",\"description\":\"Just another Africa News Agency Sites site\",\"potentialAction\":[{\"@type\":\"SearchAction\",\"target\":{\"@type\":\"EntryPoint\",\"urlTemplate\":\"https:\/\/www.africa-press.net\/tchad\/?s={search_term_string}\"},\"query-input\":{\"@type\":\"PropertyValueSpecification\",\"valueRequired\":true,\"valueName\":\"search_term_string\"}}],\"inLanguage\":\"fr-FR\"},{\"@type\":\"Person\",\"@id\":\"https:\/\/www.africa-press.net\/tchad\/#\/schema\/person\/2b1cf3cd81a31e3cd26889ca66d677f1\",\"name\":\"cfeditorfr\"}]}<\/script>\n<!-- \/ Yoast SEO Premium plugin. -->","yoast_head_json":{"title":"Sahel et Lac Tchad : l'OCI veut mobiliser des ressources en faveur des r\u00e9fugi\u00e9s et d\u00e9plac\u00e9s - tchad","description":"Dans son allocution prononc\u00e9e pour la circonstance, le Secr\u00e9taire g\u00e9n\u00e9ral de l'OCI, M. Hissein Brahim Taha, a soulign\u00e9 ...","robots":{"index":"index","follow":"follow","max-snippet":"max-snippet:-1","max-image-preview":"max-image-preview:large","max-video-preview":"max-video-preview:-1"},"canonical":"https:\/\/www.africa-press.net\/tchad\/toutes-les-actualites\/sahel-et-lac-tchad-loci-veut-mobiliser-des-ressources-en-faveur-des-refugies-et-deplaces","og_locale":"fr_FR","og_type":"article","og_title":"Sahel et Lac Tchad : l'OCI veut mobiliser des ressources en faveur des r\u00e9fugi\u00e9s et d\u00e9plac\u00e9s","og_description":"Dans son allocution prononc\u00e9e pour la circonstance, le Secr\u00e9taire g\u00e9n\u00e9ral de l'OCI, M. Hissein Brahim Taha, a soulign\u00e9 ...","og_url":"https:\/\/www.africa-press.net\/tchad\/toutes-les-actualites\/sahel-et-lac-tchad-loci-veut-mobiliser-des-ressources-en-faveur-des-refugies-et-deplaces","og_site_name":"tchad","article_published_time":"2022-07-29T15:58:11+00:00","article_modified_time":"2022-07-29T16:07:30+00:00","og_image":[{"width":870,"height":582,"url":"https:\/\/static.africa-press.net\/tchad\/sites\/41\/2022\/07\/postQueueImg_6-62e405af0cb85.jpg","type":"image\/jpeg"}],"author":"cfeditorfr","twitter_card":"summary_large_image","twitter_misc":{"\u00c9crit par":"cfeditorfr","Dur\u00e9e de lecture estim\u00e9e":"2 minutes"},"schema":{"@context":"https:\/\/schema.org","@graph":[{"@type":"Article","@id":"https:\/\/www.africa-press.net\/tchad\/toutes-les-actualites\/sahel-et-lac-tchad-loci-veut-mobiliser-des-ressources-en-faveur-des-refugies-et-deplaces#article","isPartOf":{"@id":"https:\/\/www.africa-press.net\/tchad\/toutes-les-actualites\/sahel-et-lac-tchad-loci-veut-mobiliser-des-ressources-en-faveur-des-refugies-et-deplaces"},"author":{"name":"cfeditorfr","@id":"https:\/\/www.africa-press.net\/tchad\/#\/schema\/person\/2b1cf3cd81a31e3cd26889ca66d677f1"},"headline":"Sahel et Lac Tchad : l&rsquo;OCI veut mobiliser des ressources en faveur des r\u00e9fugi\u00e9s et d\u00e9plac\u00e9s","datePublished":"2022-07-29T15:58:11+00:00","dateModified":"2022-07-29T16:07:30+00:00","mainEntityOfPage":{"@id":"https:\/\/www.africa-press.net\/tchad\/toutes-les-actualites\/sahel-et-lac-tchad-loci-veut-mobiliser-des-ressources-en-faveur-des-refugies-et-deplaces"},"wordCount":345,"commentCount":0,"image":{"@id":"https:\/\/www.africa-press.net\/tchad\/toutes-les-actualites\/sahel-et-lac-tchad-loci-veut-mobiliser-des-ressources-en-faveur-des-refugies-et-deplaces#primaryimage"},"thumbnailUrl":"https:\/\/static.africa-press.net\/tchad\/sites\/41\/2022\/07\/postQueueImg_6-62e405af0cb85.jpg","keywords":["Africa Press","Africa Press-Tchad","Tchad"],"articleSection":["Communaut\u00e9","homepage-french","Toutes les actualit\u00e9s"],"inLanguage":"fr-FR","potentialAction":[{"@type":"CommentAction","name":"Comment","target":["https:\/\/www.africa-press.net\/tchad\/toutes-les-actualites\/sahel-et-lac-tchad-loci-veut-mobiliser-des-ressources-en-faveur-des-refugies-et-deplaces#respond"]}]},{"@type":"WebPage","@id":"https:\/\/www.africa-press.net\/tchad\/toutes-les-actualites\/sahel-et-lac-tchad-loci-veut-mobiliser-des-ressources-en-faveur-des-refugies-et-deplaces","url":"https:\/\/www.africa-press.net\/tchad\/toutes-les-actualites\/sahel-et-lac-tchad-loci-veut-mobiliser-des-ressources-en-faveur-des-refugies-et-deplaces","name":"Sahel et Lac Tchad : l'OCI veut mobiliser des ressources en faveur des r\u00e9fugi\u00e9s et d\u00e9plac\u00e9s - tchad","isPartOf":{"@id":"https:\/\/www.africa-press.net\/tchad\/#website"},"primaryImageOfPage":{"@id":"https:\/\/www.africa-press.net\/tchad\/toutes-les-actualites\/sahel-et-lac-tchad-loci-veut-mobiliser-des-ressources-en-faveur-des-refugies-et-deplaces#primaryimage"},"image":{"@id":"https:\/\/www.africa-press.net\/tchad\/toutes-les-actualites\/sahel-et-lac-tchad-loci-veut-mobiliser-des-ressources-en-faveur-des-refugies-et-deplaces#primaryimage"},"thumbnailUrl":"https:\/\/static.africa-press.net\/tchad\/sites\/41\/2022\/07\/postQueueImg_6-62e405af0cb85.jpg","datePublished":"2022-07-29T15:58:11+00:00","dateModified":"2022-07-29T16:07:30+00:00","author":{"@id":"https:\/\/www.africa-press.net\/tchad\/#\/schema\/person\/2b1cf3cd81a31e3cd26889ca66d677f1"},"description":"Dans son allocution prononc\u00e9e pour la circonstance, le Secr\u00e9taire g\u00e9n\u00e9ral de l'OCI, M. Hissein Brahim Taha, a soulign\u00e9 ...","breadcrumb":{"@id":"https:\/\/www.africa-press.net\/tchad\/toutes-les-actualites\/sahel-et-lac-tchad-loci-veut-mobiliser-des-ressources-en-faveur-des-refugies-et-deplaces#breadcrumb"},"inLanguage":"fr-FR","potentialAction":[{"@type":"ReadAction","target":["https:\/\/www.africa-press.net\/tchad\/toutes-les-actualites\/sahel-et-lac-tchad-loci-veut-mobiliser-des-ressources-en-faveur-des-refugies-et-deplaces"]}]},{"@type":"ImageObject","inLanguage":"fr-FR","@id":"https:\/\/www.africa-press.net\/tchad\/toutes-les-actualites\/sahel-et-lac-tchad-loci-veut-mobiliser-des-ressources-en-faveur-des-refugies-et-deplaces#primaryimage","url":"https:\/\/static.africa-press.net\/tchad\/sites\/41\/2022\/07\/postQueueImg_6-62e405af0cb85.jpg","contentUrl":"https:\/\/static.africa-press.net\/tchad\/sites\/41\/2022\/07\/postQueueImg_6-62e405af0cb85.jpg","width":870,"height":582,"caption":"Sahel et Lac Tchad : l'OCI veut mobiliser des ressources en faveur des r\u00e9fugi\u00e9s et d\u00e9plac\u00e9s"},{"@type":"BreadcrumbList","@id":"https:\/\/www.africa-press.net\/tchad\/toutes-les-actualites\/sahel-et-lac-tchad-loci-veut-mobiliser-des-ressources-en-faveur-des-refugies-et-deplaces#breadcrumb","itemListElement":[{"@type":"ListItem","position":1,"name":"Accueil","item":"https:\/\/www.africa-press.net\/tchad\/"},{"@type":"ListItem","position":2,"name":"Sahel et Lac Tchad : l&#8217;OCI veut mobiliser des ressources en faveur des r\u00e9fugi\u00e9s et d\u00e9plac\u00e9s"}]},{"@type":"WebSite","@id":"https:\/\/www.africa-press.net\/tchad\/#website","url":"https:\/\/www.africa-press.net\/tchad\/","name":"tchad","description":"Just another Africa News Agency Sites site","potentialAction":[{"@type":"SearchAction","target":{"@type":"EntryPoint","urlTemplate":"https:\/\/www.africa-press.net\/tchad\/?s={search_term_string}"},"query-input":{"@type":"PropertyValueSpecification","valueRequired":true,"valueName":"search_term_string"}}],"inLanguage":"fr-FR"},{"@type":"Person","@id":"https:\/\/www.africa-press.net\/tchad\/#\/schema\/person\/2b1cf3cd81a31e3cd26889ca66d677f1","name":"cfeditorfr"}]}},"_links":{"self":[{"href":"https:\/\/www.africa-press.net\/tchad\/wp-json\/wp\/v2\/posts\/29750","targetHints":{"allow":["GET"]}}],"collection":[{"href":"https:\/\/www.africa-press.net\/tchad\/wp-json\/wp\/v2\/posts"}],"about":[{"href":"https:\/\/www.africa-press.net\/tchad\/wp-json\/wp\/v2\/types\/post"}],"author":[{"embeddable":true,"href":"https:\/\/www.africa-press.net\/tchad\/wp-json\/wp\/v2\/users\/82"}],"replies":[{"embeddable":true,"href":"https:\/\/www.africa-press.net\/tchad\/wp-json\/wp\/v2\/comments?post=29750"}],"version-history":[{"count":0,"href":"https:\/\/www.africa-press.net\/tchad\/wp-json\/wp\/v2\/posts\/29750\/revisions"}],"wp:featuredmedia":[{"embeddable":true,"href":"https:\/\/www.africa-press.net\/tchad\/wp-json\/wp\/v2\/media\/29749"}],"wp:attachment":[{"href":"https:\/\/www.africa-press.net\/tchad\/wp-json\/wp\/v2\/media?parent=29750"}],"wp:term":[{"taxonomy":"category","embeddable":true,"href":"https:\/\/www.africa-press.net\/tchad\/wp-json\/wp\/v2\/categories?post=29750"},{"taxonomy":"post_tag","embeddable":true,"href":"https:\/\/www.africa-press.net\/tchad\/wp-json\/wp\/v2\/tags?post=29750"}],"curies":[{"name":"wp","href":"https:\/\/api.w.org\/{rel}","templated":true}]}}