{"id":29756,"date":"2022-07-29T16:00:20","date_gmt":"2022-07-29T16:00:20","guid":{"rendered":"https:\/\/www.africa-press.net\/tchad\/politique\/mot-du-pcmt-a-loccasion-de-la-rencontre-avec-les-partenaires-sociaux"},"modified":"2022-07-29T16:08:19","modified_gmt":"2022-07-29T16:08:19","slug":"mot-du-pcmt-a-loccasion-de-la-rencontre-avec-les-partenaires-sociaux","status":"publish","type":"post","link":"https:\/\/www.africa-press.net\/tchad\/politique\/mot-du-pcmt-a-loccasion-de-la-rencontre-avec-les-partenaires-sociaux","title":{"rendered":"Mot du PCMT \u00e0 l\u2019occasion de la rencontre avec les Partenaires Sociaux."},"content":{"rendered":"<p><span style=\"color: #ff6600\"><strong>Africa-Press &#8211; Tchad. <\/strong><\/span>Je voudrais tout d\u2019abord remercier sinc\u00e8rement chacun de vous pour avoir r\u00e9pondu promptement \u00e0 notre invitation. Cela t\u00e9moigne \u00e0 suffisance de l\u2019int\u00e9r\u00eat que chacun de vous accorde aux probl\u00e8mes cruciaux auxquels notre cher pays, le Tchad, est confront\u00e9 aux rangs desquels, la probl\u00e9matique de la paix sociale.<\/p>\n<p>En effet, comme vous le savez, un pays confront\u00e9 souvent aux remous sociaux est un pays qui va \u00e0 la d\u00e9rive voire au chaos.<\/p>\n<p>Fort heureusement, chez nous, dans un \u00e9lan d\u2019anticipation et surtout de patriotisme, le Gouvernement et les organisations syndicales ont su poser, \u00e0 travers le Protocole d\u2019accord sign\u00e9 le 09 Janvier 2020, les bases d\u2019un climat social serein, gage d\u2019un d\u00e9veloppement harmonieux et d\u2019une paix que l\u2019on souhaite durable.<\/p>\n<p>On note parmi les points importants de cet accord, la conclusion du pacte social triennal qui a \u00e9t\u00e9 effectivement sign\u00e9 le 04 Octobre 2021 \u00e0 la satisfaction g\u00e9n\u00e9rale. C\u2019est un acte hautement patriotique \u00e0 inscrire au cr\u00e9dit \u00e0 la fois du Gouvernement et des responsables des organisations syndicales que vous \u00eates.<\/p>\n<p>C\u2019est le lieu ici de saluer votre engagement d\u00e9sint\u00e9ress\u00e9 et votre sens de responsabilit\u00e9.<\/p>\n<p>L\u2019histoire retiendra que vous avez \u00e9t\u00e9 des artisans de la paix dans votre pays \u00e0 un moment o\u00f9 l\u2019on a le plus besoin. Vous avez su, ainsi, transcender toutes les consid\u00e9rations subjectives pour retenir uniquement l\u2019int\u00e9r\u00eat sup\u00e9rieur du pays.<\/p>\n<p>Le Gouvernement, sur nos instructions, a conc\u00e9d\u00e9 nombre d\u2019engagements dans le Pacte social bien plus que ce que vous avez initialement demand\u00e9.<\/p>\n<p>Le tout pour satisfaire les aspirations des travailleurs tchadiens, car nous mesurons \u00e0 leur juste valeur les efforts consentis par ceux-ci pour le bon fonctionnement de nos Institutions.<\/p>\n<p>S\u2019agissant de la mise en \u0153uvre du pacte, \u00e0 ce jour, nombre d\u2019engagements pris ont \u00e9t\u00e9 honor\u00e9s dont :<\/p>\n<p>Ainsi, gr\u00e2ce \u00e0 l\u2019application du Pacte social, nous ne connaissons plus ces gr\u00e8ves \u00e0 r\u00e9p\u00e9tition qui paralysaient les services de l\u2019Etat et retardaient du m\u00eame coup la marche du Tchad vers le d\u00e9veloppement. Le m\u00e9rite vous revient.<\/p>\n<p>Aujourd\u2019hui, il y a lieu de se f\u00e9liciter de cette maturit\u00e9 dont vous tous avez fait preuve, car l\u2019Administration tourne normalement, les \u00e9coles dispensent les cours et les h\u00f4pitaux accueillent les patients \u00e0 la grande satisfaction de nos concitoyens.<\/p>\n<p>J\u2019exhorte donc les uns et les autres \u00e0 p\u00e9renniser cette paix sociale que nous avons r\u00e9ussie \u00e0 asseoir ensemble. Car elle constitue le socle sur lequel sera b\u00e2ti le Tchad de demain que nous voulons prosp\u00e8re et paisible pour nos enfants et petits-enfants.<\/p>\n<p>Des structures ont \u00e9t\u00e9 mises en place pour le suivi et l\u2019\u00e9valuation du pacte social. Ces structures doivent pleinement jouer leur r\u00f4le pour que des correctifs soient apport\u00e9s aux \u00e9ventuels insuffisances ou manquements, car, on le sait, toute \u0153uvre humaine est perfectible.<\/p>\n<p>L\u2019avenir de notre pays d\u00e9pend de notre capacit\u00e9 commune de discernement comme vous venez de le d\u00e9montrer \u00e0 la face du monde. Toutes les contributions sont les bienvenues pour l\u2019\u00e9dification de la patrie. Plus que toute autre, votre contribution \u00e0 vous partenaires sociaux est primordiale car ce sont les organisations dont vous avez la charge, qui encadrent et orientent les forces vives du pays ; celles qui assurent par leur labeur l\u2019essor du pays.<\/p>\n<p>C\u2019est pourquoi, j\u2019en appelle une fois de plus \u00e0 votre sens aigu de responsabilit\u00e9 et votre degr\u00e9 \u00e9lev\u00e9 de patriotisme pour assurer \u00e0 notre pays une paix sociale durable.<\/p>\n<p>Pour conclure, je vous invite au respect du pacte qui vous lie au Gouvernement et par ailleurs, \u00e0 ne pas \u00eatre tent\u00e9s par des revendications inopportunes dans cette phase de dialogue. La s\u00e9r\u00e9nit\u00e9, la qui\u00e9tude et l\u2019harmonie sont des conditions pr\u00e9alables au succ\u00e8s du dialogue vers lequel nous allons.<\/p>\n<p>En choisissant d\u2019\u00eatre utiles pour le Tchad et en prenant fait et cause pour l\u2019int\u00e9r\u00eat sup\u00e9rieur de la nation que rev\u00eat la r\u00e9ussite ce rendez-vous d\u00e9terminant, vous pouvez donner une chance r\u00e9elle \u00e0 la r\u00e9ussite du Dialogue National Inclusif qui se tiendra dans les jours \u00e0 venir et auquel vous prendrez part activement.<\/p>\n<p><strong>Pour plus d&rsquo;informations et d&rsquo;analyses sur la <a href=\"https:\/\/www.africa-press.net\/tchad\">Tchad<\/a>, suivez <a href=\"https:\/\/www.africa-press.net\/\">Africa-Press<\/a><\/strong><\/p>\n","protected":false},"excerpt":{"rendered":"<p>Africa-Press &#8211; Tchad. Je voudrais tout d\u2019abord remercier sinc\u00e8rement chacun de vous pour avoir r\u00e9pondu promptement \u00e0 notre invitation. Cela t\u00e9moigne \u00e0 suffisance de l\u2019int\u00e9r\u00eat que chacun de vous accorde aux probl\u00e8mes cruciaux auxquels notre cher pays, le Tchad, est confront\u00e9 aux rangs desquels, la probl\u00e9matique de la paix sociale. En effet, comme vous le [&hellip;]<\/p>\n","protected":false},"author":82,"featured_media":29755,"comment_status":"open","ping_status":"closed","sticky":false,"template":"","format":"standard","meta":{"footnotes":""},"categories":[11,2,20,10],"tags":[37,292,29],"class_list":["post-29756","post","type-post","status-publish","format-standard","has-post-thumbnail","hentry","category-homepage-french","category-politique","category-top-nouvelles","category-toutes-les-actualites","tag-africa-press","tag-africa-press-tchad","tag-tchad"],"yoast_head":"<!-- This site is optimized with the Yoast SEO Premium plugin v26.1 (Yoast SEO v27.0) - https:\/\/yoast.com\/product\/yoast-seo-premium-wordpress\/ -->\n<title>Mot du PCMT \u00e0 l\u2019occasion de la rencontre avec les Partenaires Sociaux. - tchad<\/title>\n<meta name=\"description\" content=\"Je voudrais tout d\u2019abord remercier sinc\u00e8rement chacun de vous pour avoir r\u00e9pondu promptement \u00e0 notre invitation. Cela t\u00e9 ...\" \/>\n<meta name=\"robots\" content=\"index, follow, max-snippet:-1, max-image-preview:large, max-video-preview:-1\" \/>\n<link rel=\"canonical\" href=\"https:\/\/www.africa-press.net\/tchad\/politique\/mot-du-pcmt-a-loccasion-de-la-rencontre-avec-les-partenaires-sociaux\" \/>\n<meta property=\"og:locale\" content=\"fr_FR\" \/>\n<meta property=\"og:type\" content=\"article\" \/>\n<meta property=\"og:title\" content=\"Mot du PCMT \u00e0 l\u2019occasion de la rencontre avec les Partenaires Sociaux.\" \/>\n<meta property=\"og:description\" content=\"Je voudrais tout d\u2019abord remercier sinc\u00e8rement chacun de vous pour avoir r\u00e9pondu promptement \u00e0 notre invitation. Cela t\u00e9 ...\" \/>\n<meta property=\"og:url\" content=\"https:\/\/www.africa-press.net\/tchad\/politique\/mot-du-pcmt-a-loccasion-de-la-rencontre-avec-les-partenaires-sociaux\" \/>\n<meta property=\"og:site_name\" content=\"tchad\" \/>\n<meta property=\"article:published_time\" content=\"2022-07-29T16:00:20+00:00\" \/>\n<meta property=\"article:modified_time\" content=\"2022-07-29T16:08:19+00:00\" \/>\n<meta property=\"og:image\" content=\"https:\/\/static.africa-press.net\/tchad\/sites\/41\/2022\/07\/postQueueImg_8-62e405e1427d3.jpg\" \/>\n\t<meta property=\"og:image:width\" content=\"1024\" \/>\n\t<meta property=\"og:image:height\" content=\"627\" \/>\n\t<meta property=\"og:image:type\" content=\"image\/jpeg\" \/>\n<meta name=\"author\" content=\"cfeditorfr\" \/>\n<meta name=\"twitter:card\" content=\"summary_large_image\" \/>\n<meta name=\"twitter:label1\" content=\"\u00c9crit par\" \/>\n\t<meta name=\"twitter:data1\" content=\"cfeditorfr\" \/>\n\t<meta name=\"twitter:label2\" content=\"Dur\u00e9e de lecture estim\u00e9e\" \/>\n\t<meta name=\"twitter:data2\" content=\"4 minutes\" \/>\n<script type=\"application\/ld+json\" class=\"yoast-schema-graph\">{\"@context\":\"https:\/\/schema.org\",\"@graph\":[{\"@type\":\"Article\",\"@id\":\"https:\/\/www.africa-press.net\/tchad\/politique\/mot-du-pcmt-a-loccasion-de-la-rencontre-avec-les-partenaires-sociaux#article\",\"isPartOf\":{\"@id\":\"https:\/\/www.africa-press.net\/tchad\/politique\/mot-du-pcmt-a-loccasion-de-la-rencontre-avec-les-partenaires-sociaux\"},\"author\":{\"name\":\"cfeditorfr\",\"@id\":\"https:\/\/www.africa-press.net\/tchad\/#\/schema\/person\/2b1cf3cd81a31e3cd26889ca66d677f1\"},\"headline\":\"Mot du PCMT \u00e0 l\u2019occasion de la rencontre avec les Partenaires Sociaux.\",\"datePublished\":\"2022-07-29T16:00:20+00:00\",\"dateModified\":\"2022-07-29T16:08:19+00:00\",\"mainEntityOfPage\":{\"@id\":\"https:\/\/www.africa-press.net\/tchad\/politique\/mot-du-pcmt-a-loccasion-de-la-rencontre-avec-les-partenaires-sociaux\"},\"wordCount\":738,\"commentCount\":0,\"image\":{\"@id\":\"https:\/\/www.africa-press.net\/tchad\/politique\/mot-du-pcmt-a-loccasion-de-la-rencontre-avec-les-partenaires-sociaux#primaryimage\"},\"thumbnailUrl\":\"https:\/\/static.africa-press.net\/tchad\/sites\/41\/2022\/07\/postQueueImg_8-62e405e1427d3.jpg\",\"keywords\":[\"Africa Press\",\"Africa Press-Tchad\",\"Tchad\"],\"articleSection\":[\"homepage-french\",\"Politique\",\"Top Nouvelles\",\"Toutes les actualit\u00e9s\"],\"inLanguage\":\"fr-FR\",\"potentialAction\":[{\"@type\":\"CommentAction\",\"name\":\"Comment\",\"target\":[\"https:\/\/www.africa-press.net\/tchad\/politique\/mot-du-pcmt-a-loccasion-de-la-rencontre-avec-les-partenaires-sociaux#respond\"]}]},{\"@type\":\"WebPage\",\"@id\":\"https:\/\/www.africa-press.net\/tchad\/politique\/mot-du-pcmt-a-loccasion-de-la-rencontre-avec-les-partenaires-sociaux\",\"url\":\"https:\/\/www.africa-press.net\/tchad\/politique\/mot-du-pcmt-a-loccasion-de-la-rencontre-avec-les-partenaires-sociaux\",\"name\":\"Mot du PCMT \u00e0 l\u2019occasion de la rencontre avec les Partenaires Sociaux. - tchad\",\"isPartOf\":{\"@id\":\"https:\/\/www.africa-press.net\/tchad\/#website\"},\"primaryImageOfPage\":{\"@id\":\"https:\/\/www.africa-press.net\/tchad\/politique\/mot-du-pcmt-a-loccasion-de-la-rencontre-avec-les-partenaires-sociaux#primaryimage\"},\"image\":{\"@id\":\"https:\/\/www.africa-press.net\/tchad\/politique\/mot-du-pcmt-a-loccasion-de-la-rencontre-avec-les-partenaires-sociaux#primaryimage\"},\"thumbnailUrl\":\"https:\/\/static.africa-press.net\/tchad\/sites\/41\/2022\/07\/postQueueImg_8-62e405e1427d3.jpg\",\"datePublished\":\"2022-07-29T16:00:20+00:00\",\"dateModified\":\"2022-07-29T16:08:19+00:00\",\"author\":{\"@id\":\"https:\/\/www.africa-press.net\/tchad\/#\/schema\/person\/2b1cf3cd81a31e3cd26889ca66d677f1\"},\"description\":\"Je voudrais tout d\u2019abord remercier sinc\u00e8rement chacun de vous pour avoir r\u00e9pondu promptement \u00e0 notre invitation. Cela t\u00e9 ...\",\"breadcrumb\":{\"@id\":\"https:\/\/www.africa-press.net\/tchad\/politique\/mot-du-pcmt-a-loccasion-de-la-rencontre-avec-les-partenaires-sociaux#breadcrumb\"},\"inLanguage\":\"fr-FR\",\"potentialAction\":[{\"@type\":\"ReadAction\",\"target\":[\"https:\/\/www.africa-press.net\/tchad\/politique\/mot-du-pcmt-a-loccasion-de-la-rencontre-avec-les-partenaires-sociaux\"]}]},{\"@type\":\"ImageObject\",\"inLanguage\":\"fr-FR\",\"@id\":\"https:\/\/www.africa-press.net\/tchad\/politique\/mot-du-pcmt-a-loccasion-de-la-rencontre-avec-les-partenaires-sociaux#primaryimage\",\"url\":\"https:\/\/static.africa-press.net\/tchad\/sites\/41\/2022\/07\/postQueueImg_8-62e405e1427d3.jpg\",\"contentUrl\":\"https:\/\/static.africa-press.net\/tchad\/sites\/41\/2022\/07\/postQueueImg_8-62e405e1427d3.jpg\",\"width\":1024,\"height\":627,\"caption\":\"Mot du PCMT \u00e0 l\u2019occasion de la rencontre avec les Partenaires Sociaux.\"},{\"@type\":\"BreadcrumbList\",\"@id\":\"https:\/\/www.africa-press.net\/tchad\/politique\/mot-du-pcmt-a-loccasion-de-la-rencontre-avec-les-partenaires-sociaux#breadcrumb\",\"itemListElement\":[{\"@type\":\"ListItem\",\"position\":1,\"name\":\"Accueil\",\"item\":\"https:\/\/www.africa-press.net\/tchad\/\"},{\"@type\":\"ListItem\",\"position\":2,\"name\":\"Mot du PCMT \u00e0 l\u2019occasion de la rencontre avec les Partenaires Sociaux.\"}]},{\"@type\":\"WebSite\",\"@id\":\"https:\/\/www.africa-press.net\/tchad\/#website\",\"url\":\"https:\/\/www.africa-press.net\/tchad\/\",\"name\":\"tchad\",\"description\":\"Just another Africa News Agency Sites site\",\"potentialAction\":[{\"@type\":\"SearchAction\",\"target\":{\"@type\":\"EntryPoint\",\"urlTemplate\":\"https:\/\/www.africa-press.net\/tchad\/?s={search_term_string}\"},\"query-input\":{\"@type\":\"PropertyValueSpecification\",\"valueRequired\":true,\"valueName\":\"search_term_string\"}}],\"inLanguage\":\"fr-FR\"},{\"@type\":\"Person\",\"@id\":\"https:\/\/www.africa-press.net\/tchad\/#\/schema\/person\/2b1cf3cd81a31e3cd26889ca66d677f1\",\"name\":\"cfeditorfr\"}]}<\/script>\n<!-- \/ Yoast SEO Premium plugin. -->","yoast_head_json":{"title":"Mot du PCMT \u00e0 l\u2019occasion de la rencontre avec les Partenaires Sociaux. - tchad","description":"Je voudrais tout d\u2019abord remercier sinc\u00e8rement chacun de vous pour avoir r\u00e9pondu promptement \u00e0 notre invitation. Cela t\u00e9 ...","robots":{"index":"index","follow":"follow","max-snippet":"max-snippet:-1","max-image-preview":"max-image-preview:large","max-video-preview":"max-video-preview:-1"},"canonical":"https:\/\/www.africa-press.net\/tchad\/politique\/mot-du-pcmt-a-loccasion-de-la-rencontre-avec-les-partenaires-sociaux","og_locale":"fr_FR","og_type":"article","og_title":"Mot du PCMT \u00e0 l\u2019occasion de la rencontre avec les Partenaires Sociaux.","og_description":"Je voudrais tout d\u2019abord remercier sinc\u00e8rement chacun de vous pour avoir r\u00e9pondu promptement \u00e0 notre invitation. Cela t\u00e9 ...","og_url":"https:\/\/www.africa-press.net\/tchad\/politique\/mot-du-pcmt-a-loccasion-de-la-rencontre-avec-les-partenaires-sociaux","og_site_name":"tchad","article_published_time":"2022-07-29T16:00:20+00:00","article_modified_time":"2022-07-29T16:08:19+00:00","og_image":[{"width":1024,"height":627,"url":"https:\/\/static.africa-press.net\/tchad\/sites\/41\/2022\/07\/postQueueImg_8-62e405e1427d3.jpg","type":"image\/jpeg"}],"author":"cfeditorfr","twitter_card":"summary_large_image","twitter_misc":{"\u00c9crit par":"cfeditorfr","Dur\u00e9e de lecture estim\u00e9e":"4 minutes"},"schema":{"@context":"https:\/\/schema.org","@graph":[{"@type":"Article","@id":"https:\/\/www.africa-press.net\/tchad\/politique\/mot-du-pcmt-a-loccasion-de-la-rencontre-avec-les-partenaires-sociaux#article","isPartOf":{"@id":"https:\/\/www.africa-press.net\/tchad\/politique\/mot-du-pcmt-a-loccasion-de-la-rencontre-avec-les-partenaires-sociaux"},"author":{"name":"cfeditorfr","@id":"https:\/\/www.africa-press.net\/tchad\/#\/schema\/person\/2b1cf3cd81a31e3cd26889ca66d677f1"},"headline":"Mot du PCMT \u00e0 l\u2019occasion de la rencontre avec les Partenaires Sociaux.","datePublished":"2022-07-29T16:00:20+00:00","dateModified":"2022-07-29T16:08:19+00:00","mainEntityOfPage":{"@id":"https:\/\/www.africa-press.net\/tchad\/politique\/mot-du-pcmt-a-loccasion-de-la-rencontre-avec-les-partenaires-sociaux"},"wordCount":738,"commentCount":0,"image":{"@id":"https:\/\/www.africa-press.net\/tchad\/politique\/mot-du-pcmt-a-loccasion-de-la-rencontre-avec-les-partenaires-sociaux#primaryimage"},"thumbnailUrl":"https:\/\/static.africa-press.net\/tchad\/sites\/41\/2022\/07\/postQueueImg_8-62e405e1427d3.jpg","keywords":["Africa Press","Africa Press-Tchad","Tchad"],"articleSection":["homepage-french","Politique","Top Nouvelles","Toutes les actualit\u00e9s"],"inLanguage":"fr-FR","potentialAction":[{"@type":"CommentAction","name":"Comment","target":["https:\/\/www.africa-press.net\/tchad\/politique\/mot-du-pcmt-a-loccasion-de-la-rencontre-avec-les-partenaires-sociaux#respond"]}]},{"@type":"WebPage","@id":"https:\/\/www.africa-press.net\/tchad\/politique\/mot-du-pcmt-a-loccasion-de-la-rencontre-avec-les-partenaires-sociaux","url":"https:\/\/www.africa-press.net\/tchad\/politique\/mot-du-pcmt-a-loccasion-de-la-rencontre-avec-les-partenaires-sociaux","name":"Mot du PCMT \u00e0 l\u2019occasion de la rencontre avec les Partenaires Sociaux. - tchad","isPartOf":{"@id":"https:\/\/www.africa-press.net\/tchad\/#website"},"primaryImageOfPage":{"@id":"https:\/\/www.africa-press.net\/tchad\/politique\/mot-du-pcmt-a-loccasion-de-la-rencontre-avec-les-partenaires-sociaux#primaryimage"},"image":{"@id":"https:\/\/www.africa-press.net\/tchad\/politique\/mot-du-pcmt-a-loccasion-de-la-rencontre-avec-les-partenaires-sociaux#primaryimage"},"thumbnailUrl":"https:\/\/static.africa-press.net\/tchad\/sites\/41\/2022\/07\/postQueueImg_8-62e405e1427d3.jpg","datePublished":"2022-07-29T16:00:20+00:00","dateModified":"2022-07-29T16:08:19+00:00","author":{"@id":"https:\/\/www.africa-press.net\/tchad\/#\/schema\/person\/2b1cf3cd81a31e3cd26889ca66d677f1"},"description":"Je voudrais tout d\u2019abord remercier sinc\u00e8rement chacun de vous pour avoir r\u00e9pondu promptement \u00e0 notre invitation. Cela t\u00e9 ...","breadcrumb":{"@id":"https:\/\/www.africa-press.net\/tchad\/politique\/mot-du-pcmt-a-loccasion-de-la-rencontre-avec-les-partenaires-sociaux#breadcrumb"},"inLanguage":"fr-FR","potentialAction":[{"@type":"ReadAction","target":["https:\/\/www.africa-press.net\/tchad\/politique\/mot-du-pcmt-a-loccasion-de-la-rencontre-avec-les-partenaires-sociaux"]}]},{"@type":"ImageObject","inLanguage":"fr-FR","@id":"https:\/\/www.africa-press.net\/tchad\/politique\/mot-du-pcmt-a-loccasion-de-la-rencontre-avec-les-partenaires-sociaux#primaryimage","url":"https:\/\/static.africa-press.net\/tchad\/sites\/41\/2022\/07\/postQueueImg_8-62e405e1427d3.jpg","contentUrl":"https:\/\/static.africa-press.net\/tchad\/sites\/41\/2022\/07\/postQueueImg_8-62e405e1427d3.jpg","width":1024,"height":627,"caption":"Mot du PCMT \u00e0 l\u2019occasion de la rencontre avec les Partenaires Sociaux."},{"@type":"BreadcrumbList","@id":"https:\/\/www.africa-press.net\/tchad\/politique\/mot-du-pcmt-a-loccasion-de-la-rencontre-avec-les-partenaires-sociaux#breadcrumb","itemListElement":[{"@type":"ListItem","position":1,"name":"Accueil","item":"https:\/\/www.africa-press.net\/tchad\/"},{"@type":"ListItem","position":2,"name":"Mot du PCMT \u00e0 l\u2019occasion de la rencontre avec les Partenaires Sociaux."}]},{"@type":"WebSite","@id":"https:\/\/www.africa-press.net\/tchad\/#website","url":"https:\/\/www.africa-press.net\/tchad\/","name":"tchad","description":"Just another Africa News Agency Sites site","potentialAction":[{"@type":"SearchAction","target":{"@type":"EntryPoint","urlTemplate":"https:\/\/www.africa-press.net\/tchad\/?s={search_term_string}"},"query-input":{"@type":"PropertyValueSpecification","valueRequired":true,"valueName":"search_term_string"}}],"inLanguage":"fr-FR"},{"@type":"Person","@id":"https:\/\/www.africa-press.net\/tchad\/#\/schema\/person\/2b1cf3cd81a31e3cd26889ca66d677f1","name":"cfeditorfr"}]}},"_links":{"self":[{"href":"https:\/\/www.africa-press.net\/tchad\/wp-json\/wp\/v2\/posts\/29756","targetHints":{"allow":["GET"]}}],"collection":[{"href":"https:\/\/www.africa-press.net\/tchad\/wp-json\/wp\/v2\/posts"}],"about":[{"href":"https:\/\/www.africa-press.net\/tchad\/wp-json\/wp\/v2\/types\/post"}],"author":[{"embeddable":true,"href":"https:\/\/www.africa-press.net\/tchad\/wp-json\/wp\/v2\/users\/82"}],"replies":[{"embeddable":true,"href":"https:\/\/www.africa-press.net\/tchad\/wp-json\/wp\/v2\/comments?post=29756"}],"version-history":[{"count":0,"href":"https:\/\/www.africa-press.net\/tchad\/wp-json\/wp\/v2\/posts\/29756\/revisions"}],"wp:featuredmedia":[{"embeddable":true,"href":"https:\/\/www.africa-press.net\/tchad\/wp-json\/wp\/v2\/media\/29755"}],"wp:attachment":[{"href":"https:\/\/www.africa-press.net\/tchad\/wp-json\/wp\/v2\/media?parent=29756"}],"wp:term":[{"taxonomy":"category","embeddable":true,"href":"https:\/\/www.africa-press.net\/tchad\/wp-json\/wp\/v2\/categories?post=29756"},{"taxonomy":"post_tag","embeddable":true,"href":"https:\/\/www.africa-press.net\/tchad\/wp-json\/wp\/v2\/tags?post=29756"}],"curies":[{"name":"wp","href":"https:\/\/api.w.org\/{rel}","templated":true}]}}