{"id":29759,"date":"2022-07-29T16:01:26","date_gmt":"2022-07-29T16:01:26","guid":{"rendered":"https:\/\/www.africa-press.net\/tchad\/politique\/dni-le-pcmt-a-lecoute-des-partis-politiques"},"modified":"2022-07-29T16:08:46","modified_gmt":"2022-07-29T16:08:46","slug":"dni-le-pcmt-a-lecoute-des-partis-politiques","status":"publish","type":"post","link":"https:\/\/www.africa-press.net\/tchad\/parties\/dni-le-pcmt-a-lecoute-des-partis-politiques","title":{"rendered":"DNI : le PCMT \u00e0 l\u2019\u00e9coute des Partis Politiques"},"content":{"rendered":"<p><span style=\"color: #ff6600\"><strong>Africa-Press &#8211; Tchad. <\/strong><\/span>Pr\u00e9lude au Dialogue National Inclusif dont le d\u00e9but des travaux est fix\u00e9 au 20 ao\u00fbt prochain, le Pr\u00e9sident du Conseil Militaire de Transition, G\u00e9n\u00e9ral MAHAMAT IDRISS DEBY ITNO, a rencontr\u00e9 ce matin les leaders des partis politiques pour une communication. Communication relative \u00e0 la tenue du Dialogue National Inclusif mais aussi un bilan de l\u2019exercice de la transition.<\/p>\n<p>Ce sont les leaders des partis politiques de toutes les ob\u00e9diences confondues qui ont \u00e9t\u00e9 convi\u00e9s \u00e0 cet exercice de consultation et d\u2019\u00e9valuation de parcours auquel le Chef de l\u2019Etat, G\u00e9n\u00e9ral MAHAMAT IDRISS DEBY ITNO s\u2019est accoutum\u00e9 depuis le d\u00e9but de la transition. Toutes les questions de port\u00e9e nationale et le processus de transition dont le Dialogue National Inclusif constitue l\u2019apog\u00e9e, ont \u00e9t\u00e9 diss\u00e9qu\u00e9s. La promotion de la r\u00e9conciliation nationale, les progr\u00e8s sociaux et les libert\u00e9s individuelles et collectives ont \u00e9t\u00e9 mis \u00e0 plat par le Pr\u00e9sident de la R\u00e9publique devant le parterre des chefs de partis politiques.<\/p>\n<p>Ce qui gage de la bonne foi du Conseil Militaire de Transition et du Gouvernement de transition dans la conduite des engagements pris devant Dieu et la Nation tchadienne.<\/p>\n<p>\u00ab Les partis politiques de par leur poids dans le landerneau politique doivent pers\u00e9v\u00e9rer dans leur \u00e9lan patriotique ayant conduit \u00e0 cette transition inclusive, consensuelle et apais\u00e9e avec les r\u00e9sultats dont tout le monde s\u2019en f\u00e9licite \u00bb, a exhort\u00e9 le Pr\u00e9sident du Conseil Militaire de Transition. Pour lui, la date du 20 ao\u00fbt est la date butoir pour la tenue du Dialogue National Inclusif. Aucun parti politique ne sera exclu de cette grand-messe nationale, a pr\u00e9cis\u00e9 le G\u00e9n\u00e9ral MAHAMAT IDRISS DEBY ITNO, garant du Dialogue National Inclusif.<\/p>\n<p>Toujours anim\u00e9 par le sens d\u2019\u00e9coute, le Pr\u00e9sident du Conseil Militaire de Transition, a donn\u00e9 la parole \u00e0 quelques participants souhaitant apporter des contributions ou suggestions sur certaines questions.<\/p>\n<p>Tous les intervenants sont unanimes. Le Conseil Militaire de Transition et son Pr\u00e9sident ont tenu toutes les promesses. Il ne reste que la tenue du Dialogue National Inclusif que Dr Baba Ahmat Baba de l\u2019UFPR qualifie de pr\u00e9cieux cadeau offert au peuple tchadien. Abderamane Djasnabaille de l\u2019ATD et Dr Haroun Kabadi du MPS s\u2019accordent \u00e0 parler d\u2019une Transition mod\u00e8le.<\/p>\n<p>Les partis politiques qui animent la vie politique du pays sont presque en hibernation \u00e0 cause du manque de moyens financiers. Aussi, ont-ils, dans leur ensemble plaid\u00e9 aupr\u00e8s du Chef de l\u2019Etat, en d\u00e9pit de la conjoncture \u00e9conomique pour les aider. Le caract\u00e8re inclusif du dialogue national \u00e0 fait fl\u00e9chir le c\u0153ur du Pr\u00e9sident de la R\u00e9publique qui a ordonn\u00e9 au tr\u00e9sor public de se faire violence pour permettre \u00e0 tous les partis politiques d\u2019avoir les moyens pour y participer.<\/p>\n<p><strong>Pour plus d&rsquo;informations et d&rsquo;analyses sur la <a href=\"https:\/\/www.africa-press.net\/tchad\">Tchad<\/a>, suivez <a href=\"https:\/\/www.africa-press.net\/\">Africa-Press<\/a><\/strong><\/p>\n","protected":false},"excerpt":{"rendered":"<p>Africa-Press &#8211; Tchad. Pr\u00e9lude au Dialogue National Inclusif dont le d\u00e9but des travaux est fix\u00e9 au 20 ao\u00fbt prochain, le Pr\u00e9sident du Conseil Militaire de Transition, G\u00e9n\u00e9ral MAHAMAT IDRISS DEBY ITNO, a rencontr\u00e9 ce matin les leaders des partis politiques pour une communication. Communication relative \u00e0 la tenue du Dialogue National Inclusif mais aussi un [&hellip;]<\/p>\n","protected":false},"author":82,"featured_media":29758,"comment_status":"open","ping_status":"closed","sticky":false,"template":"","format":"standard","meta":{"footnotes":""},"categories":[11,4,10],"tags":[37,292,29],"class_list":["post-29759","post","type-post","status-publish","format-standard","has-post-thumbnail","hentry","category-homepage-french","category-parties","category-toutes-les-actualites","tag-africa-press","tag-africa-press-tchad","tag-tchad"],"yoast_head":"<!-- This site is optimized with the Yoast SEO Premium plugin v26.1 (Yoast SEO v27.0) - https:\/\/yoast.com\/product\/yoast-seo-premium-wordpress\/ -->\n<title>DNI : le PCMT \u00e0 l\u2019\u00e9coute des Partis Politiques - tchad<\/title>\n<meta name=\"description\" content=\"Pr\u00e9lude au Dialogue National Inclusif dont le d\u00e9but des travaux est fix\u00e9 au 20 ao\u00fbt prochain, le Pr\u00e9sident du Conseil Mi ...\" \/>\n<meta name=\"robots\" content=\"index, follow, max-snippet:-1, max-image-preview:large, max-video-preview:-1\" \/>\n<link rel=\"canonical\" href=\"https:\/\/www.africa-press.net\/tchad\/parties\/dni-le-pcmt-a-lecoute-des-partis-politiques\" \/>\n<meta property=\"og:locale\" content=\"fr_FR\" \/>\n<meta property=\"og:type\" content=\"article\" \/>\n<meta property=\"og:title\" content=\"DNI : le PCMT \u00e0 l\u2019\u00e9coute des Partis Politiques\" \/>\n<meta property=\"og:description\" content=\"Pr\u00e9lude au Dialogue National Inclusif dont le d\u00e9but des travaux est fix\u00e9 au 20 ao\u00fbt prochain, le Pr\u00e9sident du Conseil Mi ...\" \/>\n<meta property=\"og:url\" content=\"https:\/\/www.africa-press.net\/tchad\/parties\/dni-le-pcmt-a-lecoute-des-partis-politiques\" \/>\n<meta property=\"og:site_name\" content=\"tchad\" \/>\n<meta property=\"article:published_time\" content=\"2022-07-29T16:01:26+00:00\" \/>\n<meta property=\"article:modified_time\" content=\"2022-07-29T16:08:46+00:00\" \/>\n<meta property=\"og:image\" content=\"https:\/\/static.africa-press.net\/tchad\/sites\/41\/2022\/07\/postQueueImg_9-62e405fa3f715.jpg\" \/>\n\t<meta property=\"og:image:width\" content=\"1079\" \/>\n\t<meta property=\"og:image:height\" content=\"661\" \/>\n\t<meta property=\"og:image:type\" content=\"image\/jpeg\" \/>\n<meta name=\"author\" content=\"cfeditorfr\" \/>\n<meta name=\"twitter:card\" content=\"summary_large_image\" \/>\n<meta name=\"twitter:label1\" content=\"\u00c9crit par\" \/>\n\t<meta name=\"twitter:data1\" content=\"cfeditorfr\" \/>\n\t<meta name=\"twitter:label2\" content=\"Dur\u00e9e de lecture estim\u00e9e\" \/>\n\t<meta name=\"twitter:data2\" content=\"3 minutes\" \/>\n<script type=\"application\/ld+json\" class=\"yoast-schema-graph\">{\"@context\":\"https:\/\/schema.org\",\"@graph\":[{\"@type\":\"Article\",\"@id\":\"https:\/\/www.africa-press.net\/tchad\/parties\/dni-le-pcmt-a-lecoute-des-partis-politiques#article\",\"isPartOf\":{\"@id\":\"https:\/\/www.africa-press.net\/tchad\/parties\/dni-le-pcmt-a-lecoute-des-partis-politiques\"},\"author\":{\"name\":\"cfeditorfr\",\"@id\":\"https:\/\/www.africa-press.net\/tchad\/#\/schema\/person\/2b1cf3cd81a31e3cd26889ca66d677f1\"},\"headline\":\"DNI : le PCMT \u00e0 l\u2019\u00e9coute des Partis Politiques\",\"datePublished\":\"2022-07-29T16:01:26+00:00\",\"dateModified\":\"2022-07-29T16:08:46+00:00\",\"mainEntityOfPage\":{\"@id\":\"https:\/\/www.africa-press.net\/tchad\/parties\/dni-le-pcmt-a-lecoute-des-partis-politiques\"},\"wordCount\":505,\"commentCount\":0,\"image\":{\"@id\":\"https:\/\/www.africa-press.net\/tchad\/parties\/dni-le-pcmt-a-lecoute-des-partis-politiques#primaryimage\"},\"thumbnailUrl\":\"https:\/\/static.africa-press.net\/tchad\/sites\/41\/2022\/07\/postQueueImg_9-62e405fa3f715.jpg\",\"keywords\":[\"Africa Press\",\"Africa Press-Tchad\",\"Tchad\"],\"articleSection\":[\"homepage-french\",\"Parties\",\"Toutes les actualit\u00e9s\"],\"inLanguage\":\"fr-FR\",\"potentialAction\":[{\"@type\":\"CommentAction\",\"name\":\"Comment\",\"target\":[\"https:\/\/www.africa-press.net\/tchad\/parties\/dni-le-pcmt-a-lecoute-des-partis-politiques#respond\"]}]},{\"@type\":\"WebPage\",\"@id\":\"https:\/\/www.africa-press.net\/tchad\/parties\/dni-le-pcmt-a-lecoute-des-partis-politiques\",\"url\":\"https:\/\/www.africa-press.net\/tchad\/parties\/dni-le-pcmt-a-lecoute-des-partis-politiques\",\"name\":\"DNI : le PCMT \u00e0 l\u2019\u00e9coute des Partis Politiques - tchad\",\"isPartOf\":{\"@id\":\"https:\/\/www.africa-press.net\/tchad\/#website\"},\"primaryImageOfPage\":{\"@id\":\"https:\/\/www.africa-press.net\/tchad\/parties\/dni-le-pcmt-a-lecoute-des-partis-politiques#primaryimage\"},\"image\":{\"@id\":\"https:\/\/www.africa-press.net\/tchad\/parties\/dni-le-pcmt-a-lecoute-des-partis-politiques#primaryimage\"},\"thumbnailUrl\":\"https:\/\/static.africa-press.net\/tchad\/sites\/41\/2022\/07\/postQueueImg_9-62e405fa3f715.jpg\",\"datePublished\":\"2022-07-29T16:01:26+00:00\",\"dateModified\":\"2022-07-29T16:08:46+00:00\",\"author\":{\"@id\":\"https:\/\/www.africa-press.net\/tchad\/#\/schema\/person\/2b1cf3cd81a31e3cd26889ca66d677f1\"},\"description\":\"Pr\u00e9lude au Dialogue National Inclusif dont le d\u00e9but des travaux est fix\u00e9 au 20 ao\u00fbt prochain, le Pr\u00e9sident du Conseil Mi ...\",\"breadcrumb\":{\"@id\":\"https:\/\/www.africa-press.net\/tchad\/parties\/dni-le-pcmt-a-lecoute-des-partis-politiques#breadcrumb\"},\"inLanguage\":\"fr-FR\",\"potentialAction\":[{\"@type\":\"ReadAction\",\"target\":[\"https:\/\/www.africa-press.net\/tchad\/parties\/dni-le-pcmt-a-lecoute-des-partis-politiques\"]}]},{\"@type\":\"ImageObject\",\"inLanguage\":\"fr-FR\",\"@id\":\"https:\/\/www.africa-press.net\/tchad\/parties\/dni-le-pcmt-a-lecoute-des-partis-politiques#primaryimage\",\"url\":\"https:\/\/static.africa-press.net\/tchad\/sites\/41\/2022\/07\/postQueueImg_9-62e405fa3f715.jpg\",\"contentUrl\":\"https:\/\/static.africa-press.net\/tchad\/sites\/41\/2022\/07\/postQueueImg_9-62e405fa3f715.jpg\",\"width\":1079,\"height\":661,\"caption\":\"DNI : le PCMT \u00e0 l\u2019\u00e9coute des Partis Politiques\"},{\"@type\":\"BreadcrumbList\",\"@id\":\"https:\/\/www.africa-press.net\/tchad\/parties\/dni-le-pcmt-a-lecoute-des-partis-politiques#breadcrumb\",\"itemListElement\":[{\"@type\":\"ListItem\",\"position\":1,\"name\":\"Accueil\",\"item\":\"https:\/\/www.africa-press.net\/tchad\/\"},{\"@type\":\"ListItem\",\"position\":2,\"name\":\"DNI : le PCMT \u00e0 l\u2019\u00e9coute des Partis Politiques\"}]},{\"@type\":\"WebSite\",\"@id\":\"https:\/\/www.africa-press.net\/tchad\/#website\",\"url\":\"https:\/\/www.africa-press.net\/tchad\/\",\"name\":\"tchad\",\"description\":\"Just another Africa News Agency Sites site\",\"potentialAction\":[{\"@type\":\"SearchAction\",\"target\":{\"@type\":\"EntryPoint\",\"urlTemplate\":\"https:\/\/www.africa-press.net\/tchad\/?s={search_term_string}\"},\"query-input\":{\"@type\":\"PropertyValueSpecification\",\"valueRequired\":true,\"valueName\":\"search_term_string\"}}],\"inLanguage\":\"fr-FR\"},{\"@type\":\"Person\",\"@id\":\"https:\/\/www.africa-press.net\/tchad\/#\/schema\/person\/2b1cf3cd81a31e3cd26889ca66d677f1\",\"name\":\"cfeditorfr\"}]}<\/script>\n<!-- \/ Yoast SEO Premium plugin. -->","yoast_head_json":{"title":"DNI : le PCMT \u00e0 l\u2019\u00e9coute des Partis Politiques - tchad","description":"Pr\u00e9lude au Dialogue National Inclusif dont le d\u00e9but des travaux est fix\u00e9 au 20 ao\u00fbt prochain, le Pr\u00e9sident du Conseil Mi ...","robots":{"index":"index","follow":"follow","max-snippet":"max-snippet:-1","max-image-preview":"max-image-preview:large","max-video-preview":"max-video-preview:-1"},"canonical":"https:\/\/www.africa-press.net\/tchad\/parties\/dni-le-pcmt-a-lecoute-des-partis-politiques","og_locale":"fr_FR","og_type":"article","og_title":"DNI : le PCMT \u00e0 l\u2019\u00e9coute des Partis Politiques","og_description":"Pr\u00e9lude au Dialogue National Inclusif dont le d\u00e9but des travaux est fix\u00e9 au 20 ao\u00fbt prochain, le Pr\u00e9sident du Conseil Mi ...","og_url":"https:\/\/www.africa-press.net\/tchad\/parties\/dni-le-pcmt-a-lecoute-des-partis-politiques","og_site_name":"tchad","article_published_time":"2022-07-29T16:01:26+00:00","article_modified_time":"2022-07-29T16:08:46+00:00","og_image":[{"width":1079,"height":661,"url":"https:\/\/static.africa-press.net\/tchad\/sites\/41\/2022\/07\/postQueueImg_9-62e405fa3f715.jpg","type":"image\/jpeg"}],"author":"cfeditorfr","twitter_card":"summary_large_image","twitter_misc":{"\u00c9crit par":"cfeditorfr","Dur\u00e9e de lecture estim\u00e9e":"3 minutes"},"schema":{"@context":"https:\/\/schema.org","@graph":[{"@type":"Article","@id":"https:\/\/www.africa-press.net\/tchad\/parties\/dni-le-pcmt-a-lecoute-des-partis-politiques#article","isPartOf":{"@id":"https:\/\/www.africa-press.net\/tchad\/parties\/dni-le-pcmt-a-lecoute-des-partis-politiques"},"author":{"name":"cfeditorfr","@id":"https:\/\/www.africa-press.net\/tchad\/#\/schema\/person\/2b1cf3cd81a31e3cd26889ca66d677f1"},"headline":"DNI : le PCMT \u00e0 l\u2019\u00e9coute des Partis Politiques","datePublished":"2022-07-29T16:01:26+00:00","dateModified":"2022-07-29T16:08:46+00:00","mainEntityOfPage":{"@id":"https:\/\/www.africa-press.net\/tchad\/parties\/dni-le-pcmt-a-lecoute-des-partis-politiques"},"wordCount":505,"commentCount":0,"image":{"@id":"https:\/\/www.africa-press.net\/tchad\/parties\/dni-le-pcmt-a-lecoute-des-partis-politiques#primaryimage"},"thumbnailUrl":"https:\/\/static.africa-press.net\/tchad\/sites\/41\/2022\/07\/postQueueImg_9-62e405fa3f715.jpg","keywords":["Africa Press","Africa Press-Tchad","Tchad"],"articleSection":["homepage-french","Parties","Toutes les actualit\u00e9s"],"inLanguage":"fr-FR","potentialAction":[{"@type":"CommentAction","name":"Comment","target":["https:\/\/www.africa-press.net\/tchad\/parties\/dni-le-pcmt-a-lecoute-des-partis-politiques#respond"]}]},{"@type":"WebPage","@id":"https:\/\/www.africa-press.net\/tchad\/parties\/dni-le-pcmt-a-lecoute-des-partis-politiques","url":"https:\/\/www.africa-press.net\/tchad\/parties\/dni-le-pcmt-a-lecoute-des-partis-politiques","name":"DNI : le PCMT \u00e0 l\u2019\u00e9coute des Partis Politiques - tchad","isPartOf":{"@id":"https:\/\/www.africa-press.net\/tchad\/#website"},"primaryImageOfPage":{"@id":"https:\/\/www.africa-press.net\/tchad\/parties\/dni-le-pcmt-a-lecoute-des-partis-politiques#primaryimage"},"image":{"@id":"https:\/\/www.africa-press.net\/tchad\/parties\/dni-le-pcmt-a-lecoute-des-partis-politiques#primaryimage"},"thumbnailUrl":"https:\/\/static.africa-press.net\/tchad\/sites\/41\/2022\/07\/postQueueImg_9-62e405fa3f715.jpg","datePublished":"2022-07-29T16:01:26+00:00","dateModified":"2022-07-29T16:08:46+00:00","author":{"@id":"https:\/\/www.africa-press.net\/tchad\/#\/schema\/person\/2b1cf3cd81a31e3cd26889ca66d677f1"},"description":"Pr\u00e9lude au Dialogue National Inclusif dont le d\u00e9but des travaux est fix\u00e9 au 20 ao\u00fbt prochain, le Pr\u00e9sident du Conseil Mi ...","breadcrumb":{"@id":"https:\/\/www.africa-press.net\/tchad\/parties\/dni-le-pcmt-a-lecoute-des-partis-politiques#breadcrumb"},"inLanguage":"fr-FR","potentialAction":[{"@type":"ReadAction","target":["https:\/\/www.africa-press.net\/tchad\/parties\/dni-le-pcmt-a-lecoute-des-partis-politiques"]}]},{"@type":"ImageObject","inLanguage":"fr-FR","@id":"https:\/\/www.africa-press.net\/tchad\/parties\/dni-le-pcmt-a-lecoute-des-partis-politiques#primaryimage","url":"https:\/\/static.africa-press.net\/tchad\/sites\/41\/2022\/07\/postQueueImg_9-62e405fa3f715.jpg","contentUrl":"https:\/\/static.africa-press.net\/tchad\/sites\/41\/2022\/07\/postQueueImg_9-62e405fa3f715.jpg","width":1079,"height":661,"caption":"DNI : le PCMT \u00e0 l\u2019\u00e9coute des Partis Politiques"},{"@type":"BreadcrumbList","@id":"https:\/\/www.africa-press.net\/tchad\/parties\/dni-le-pcmt-a-lecoute-des-partis-politiques#breadcrumb","itemListElement":[{"@type":"ListItem","position":1,"name":"Accueil","item":"https:\/\/www.africa-press.net\/tchad\/"},{"@type":"ListItem","position":2,"name":"DNI : le PCMT \u00e0 l\u2019\u00e9coute des Partis Politiques"}]},{"@type":"WebSite","@id":"https:\/\/www.africa-press.net\/tchad\/#website","url":"https:\/\/www.africa-press.net\/tchad\/","name":"tchad","description":"Just another Africa News Agency Sites site","potentialAction":[{"@type":"SearchAction","target":{"@type":"EntryPoint","urlTemplate":"https:\/\/www.africa-press.net\/tchad\/?s={search_term_string}"},"query-input":{"@type":"PropertyValueSpecification","valueRequired":true,"valueName":"search_term_string"}}],"inLanguage":"fr-FR"},{"@type":"Person","@id":"https:\/\/www.africa-press.net\/tchad\/#\/schema\/person\/2b1cf3cd81a31e3cd26889ca66d677f1","name":"cfeditorfr"}]}},"_links":{"self":[{"href":"https:\/\/www.africa-press.net\/tchad\/wp-json\/wp\/v2\/posts\/29759","targetHints":{"allow":["GET"]}}],"collection":[{"href":"https:\/\/www.africa-press.net\/tchad\/wp-json\/wp\/v2\/posts"}],"about":[{"href":"https:\/\/www.africa-press.net\/tchad\/wp-json\/wp\/v2\/types\/post"}],"author":[{"embeddable":true,"href":"https:\/\/www.africa-press.net\/tchad\/wp-json\/wp\/v2\/users\/82"}],"replies":[{"embeddable":true,"href":"https:\/\/www.africa-press.net\/tchad\/wp-json\/wp\/v2\/comments?post=29759"}],"version-history":[{"count":0,"href":"https:\/\/www.africa-press.net\/tchad\/wp-json\/wp\/v2\/posts\/29759\/revisions"}],"wp:featuredmedia":[{"embeddable":true,"href":"https:\/\/www.africa-press.net\/tchad\/wp-json\/wp\/v2\/media\/29758"}],"wp:attachment":[{"href":"https:\/\/www.africa-press.net\/tchad\/wp-json\/wp\/v2\/media?parent=29759"}],"wp:term":[{"taxonomy":"category","embeddable":true,"href":"https:\/\/www.africa-press.net\/tchad\/wp-json\/wp\/v2\/categories?post=29759"},{"taxonomy":"post_tag","embeddable":true,"href":"https:\/\/www.africa-press.net\/tchad\/wp-json\/wp\/v2\/tags?post=29759"}],"curies":[{"name":"wp","href":"https:\/\/api.w.org\/{rel}","templated":true}]}}