{"id":29786,"date":"2022-07-30T16:28:44","date_gmt":"2022-07-30T16:28:44","guid":{"rendered":"https:\/\/www.africa-press.net\/tchad\/politique\/au-ouaddai-le-rndt-le-reveil-mobilise-la-population-pour-le-dialogue-national"},"modified":"2022-07-30T16:50:17","modified_gmt":"2022-07-30T16:50:17","slug":"au-ouaddai-le-rndt-le-reveil-mobilise-la-population-pour-le-dialogue-national","status":"publish","type":"post","link":"https:\/\/www.africa-press.net\/tchad\/politique\/au-ouaddai-le-rndt-le-reveil-mobilise-la-population-pour-le-dialogue-national","title":{"rendered":"au Ouadda\u00ef, le RNDT Le R\u00e9veil mobilise la population pour le dialogue national"},"content":{"rendered":"<p><span style=\"color: #ff6600\"><strong>Africa-Press &#8211; Tchad. <\/strong><\/span>Mahamat Dahiy\u00e9 Mahamat a appel\u00e9 les tchadiens dans leur ensemble \u00e0 soutenir la tenue du dialogue national inclusif qui est un rendez-vous capital pour la nation tchadienne.<\/p>\n<p>Il a rappel\u00e9 le r\u00f4le important jou\u00e9 par le Conseil militaire de transition (CMT) dans le cadre du maintien de la paix et la stabilit\u00e9 du pays apr\u00e8s le d\u00e9c\u00e8s tragique du mar\u00e9chal du Tchad Idriss Deby Itno.<\/p>\n<p>Mahamat Dahiy\u00e9 Mahama a aussi signifi\u00e9 que la tenue du dialogue national inclusif permettra aux participants de poser des jalons afin de sceller l&rsquo;avenir du pays.<\/p>\n<p>Mahamat Dahiy\u00e9 Mahamat a enfin \u00e9mis le v\u0153u que le dialogue national inclusif soit un levier de d\u00e9veloppement pour le pays, mais aussi une occasion opportune pour la r\u00e9conciliation nationale de tous les fils et filles du Tchad.<\/p>\n<p><strong>Pour plus d&rsquo;informations et d&rsquo;analyses sur la <a href=\"https:\/\/www.africa-press.net\/tchad\">Tchad<\/a>, suivez <a href=\"https:\/\/www.africa-press.net\/\">Africa-Press<\/a><\/strong><\/p>\n","protected":false},"excerpt":{"rendered":"<p>Africa-Press &#8211; Tchad. Mahamat Dahiy\u00e9 Mahamat a appel\u00e9 les tchadiens dans leur ensemble \u00e0 soutenir la tenue du dialogue national inclusif qui est un rendez-vous capital pour la nation tchadienne. Il a rappel\u00e9 le r\u00f4le important jou\u00e9 par le Conseil militaire de transition (CMT) dans le cadre du maintien de la paix et la stabilit\u00e9 [&hellip;]<\/p>\n","protected":false},"author":82,"featured_media":29785,"comment_status":"open","ping_status":"closed","sticky":false,"template":"","format":"standard","meta":{"footnotes":""},"categories":[11,2,10],"tags":[37,292,29],"class_list":["post-29786","post","type-post","status-publish","format-standard","has-post-thumbnail","hentry","category-homepage-french","category-politique","category-toutes-les-actualites","tag-africa-press","tag-africa-press-tchad","tag-tchad"],"yoast_head":"<!-- This site is optimized with the Yoast SEO Premium plugin v26.1 (Yoast SEO v27.0) - https:\/\/yoast.com\/product\/yoast-seo-premium-wordpress\/ -->\n<title>au Ouadda\u00ef, le RNDT Le R\u00e9veil mobilise la population pour le dialogue national - tchad<\/title>\n<meta name=\"description\" content=\"Mahamat Dahiy\u00e9 Mahamat a appel\u00e9 les tchadiens dans leur ensemble \u00e0 soutenir la tenue du dialogue national inclusif qui e ...\" \/>\n<meta name=\"robots\" content=\"index, follow, max-snippet:-1, max-image-preview:large, max-video-preview:-1\" \/>\n<link rel=\"canonical\" href=\"https:\/\/www.africa-press.net\/tchad\/politique\/au-ouaddai-le-rndt-le-reveil-mobilise-la-population-pour-le-dialogue-national\" \/>\n<meta property=\"og:locale\" content=\"fr_FR\" \/>\n<meta property=\"og:type\" content=\"article\" \/>\n<meta property=\"og:title\" content=\"au Ouadda\u00ef, le RNDT Le R\u00e9veil mobilise la population pour le dialogue national\" \/>\n<meta property=\"og:description\" content=\"Mahamat Dahiy\u00e9 Mahamat a appel\u00e9 les tchadiens dans leur ensemble \u00e0 soutenir la tenue du dialogue national inclusif qui e ...\" \/>\n<meta property=\"og:url\" content=\"https:\/\/www.africa-press.net\/tchad\/politique\/au-ouaddai-le-rndt-le-reveil-mobilise-la-population-pour-le-dialogue-national\" \/>\n<meta property=\"og:site_name\" content=\"tchad\" \/>\n<meta property=\"article:published_time\" content=\"2022-07-30T16:28:44+00:00\" \/>\n<meta property=\"article:modified_time\" content=\"2022-07-30T16:50:17+00:00\" \/>\n<meta property=\"og:image\" content=\"https:\/\/static.africa-press.net\/tchad\/sites\/41\/2022\/07\/postQueueImg_10-62e561303f9c9.jpg\" \/>\n\t<meta property=\"og:image:width\" content=\"870\" \/>\n\t<meta property=\"og:image:height\" content=\"490\" \/>\n\t<meta property=\"og:image:type\" content=\"image\/jpeg\" \/>\n<meta name=\"author\" content=\"cfeditorfr\" \/>\n<meta name=\"twitter:card\" content=\"summary_large_image\" \/>\n<meta name=\"twitter:label1\" content=\"\u00c9crit par\" \/>\n\t<meta name=\"twitter:data1\" content=\"cfeditorfr\" \/>\n\t<meta name=\"twitter:label2\" content=\"Dur\u00e9e de lecture estim\u00e9e\" \/>\n\t<meta name=\"twitter:data2\" content=\"1 minute\" \/>\n<script type=\"application\/ld+json\" class=\"yoast-schema-graph\">{\"@context\":\"https:\/\/schema.org\",\"@graph\":[{\"@type\":\"Article\",\"@id\":\"https:\/\/www.africa-press.net\/tchad\/politique\/au-ouaddai-le-rndt-le-reveil-mobilise-la-population-pour-le-dialogue-national#article\",\"isPartOf\":{\"@id\":\"https:\/\/www.africa-press.net\/tchad\/politique\/au-ouaddai-le-rndt-le-reveil-mobilise-la-population-pour-le-dialogue-national\"},\"author\":{\"name\":\"cfeditorfr\",\"@id\":\"https:\/\/www.africa-press.net\/tchad\/#\/schema\/person\/2b1cf3cd81a31e3cd26889ca66d677f1\"},\"headline\":\"au Ouadda\u00ef, le RNDT Le R\u00e9veil mobilise la population pour le dialogue national\",\"datePublished\":\"2022-07-30T16:28:44+00:00\",\"dateModified\":\"2022-07-30T16:50:17+00:00\",\"mainEntityOfPage\":{\"@id\":\"https:\/\/www.africa-press.net\/tchad\/politique\/au-ouaddai-le-rndt-le-reveil-mobilise-la-population-pour-le-dialogue-national\"},\"wordCount\":166,\"commentCount\":0,\"image\":{\"@id\":\"https:\/\/www.africa-press.net\/tchad\/politique\/au-ouaddai-le-rndt-le-reveil-mobilise-la-population-pour-le-dialogue-national#primaryimage\"},\"thumbnailUrl\":\"https:\/\/static.africa-press.net\/tchad\/sites\/41\/2022\/07\/postQueueImg_10-62e561303f9c9.jpg\",\"keywords\":[\"Africa Press\",\"Africa Press-Tchad\",\"Tchad\"],\"articleSection\":[\"homepage-french\",\"Politique\",\"Toutes les actualit\u00e9s\"],\"inLanguage\":\"fr-FR\",\"potentialAction\":[{\"@type\":\"CommentAction\",\"name\":\"Comment\",\"target\":[\"https:\/\/www.africa-press.net\/tchad\/politique\/au-ouaddai-le-rndt-le-reveil-mobilise-la-population-pour-le-dialogue-national#respond\"]}]},{\"@type\":\"WebPage\",\"@id\":\"https:\/\/www.africa-press.net\/tchad\/politique\/au-ouaddai-le-rndt-le-reveil-mobilise-la-population-pour-le-dialogue-national\",\"url\":\"https:\/\/www.africa-press.net\/tchad\/politique\/au-ouaddai-le-rndt-le-reveil-mobilise-la-population-pour-le-dialogue-national\",\"name\":\"au Ouadda\u00ef, le RNDT Le R\u00e9veil mobilise la population pour le dialogue national - tchad\",\"isPartOf\":{\"@id\":\"https:\/\/www.africa-press.net\/tchad\/#website\"},\"primaryImageOfPage\":{\"@id\":\"https:\/\/www.africa-press.net\/tchad\/politique\/au-ouaddai-le-rndt-le-reveil-mobilise-la-population-pour-le-dialogue-national#primaryimage\"},\"image\":{\"@id\":\"https:\/\/www.africa-press.net\/tchad\/politique\/au-ouaddai-le-rndt-le-reveil-mobilise-la-population-pour-le-dialogue-national#primaryimage\"},\"thumbnailUrl\":\"https:\/\/static.africa-press.net\/tchad\/sites\/41\/2022\/07\/postQueueImg_10-62e561303f9c9.jpg\",\"datePublished\":\"2022-07-30T16:28:44+00:00\",\"dateModified\":\"2022-07-30T16:50:17+00:00\",\"author\":{\"@id\":\"https:\/\/www.africa-press.net\/tchad\/#\/schema\/person\/2b1cf3cd81a31e3cd26889ca66d677f1\"},\"description\":\"Mahamat Dahiy\u00e9 Mahamat a appel\u00e9 les tchadiens dans leur ensemble \u00e0 soutenir la tenue du dialogue national inclusif qui e ...\",\"breadcrumb\":{\"@id\":\"https:\/\/www.africa-press.net\/tchad\/politique\/au-ouaddai-le-rndt-le-reveil-mobilise-la-population-pour-le-dialogue-national#breadcrumb\"},\"inLanguage\":\"fr-FR\",\"potentialAction\":[{\"@type\":\"ReadAction\",\"target\":[\"https:\/\/www.africa-press.net\/tchad\/politique\/au-ouaddai-le-rndt-le-reveil-mobilise-la-population-pour-le-dialogue-national\"]}]},{\"@type\":\"ImageObject\",\"inLanguage\":\"fr-FR\",\"@id\":\"https:\/\/www.africa-press.net\/tchad\/politique\/au-ouaddai-le-rndt-le-reveil-mobilise-la-population-pour-le-dialogue-national#primaryimage\",\"url\":\"https:\/\/static.africa-press.net\/tchad\/sites\/41\/2022\/07\/postQueueImg_10-62e561303f9c9.jpg\",\"contentUrl\":\"https:\/\/static.africa-press.net\/tchad\/sites\/41\/2022\/07\/postQueueImg_10-62e561303f9c9.jpg\",\"width\":870,\"height\":490,\"caption\":\"au Ouadda\u00ef, le RNDT Le R\u00e9veil mobilise la population pour le dialogue national\"},{\"@type\":\"BreadcrumbList\",\"@id\":\"https:\/\/www.africa-press.net\/tchad\/politique\/au-ouaddai-le-rndt-le-reveil-mobilise-la-population-pour-le-dialogue-national#breadcrumb\",\"itemListElement\":[{\"@type\":\"ListItem\",\"position\":1,\"name\":\"Accueil\",\"item\":\"https:\/\/www.africa-press.net\/tchad\/\"},{\"@type\":\"ListItem\",\"position\":2,\"name\":\"au Ouadda\u00ef, le RNDT Le R\u00e9veil mobilise la population pour le dialogue national\"}]},{\"@type\":\"WebSite\",\"@id\":\"https:\/\/www.africa-press.net\/tchad\/#website\",\"url\":\"https:\/\/www.africa-press.net\/tchad\/\",\"name\":\"tchad\",\"description\":\"Just another Africa News Agency Sites site\",\"potentialAction\":[{\"@type\":\"SearchAction\",\"target\":{\"@type\":\"EntryPoint\",\"urlTemplate\":\"https:\/\/www.africa-press.net\/tchad\/?s={search_term_string}\"},\"query-input\":{\"@type\":\"PropertyValueSpecification\",\"valueRequired\":true,\"valueName\":\"search_term_string\"}}],\"inLanguage\":\"fr-FR\"},{\"@type\":\"Person\",\"@id\":\"https:\/\/www.africa-press.net\/tchad\/#\/schema\/person\/2b1cf3cd81a31e3cd26889ca66d677f1\",\"name\":\"cfeditorfr\"}]}<\/script>\n<!-- \/ Yoast SEO Premium plugin. -->","yoast_head_json":{"title":"au Ouadda\u00ef, le RNDT Le R\u00e9veil mobilise la population pour le dialogue national - tchad","description":"Mahamat Dahiy\u00e9 Mahamat a appel\u00e9 les tchadiens dans leur ensemble \u00e0 soutenir la tenue du dialogue national inclusif qui e ...","robots":{"index":"index","follow":"follow","max-snippet":"max-snippet:-1","max-image-preview":"max-image-preview:large","max-video-preview":"max-video-preview:-1"},"canonical":"https:\/\/www.africa-press.net\/tchad\/politique\/au-ouaddai-le-rndt-le-reveil-mobilise-la-population-pour-le-dialogue-national","og_locale":"fr_FR","og_type":"article","og_title":"au Ouadda\u00ef, le RNDT Le R\u00e9veil mobilise la population pour le dialogue national","og_description":"Mahamat Dahiy\u00e9 Mahamat a appel\u00e9 les tchadiens dans leur ensemble \u00e0 soutenir la tenue du dialogue national inclusif qui e ...","og_url":"https:\/\/www.africa-press.net\/tchad\/politique\/au-ouaddai-le-rndt-le-reveil-mobilise-la-population-pour-le-dialogue-national","og_site_name":"tchad","article_published_time":"2022-07-30T16:28:44+00:00","article_modified_time":"2022-07-30T16:50:17+00:00","og_image":[{"width":870,"height":490,"url":"https:\/\/static.africa-press.net\/tchad\/sites\/41\/2022\/07\/postQueueImg_10-62e561303f9c9.jpg","type":"image\/jpeg"}],"author":"cfeditorfr","twitter_card":"summary_large_image","twitter_misc":{"\u00c9crit par":"cfeditorfr","Dur\u00e9e de lecture estim\u00e9e":"1 minute"},"schema":{"@context":"https:\/\/schema.org","@graph":[{"@type":"Article","@id":"https:\/\/www.africa-press.net\/tchad\/politique\/au-ouaddai-le-rndt-le-reveil-mobilise-la-population-pour-le-dialogue-national#article","isPartOf":{"@id":"https:\/\/www.africa-press.net\/tchad\/politique\/au-ouaddai-le-rndt-le-reveil-mobilise-la-population-pour-le-dialogue-national"},"author":{"name":"cfeditorfr","@id":"https:\/\/www.africa-press.net\/tchad\/#\/schema\/person\/2b1cf3cd81a31e3cd26889ca66d677f1"},"headline":"au Ouadda\u00ef, le RNDT Le R\u00e9veil mobilise la population pour le dialogue national","datePublished":"2022-07-30T16:28:44+00:00","dateModified":"2022-07-30T16:50:17+00:00","mainEntityOfPage":{"@id":"https:\/\/www.africa-press.net\/tchad\/politique\/au-ouaddai-le-rndt-le-reveil-mobilise-la-population-pour-le-dialogue-national"},"wordCount":166,"commentCount":0,"image":{"@id":"https:\/\/www.africa-press.net\/tchad\/politique\/au-ouaddai-le-rndt-le-reveil-mobilise-la-population-pour-le-dialogue-national#primaryimage"},"thumbnailUrl":"https:\/\/static.africa-press.net\/tchad\/sites\/41\/2022\/07\/postQueueImg_10-62e561303f9c9.jpg","keywords":["Africa Press","Africa Press-Tchad","Tchad"],"articleSection":["homepage-french","Politique","Toutes les actualit\u00e9s"],"inLanguage":"fr-FR","potentialAction":[{"@type":"CommentAction","name":"Comment","target":["https:\/\/www.africa-press.net\/tchad\/politique\/au-ouaddai-le-rndt-le-reveil-mobilise-la-population-pour-le-dialogue-national#respond"]}]},{"@type":"WebPage","@id":"https:\/\/www.africa-press.net\/tchad\/politique\/au-ouaddai-le-rndt-le-reveil-mobilise-la-population-pour-le-dialogue-national","url":"https:\/\/www.africa-press.net\/tchad\/politique\/au-ouaddai-le-rndt-le-reveil-mobilise-la-population-pour-le-dialogue-national","name":"au Ouadda\u00ef, le RNDT Le R\u00e9veil mobilise la population pour le dialogue national - tchad","isPartOf":{"@id":"https:\/\/www.africa-press.net\/tchad\/#website"},"primaryImageOfPage":{"@id":"https:\/\/www.africa-press.net\/tchad\/politique\/au-ouaddai-le-rndt-le-reveil-mobilise-la-population-pour-le-dialogue-national#primaryimage"},"image":{"@id":"https:\/\/www.africa-press.net\/tchad\/politique\/au-ouaddai-le-rndt-le-reveil-mobilise-la-population-pour-le-dialogue-national#primaryimage"},"thumbnailUrl":"https:\/\/static.africa-press.net\/tchad\/sites\/41\/2022\/07\/postQueueImg_10-62e561303f9c9.jpg","datePublished":"2022-07-30T16:28:44+00:00","dateModified":"2022-07-30T16:50:17+00:00","author":{"@id":"https:\/\/www.africa-press.net\/tchad\/#\/schema\/person\/2b1cf3cd81a31e3cd26889ca66d677f1"},"description":"Mahamat Dahiy\u00e9 Mahamat a appel\u00e9 les tchadiens dans leur ensemble \u00e0 soutenir la tenue du dialogue national inclusif qui e ...","breadcrumb":{"@id":"https:\/\/www.africa-press.net\/tchad\/politique\/au-ouaddai-le-rndt-le-reveil-mobilise-la-population-pour-le-dialogue-national#breadcrumb"},"inLanguage":"fr-FR","potentialAction":[{"@type":"ReadAction","target":["https:\/\/www.africa-press.net\/tchad\/politique\/au-ouaddai-le-rndt-le-reveil-mobilise-la-population-pour-le-dialogue-national"]}]},{"@type":"ImageObject","inLanguage":"fr-FR","@id":"https:\/\/www.africa-press.net\/tchad\/politique\/au-ouaddai-le-rndt-le-reveil-mobilise-la-population-pour-le-dialogue-national#primaryimage","url":"https:\/\/static.africa-press.net\/tchad\/sites\/41\/2022\/07\/postQueueImg_10-62e561303f9c9.jpg","contentUrl":"https:\/\/static.africa-press.net\/tchad\/sites\/41\/2022\/07\/postQueueImg_10-62e561303f9c9.jpg","width":870,"height":490,"caption":"au Ouadda\u00ef, le RNDT Le R\u00e9veil mobilise la population pour le dialogue national"},{"@type":"BreadcrumbList","@id":"https:\/\/www.africa-press.net\/tchad\/politique\/au-ouaddai-le-rndt-le-reveil-mobilise-la-population-pour-le-dialogue-national#breadcrumb","itemListElement":[{"@type":"ListItem","position":1,"name":"Accueil","item":"https:\/\/www.africa-press.net\/tchad\/"},{"@type":"ListItem","position":2,"name":"au Ouadda\u00ef, le RNDT Le R\u00e9veil mobilise la population pour le dialogue national"}]},{"@type":"WebSite","@id":"https:\/\/www.africa-press.net\/tchad\/#website","url":"https:\/\/www.africa-press.net\/tchad\/","name":"tchad","description":"Just another Africa News Agency Sites site","potentialAction":[{"@type":"SearchAction","target":{"@type":"EntryPoint","urlTemplate":"https:\/\/www.africa-press.net\/tchad\/?s={search_term_string}"},"query-input":{"@type":"PropertyValueSpecification","valueRequired":true,"valueName":"search_term_string"}}],"inLanguage":"fr-FR"},{"@type":"Person","@id":"https:\/\/www.africa-press.net\/tchad\/#\/schema\/person\/2b1cf3cd81a31e3cd26889ca66d677f1","name":"cfeditorfr"}]}},"_links":{"self":[{"href":"https:\/\/www.africa-press.net\/tchad\/wp-json\/wp\/v2\/posts\/29786","targetHints":{"allow":["GET"]}}],"collection":[{"href":"https:\/\/www.africa-press.net\/tchad\/wp-json\/wp\/v2\/posts"}],"about":[{"href":"https:\/\/www.africa-press.net\/tchad\/wp-json\/wp\/v2\/types\/post"}],"author":[{"embeddable":true,"href":"https:\/\/www.africa-press.net\/tchad\/wp-json\/wp\/v2\/users\/82"}],"replies":[{"embeddable":true,"href":"https:\/\/www.africa-press.net\/tchad\/wp-json\/wp\/v2\/comments?post=29786"}],"version-history":[{"count":0,"href":"https:\/\/www.africa-press.net\/tchad\/wp-json\/wp\/v2\/posts\/29786\/revisions"}],"wp:featuredmedia":[{"embeddable":true,"href":"https:\/\/www.africa-press.net\/tchad\/wp-json\/wp\/v2\/media\/29785"}],"wp:attachment":[{"href":"https:\/\/www.africa-press.net\/tchad\/wp-json\/wp\/v2\/media?parent=29786"}],"wp:term":[{"taxonomy":"category","embeddable":true,"href":"https:\/\/www.africa-press.net\/tchad\/wp-json\/wp\/v2\/categories?post=29786"},{"taxonomy":"post_tag","embeddable":true,"href":"https:\/\/www.africa-press.net\/tchad\/wp-json\/wp\/v2\/tags?post=29786"}],"curies":[{"name":"wp","href":"https:\/\/api.w.org\/{rel}","templated":true}]}}