{"id":29789,"date":"2022-07-30T16:29:11","date_gmt":"2022-07-30T16:29:11","guid":{"rendered":"https:\/\/www.africa-press.net\/tchad\/politique\/le-ministre-de-la-justice-a-mis-sur-pied-une-commission-chargee-de-reviser-la-sempiternelle-question-dindemnisation-des-magistrats"},"modified":"2022-07-30T16:50:46","modified_gmt":"2022-07-30T16:50:46","slug":"le-ministre-de-la-justice-a-mis-sur-pied-une-commission-chargee-de-reviser-la-sempiternelle-question-dindemnisation-des-magistrats","status":"publish","type":"post","link":"https:\/\/www.africa-press.net\/tchad\/politique\/le-ministre-de-la-justice-a-mis-sur-pied-une-commission-chargee-de-reviser-la-sempiternelle-question-dindemnisation-des-magistrats","title":{"rendered":"Le ministre de la Justice a mis sur pied une commission charg\u00e9e de r\u00e9viser la sempiternelle question d\u2019indemnisation des magistrats"},"content":{"rendered":"<p><span style=\"color: #ff6600\"><strong>Africa-Press &#8211; Tchad. <\/strong><\/span>Apr\u00e8s \u00eatre entr\u00e9s plusieurs fois en gr\u00e8ve pour revendiquer les meilleures conditions de travail, les magistrats tchadiens verront bient\u00f4t le bout du tunnel quant \u00e0 leurs revendications. Par un arr\u00eat\u00e9, le ministre de la Justice et des Droits de l\u2019Homme, a mis en place une commission charg\u00e9e de r\u00e9viser leurs indemnisations.<\/p>\n<p><a name=\"tchad-673856228\"><\/a><a href=\"https:\/\/www.ecobank.com\/td\/personal-banking\/countries\"><br \/>\n<\/a><br \/>\nLa commission charg\u00e9e de r\u00e9viser les indemnisations des magistrats tchadiens aura pour mission d\u2019examiner et proposer les indemnit\u00e9s et autres avantages dus \u00e0 ces derniers. Aussi, la commission sera charg\u00e9e d\u2019\u00e9laborer un projet de d\u00e9cret et une note de pr\u00e9sentation \u00e0 soumettre au ministre de la Justice.<\/p>\n<p>Pour ce faire, la commission compos\u00e9e du secr\u00e9taire g\u00e9n\u00e9ral adjoint du minist\u00e8re de tutelle et des conseillers du ministre sera assist\u00e9e par les deux syndicats des magistrats.<\/p>\n<p>Tout de m\u00eame, indique l\u2019arr\u00eat\u00e9, la commission charg\u00e9e de r\u00e9viser les indemnisations des magistrats pourra faire appel \u00e0 toutes personnes ressources susceptibles de l\u2019aider dans l\u2019accomplissement de sa mission, notamment les repr\u00e9sentants du minist\u00e8re des Finances et du Budget.<\/p>\n<p><strong>Pour plus d&rsquo;informations et d&rsquo;analyses sur la <a href=\"https:\/\/www.africa-press.net\/tchad\">Tchad<\/a>, suivez <a href=\"https:\/\/www.africa-press.net\/\">Africa-Press<\/a><\/strong><\/p>\n","protected":false},"excerpt":{"rendered":"<p>Africa-Press &#8211; Tchad. Apr\u00e8s \u00eatre entr\u00e9s plusieurs fois en gr\u00e8ve pour revendiquer les meilleures conditions de travail, les magistrats tchadiens verront bient\u00f4t le bout du tunnel quant \u00e0 leurs revendications. Par un arr\u00eat\u00e9, le ministre de la Justice et des Droits de l\u2019Homme, a mis en place une commission charg\u00e9e de r\u00e9viser leurs indemnisations. La [&hellip;]<\/p>\n","protected":false},"author":82,"featured_media":29788,"comment_status":"open","ping_status":"closed","sticky":false,"template":"","format":"standard","meta":{"footnotes":""},"categories":[11,2,10],"tags":[37,292,29],"class_list":["post-29789","post","type-post","status-publish","format-standard","has-post-thumbnail","hentry","category-homepage-french","category-politique","category-toutes-les-actualites","tag-africa-press","tag-africa-press-tchad","tag-tchad"],"yoast_head":"<!-- This site is optimized with the Yoast SEO Premium plugin v26.1 (Yoast SEO v27.0) - https:\/\/yoast.com\/product\/yoast-seo-premium-wordpress\/ -->\n<title>Le ministre de la Justice a mis sur pied une commission charg\u00e9e de r\u00e9viser la sempiternelle question d\u2019indemnisation des magistrats - tchad<\/title>\n<meta name=\"description\" content=\"Apr\u00e8s \u00eatre entr\u00e9s plusieurs fois en gr\u00e8ve pour revendiquer les meilleures conditions de travail, les magistrats tchadien ...\" \/>\n<meta name=\"robots\" content=\"index, follow, max-snippet:-1, max-image-preview:large, max-video-preview:-1\" \/>\n<link rel=\"canonical\" href=\"https:\/\/www.africa-press.net\/tchad\/politique\/le-ministre-de-la-justice-a-mis-sur-pied-une-commission-chargee-de-reviser-la-sempiternelle-question-dindemnisation-des-magistrats\" \/>\n<meta property=\"og:locale\" content=\"fr_FR\" \/>\n<meta property=\"og:type\" content=\"article\" \/>\n<meta property=\"og:title\" content=\"Le ministre de la Justice a mis sur pied une commission charg\u00e9e de r\u00e9viser la sempiternelle question d\u2019indemnisation des magistrats\" \/>\n<meta property=\"og:description\" content=\"Apr\u00e8s \u00eatre entr\u00e9s plusieurs fois en gr\u00e8ve pour revendiquer les meilleures conditions de travail, les magistrats tchadien ...\" \/>\n<meta property=\"og:url\" content=\"https:\/\/www.africa-press.net\/tchad\/politique\/le-ministre-de-la-justice-a-mis-sur-pied-une-commission-chargee-de-reviser-la-sempiternelle-question-dindemnisation-des-magistrats\" \/>\n<meta property=\"og:site_name\" content=\"tchad\" \/>\n<meta property=\"article:published_time\" content=\"2022-07-30T16:29:11+00:00\" \/>\n<meta property=\"article:modified_time\" content=\"2022-07-30T16:50:46+00:00\" \/>\n<meta property=\"og:image\" content=\"https:\/\/static.africa-press.net\/tchad\/sites\/41\/2022\/07\/postQueueImg_11-62e5614f544e3.jpg\" \/>\n\t<meta property=\"og:image:width\" content=\"975\" \/>\n\t<meta property=\"og:image:height\" content=\"715\" \/>\n\t<meta property=\"og:image:type\" content=\"image\/jpeg\" \/>\n<meta name=\"author\" content=\"cfeditorfr\" \/>\n<meta name=\"twitter:card\" content=\"summary_large_image\" \/>\n<meta name=\"twitter:label1\" content=\"\u00c9crit par\" \/>\n\t<meta name=\"twitter:data1\" content=\"cfeditorfr\" \/>\n\t<meta name=\"twitter:label2\" content=\"Dur\u00e9e de lecture estim\u00e9e\" \/>\n\t<meta name=\"twitter:data2\" content=\"1 minute\" \/>\n<script type=\"application\/ld+json\" class=\"yoast-schema-graph\">{\"@context\":\"https:\/\/schema.org\",\"@graph\":[{\"@type\":\"Article\",\"@id\":\"https:\/\/www.africa-press.net\/tchad\/politique\/le-ministre-de-la-justice-a-mis-sur-pied-une-commission-chargee-de-reviser-la-sempiternelle-question-dindemnisation-des-magistrats#article\",\"isPartOf\":{\"@id\":\"https:\/\/www.africa-press.net\/tchad\/politique\/le-ministre-de-la-justice-a-mis-sur-pied-une-commission-chargee-de-reviser-la-sempiternelle-question-dindemnisation-des-magistrats\"},\"author\":{\"name\":\"cfeditorfr\",\"@id\":\"https:\/\/www.africa-press.net\/tchad\/#\/schema\/person\/2b1cf3cd81a31e3cd26889ca66d677f1\"},\"headline\":\"Le ministre de la Justice a mis sur pied une commission charg\u00e9e de r\u00e9viser la sempiternelle question d\u2019indemnisation des magistrats\",\"datePublished\":\"2022-07-30T16:29:11+00:00\",\"dateModified\":\"2022-07-30T16:50:46+00:00\",\"mainEntityOfPage\":{\"@id\":\"https:\/\/www.africa-press.net\/tchad\/politique\/le-ministre-de-la-justice-a-mis-sur-pied-une-commission-chargee-de-reviser-la-sempiternelle-question-dindemnisation-des-magistrats\"},\"wordCount\":229,\"commentCount\":0,\"image\":{\"@id\":\"https:\/\/www.africa-press.net\/tchad\/politique\/le-ministre-de-la-justice-a-mis-sur-pied-une-commission-chargee-de-reviser-la-sempiternelle-question-dindemnisation-des-magistrats#primaryimage\"},\"thumbnailUrl\":\"https:\/\/static.africa-press.net\/tchad\/sites\/41\/2022\/07\/postQueueImg_11-62e5614f544e3.jpg\",\"keywords\":[\"Africa Press\",\"Africa Press-Tchad\",\"Tchad\"],\"articleSection\":[\"homepage-french\",\"Politique\",\"Toutes les actualit\u00e9s\"],\"inLanguage\":\"fr-FR\",\"potentialAction\":[{\"@type\":\"CommentAction\",\"name\":\"Comment\",\"target\":[\"https:\/\/www.africa-press.net\/tchad\/politique\/le-ministre-de-la-justice-a-mis-sur-pied-une-commission-chargee-de-reviser-la-sempiternelle-question-dindemnisation-des-magistrats#respond\"]}]},{\"@type\":\"WebPage\",\"@id\":\"https:\/\/www.africa-press.net\/tchad\/politique\/le-ministre-de-la-justice-a-mis-sur-pied-une-commission-chargee-de-reviser-la-sempiternelle-question-dindemnisation-des-magistrats\",\"url\":\"https:\/\/www.africa-press.net\/tchad\/politique\/le-ministre-de-la-justice-a-mis-sur-pied-une-commission-chargee-de-reviser-la-sempiternelle-question-dindemnisation-des-magistrats\",\"name\":\"Le ministre de la Justice a mis sur pied une commission charg\u00e9e de r\u00e9viser la sempiternelle question d\u2019indemnisation des magistrats - tchad\",\"isPartOf\":{\"@id\":\"https:\/\/www.africa-press.net\/tchad\/#website\"},\"primaryImageOfPage\":{\"@id\":\"https:\/\/www.africa-press.net\/tchad\/politique\/le-ministre-de-la-justice-a-mis-sur-pied-une-commission-chargee-de-reviser-la-sempiternelle-question-dindemnisation-des-magistrats#primaryimage\"},\"image\":{\"@id\":\"https:\/\/www.africa-press.net\/tchad\/politique\/le-ministre-de-la-justice-a-mis-sur-pied-une-commission-chargee-de-reviser-la-sempiternelle-question-dindemnisation-des-magistrats#primaryimage\"},\"thumbnailUrl\":\"https:\/\/static.africa-press.net\/tchad\/sites\/41\/2022\/07\/postQueueImg_11-62e5614f544e3.jpg\",\"datePublished\":\"2022-07-30T16:29:11+00:00\",\"dateModified\":\"2022-07-30T16:50:46+00:00\",\"author\":{\"@id\":\"https:\/\/www.africa-press.net\/tchad\/#\/schema\/person\/2b1cf3cd81a31e3cd26889ca66d677f1\"},\"description\":\"Apr\u00e8s \u00eatre entr\u00e9s plusieurs fois en gr\u00e8ve pour revendiquer les meilleures conditions de travail, les magistrats tchadien ...\",\"breadcrumb\":{\"@id\":\"https:\/\/www.africa-press.net\/tchad\/politique\/le-ministre-de-la-justice-a-mis-sur-pied-une-commission-chargee-de-reviser-la-sempiternelle-question-dindemnisation-des-magistrats#breadcrumb\"},\"inLanguage\":\"fr-FR\",\"potentialAction\":[{\"@type\":\"ReadAction\",\"target\":[\"https:\/\/www.africa-press.net\/tchad\/politique\/le-ministre-de-la-justice-a-mis-sur-pied-une-commission-chargee-de-reviser-la-sempiternelle-question-dindemnisation-des-magistrats\"]}]},{\"@type\":\"ImageObject\",\"inLanguage\":\"fr-FR\",\"@id\":\"https:\/\/www.africa-press.net\/tchad\/politique\/le-ministre-de-la-justice-a-mis-sur-pied-une-commission-chargee-de-reviser-la-sempiternelle-question-dindemnisation-des-magistrats#primaryimage\",\"url\":\"https:\/\/static.africa-press.net\/tchad\/sites\/41\/2022\/07\/postQueueImg_11-62e5614f544e3.jpg\",\"contentUrl\":\"https:\/\/static.africa-press.net\/tchad\/sites\/41\/2022\/07\/postQueueImg_11-62e5614f544e3.jpg\",\"width\":975,\"height\":715,\"caption\":\"Le ministre de la Justice a mis sur pied une commission charg\u00e9e de r\u00e9viser la sempiternelle question d\u2019indemnisation des magistrats\"},{\"@type\":\"BreadcrumbList\",\"@id\":\"https:\/\/www.africa-press.net\/tchad\/politique\/le-ministre-de-la-justice-a-mis-sur-pied-une-commission-chargee-de-reviser-la-sempiternelle-question-dindemnisation-des-magistrats#breadcrumb\",\"itemListElement\":[{\"@type\":\"ListItem\",\"position\":1,\"name\":\"Accueil\",\"item\":\"https:\/\/www.africa-press.net\/tchad\/\"},{\"@type\":\"ListItem\",\"position\":2,\"name\":\"Le ministre de la Justice a mis sur pied une commission charg\u00e9e de r\u00e9viser la sempiternelle question d\u2019indemnisation des magistrats\"}]},{\"@type\":\"WebSite\",\"@id\":\"https:\/\/www.africa-press.net\/tchad\/#website\",\"url\":\"https:\/\/www.africa-press.net\/tchad\/\",\"name\":\"tchad\",\"description\":\"Just another Africa News Agency Sites site\",\"potentialAction\":[{\"@type\":\"SearchAction\",\"target\":{\"@type\":\"EntryPoint\",\"urlTemplate\":\"https:\/\/www.africa-press.net\/tchad\/?s={search_term_string}\"},\"query-input\":{\"@type\":\"PropertyValueSpecification\",\"valueRequired\":true,\"valueName\":\"search_term_string\"}}],\"inLanguage\":\"fr-FR\"},{\"@type\":\"Person\",\"@id\":\"https:\/\/www.africa-press.net\/tchad\/#\/schema\/person\/2b1cf3cd81a31e3cd26889ca66d677f1\",\"name\":\"cfeditorfr\"}]}<\/script>\n<!-- \/ Yoast SEO Premium plugin. -->","yoast_head_json":{"title":"Le ministre de la Justice a mis sur pied une commission charg\u00e9e de r\u00e9viser la sempiternelle question d\u2019indemnisation des magistrats - tchad","description":"Apr\u00e8s \u00eatre entr\u00e9s plusieurs fois en gr\u00e8ve pour revendiquer les meilleures conditions de travail, les magistrats tchadien ...","robots":{"index":"index","follow":"follow","max-snippet":"max-snippet:-1","max-image-preview":"max-image-preview:large","max-video-preview":"max-video-preview:-1"},"canonical":"https:\/\/www.africa-press.net\/tchad\/politique\/le-ministre-de-la-justice-a-mis-sur-pied-une-commission-chargee-de-reviser-la-sempiternelle-question-dindemnisation-des-magistrats","og_locale":"fr_FR","og_type":"article","og_title":"Le ministre de la Justice a mis sur pied une commission charg\u00e9e de r\u00e9viser la sempiternelle question d\u2019indemnisation des magistrats","og_description":"Apr\u00e8s \u00eatre entr\u00e9s plusieurs fois en gr\u00e8ve pour revendiquer les meilleures conditions de travail, les magistrats tchadien ...","og_url":"https:\/\/www.africa-press.net\/tchad\/politique\/le-ministre-de-la-justice-a-mis-sur-pied-une-commission-chargee-de-reviser-la-sempiternelle-question-dindemnisation-des-magistrats","og_site_name":"tchad","article_published_time":"2022-07-30T16:29:11+00:00","article_modified_time":"2022-07-30T16:50:46+00:00","og_image":[{"width":975,"height":715,"url":"https:\/\/static.africa-press.net\/tchad\/sites\/41\/2022\/07\/postQueueImg_11-62e5614f544e3.jpg","type":"image\/jpeg"}],"author":"cfeditorfr","twitter_card":"summary_large_image","twitter_misc":{"\u00c9crit par":"cfeditorfr","Dur\u00e9e de lecture estim\u00e9e":"1 minute"},"schema":{"@context":"https:\/\/schema.org","@graph":[{"@type":"Article","@id":"https:\/\/www.africa-press.net\/tchad\/politique\/le-ministre-de-la-justice-a-mis-sur-pied-une-commission-chargee-de-reviser-la-sempiternelle-question-dindemnisation-des-magistrats#article","isPartOf":{"@id":"https:\/\/www.africa-press.net\/tchad\/politique\/le-ministre-de-la-justice-a-mis-sur-pied-une-commission-chargee-de-reviser-la-sempiternelle-question-dindemnisation-des-magistrats"},"author":{"name":"cfeditorfr","@id":"https:\/\/www.africa-press.net\/tchad\/#\/schema\/person\/2b1cf3cd81a31e3cd26889ca66d677f1"},"headline":"Le ministre de la Justice a mis sur pied une commission charg\u00e9e de r\u00e9viser la sempiternelle question d\u2019indemnisation des magistrats","datePublished":"2022-07-30T16:29:11+00:00","dateModified":"2022-07-30T16:50:46+00:00","mainEntityOfPage":{"@id":"https:\/\/www.africa-press.net\/tchad\/politique\/le-ministre-de-la-justice-a-mis-sur-pied-une-commission-chargee-de-reviser-la-sempiternelle-question-dindemnisation-des-magistrats"},"wordCount":229,"commentCount":0,"image":{"@id":"https:\/\/www.africa-press.net\/tchad\/politique\/le-ministre-de-la-justice-a-mis-sur-pied-une-commission-chargee-de-reviser-la-sempiternelle-question-dindemnisation-des-magistrats#primaryimage"},"thumbnailUrl":"https:\/\/static.africa-press.net\/tchad\/sites\/41\/2022\/07\/postQueueImg_11-62e5614f544e3.jpg","keywords":["Africa Press","Africa Press-Tchad","Tchad"],"articleSection":["homepage-french","Politique","Toutes les actualit\u00e9s"],"inLanguage":"fr-FR","potentialAction":[{"@type":"CommentAction","name":"Comment","target":["https:\/\/www.africa-press.net\/tchad\/politique\/le-ministre-de-la-justice-a-mis-sur-pied-une-commission-chargee-de-reviser-la-sempiternelle-question-dindemnisation-des-magistrats#respond"]}]},{"@type":"WebPage","@id":"https:\/\/www.africa-press.net\/tchad\/politique\/le-ministre-de-la-justice-a-mis-sur-pied-une-commission-chargee-de-reviser-la-sempiternelle-question-dindemnisation-des-magistrats","url":"https:\/\/www.africa-press.net\/tchad\/politique\/le-ministre-de-la-justice-a-mis-sur-pied-une-commission-chargee-de-reviser-la-sempiternelle-question-dindemnisation-des-magistrats","name":"Le ministre de la Justice a mis sur pied une commission charg\u00e9e de r\u00e9viser la sempiternelle question d\u2019indemnisation des magistrats - tchad","isPartOf":{"@id":"https:\/\/www.africa-press.net\/tchad\/#website"},"primaryImageOfPage":{"@id":"https:\/\/www.africa-press.net\/tchad\/politique\/le-ministre-de-la-justice-a-mis-sur-pied-une-commission-chargee-de-reviser-la-sempiternelle-question-dindemnisation-des-magistrats#primaryimage"},"image":{"@id":"https:\/\/www.africa-press.net\/tchad\/politique\/le-ministre-de-la-justice-a-mis-sur-pied-une-commission-chargee-de-reviser-la-sempiternelle-question-dindemnisation-des-magistrats#primaryimage"},"thumbnailUrl":"https:\/\/static.africa-press.net\/tchad\/sites\/41\/2022\/07\/postQueueImg_11-62e5614f544e3.jpg","datePublished":"2022-07-30T16:29:11+00:00","dateModified":"2022-07-30T16:50:46+00:00","author":{"@id":"https:\/\/www.africa-press.net\/tchad\/#\/schema\/person\/2b1cf3cd81a31e3cd26889ca66d677f1"},"description":"Apr\u00e8s \u00eatre entr\u00e9s plusieurs fois en gr\u00e8ve pour revendiquer les meilleures conditions de travail, les magistrats tchadien ...","breadcrumb":{"@id":"https:\/\/www.africa-press.net\/tchad\/politique\/le-ministre-de-la-justice-a-mis-sur-pied-une-commission-chargee-de-reviser-la-sempiternelle-question-dindemnisation-des-magistrats#breadcrumb"},"inLanguage":"fr-FR","potentialAction":[{"@type":"ReadAction","target":["https:\/\/www.africa-press.net\/tchad\/politique\/le-ministre-de-la-justice-a-mis-sur-pied-une-commission-chargee-de-reviser-la-sempiternelle-question-dindemnisation-des-magistrats"]}]},{"@type":"ImageObject","inLanguage":"fr-FR","@id":"https:\/\/www.africa-press.net\/tchad\/politique\/le-ministre-de-la-justice-a-mis-sur-pied-une-commission-chargee-de-reviser-la-sempiternelle-question-dindemnisation-des-magistrats#primaryimage","url":"https:\/\/static.africa-press.net\/tchad\/sites\/41\/2022\/07\/postQueueImg_11-62e5614f544e3.jpg","contentUrl":"https:\/\/static.africa-press.net\/tchad\/sites\/41\/2022\/07\/postQueueImg_11-62e5614f544e3.jpg","width":975,"height":715,"caption":"Le ministre de la Justice a mis sur pied une commission charg\u00e9e de r\u00e9viser la sempiternelle question d\u2019indemnisation des magistrats"},{"@type":"BreadcrumbList","@id":"https:\/\/www.africa-press.net\/tchad\/politique\/le-ministre-de-la-justice-a-mis-sur-pied-une-commission-chargee-de-reviser-la-sempiternelle-question-dindemnisation-des-magistrats#breadcrumb","itemListElement":[{"@type":"ListItem","position":1,"name":"Accueil","item":"https:\/\/www.africa-press.net\/tchad\/"},{"@type":"ListItem","position":2,"name":"Le ministre de la Justice a mis sur pied une commission charg\u00e9e de r\u00e9viser la sempiternelle question d\u2019indemnisation des magistrats"}]},{"@type":"WebSite","@id":"https:\/\/www.africa-press.net\/tchad\/#website","url":"https:\/\/www.africa-press.net\/tchad\/","name":"tchad","description":"Just another Africa News Agency Sites site","potentialAction":[{"@type":"SearchAction","target":{"@type":"EntryPoint","urlTemplate":"https:\/\/www.africa-press.net\/tchad\/?s={search_term_string}"},"query-input":{"@type":"PropertyValueSpecification","valueRequired":true,"valueName":"search_term_string"}}],"inLanguage":"fr-FR"},{"@type":"Person","@id":"https:\/\/www.africa-press.net\/tchad\/#\/schema\/person\/2b1cf3cd81a31e3cd26889ca66d677f1","name":"cfeditorfr"}]}},"_links":{"self":[{"href":"https:\/\/www.africa-press.net\/tchad\/wp-json\/wp\/v2\/posts\/29789","targetHints":{"allow":["GET"]}}],"collection":[{"href":"https:\/\/www.africa-press.net\/tchad\/wp-json\/wp\/v2\/posts"}],"about":[{"href":"https:\/\/www.africa-press.net\/tchad\/wp-json\/wp\/v2\/types\/post"}],"author":[{"embeddable":true,"href":"https:\/\/www.africa-press.net\/tchad\/wp-json\/wp\/v2\/users\/82"}],"replies":[{"embeddable":true,"href":"https:\/\/www.africa-press.net\/tchad\/wp-json\/wp\/v2\/comments?post=29789"}],"version-history":[{"count":0,"href":"https:\/\/www.africa-press.net\/tchad\/wp-json\/wp\/v2\/posts\/29789\/revisions"}],"wp:featuredmedia":[{"embeddable":true,"href":"https:\/\/www.africa-press.net\/tchad\/wp-json\/wp\/v2\/media\/29788"}],"wp:attachment":[{"href":"https:\/\/www.africa-press.net\/tchad\/wp-json\/wp\/v2\/media?parent=29789"}],"wp:term":[{"taxonomy":"category","embeddable":true,"href":"https:\/\/www.africa-press.net\/tchad\/wp-json\/wp\/v2\/categories?post=29789"},{"taxonomy":"post_tag","embeddable":true,"href":"https:\/\/www.africa-press.net\/tchad\/wp-json\/wp\/v2\/tags?post=29789"}],"curies":[{"name":"wp","href":"https:\/\/api.w.org\/{rel}","templated":true}]}}