{"id":29807,"date":"2022-07-30T16:32:57","date_gmt":"2022-07-30T16:32:57","guid":{"rendered":"https:\/\/www.africa-press.net\/tchad\/politique\/affaire-farine-yes-la-ligue-tchadienne-de-lutte-contre-le-cancer-appelle-a-la-mise-en-place-dune-equipe-de-surveillance"},"modified":"2022-07-30T16:54:09","modified_gmt":"2022-07-30T16:54:09","slug":"affaire-farine-yes-la-ligue-tchadienne-de-lutte-contre-le-cancer-appelle-a-la-mise-en-place-dune-equipe-de-surveillance","status":"publish","type":"post","link":"https:\/\/www.africa-press.net\/tchad\/politique\/affaire-farine-yes-la-ligue-tchadienne-de-lutte-contre-le-cancer-appelle-a-la-mise-en-place-dune-equipe-de-surveillance","title":{"rendered":"Affaire farine YES : la Ligue tchadienne de lutte contre le cancer appelle \u00e0 la mise en place d\u2019une \u00e9quipe de surveillance"},"content":{"rendered":"<p><span style=\"color: #ff6600\"><strong>Africa-Press &#8211; Tchad. <\/strong><\/span>Le pr\u00e9sident de la Ligue tchadienne de lutte contre le cancer, Dr Manikass\u00e9 Palouma, a anim\u00e9 un point de presse ce samedi 30 Juillet 2022. Cette communication est relative \u00e0 la pr\u00e9sence de l\u2019aflatoxine dans la farine Yes qui fait la Une de l\u2019actualit\u00e9.<\/p>\n<p><a name=\"tchad-1370014768\"><\/a><a href=\"https:\/\/www.ecobank.com\/td\/personal-banking\/countries\"><br \/>\n<\/a><br \/>\n\u201d L\u2019actualit\u00e9 qui est \u00e0 la Une ce dernier temps au pays sur l\u2019\u00e9pineuse question de la pr\u00e9sence de l\u2019aflatoxine dans la farine de mais produite par une certaine entreprise, ne peut laisser insensible le bureau ex\u00e9cutif de la Ligue tchadienne de lutte contre le cancer\u201d, a lanc\u00e9 Dr Manikass\u00e9 Palouma.<\/p>\n<p>Il indique que depuis la cr\u00e9ation de la ligue en 2018, plusieurs actions de sensibilisation sont organis\u00e9es pour expliquer aux populations tchadiennes les facteurs de risque de cancer. Au cours de ces campagnes, souligne-til, la question de l\u2019aflatoxine a \u00e9t\u00e9 souvent d\u00e9battue. \u201cCette substance canc\u00e9rig\u00e8ne est tr\u00e8s dangereuse pour l\u2019homme\u2026 Sans entrer en d\u00e9tails scientifiques, l\u2019aflatoxine peut causer le cancer du foie et peut entra\u00eener des probl\u00e8mes du foie et du syst\u00e8me immunitaire\u201d, rel\u00e8ve-t-il.<\/p>\n<p>A l\u2019\u00e9tat actuel du Tchad, alerte Dr Manikass\u00e9 Palouma, o\u00f9 aucune structure ne dispose de plateau technique pour la prise en charge de malade de cancer, une telle nouvelle ne doit pas faire l\u2019objet de tergiversation. \u201cLa Ligue tchadienne de lutte contre le cancer, lance un appel vibrant \u00e0 l\u2019endroit des hautes autorit\u00e9s, \u00e0 proc\u00e9der \u00e0 la saisie imm\u00e9diate de cette farine jug\u00e9e suspecte\u201d, appelle-t-il.<\/p>\n<p>Par ailleurs, la ligue sollicite une rencontre d\u2019urgence avec les organisations et partenaires pour la mise sur pied d\u2019une \u00e9quipe de surveillance des \u00e9ventuelles situations li\u00e9es \u00e0 la consommation de ce produit dans les mois et ann\u00e9es \u00e0 venir.<\/p>\n<p><strong>Pour plus d&rsquo;informations et d&rsquo;analyses sur la <a href=\"https:\/\/www.africa-press.net\/tchad\">Tchad<\/a>, suivez <a href=\"https:\/\/www.africa-press.net\/\">Africa-Press<\/a><\/strong><\/p>\n","protected":false},"excerpt":{"rendered":"<p>Africa-Press &#8211; Tchad. Le pr\u00e9sident de la Ligue tchadienne de lutte contre le cancer, Dr Manikass\u00e9 Palouma, a anim\u00e9 un point de presse ce samedi 30 Juillet 2022. Cette communication est relative \u00e0 la pr\u00e9sence de l\u2019aflatoxine dans la farine Yes qui fait la Une de l\u2019actualit\u00e9. \u201d L\u2019actualit\u00e9 qui est \u00e0 la Une ce [&hellip;]<\/p>\n","protected":false},"author":82,"featured_media":29806,"comment_status":"open","ping_status":"closed","sticky":false,"template":"","format":"standard","meta":{"footnotes":""},"categories":[11,2,20,10],"tags":[37,292,29],"class_list":["post-29807","post","type-post","status-publish","format-standard","has-post-thumbnail","hentry","category-homepage-french","category-politique","category-top-nouvelles","category-toutes-les-actualites","tag-africa-press","tag-africa-press-tchad","tag-tchad"],"yoast_head":"<!-- This site is optimized with the Yoast SEO Premium plugin v26.1 (Yoast SEO v27.0) - https:\/\/yoast.com\/product\/yoast-seo-premium-wordpress\/ -->\n<title>Affaire farine YES : la Ligue tchadienne de lutte contre le cancer appelle \u00e0 la mise en place d\u2019une \u00e9quipe de surveillance - tchad<\/title>\n<meta name=\"description\" content=\"Le pr\u00e9sident de la Ligue tchadienne de lutte contre le cancer, Dr Manikass\u00e9 Palouma, a anim\u00e9 un point de presse ce samed ...\" \/>\n<meta name=\"robots\" content=\"index, follow, max-snippet:-1, max-image-preview:large, max-video-preview:-1\" \/>\n<link rel=\"canonical\" href=\"https:\/\/www.africa-press.net\/tchad\/politique\/affaire-farine-yes-la-ligue-tchadienne-de-lutte-contre-le-cancer-appelle-a-la-mise-en-place-dune-equipe-de-surveillance\" \/>\n<meta property=\"og:locale\" content=\"fr_FR\" \/>\n<meta property=\"og:type\" content=\"article\" \/>\n<meta property=\"og:title\" content=\"Affaire farine YES : la Ligue tchadienne de lutte contre le cancer appelle \u00e0 la mise en place d\u2019une \u00e9quipe de surveillance\" \/>\n<meta property=\"og:description\" content=\"Le pr\u00e9sident de la Ligue tchadienne de lutte contre le cancer, Dr Manikass\u00e9 Palouma, a anim\u00e9 un point de presse ce samed ...\" \/>\n<meta property=\"og:url\" content=\"https:\/\/www.africa-press.net\/tchad\/politique\/affaire-farine-yes-la-ligue-tchadienne-de-lutte-contre-le-cancer-appelle-a-la-mise-en-place-dune-equipe-de-surveillance\" \/>\n<meta property=\"og:site_name\" content=\"tchad\" \/>\n<meta property=\"article:published_time\" content=\"2022-07-30T16:32:57+00:00\" \/>\n<meta property=\"article:modified_time\" content=\"2022-07-30T16:54:09+00:00\" \/>\n<meta property=\"og:image\" content=\"https:\/\/static.africa-press.net\/tchad\/sites\/41\/2022\/07\/postQueueImg_17-62e56212a3e82.jpg\" \/>\n\t<meta property=\"og:image:width\" content=\"531\" \/>\n\t<meta property=\"og:image:height\" content=\"282\" \/>\n\t<meta property=\"og:image:type\" content=\"image\/jpeg\" \/>\n<meta name=\"author\" content=\"cfeditorfr\" \/>\n<meta name=\"twitter:card\" content=\"summary_large_image\" \/>\n<meta name=\"twitter:label1\" content=\"\u00c9crit par\" \/>\n\t<meta name=\"twitter:data1\" content=\"cfeditorfr\" \/>\n\t<meta name=\"twitter:label2\" content=\"Dur\u00e9e de lecture estim\u00e9e\" \/>\n\t<meta name=\"twitter:data2\" content=\"2 minutes\" \/>\n<script type=\"application\/ld+json\" class=\"yoast-schema-graph\">{\"@context\":\"https:\/\/schema.org\",\"@graph\":[{\"@type\":\"Article\",\"@id\":\"https:\/\/www.africa-press.net\/tchad\/politique\/affaire-farine-yes-la-ligue-tchadienne-de-lutte-contre-le-cancer-appelle-a-la-mise-en-place-dune-equipe-de-surveillance#article\",\"isPartOf\":{\"@id\":\"https:\/\/www.africa-press.net\/tchad\/politique\/affaire-farine-yes-la-ligue-tchadienne-de-lutte-contre-le-cancer-appelle-a-la-mise-en-place-dune-equipe-de-surveillance\"},\"author\":{\"name\":\"cfeditorfr\",\"@id\":\"https:\/\/www.africa-press.net\/tchad\/#\/schema\/person\/2b1cf3cd81a31e3cd26889ca66d677f1\"},\"headline\":\"Affaire farine YES : la Ligue tchadienne de lutte contre le cancer appelle \u00e0 la mise en place d\u2019une \u00e9quipe de surveillance\",\"datePublished\":\"2022-07-30T16:32:57+00:00\",\"dateModified\":\"2022-07-30T16:54:09+00:00\",\"mainEntityOfPage\":{\"@id\":\"https:\/\/www.africa-press.net\/tchad\/politique\/affaire-farine-yes-la-ligue-tchadienne-de-lutte-contre-le-cancer-appelle-a-la-mise-en-place-dune-equipe-de-surveillance\"},\"wordCount\":332,\"commentCount\":0,\"image\":{\"@id\":\"https:\/\/www.africa-press.net\/tchad\/politique\/affaire-farine-yes-la-ligue-tchadienne-de-lutte-contre-le-cancer-appelle-a-la-mise-en-place-dune-equipe-de-surveillance#primaryimage\"},\"thumbnailUrl\":\"https:\/\/static.africa-press.net\/tchad\/sites\/41\/2022\/07\/postQueueImg_17-62e56212a3e82.jpg\",\"keywords\":[\"Africa Press\",\"Africa Press-Tchad\",\"Tchad\"],\"articleSection\":[\"homepage-french\",\"Politique\",\"Top Nouvelles\",\"Toutes les actualit\u00e9s\"],\"inLanguage\":\"fr-FR\",\"potentialAction\":[{\"@type\":\"CommentAction\",\"name\":\"Comment\",\"target\":[\"https:\/\/www.africa-press.net\/tchad\/politique\/affaire-farine-yes-la-ligue-tchadienne-de-lutte-contre-le-cancer-appelle-a-la-mise-en-place-dune-equipe-de-surveillance#respond\"]}]},{\"@type\":\"WebPage\",\"@id\":\"https:\/\/www.africa-press.net\/tchad\/politique\/affaire-farine-yes-la-ligue-tchadienne-de-lutte-contre-le-cancer-appelle-a-la-mise-en-place-dune-equipe-de-surveillance\",\"url\":\"https:\/\/www.africa-press.net\/tchad\/politique\/affaire-farine-yes-la-ligue-tchadienne-de-lutte-contre-le-cancer-appelle-a-la-mise-en-place-dune-equipe-de-surveillance\",\"name\":\"Affaire farine YES : la Ligue tchadienne de lutte contre le cancer appelle \u00e0 la mise en place d\u2019une \u00e9quipe de surveillance - tchad\",\"isPartOf\":{\"@id\":\"https:\/\/www.africa-press.net\/tchad\/#website\"},\"primaryImageOfPage\":{\"@id\":\"https:\/\/www.africa-press.net\/tchad\/politique\/affaire-farine-yes-la-ligue-tchadienne-de-lutte-contre-le-cancer-appelle-a-la-mise-en-place-dune-equipe-de-surveillance#primaryimage\"},\"image\":{\"@id\":\"https:\/\/www.africa-press.net\/tchad\/politique\/affaire-farine-yes-la-ligue-tchadienne-de-lutte-contre-le-cancer-appelle-a-la-mise-en-place-dune-equipe-de-surveillance#primaryimage\"},\"thumbnailUrl\":\"https:\/\/static.africa-press.net\/tchad\/sites\/41\/2022\/07\/postQueueImg_17-62e56212a3e82.jpg\",\"datePublished\":\"2022-07-30T16:32:57+00:00\",\"dateModified\":\"2022-07-30T16:54:09+00:00\",\"author\":{\"@id\":\"https:\/\/www.africa-press.net\/tchad\/#\/schema\/person\/2b1cf3cd81a31e3cd26889ca66d677f1\"},\"description\":\"Le pr\u00e9sident de la Ligue tchadienne de lutte contre le cancer, Dr Manikass\u00e9 Palouma, a anim\u00e9 un point de presse ce samed ...\",\"breadcrumb\":{\"@id\":\"https:\/\/www.africa-press.net\/tchad\/politique\/affaire-farine-yes-la-ligue-tchadienne-de-lutte-contre-le-cancer-appelle-a-la-mise-en-place-dune-equipe-de-surveillance#breadcrumb\"},\"inLanguage\":\"fr-FR\",\"potentialAction\":[{\"@type\":\"ReadAction\",\"target\":[\"https:\/\/www.africa-press.net\/tchad\/politique\/affaire-farine-yes-la-ligue-tchadienne-de-lutte-contre-le-cancer-appelle-a-la-mise-en-place-dune-equipe-de-surveillance\"]}]},{\"@type\":\"ImageObject\",\"inLanguage\":\"fr-FR\",\"@id\":\"https:\/\/www.africa-press.net\/tchad\/politique\/affaire-farine-yes-la-ligue-tchadienne-de-lutte-contre-le-cancer-appelle-a-la-mise-en-place-dune-equipe-de-surveillance#primaryimage\",\"url\":\"https:\/\/static.africa-press.net\/tchad\/sites\/41\/2022\/07\/postQueueImg_17-62e56212a3e82.jpg\",\"contentUrl\":\"https:\/\/static.africa-press.net\/tchad\/sites\/41\/2022\/07\/postQueueImg_17-62e56212a3e82.jpg\",\"width\":531,\"height\":282,\"caption\":\"Affaire farine YES : la Ligue tchadienne de lutte contre le cancer appelle \u00e0 la mise en place d\u2019une \u00e9quipe de surveillance\"},{\"@type\":\"BreadcrumbList\",\"@id\":\"https:\/\/www.africa-press.net\/tchad\/politique\/affaire-farine-yes-la-ligue-tchadienne-de-lutte-contre-le-cancer-appelle-a-la-mise-en-place-dune-equipe-de-surveillance#breadcrumb\",\"itemListElement\":[{\"@type\":\"ListItem\",\"position\":1,\"name\":\"Accueil\",\"item\":\"https:\/\/www.africa-press.net\/tchad\/\"},{\"@type\":\"ListItem\",\"position\":2,\"name\":\"Affaire farine YES : la Ligue tchadienne de lutte contre le cancer appelle \u00e0 la mise en place d\u2019une \u00e9quipe de surveillance\"}]},{\"@type\":\"WebSite\",\"@id\":\"https:\/\/www.africa-press.net\/tchad\/#website\",\"url\":\"https:\/\/www.africa-press.net\/tchad\/\",\"name\":\"tchad\",\"description\":\"Just another Africa News Agency Sites site\",\"potentialAction\":[{\"@type\":\"SearchAction\",\"target\":{\"@type\":\"EntryPoint\",\"urlTemplate\":\"https:\/\/www.africa-press.net\/tchad\/?s={search_term_string}\"},\"query-input\":{\"@type\":\"PropertyValueSpecification\",\"valueRequired\":true,\"valueName\":\"search_term_string\"}}],\"inLanguage\":\"fr-FR\"},{\"@type\":\"Person\",\"@id\":\"https:\/\/www.africa-press.net\/tchad\/#\/schema\/person\/2b1cf3cd81a31e3cd26889ca66d677f1\",\"name\":\"cfeditorfr\"}]}<\/script>\n<!-- \/ Yoast SEO Premium plugin. -->","yoast_head_json":{"title":"Affaire farine YES : la Ligue tchadienne de lutte contre le cancer appelle \u00e0 la mise en place d\u2019une \u00e9quipe de surveillance - tchad","description":"Le pr\u00e9sident de la Ligue tchadienne de lutte contre le cancer, Dr Manikass\u00e9 Palouma, a anim\u00e9 un point de presse ce samed ...","robots":{"index":"index","follow":"follow","max-snippet":"max-snippet:-1","max-image-preview":"max-image-preview:large","max-video-preview":"max-video-preview:-1"},"canonical":"https:\/\/www.africa-press.net\/tchad\/politique\/affaire-farine-yes-la-ligue-tchadienne-de-lutte-contre-le-cancer-appelle-a-la-mise-en-place-dune-equipe-de-surveillance","og_locale":"fr_FR","og_type":"article","og_title":"Affaire farine YES : la Ligue tchadienne de lutte contre le cancer appelle \u00e0 la mise en place d\u2019une \u00e9quipe de surveillance","og_description":"Le pr\u00e9sident de la Ligue tchadienne de lutte contre le cancer, Dr Manikass\u00e9 Palouma, a anim\u00e9 un point de presse ce samed ...","og_url":"https:\/\/www.africa-press.net\/tchad\/politique\/affaire-farine-yes-la-ligue-tchadienne-de-lutte-contre-le-cancer-appelle-a-la-mise-en-place-dune-equipe-de-surveillance","og_site_name":"tchad","article_published_time":"2022-07-30T16:32:57+00:00","article_modified_time":"2022-07-30T16:54:09+00:00","og_image":[{"width":531,"height":282,"url":"https:\/\/static.africa-press.net\/tchad\/sites\/41\/2022\/07\/postQueueImg_17-62e56212a3e82.jpg","type":"image\/jpeg"}],"author":"cfeditorfr","twitter_card":"summary_large_image","twitter_misc":{"\u00c9crit par":"cfeditorfr","Dur\u00e9e de lecture estim\u00e9e":"2 minutes"},"schema":{"@context":"https:\/\/schema.org","@graph":[{"@type":"Article","@id":"https:\/\/www.africa-press.net\/tchad\/politique\/affaire-farine-yes-la-ligue-tchadienne-de-lutte-contre-le-cancer-appelle-a-la-mise-en-place-dune-equipe-de-surveillance#article","isPartOf":{"@id":"https:\/\/www.africa-press.net\/tchad\/politique\/affaire-farine-yes-la-ligue-tchadienne-de-lutte-contre-le-cancer-appelle-a-la-mise-en-place-dune-equipe-de-surveillance"},"author":{"name":"cfeditorfr","@id":"https:\/\/www.africa-press.net\/tchad\/#\/schema\/person\/2b1cf3cd81a31e3cd26889ca66d677f1"},"headline":"Affaire farine YES : la Ligue tchadienne de lutte contre le cancer appelle \u00e0 la mise en place d\u2019une \u00e9quipe de surveillance","datePublished":"2022-07-30T16:32:57+00:00","dateModified":"2022-07-30T16:54:09+00:00","mainEntityOfPage":{"@id":"https:\/\/www.africa-press.net\/tchad\/politique\/affaire-farine-yes-la-ligue-tchadienne-de-lutte-contre-le-cancer-appelle-a-la-mise-en-place-dune-equipe-de-surveillance"},"wordCount":332,"commentCount":0,"image":{"@id":"https:\/\/www.africa-press.net\/tchad\/politique\/affaire-farine-yes-la-ligue-tchadienne-de-lutte-contre-le-cancer-appelle-a-la-mise-en-place-dune-equipe-de-surveillance#primaryimage"},"thumbnailUrl":"https:\/\/static.africa-press.net\/tchad\/sites\/41\/2022\/07\/postQueueImg_17-62e56212a3e82.jpg","keywords":["Africa Press","Africa Press-Tchad","Tchad"],"articleSection":["homepage-french","Politique","Top Nouvelles","Toutes les actualit\u00e9s"],"inLanguage":"fr-FR","potentialAction":[{"@type":"CommentAction","name":"Comment","target":["https:\/\/www.africa-press.net\/tchad\/politique\/affaire-farine-yes-la-ligue-tchadienne-de-lutte-contre-le-cancer-appelle-a-la-mise-en-place-dune-equipe-de-surveillance#respond"]}]},{"@type":"WebPage","@id":"https:\/\/www.africa-press.net\/tchad\/politique\/affaire-farine-yes-la-ligue-tchadienne-de-lutte-contre-le-cancer-appelle-a-la-mise-en-place-dune-equipe-de-surveillance","url":"https:\/\/www.africa-press.net\/tchad\/politique\/affaire-farine-yes-la-ligue-tchadienne-de-lutte-contre-le-cancer-appelle-a-la-mise-en-place-dune-equipe-de-surveillance","name":"Affaire farine YES : la Ligue tchadienne de lutte contre le cancer appelle \u00e0 la mise en place d\u2019une \u00e9quipe de surveillance - tchad","isPartOf":{"@id":"https:\/\/www.africa-press.net\/tchad\/#website"},"primaryImageOfPage":{"@id":"https:\/\/www.africa-press.net\/tchad\/politique\/affaire-farine-yes-la-ligue-tchadienne-de-lutte-contre-le-cancer-appelle-a-la-mise-en-place-dune-equipe-de-surveillance#primaryimage"},"image":{"@id":"https:\/\/www.africa-press.net\/tchad\/politique\/affaire-farine-yes-la-ligue-tchadienne-de-lutte-contre-le-cancer-appelle-a-la-mise-en-place-dune-equipe-de-surveillance#primaryimage"},"thumbnailUrl":"https:\/\/static.africa-press.net\/tchad\/sites\/41\/2022\/07\/postQueueImg_17-62e56212a3e82.jpg","datePublished":"2022-07-30T16:32:57+00:00","dateModified":"2022-07-30T16:54:09+00:00","author":{"@id":"https:\/\/www.africa-press.net\/tchad\/#\/schema\/person\/2b1cf3cd81a31e3cd26889ca66d677f1"},"description":"Le pr\u00e9sident de la Ligue tchadienne de lutte contre le cancer, Dr Manikass\u00e9 Palouma, a anim\u00e9 un point de presse ce samed ...","breadcrumb":{"@id":"https:\/\/www.africa-press.net\/tchad\/politique\/affaire-farine-yes-la-ligue-tchadienne-de-lutte-contre-le-cancer-appelle-a-la-mise-en-place-dune-equipe-de-surveillance#breadcrumb"},"inLanguage":"fr-FR","potentialAction":[{"@type":"ReadAction","target":["https:\/\/www.africa-press.net\/tchad\/politique\/affaire-farine-yes-la-ligue-tchadienne-de-lutte-contre-le-cancer-appelle-a-la-mise-en-place-dune-equipe-de-surveillance"]}]},{"@type":"ImageObject","inLanguage":"fr-FR","@id":"https:\/\/www.africa-press.net\/tchad\/politique\/affaire-farine-yes-la-ligue-tchadienne-de-lutte-contre-le-cancer-appelle-a-la-mise-en-place-dune-equipe-de-surveillance#primaryimage","url":"https:\/\/static.africa-press.net\/tchad\/sites\/41\/2022\/07\/postQueueImg_17-62e56212a3e82.jpg","contentUrl":"https:\/\/static.africa-press.net\/tchad\/sites\/41\/2022\/07\/postQueueImg_17-62e56212a3e82.jpg","width":531,"height":282,"caption":"Affaire farine YES : la Ligue tchadienne de lutte contre le cancer appelle \u00e0 la mise en place d\u2019une \u00e9quipe de surveillance"},{"@type":"BreadcrumbList","@id":"https:\/\/www.africa-press.net\/tchad\/politique\/affaire-farine-yes-la-ligue-tchadienne-de-lutte-contre-le-cancer-appelle-a-la-mise-en-place-dune-equipe-de-surveillance#breadcrumb","itemListElement":[{"@type":"ListItem","position":1,"name":"Accueil","item":"https:\/\/www.africa-press.net\/tchad\/"},{"@type":"ListItem","position":2,"name":"Affaire farine YES : la Ligue tchadienne de lutte contre le cancer appelle \u00e0 la mise en place d\u2019une \u00e9quipe de surveillance"}]},{"@type":"WebSite","@id":"https:\/\/www.africa-press.net\/tchad\/#website","url":"https:\/\/www.africa-press.net\/tchad\/","name":"tchad","description":"Just another Africa News Agency Sites site","potentialAction":[{"@type":"SearchAction","target":{"@type":"EntryPoint","urlTemplate":"https:\/\/www.africa-press.net\/tchad\/?s={search_term_string}"},"query-input":{"@type":"PropertyValueSpecification","valueRequired":true,"valueName":"search_term_string"}}],"inLanguage":"fr-FR"},{"@type":"Person","@id":"https:\/\/www.africa-press.net\/tchad\/#\/schema\/person\/2b1cf3cd81a31e3cd26889ca66d677f1","name":"cfeditorfr"}]}},"_links":{"self":[{"href":"https:\/\/www.africa-press.net\/tchad\/wp-json\/wp\/v2\/posts\/29807","targetHints":{"allow":["GET"]}}],"collection":[{"href":"https:\/\/www.africa-press.net\/tchad\/wp-json\/wp\/v2\/posts"}],"about":[{"href":"https:\/\/www.africa-press.net\/tchad\/wp-json\/wp\/v2\/types\/post"}],"author":[{"embeddable":true,"href":"https:\/\/www.africa-press.net\/tchad\/wp-json\/wp\/v2\/users\/82"}],"replies":[{"embeddable":true,"href":"https:\/\/www.africa-press.net\/tchad\/wp-json\/wp\/v2\/comments?post=29807"}],"version-history":[{"count":0,"href":"https:\/\/www.africa-press.net\/tchad\/wp-json\/wp\/v2\/posts\/29807\/revisions"}],"wp:featuredmedia":[{"embeddable":true,"href":"https:\/\/www.africa-press.net\/tchad\/wp-json\/wp\/v2\/media\/29806"}],"wp:attachment":[{"href":"https:\/\/www.africa-press.net\/tchad\/wp-json\/wp\/v2\/media?parent=29807"}],"wp:term":[{"taxonomy":"category","embeddable":true,"href":"https:\/\/www.africa-press.net\/tchad\/wp-json\/wp\/v2\/categories?post=29807"},{"taxonomy":"post_tag","embeddable":true,"href":"https:\/\/www.africa-press.net\/tchad\/wp-json\/wp\/v2\/tags?post=29807"}],"curies":[{"name":"wp","href":"https:\/\/api.w.org\/{rel}","templated":true}]}}