{"id":29834,"date":"2022-07-31T15:41:41","date_gmt":"2022-07-31T15:41:41","guid":{"rendered":"https:\/\/www.africa-press.net\/tchad\/politique\/une-agence-dadministration-des-zones-economiques-speciales-lancee-au-tchad"},"modified":"2022-07-31T16:09:33","modified_gmt":"2022-07-31T16:09:33","slug":"une-agence-dadministration-des-zones-economiques-speciales-lancee-au-tchad","status":"publish","type":"post","link":"https:\/\/www.africa-press.net\/tchad\/economie\/une-agence-dadministration-des-zones-economiques-speciales-lancee-au-tchad","title":{"rendered":"Une Agence d\u2019administration des zones \u00e9conomiques sp\u00e9ciales lanc\u00e9e au Tchad"},"content":{"rendered":"<p><span style=\"color: #ff6600\"><strong>Africa-Press &#8211; Tchad. <\/strong><\/span>Les autorit\u00e9s tchadiennes ont cr\u00e9\u00e9 une agence pour d\u00e9velopper des zones \u00e9conomiques sp\u00e9ciales dans le pays, selon Alwihda. Un nouvel effort de la R\u00e9publique pour faire partie des \u00e9tats africains abritant au moins une de ces zones sur son territoire.<\/p>\n<p>Un d\u00e9cret portant cr\u00e9ation d&rsquo;une Agence d&rsquo;administration des zones \u00e9conomiques sp\u00e9ciales (AAZES) au Tchad a \u00e9t\u00e9 sign\u00e9 le 28 juillet par le pr\u00e9sident du Conseil militaire de transition Mahamat Idriss Deby, relate l\u2019hebdomadaire tchadien Alwihda.<\/p>\n<p>La structure directement rattach\u00e9e \u00e0 la Pr\u00e9sidence tchadienne a pour but de d\u00e9velopper, promouvoir et superviser les ZES, encore absentes dans le pays. Le m\u00e9dia pr\u00e9cise que l\u2019\u00e9tablissement disposera d\u2019une autonomie financi\u00e8re et sera dirig\u00e9 par un conseil d&rsquo;administration et une direction g\u00e9n\u00e9rale.<\/p>\n<p><b>Les ZES en Afrique<\/b><\/p>\n<p>Selon les donn\u00e9es de l\u2019Onu, les ZES se sont d\u00e9velopp\u00e9es relativement tard en Afrique. La plupart des programmes ayant \u00e9t\u00e9 adopt\u00e9s dans les ann\u00e9es 1990 et 2000. \u00c0 ce jour, 37 des 54 pays du continent ont cr\u00e9\u00e9 au moins une ZES.<\/p>\n<p>Les plus grandes concentrations de ZES se trouvent au Kenya (61), au Nig\u00e9ria (38), en l\u2019\u00c9thiopie (18) et en l\u2019\u00c9gypte (10). La sous-r\u00e9gion qui accueille le plus de ZES est l\u2019Afrique de l\u2019Est, avec environ 50 % du total, suivie par l\u2019Afrique de l\u2019Ouest (24 %) et l\u2019Afrique du Nord (10 %), pr\u00e9cise l\u2019\u00e9dition 2021 du guide sur les ZES de l\u2019UNCTAD.<\/p>\n<p><strong>Pour plus d&rsquo;informations et d&rsquo;analyses sur la <a href=\"https:\/\/www.africa-press.net\/tchad\">Tchad<\/a>, suivez <a href=\"https:\/\/www.africa-press.net\/\">Africa-Press<\/a><\/strong><\/p>\n","protected":false},"excerpt":{"rendered":"<p>Africa-Press &#8211; Tchad. Les autorit\u00e9s tchadiennes ont cr\u00e9\u00e9 une agence pour d\u00e9velopper des zones \u00e9conomiques sp\u00e9ciales dans le pays, selon Alwihda. Un nouvel effort de la R\u00e9publique pour faire partie des \u00e9tats africains abritant au moins une de ces zones sur son territoire. Un d\u00e9cret portant cr\u00e9ation d&rsquo;une Agence d&rsquo;administration des zones \u00e9conomiques sp\u00e9ciales (AAZES) [&hellip;]<\/p>\n","protected":false},"author":82,"featured_media":29833,"comment_status":"open","ping_status":"closed","sticky":false,"template":"","format":"standard","meta":{"footnotes":""},"categories":[3,11,20,10],"tags":[37,292,29],"class_list":["post-29834","post","type-post","status-publish","format-standard","has-post-thumbnail","hentry","category-economie","category-homepage-french","category-top-nouvelles","category-toutes-les-actualites","tag-africa-press","tag-africa-press-tchad","tag-tchad"],"yoast_head":"<!-- This site is optimized with the Yoast SEO Premium plugin v26.1 (Yoast SEO v27.0) - https:\/\/yoast.com\/product\/yoast-seo-premium-wordpress\/ -->\n<title>Une Agence d\u2019administration des zones \u00e9conomiques sp\u00e9ciales lanc\u00e9e au Tchad - tchad<\/title>\n<meta name=\"description\" content=\"Les autorit\u00e9s tchadiennes ont cr\u00e9\u00e9 une agence pour d\u00e9velopper des zones \u00e9conomiques sp\u00e9ciales dans le pays, selon Alwihd ...\" \/>\n<meta name=\"robots\" content=\"index, follow, max-snippet:-1, max-image-preview:large, max-video-preview:-1\" \/>\n<link rel=\"canonical\" href=\"https:\/\/www.africa-press.net\/tchad\/economie\/une-agence-dadministration-des-zones-economiques-speciales-lancee-au-tchad\" \/>\n<meta property=\"og:locale\" content=\"fr_FR\" \/>\n<meta property=\"og:type\" content=\"article\" \/>\n<meta property=\"og:title\" content=\"Une Agence d\u2019administration des zones \u00e9conomiques sp\u00e9ciales lanc\u00e9e au Tchad\" \/>\n<meta property=\"og:description\" content=\"Les autorit\u00e9s tchadiennes ont cr\u00e9\u00e9 une agence pour d\u00e9velopper des zones \u00e9conomiques sp\u00e9ciales dans le pays, selon Alwihd ...\" \/>\n<meta property=\"og:url\" content=\"https:\/\/www.africa-press.net\/tchad\/economie\/une-agence-dadministration-des-zones-economiques-speciales-lancee-au-tchad\" \/>\n<meta property=\"og:site_name\" content=\"tchad\" \/>\n<meta property=\"article:published_time\" content=\"2022-07-31T15:41:41+00:00\" \/>\n<meta property=\"article:modified_time\" content=\"2022-07-31T16:09:33+00:00\" \/>\n<meta property=\"og:image\" content=\"https:\/\/static.africa-press.net\/tchad\/sites\/41\/2022\/07\/postQueueImg_19-62e6a9258bbdf.jpg\" \/>\n\t<meta property=\"og:image:width\" content=\"1920\" \/>\n\t<meta property=\"og:image:height\" content=\"1079\" \/>\n\t<meta property=\"og:image:type\" content=\"image\/jpeg\" \/>\n<meta name=\"author\" content=\"cfeditorfr\" \/>\n<meta name=\"twitter:card\" content=\"summary_large_image\" \/>\n<meta name=\"twitter:label1\" content=\"\u00c9crit par\" \/>\n\t<meta name=\"twitter:data1\" content=\"cfeditorfr\" \/>\n\t<meta name=\"twitter:label2\" content=\"Dur\u00e9e de lecture estim\u00e9e\" \/>\n\t<meta name=\"twitter:data2\" content=\"2 minutes\" \/>\n<script type=\"application\/ld+json\" class=\"yoast-schema-graph\">{\"@context\":\"https:\/\/schema.org\",\"@graph\":[{\"@type\":\"Article\",\"@id\":\"https:\/\/www.africa-press.net\/tchad\/economie\/une-agence-dadministration-des-zones-economiques-speciales-lancee-au-tchad#article\",\"isPartOf\":{\"@id\":\"https:\/\/www.africa-press.net\/tchad\/economie\/une-agence-dadministration-des-zones-economiques-speciales-lancee-au-tchad\"},\"author\":{\"name\":\"cfeditorfr\",\"@id\":\"https:\/\/www.africa-press.net\/tchad\/#\/schema\/person\/2b1cf3cd81a31e3cd26889ca66d677f1\"},\"headline\":\"Une Agence d\u2019administration des zones \u00e9conomiques sp\u00e9ciales lanc\u00e9e au Tchad\",\"datePublished\":\"2022-07-31T15:41:41+00:00\",\"dateModified\":\"2022-07-31T16:09:33+00:00\",\"mainEntityOfPage\":{\"@id\":\"https:\/\/www.africa-press.net\/tchad\/economie\/une-agence-dadministration-des-zones-economiques-speciales-lancee-au-tchad\"},\"wordCount\":276,\"commentCount\":0,\"image\":{\"@id\":\"https:\/\/www.africa-press.net\/tchad\/economie\/une-agence-dadministration-des-zones-economiques-speciales-lancee-au-tchad#primaryimage\"},\"thumbnailUrl\":\"https:\/\/static.africa-press.net\/tchad\/sites\/41\/2022\/07\/postQueueImg_19-62e6a9258bbdf.jpg\",\"keywords\":[\"Africa Press\",\"Africa Press-Tchad\",\"Tchad\"],\"articleSection\":[\"\u00c9conomie\",\"homepage-french\",\"Top Nouvelles\",\"Toutes les actualit\u00e9s\"],\"inLanguage\":\"fr-FR\",\"potentialAction\":[{\"@type\":\"CommentAction\",\"name\":\"Comment\",\"target\":[\"https:\/\/www.africa-press.net\/tchad\/economie\/une-agence-dadministration-des-zones-economiques-speciales-lancee-au-tchad#respond\"]}]},{\"@type\":\"WebPage\",\"@id\":\"https:\/\/www.africa-press.net\/tchad\/economie\/une-agence-dadministration-des-zones-economiques-speciales-lancee-au-tchad\",\"url\":\"https:\/\/www.africa-press.net\/tchad\/economie\/une-agence-dadministration-des-zones-economiques-speciales-lancee-au-tchad\",\"name\":\"Une Agence d\u2019administration des zones \u00e9conomiques sp\u00e9ciales lanc\u00e9e au Tchad - tchad\",\"isPartOf\":{\"@id\":\"https:\/\/www.africa-press.net\/tchad\/#website\"},\"primaryImageOfPage\":{\"@id\":\"https:\/\/www.africa-press.net\/tchad\/economie\/une-agence-dadministration-des-zones-economiques-speciales-lancee-au-tchad#primaryimage\"},\"image\":{\"@id\":\"https:\/\/www.africa-press.net\/tchad\/economie\/une-agence-dadministration-des-zones-economiques-speciales-lancee-au-tchad#primaryimage\"},\"thumbnailUrl\":\"https:\/\/static.africa-press.net\/tchad\/sites\/41\/2022\/07\/postQueueImg_19-62e6a9258bbdf.jpg\",\"datePublished\":\"2022-07-31T15:41:41+00:00\",\"dateModified\":\"2022-07-31T16:09:33+00:00\",\"author\":{\"@id\":\"https:\/\/www.africa-press.net\/tchad\/#\/schema\/person\/2b1cf3cd81a31e3cd26889ca66d677f1\"},\"description\":\"Les autorit\u00e9s tchadiennes ont cr\u00e9\u00e9 une agence pour d\u00e9velopper des zones \u00e9conomiques sp\u00e9ciales dans le pays, selon Alwihd ...\",\"breadcrumb\":{\"@id\":\"https:\/\/www.africa-press.net\/tchad\/economie\/une-agence-dadministration-des-zones-economiques-speciales-lancee-au-tchad#breadcrumb\"},\"inLanguage\":\"fr-FR\",\"potentialAction\":[{\"@type\":\"ReadAction\",\"target\":[\"https:\/\/www.africa-press.net\/tchad\/economie\/une-agence-dadministration-des-zones-economiques-speciales-lancee-au-tchad\"]}]},{\"@type\":\"ImageObject\",\"inLanguage\":\"fr-FR\",\"@id\":\"https:\/\/www.africa-press.net\/tchad\/economie\/une-agence-dadministration-des-zones-economiques-speciales-lancee-au-tchad#primaryimage\",\"url\":\"https:\/\/static.africa-press.net\/tchad\/sites\/41\/2022\/07\/postQueueImg_19-62e6a9258bbdf.jpg\",\"contentUrl\":\"https:\/\/static.africa-press.net\/tchad\/sites\/41\/2022\/07\/postQueueImg_19-62e6a9258bbdf.jpg\",\"width\":1920,\"height\":1079,\"caption\":\"Une Agence d\u2019administration des zones \u00e9conomiques sp\u00e9ciales lanc\u00e9e au Tchad\"},{\"@type\":\"BreadcrumbList\",\"@id\":\"https:\/\/www.africa-press.net\/tchad\/economie\/une-agence-dadministration-des-zones-economiques-speciales-lancee-au-tchad#breadcrumb\",\"itemListElement\":[{\"@type\":\"ListItem\",\"position\":1,\"name\":\"Accueil\",\"item\":\"https:\/\/www.africa-press.net\/tchad\/\"},{\"@type\":\"ListItem\",\"position\":2,\"name\":\"Une Agence d\u2019administration des zones \u00e9conomiques sp\u00e9ciales lanc\u00e9e au Tchad\"}]},{\"@type\":\"WebSite\",\"@id\":\"https:\/\/www.africa-press.net\/tchad\/#website\",\"url\":\"https:\/\/www.africa-press.net\/tchad\/\",\"name\":\"tchad\",\"description\":\"Just another Africa News Agency Sites site\",\"potentialAction\":[{\"@type\":\"SearchAction\",\"target\":{\"@type\":\"EntryPoint\",\"urlTemplate\":\"https:\/\/www.africa-press.net\/tchad\/?s={search_term_string}\"},\"query-input\":{\"@type\":\"PropertyValueSpecification\",\"valueRequired\":true,\"valueName\":\"search_term_string\"}}],\"inLanguage\":\"fr-FR\"},{\"@type\":\"Person\",\"@id\":\"https:\/\/www.africa-press.net\/tchad\/#\/schema\/person\/2b1cf3cd81a31e3cd26889ca66d677f1\",\"name\":\"cfeditorfr\"}]}<\/script>\n<!-- \/ Yoast SEO Premium plugin. -->","yoast_head_json":{"title":"Une Agence d\u2019administration des zones \u00e9conomiques sp\u00e9ciales lanc\u00e9e au Tchad - tchad","description":"Les autorit\u00e9s tchadiennes ont cr\u00e9\u00e9 une agence pour d\u00e9velopper des zones \u00e9conomiques sp\u00e9ciales dans le pays, selon Alwihd ...","robots":{"index":"index","follow":"follow","max-snippet":"max-snippet:-1","max-image-preview":"max-image-preview:large","max-video-preview":"max-video-preview:-1"},"canonical":"https:\/\/www.africa-press.net\/tchad\/economie\/une-agence-dadministration-des-zones-economiques-speciales-lancee-au-tchad","og_locale":"fr_FR","og_type":"article","og_title":"Une Agence d\u2019administration des zones \u00e9conomiques sp\u00e9ciales lanc\u00e9e au Tchad","og_description":"Les autorit\u00e9s tchadiennes ont cr\u00e9\u00e9 une agence pour d\u00e9velopper des zones \u00e9conomiques sp\u00e9ciales dans le pays, selon Alwihd ...","og_url":"https:\/\/www.africa-press.net\/tchad\/economie\/une-agence-dadministration-des-zones-economiques-speciales-lancee-au-tchad","og_site_name":"tchad","article_published_time":"2022-07-31T15:41:41+00:00","article_modified_time":"2022-07-31T16:09:33+00:00","og_image":[{"width":1920,"height":1079,"url":"https:\/\/static.africa-press.net\/tchad\/sites\/41\/2022\/07\/postQueueImg_19-62e6a9258bbdf.jpg","type":"image\/jpeg"}],"author":"cfeditorfr","twitter_card":"summary_large_image","twitter_misc":{"\u00c9crit par":"cfeditorfr","Dur\u00e9e de lecture estim\u00e9e":"2 minutes"},"schema":{"@context":"https:\/\/schema.org","@graph":[{"@type":"Article","@id":"https:\/\/www.africa-press.net\/tchad\/economie\/une-agence-dadministration-des-zones-economiques-speciales-lancee-au-tchad#article","isPartOf":{"@id":"https:\/\/www.africa-press.net\/tchad\/economie\/une-agence-dadministration-des-zones-economiques-speciales-lancee-au-tchad"},"author":{"name":"cfeditorfr","@id":"https:\/\/www.africa-press.net\/tchad\/#\/schema\/person\/2b1cf3cd81a31e3cd26889ca66d677f1"},"headline":"Une Agence d\u2019administration des zones \u00e9conomiques sp\u00e9ciales lanc\u00e9e au Tchad","datePublished":"2022-07-31T15:41:41+00:00","dateModified":"2022-07-31T16:09:33+00:00","mainEntityOfPage":{"@id":"https:\/\/www.africa-press.net\/tchad\/economie\/une-agence-dadministration-des-zones-economiques-speciales-lancee-au-tchad"},"wordCount":276,"commentCount":0,"image":{"@id":"https:\/\/www.africa-press.net\/tchad\/economie\/une-agence-dadministration-des-zones-economiques-speciales-lancee-au-tchad#primaryimage"},"thumbnailUrl":"https:\/\/static.africa-press.net\/tchad\/sites\/41\/2022\/07\/postQueueImg_19-62e6a9258bbdf.jpg","keywords":["Africa Press","Africa Press-Tchad","Tchad"],"articleSection":["\u00c9conomie","homepage-french","Top Nouvelles","Toutes les actualit\u00e9s"],"inLanguage":"fr-FR","potentialAction":[{"@type":"CommentAction","name":"Comment","target":["https:\/\/www.africa-press.net\/tchad\/economie\/une-agence-dadministration-des-zones-economiques-speciales-lancee-au-tchad#respond"]}]},{"@type":"WebPage","@id":"https:\/\/www.africa-press.net\/tchad\/economie\/une-agence-dadministration-des-zones-economiques-speciales-lancee-au-tchad","url":"https:\/\/www.africa-press.net\/tchad\/economie\/une-agence-dadministration-des-zones-economiques-speciales-lancee-au-tchad","name":"Une Agence d\u2019administration des zones \u00e9conomiques sp\u00e9ciales lanc\u00e9e au Tchad - tchad","isPartOf":{"@id":"https:\/\/www.africa-press.net\/tchad\/#website"},"primaryImageOfPage":{"@id":"https:\/\/www.africa-press.net\/tchad\/economie\/une-agence-dadministration-des-zones-economiques-speciales-lancee-au-tchad#primaryimage"},"image":{"@id":"https:\/\/www.africa-press.net\/tchad\/economie\/une-agence-dadministration-des-zones-economiques-speciales-lancee-au-tchad#primaryimage"},"thumbnailUrl":"https:\/\/static.africa-press.net\/tchad\/sites\/41\/2022\/07\/postQueueImg_19-62e6a9258bbdf.jpg","datePublished":"2022-07-31T15:41:41+00:00","dateModified":"2022-07-31T16:09:33+00:00","author":{"@id":"https:\/\/www.africa-press.net\/tchad\/#\/schema\/person\/2b1cf3cd81a31e3cd26889ca66d677f1"},"description":"Les autorit\u00e9s tchadiennes ont cr\u00e9\u00e9 une agence pour d\u00e9velopper des zones \u00e9conomiques sp\u00e9ciales dans le pays, selon Alwihd ...","breadcrumb":{"@id":"https:\/\/www.africa-press.net\/tchad\/economie\/une-agence-dadministration-des-zones-economiques-speciales-lancee-au-tchad#breadcrumb"},"inLanguage":"fr-FR","potentialAction":[{"@type":"ReadAction","target":["https:\/\/www.africa-press.net\/tchad\/economie\/une-agence-dadministration-des-zones-economiques-speciales-lancee-au-tchad"]}]},{"@type":"ImageObject","inLanguage":"fr-FR","@id":"https:\/\/www.africa-press.net\/tchad\/economie\/une-agence-dadministration-des-zones-economiques-speciales-lancee-au-tchad#primaryimage","url":"https:\/\/static.africa-press.net\/tchad\/sites\/41\/2022\/07\/postQueueImg_19-62e6a9258bbdf.jpg","contentUrl":"https:\/\/static.africa-press.net\/tchad\/sites\/41\/2022\/07\/postQueueImg_19-62e6a9258bbdf.jpg","width":1920,"height":1079,"caption":"Une Agence d\u2019administration des zones \u00e9conomiques sp\u00e9ciales lanc\u00e9e au Tchad"},{"@type":"BreadcrumbList","@id":"https:\/\/www.africa-press.net\/tchad\/economie\/une-agence-dadministration-des-zones-economiques-speciales-lancee-au-tchad#breadcrumb","itemListElement":[{"@type":"ListItem","position":1,"name":"Accueil","item":"https:\/\/www.africa-press.net\/tchad\/"},{"@type":"ListItem","position":2,"name":"Une Agence d\u2019administration des zones \u00e9conomiques sp\u00e9ciales lanc\u00e9e au Tchad"}]},{"@type":"WebSite","@id":"https:\/\/www.africa-press.net\/tchad\/#website","url":"https:\/\/www.africa-press.net\/tchad\/","name":"tchad","description":"Just another Africa News Agency Sites site","potentialAction":[{"@type":"SearchAction","target":{"@type":"EntryPoint","urlTemplate":"https:\/\/www.africa-press.net\/tchad\/?s={search_term_string}"},"query-input":{"@type":"PropertyValueSpecification","valueRequired":true,"valueName":"search_term_string"}}],"inLanguage":"fr-FR"},{"@type":"Person","@id":"https:\/\/www.africa-press.net\/tchad\/#\/schema\/person\/2b1cf3cd81a31e3cd26889ca66d677f1","name":"cfeditorfr"}]}},"_links":{"self":[{"href":"https:\/\/www.africa-press.net\/tchad\/wp-json\/wp\/v2\/posts\/29834","targetHints":{"allow":["GET"]}}],"collection":[{"href":"https:\/\/www.africa-press.net\/tchad\/wp-json\/wp\/v2\/posts"}],"about":[{"href":"https:\/\/www.africa-press.net\/tchad\/wp-json\/wp\/v2\/types\/post"}],"author":[{"embeddable":true,"href":"https:\/\/www.africa-press.net\/tchad\/wp-json\/wp\/v2\/users\/82"}],"replies":[{"embeddable":true,"href":"https:\/\/www.africa-press.net\/tchad\/wp-json\/wp\/v2\/comments?post=29834"}],"version-history":[{"count":0,"href":"https:\/\/www.africa-press.net\/tchad\/wp-json\/wp\/v2\/posts\/29834\/revisions"}],"wp:featuredmedia":[{"embeddable":true,"href":"https:\/\/www.africa-press.net\/tchad\/wp-json\/wp\/v2\/media\/29833"}],"wp:attachment":[{"href":"https:\/\/www.africa-press.net\/tchad\/wp-json\/wp\/v2\/media?parent=29834"}],"wp:term":[{"taxonomy":"category","embeddable":true,"href":"https:\/\/www.africa-press.net\/tchad\/wp-json\/wp\/v2\/categories?post=29834"},{"taxonomy":"post_tag","embeddable":true,"href":"https:\/\/www.africa-press.net\/tchad\/wp-json\/wp\/v2\/tags?post=29834"}],"curies":[{"name":"wp","href":"https:\/\/api.w.org\/{rel}","templated":true}]}}