{"id":29837,"date":"2022-07-31T15:45:51","date_gmt":"2022-07-31T15:45:51","guid":{"rendered":"https:\/\/www.africa-press.net\/tchad\/politique\/le-chef-rebelle-centrafricain-abdoulaye-miskine-devant-la-justice-tchadienne"},"modified":"2022-07-31T16:12:05","modified_gmt":"2022-07-31T16:12:05","slug":"le-chef-rebelle-centrafricain-abdoulaye-miskine-devant-la-justice-tchadienne","status":"publish","type":"post","link":"https:\/\/www.africa-press.net\/tchad\/politique\/le-chef-rebelle-centrafricain-abdoulaye-miskine-devant-la-justice-tchadienne","title":{"rendered":"Le chef rebelle centrafricain Abdoulaye Miskine devant la justice tchadienne"},"content":{"rendered":"<p><span style=\"color: #ff6600\"><strong>Africa-Press &#8211; Tchad. <\/strong><\/span>Le proc\u00e8s d\u2019Abdoulaye Miskine et de trois membres de la r\u00e9bellion centrafricaine a commenc\u00e9 vendredi 29 juillet. Le chef et fondateur du groupe arm\u00e9 Front d\u00e9mocratique du peuple centrafricain (FDPC) et ses compagnons ont \u00e9t\u00e9 interpell\u00e9s en octobre 2019. Depuis, ils sont incarc\u00e9r\u00e9s au Tchad qui refuse de les extrader vers la Centrafrique. Ils sont accus\u00e9s, entre autres, de \u00ab cr\u00e9ation d\u2019un mouvement insurrectionnel \u00bb.<\/p>\n<p>Avec notre correspondante \u00e0 Ndjamena, Aur\u00e9lie Bazzara-Kibangula<\/p>\n<p>D\u00e9but de proc\u00e8s exp\u00e9ditif pour les avocats d\u2019Abdoulaye Miskine et de ses trois compagnons. Ils expliquent que l\u2019audience a dur\u00e9 moins d\u2019une heure \u00e0 la prison de Klessoum o\u00f9 sont d\u00e9tenus leurs clients et, disent-ils, les questions de fond, \u00e0 savoir les accusations, n\u2019ont pas \u00e9t\u00e9 abord\u00e9es.<\/p>\n<p>Les avocats ont d\u2019abord demand\u00e9 une mise en libert\u00e9 d\u2019office pour le chef rebelle centrafricain et ses trois hommes. Selon eux, le d\u00e9lai de d\u00e9tention n\u2019est pas respect\u00e9 et est largement d\u00e9pass\u00e9. Une demande \u00e0 laquelle le parquet g\u00e9n\u00e9ral s\u2019oppose. Ce dernier demande un maintien en d\u00e9tention, craignant des troubles \u00e0 l\u2019ordre public, en cas de lib\u00e9ration des rebelles.<\/p>\n<p>Cr\u00e9ation d\u2019un mouvement insurrectionnel, viol, assassinat, torture&#8230;<\/p>\n<p>Les juges devraient se prononcer la semaine prochaine. Abdoulaye Miskine et ses trois compagnons sont poursuivis pour cr\u00e9ation d\u2019un mouvement insurrectionnel, viol, assassinat, torture ou encore s\u00e9questration.<\/p>\n<p>Arr\u00eat\u00e9s en octobre 2019, ils n\u2019ont jamais \u00e9t\u00e9 extrad\u00e9s vers la Centrafrique. Selon des sources s\u00e9curitaires, le Tchad veut rendre justice \u00e0 certains de ses ressortissants qui auraient \u00e9t\u00e9 victimes du mouvement rebelle d\u2019Abdoulaye Miskine, pendant la crise centrafricaine.<\/p>\n<p><strong>Pour plus d&rsquo;informations et d&rsquo;analyses sur la <a href=\"https:\/\/www.africa-press.net\/tchad\">Tchad<\/a>, suivez <a href=\"https:\/\/www.africa-press.net\/\">Africa-Press<\/a><\/strong><\/p>\n","protected":false},"excerpt":{"rendered":"<p>Africa-Press &#8211; Tchad. Le proc\u00e8s d\u2019Abdoulaye Miskine et de trois membres de la r\u00e9bellion centrafricaine a commenc\u00e9 vendredi 29 juillet. Le chef et fondateur du groupe arm\u00e9 Front d\u00e9mocratique du peuple centrafricain (FDPC) et ses compagnons ont \u00e9t\u00e9 interpell\u00e9s en octobre 2019. Depuis, ils sont incarc\u00e9r\u00e9s au Tchad qui refuse de les extrader vers la [&hellip;]<\/p>\n","protected":false},"author":82,"featured_media":29836,"comment_status":"open","ping_status":"closed","sticky":false,"template":"","format":"standard","meta":{"footnotes":""},"categories":[11,2,20,10],"tags":[37,292,29],"class_list":["post-29837","post","type-post","status-publish","format-standard","has-post-thumbnail","hentry","category-homepage-french","category-politique","category-top-nouvelles","category-toutes-les-actualites","tag-africa-press","tag-africa-press-tchad","tag-tchad"],"yoast_head":"<!-- This site is optimized with the Yoast SEO Premium plugin v26.1 (Yoast SEO v27.0) - https:\/\/yoast.com\/product\/yoast-seo-premium-wordpress\/ -->\n<title>Le chef rebelle centrafricain Abdoulaye Miskine devant la justice tchadienne - tchad<\/title>\n<meta name=\"description\" content=\"Le proc\u00e8s d\u2019Abdoulaye Miskine et de trois membres de la r\u00e9bellion centrafricaine a commenc\u00e9 vendredi 29 juillet. Le chef ...\" \/>\n<meta name=\"robots\" content=\"index, follow, max-snippet:-1, max-image-preview:large, max-video-preview:-1\" \/>\n<link rel=\"canonical\" href=\"https:\/\/www.africa-press.net\/tchad\/politique\/le-chef-rebelle-centrafricain-abdoulaye-miskine-devant-la-justice-tchadienne\" \/>\n<meta property=\"og:locale\" content=\"fr_FR\" \/>\n<meta property=\"og:type\" content=\"article\" \/>\n<meta property=\"og:title\" content=\"Le chef rebelle centrafricain Abdoulaye Miskine devant la justice tchadienne\" \/>\n<meta property=\"og:description\" content=\"Le proc\u00e8s d\u2019Abdoulaye Miskine et de trois membres de la r\u00e9bellion centrafricaine a commenc\u00e9 vendredi 29 juillet. Le chef ...\" \/>\n<meta property=\"og:url\" content=\"https:\/\/www.africa-press.net\/tchad\/politique\/le-chef-rebelle-centrafricain-abdoulaye-miskine-devant-la-justice-tchadienne\" \/>\n<meta property=\"og:site_name\" content=\"tchad\" \/>\n<meta property=\"article:published_time\" content=\"2022-07-31T15:45:51+00:00\" \/>\n<meta property=\"article:modified_time\" content=\"2022-07-31T16:12:05+00:00\" \/>\n<meta property=\"og:image\" content=\"https:\/\/static.africa-press.net\/tchad\/sites\/41\/2022\/07\/postQueueImg_23-62e6a9b62bb90.jpg\" \/>\n\t<meta property=\"og:image:width\" content=\"1024\" \/>\n\t<meta property=\"og:image:height\" content=\"576\" \/>\n\t<meta property=\"og:image:type\" content=\"image\/jpeg\" \/>\n<meta name=\"author\" content=\"cfeditorfr\" \/>\n<meta name=\"twitter:card\" content=\"summary_large_image\" \/>\n<meta name=\"twitter:label1\" content=\"\u00c9crit par\" \/>\n\t<meta name=\"twitter:data1\" content=\"cfeditorfr\" \/>\n\t<meta name=\"twitter:label2\" content=\"Dur\u00e9e de lecture estim\u00e9e\" \/>\n\t<meta name=\"twitter:data2\" content=\"2 minutes\" \/>\n<script type=\"application\/ld+json\" class=\"yoast-schema-graph\">{\"@context\":\"https:\/\/schema.org\",\"@graph\":[{\"@type\":\"Article\",\"@id\":\"https:\/\/www.africa-press.net\/tchad\/politique\/le-chef-rebelle-centrafricain-abdoulaye-miskine-devant-la-justice-tchadienne#article\",\"isPartOf\":{\"@id\":\"https:\/\/www.africa-press.net\/tchad\/politique\/le-chef-rebelle-centrafricain-abdoulaye-miskine-devant-la-justice-tchadienne\"},\"author\":{\"name\":\"cfeditorfr\",\"@id\":\"https:\/\/www.africa-press.net\/tchad\/#\/schema\/person\/2b1cf3cd81a31e3cd26889ca66d677f1\"},\"headline\":\"Le chef rebelle centrafricain Abdoulaye Miskine devant la justice tchadienne\",\"datePublished\":\"2022-07-31T15:45:51+00:00\",\"dateModified\":\"2022-07-31T16:12:05+00:00\",\"mainEntityOfPage\":{\"@id\":\"https:\/\/www.africa-press.net\/tchad\/politique\/le-chef-rebelle-centrafricain-abdoulaye-miskine-devant-la-justice-tchadienne\"},\"wordCount\":308,\"commentCount\":0,\"image\":{\"@id\":\"https:\/\/www.africa-press.net\/tchad\/politique\/le-chef-rebelle-centrafricain-abdoulaye-miskine-devant-la-justice-tchadienne#primaryimage\"},\"thumbnailUrl\":\"https:\/\/static.africa-press.net\/tchad\/sites\/41\/2022\/07\/postQueueImg_23-62e6a9b62bb90.jpg\",\"keywords\":[\"Africa Press\",\"Africa Press-Tchad\",\"Tchad\"],\"articleSection\":[\"homepage-french\",\"Politique\",\"Top Nouvelles\",\"Toutes les actualit\u00e9s\"],\"inLanguage\":\"fr-FR\",\"potentialAction\":[{\"@type\":\"CommentAction\",\"name\":\"Comment\",\"target\":[\"https:\/\/www.africa-press.net\/tchad\/politique\/le-chef-rebelle-centrafricain-abdoulaye-miskine-devant-la-justice-tchadienne#respond\"]}]},{\"@type\":\"WebPage\",\"@id\":\"https:\/\/www.africa-press.net\/tchad\/politique\/le-chef-rebelle-centrafricain-abdoulaye-miskine-devant-la-justice-tchadienne\",\"url\":\"https:\/\/www.africa-press.net\/tchad\/politique\/le-chef-rebelle-centrafricain-abdoulaye-miskine-devant-la-justice-tchadienne\",\"name\":\"Le chef rebelle centrafricain Abdoulaye Miskine devant la justice tchadienne - tchad\",\"isPartOf\":{\"@id\":\"https:\/\/www.africa-press.net\/tchad\/#website\"},\"primaryImageOfPage\":{\"@id\":\"https:\/\/www.africa-press.net\/tchad\/politique\/le-chef-rebelle-centrafricain-abdoulaye-miskine-devant-la-justice-tchadienne#primaryimage\"},\"image\":{\"@id\":\"https:\/\/www.africa-press.net\/tchad\/politique\/le-chef-rebelle-centrafricain-abdoulaye-miskine-devant-la-justice-tchadienne#primaryimage\"},\"thumbnailUrl\":\"https:\/\/static.africa-press.net\/tchad\/sites\/41\/2022\/07\/postQueueImg_23-62e6a9b62bb90.jpg\",\"datePublished\":\"2022-07-31T15:45:51+00:00\",\"dateModified\":\"2022-07-31T16:12:05+00:00\",\"author\":{\"@id\":\"https:\/\/www.africa-press.net\/tchad\/#\/schema\/person\/2b1cf3cd81a31e3cd26889ca66d677f1\"},\"description\":\"Le proc\u00e8s d\u2019Abdoulaye Miskine et de trois membres de la r\u00e9bellion centrafricaine a commenc\u00e9 vendredi 29 juillet. Le chef ...\",\"breadcrumb\":{\"@id\":\"https:\/\/www.africa-press.net\/tchad\/politique\/le-chef-rebelle-centrafricain-abdoulaye-miskine-devant-la-justice-tchadienne#breadcrumb\"},\"inLanguage\":\"fr-FR\",\"potentialAction\":[{\"@type\":\"ReadAction\",\"target\":[\"https:\/\/www.africa-press.net\/tchad\/politique\/le-chef-rebelle-centrafricain-abdoulaye-miskine-devant-la-justice-tchadienne\"]}]},{\"@type\":\"ImageObject\",\"inLanguage\":\"fr-FR\",\"@id\":\"https:\/\/www.africa-press.net\/tchad\/politique\/le-chef-rebelle-centrafricain-abdoulaye-miskine-devant-la-justice-tchadienne#primaryimage\",\"url\":\"https:\/\/static.africa-press.net\/tchad\/sites\/41\/2022\/07\/postQueueImg_23-62e6a9b62bb90.jpg\",\"contentUrl\":\"https:\/\/static.africa-press.net\/tchad\/sites\/41\/2022\/07\/postQueueImg_23-62e6a9b62bb90.jpg\",\"width\":1024,\"height\":576,\"caption\":\"Le chef rebelle centrafricain Abdoulaye Miskine devant la justice tchadienne\"},{\"@type\":\"BreadcrumbList\",\"@id\":\"https:\/\/www.africa-press.net\/tchad\/politique\/le-chef-rebelle-centrafricain-abdoulaye-miskine-devant-la-justice-tchadienne#breadcrumb\",\"itemListElement\":[{\"@type\":\"ListItem\",\"position\":1,\"name\":\"Accueil\",\"item\":\"https:\/\/www.africa-press.net\/tchad\/\"},{\"@type\":\"ListItem\",\"position\":2,\"name\":\"Le chef rebelle centrafricain Abdoulaye Miskine devant la justice tchadienne\"}]},{\"@type\":\"WebSite\",\"@id\":\"https:\/\/www.africa-press.net\/tchad\/#website\",\"url\":\"https:\/\/www.africa-press.net\/tchad\/\",\"name\":\"tchad\",\"description\":\"Just another Africa News Agency Sites site\",\"potentialAction\":[{\"@type\":\"SearchAction\",\"target\":{\"@type\":\"EntryPoint\",\"urlTemplate\":\"https:\/\/www.africa-press.net\/tchad\/?s={search_term_string}\"},\"query-input\":{\"@type\":\"PropertyValueSpecification\",\"valueRequired\":true,\"valueName\":\"search_term_string\"}}],\"inLanguage\":\"fr-FR\"},{\"@type\":\"Person\",\"@id\":\"https:\/\/www.africa-press.net\/tchad\/#\/schema\/person\/2b1cf3cd81a31e3cd26889ca66d677f1\",\"name\":\"cfeditorfr\"}]}<\/script>\n<!-- \/ Yoast SEO Premium plugin. -->","yoast_head_json":{"title":"Le chef rebelle centrafricain Abdoulaye Miskine devant la justice tchadienne - tchad","description":"Le proc\u00e8s d\u2019Abdoulaye Miskine et de trois membres de la r\u00e9bellion centrafricaine a commenc\u00e9 vendredi 29 juillet. Le chef ...","robots":{"index":"index","follow":"follow","max-snippet":"max-snippet:-1","max-image-preview":"max-image-preview:large","max-video-preview":"max-video-preview:-1"},"canonical":"https:\/\/www.africa-press.net\/tchad\/politique\/le-chef-rebelle-centrafricain-abdoulaye-miskine-devant-la-justice-tchadienne","og_locale":"fr_FR","og_type":"article","og_title":"Le chef rebelle centrafricain Abdoulaye Miskine devant la justice tchadienne","og_description":"Le proc\u00e8s d\u2019Abdoulaye Miskine et de trois membres de la r\u00e9bellion centrafricaine a commenc\u00e9 vendredi 29 juillet. Le chef ...","og_url":"https:\/\/www.africa-press.net\/tchad\/politique\/le-chef-rebelle-centrafricain-abdoulaye-miskine-devant-la-justice-tchadienne","og_site_name":"tchad","article_published_time":"2022-07-31T15:45:51+00:00","article_modified_time":"2022-07-31T16:12:05+00:00","og_image":[{"width":1024,"height":576,"url":"https:\/\/static.africa-press.net\/tchad\/sites\/41\/2022\/07\/postQueueImg_23-62e6a9b62bb90.jpg","type":"image\/jpeg"}],"author":"cfeditorfr","twitter_card":"summary_large_image","twitter_misc":{"\u00c9crit par":"cfeditorfr","Dur\u00e9e de lecture estim\u00e9e":"2 minutes"},"schema":{"@context":"https:\/\/schema.org","@graph":[{"@type":"Article","@id":"https:\/\/www.africa-press.net\/tchad\/politique\/le-chef-rebelle-centrafricain-abdoulaye-miskine-devant-la-justice-tchadienne#article","isPartOf":{"@id":"https:\/\/www.africa-press.net\/tchad\/politique\/le-chef-rebelle-centrafricain-abdoulaye-miskine-devant-la-justice-tchadienne"},"author":{"name":"cfeditorfr","@id":"https:\/\/www.africa-press.net\/tchad\/#\/schema\/person\/2b1cf3cd81a31e3cd26889ca66d677f1"},"headline":"Le chef rebelle centrafricain Abdoulaye Miskine devant la justice tchadienne","datePublished":"2022-07-31T15:45:51+00:00","dateModified":"2022-07-31T16:12:05+00:00","mainEntityOfPage":{"@id":"https:\/\/www.africa-press.net\/tchad\/politique\/le-chef-rebelle-centrafricain-abdoulaye-miskine-devant-la-justice-tchadienne"},"wordCount":308,"commentCount":0,"image":{"@id":"https:\/\/www.africa-press.net\/tchad\/politique\/le-chef-rebelle-centrafricain-abdoulaye-miskine-devant-la-justice-tchadienne#primaryimage"},"thumbnailUrl":"https:\/\/static.africa-press.net\/tchad\/sites\/41\/2022\/07\/postQueueImg_23-62e6a9b62bb90.jpg","keywords":["Africa Press","Africa Press-Tchad","Tchad"],"articleSection":["homepage-french","Politique","Top Nouvelles","Toutes les actualit\u00e9s"],"inLanguage":"fr-FR","potentialAction":[{"@type":"CommentAction","name":"Comment","target":["https:\/\/www.africa-press.net\/tchad\/politique\/le-chef-rebelle-centrafricain-abdoulaye-miskine-devant-la-justice-tchadienne#respond"]}]},{"@type":"WebPage","@id":"https:\/\/www.africa-press.net\/tchad\/politique\/le-chef-rebelle-centrafricain-abdoulaye-miskine-devant-la-justice-tchadienne","url":"https:\/\/www.africa-press.net\/tchad\/politique\/le-chef-rebelle-centrafricain-abdoulaye-miskine-devant-la-justice-tchadienne","name":"Le chef rebelle centrafricain Abdoulaye Miskine devant la justice tchadienne - tchad","isPartOf":{"@id":"https:\/\/www.africa-press.net\/tchad\/#website"},"primaryImageOfPage":{"@id":"https:\/\/www.africa-press.net\/tchad\/politique\/le-chef-rebelle-centrafricain-abdoulaye-miskine-devant-la-justice-tchadienne#primaryimage"},"image":{"@id":"https:\/\/www.africa-press.net\/tchad\/politique\/le-chef-rebelle-centrafricain-abdoulaye-miskine-devant-la-justice-tchadienne#primaryimage"},"thumbnailUrl":"https:\/\/static.africa-press.net\/tchad\/sites\/41\/2022\/07\/postQueueImg_23-62e6a9b62bb90.jpg","datePublished":"2022-07-31T15:45:51+00:00","dateModified":"2022-07-31T16:12:05+00:00","author":{"@id":"https:\/\/www.africa-press.net\/tchad\/#\/schema\/person\/2b1cf3cd81a31e3cd26889ca66d677f1"},"description":"Le proc\u00e8s d\u2019Abdoulaye Miskine et de trois membres de la r\u00e9bellion centrafricaine a commenc\u00e9 vendredi 29 juillet. Le chef ...","breadcrumb":{"@id":"https:\/\/www.africa-press.net\/tchad\/politique\/le-chef-rebelle-centrafricain-abdoulaye-miskine-devant-la-justice-tchadienne#breadcrumb"},"inLanguage":"fr-FR","potentialAction":[{"@type":"ReadAction","target":["https:\/\/www.africa-press.net\/tchad\/politique\/le-chef-rebelle-centrafricain-abdoulaye-miskine-devant-la-justice-tchadienne"]}]},{"@type":"ImageObject","inLanguage":"fr-FR","@id":"https:\/\/www.africa-press.net\/tchad\/politique\/le-chef-rebelle-centrafricain-abdoulaye-miskine-devant-la-justice-tchadienne#primaryimage","url":"https:\/\/static.africa-press.net\/tchad\/sites\/41\/2022\/07\/postQueueImg_23-62e6a9b62bb90.jpg","contentUrl":"https:\/\/static.africa-press.net\/tchad\/sites\/41\/2022\/07\/postQueueImg_23-62e6a9b62bb90.jpg","width":1024,"height":576,"caption":"Le chef rebelle centrafricain Abdoulaye Miskine devant la justice tchadienne"},{"@type":"BreadcrumbList","@id":"https:\/\/www.africa-press.net\/tchad\/politique\/le-chef-rebelle-centrafricain-abdoulaye-miskine-devant-la-justice-tchadienne#breadcrumb","itemListElement":[{"@type":"ListItem","position":1,"name":"Accueil","item":"https:\/\/www.africa-press.net\/tchad\/"},{"@type":"ListItem","position":2,"name":"Le chef rebelle centrafricain Abdoulaye Miskine devant la justice tchadienne"}]},{"@type":"WebSite","@id":"https:\/\/www.africa-press.net\/tchad\/#website","url":"https:\/\/www.africa-press.net\/tchad\/","name":"tchad","description":"Just another Africa News Agency Sites site","potentialAction":[{"@type":"SearchAction","target":{"@type":"EntryPoint","urlTemplate":"https:\/\/www.africa-press.net\/tchad\/?s={search_term_string}"},"query-input":{"@type":"PropertyValueSpecification","valueRequired":true,"valueName":"search_term_string"}}],"inLanguage":"fr-FR"},{"@type":"Person","@id":"https:\/\/www.africa-press.net\/tchad\/#\/schema\/person\/2b1cf3cd81a31e3cd26889ca66d677f1","name":"cfeditorfr"}]}},"_links":{"self":[{"href":"https:\/\/www.africa-press.net\/tchad\/wp-json\/wp\/v2\/posts\/29837","targetHints":{"allow":["GET"]}}],"collection":[{"href":"https:\/\/www.africa-press.net\/tchad\/wp-json\/wp\/v2\/posts"}],"about":[{"href":"https:\/\/www.africa-press.net\/tchad\/wp-json\/wp\/v2\/types\/post"}],"author":[{"embeddable":true,"href":"https:\/\/www.africa-press.net\/tchad\/wp-json\/wp\/v2\/users\/82"}],"replies":[{"embeddable":true,"href":"https:\/\/www.africa-press.net\/tchad\/wp-json\/wp\/v2\/comments?post=29837"}],"version-history":[{"count":0,"href":"https:\/\/www.africa-press.net\/tchad\/wp-json\/wp\/v2\/posts\/29837\/revisions"}],"wp:featuredmedia":[{"embeddable":true,"href":"https:\/\/www.africa-press.net\/tchad\/wp-json\/wp\/v2\/media\/29836"}],"wp:attachment":[{"href":"https:\/\/www.africa-press.net\/tchad\/wp-json\/wp\/v2\/media?parent=29837"}],"wp:term":[{"taxonomy":"category","embeddable":true,"href":"https:\/\/www.africa-press.net\/tchad\/wp-json\/wp\/v2\/categories?post=29837"},{"taxonomy":"post_tag","embeddable":true,"href":"https:\/\/www.africa-press.net\/tchad\/wp-json\/wp\/v2\/tags?post=29837"}],"curies":[{"name":"wp","href":"https:\/\/api.w.org\/{rel}","templated":true}]}}