{"id":29849,"date":"2022-07-31T17:42:59","date_gmt":"2022-07-31T17:42:59","guid":{"rendered":"https:\/\/www.africa-press.net\/tchad\/politique\/mahamat-idriss-deby-va-t-il-ceder-le-pouvoir"},"modified":"2022-07-31T17:51:18","modified_gmt":"2022-07-31T17:51:18","slug":"mahamat-idriss-deby-va-t-il-ceder-le-pouvoir","status":"publish","type":"post","link":"https:\/\/www.africa-press.net\/tchad\/politique\/mahamat-idriss-deby-va-t-il-ceder-le-pouvoir","title":{"rendered":"Mahamat Idriss D\u00e9by va-t-il c\u00e9der le pouvoir ?"},"content":{"rendered":"<p><span style=\"color: #ff6600\"><strong>Africa-Press &#8211; Tchad. <\/strong><\/span>H\u00e9rit\u00e9 d&rsquo;un pouvoir militaire-dictatorial, la Communaut\u00e9 Internationale, derri\u00e8re la stabilit\u00e9 de fa\u00e7ade, a l\u00e9gitim\u00e9 la prise de pouvoir de Mahamat Idriss D\u00e9by apr\u00e8s le d\u00e9c\u00e8s de son p\u00e8re au front.<\/p>\n<p>Et ce pour une dur\u00e9e de 18 mois afin d&rsquo;organiser un dialogue national exclusif d\u00e9bouchant sur une nouvelle Constitution, tout en organisant une \u00e9lection libre et transparente que le Tchad n&rsquo;a pas connu depuis l&rsquo;annonce de sa souverainet\u00e9.<\/p>\n<p>Plus religieux que son p\u00e8re, Mahamat tend la main aux groupes politico-militaires afin qu&rsquo;aucun tchadien ne soit exclut du concert de la paix. Pourtant, c&rsquo;est la premi\u00e8re erreur car entre la transition et ces rebelles, nul n&rsquo;est l\u00e9gitime.<\/p>\n<p>C&rsquo;est pourquoi cette assise \u00e0 Doha n&rsquo;est qu&rsquo;une r\u00e9union de ceux qui d\u00e9fendent leur int\u00e9r\u00eat par la voie des armes. M\u00eame si le grand vent de la r\u00e9conciliation nationale continu de souffler au Tchad.<\/p>\n<p>Mahamat Idriss D\u00e9by peine \u00e0 trouver une strat\u00e9gie de porte de sortie. Toutefois, il d\u00e9tient la cl\u00e9 de l&rsquo;enfer et du paradis pour le destin du peuple. S&rsquo;il ouvre la mauvaise porte, bonjour les d\u00e9g\u00e2ts.<\/p>\n<p>Pour l&rsquo;heure, l&rsquo;agenda \u00ab\u00a0Itnocratie\u00a0\u00bb n&rsquo;est pas d\u00e9voil\u00e9, mais les postes cl\u00e9s de cette transition sont entre les mains du fils et des fid\u00e8les du parti MPS.<\/p>\n<p>La date de cette grande rencontre est d\u00e9j\u00e0 connue, les pr\u00e9paratifs vont bon train, le peuple a les yeux ouverts et les oreilles tendues. C&rsquo;est pourquoi Mahamat Idriss D\u00e9by n&rsquo;a pas droit \u00e0 l&rsquo;erreur.<\/p>\n<p>M\u00eame si son p\u00e8re a g\u00e9r\u00e9 le Tchad avec une m\u00e9thode de 30 ans, la g\u00e9n\u00e9ration actuelle n&rsquo;a pas peur de la mort. La paix a un prix, Mahamat doit sortir comme un h\u00e9ros couronn\u00e9 par les tchadiens. Si non l&rsquo;histoire sera \u00e9crite \u00e0 l&rsquo;inverse sur son front.<\/p>\n<p><strong>Pour plus d&rsquo;informations et d&rsquo;analyses sur la <a href=\"https:\/\/www.africa-press.net\/tchad\">Tchad<\/a>, suivez <a href=\"https:\/\/www.africa-press.net\/\">Africa-Press<\/a><\/strong><\/p>\n","protected":false},"excerpt":{"rendered":"<p>Africa-Press &#8211; Tchad. H\u00e9rit\u00e9 d&rsquo;un pouvoir militaire-dictatorial, la Communaut\u00e9 Internationale, derri\u00e8re la stabilit\u00e9 de fa\u00e7ade, a l\u00e9gitim\u00e9 la prise de pouvoir de Mahamat Idriss D\u00e9by apr\u00e8s le d\u00e9c\u00e8s de son p\u00e8re au front. Et ce pour une dur\u00e9e de 18 mois afin d&rsquo;organiser un dialogue national exclusif d\u00e9bouchant sur une nouvelle Constitution, tout en organisant [&hellip;]<\/p>\n","protected":false},"author":82,"featured_media":29848,"comment_status":"open","ping_status":"closed","sticky":false,"template":"","format":"standard","meta":{"footnotes":""},"categories":[11,2,20,10],"tags":[37,292,29],"class_list":["post-29849","post","type-post","status-publish","format-standard","has-post-thumbnail","hentry","category-homepage-french","category-politique","category-top-nouvelles","category-toutes-les-actualites","tag-africa-press","tag-africa-press-tchad","tag-tchad"],"yoast_head":"<!-- This site is optimized with the Yoast SEO Premium plugin v26.1 (Yoast SEO v27.0) - https:\/\/yoast.com\/product\/yoast-seo-premium-wordpress\/ -->\n<title>Mahamat Idriss D\u00e9by va-t-il c\u00e9der le pouvoir ? - tchad<\/title>\n<meta name=\"description\" content=\"H\u00e9rit\u00e9 d&#039;un pouvoir militaire-dictatorial, la Communaut\u00e9 Internationale, derri\u00e8re la stabilit\u00e9 de fa\u00e7ade, a l\u00e9gitim\u00e9 la ...\" \/>\n<meta name=\"robots\" content=\"index, follow, max-snippet:-1, max-image-preview:large, max-video-preview:-1\" \/>\n<link rel=\"canonical\" href=\"https:\/\/www.africa-press.net\/tchad\/politique\/mahamat-idriss-deby-va-t-il-ceder-le-pouvoir\" \/>\n<meta property=\"og:locale\" content=\"fr_FR\" \/>\n<meta property=\"og:type\" content=\"article\" \/>\n<meta property=\"og:title\" content=\"Mahamat Idriss D\u00e9by va-t-il c\u00e9der le pouvoir ?\" \/>\n<meta property=\"og:description\" content=\"H\u00e9rit\u00e9 d&#039;un pouvoir militaire-dictatorial, la Communaut\u00e9 Internationale, derri\u00e8re la stabilit\u00e9 de fa\u00e7ade, a l\u00e9gitim\u00e9 la ...\" \/>\n<meta property=\"og:url\" content=\"https:\/\/www.africa-press.net\/tchad\/politique\/mahamat-idriss-deby-va-t-il-ceder-le-pouvoir\" \/>\n<meta property=\"og:site_name\" content=\"tchad\" \/>\n<meta property=\"article:published_time\" content=\"2022-07-31T17:42:59+00:00\" \/>\n<meta property=\"article:modified_time\" content=\"2022-07-31T17:51:18+00:00\" \/>\n<meta property=\"og:image\" content=\"https:\/\/static.africa-press.net\/tchad\/sites\/41\/2022\/07\/postQueueImg_4-62e6c0fce3768.jpg\" \/>\n\t<meta property=\"og:image:width\" content=\"737\" \/>\n\t<meta property=\"og:image:height\" content=\"486\" \/>\n\t<meta property=\"og:image:type\" content=\"image\/jpeg\" \/>\n<meta name=\"author\" content=\"cfeditorfr\" \/>\n<meta name=\"twitter:card\" content=\"summary_large_image\" \/>\n<meta name=\"twitter:label1\" content=\"\u00c9crit par\" \/>\n\t<meta name=\"twitter:data1\" content=\"cfeditorfr\" \/>\n\t<meta name=\"twitter:label2\" content=\"Dur\u00e9e de lecture estim\u00e9e\" \/>\n\t<meta name=\"twitter:data2\" content=\"2 minutes\" \/>\n<script type=\"application\/ld+json\" class=\"yoast-schema-graph\">{\"@context\":\"https:\/\/schema.org\",\"@graph\":[{\"@type\":\"Article\",\"@id\":\"https:\/\/www.africa-press.net\/tchad\/politique\/mahamat-idriss-deby-va-t-il-ceder-le-pouvoir#article\",\"isPartOf\":{\"@id\":\"https:\/\/www.africa-press.net\/tchad\/politique\/mahamat-idriss-deby-va-t-il-ceder-le-pouvoir\"},\"author\":{\"name\":\"cfeditorfr\",\"@id\":\"https:\/\/www.africa-press.net\/tchad\/#\/schema\/person\/2b1cf3cd81a31e3cd26889ca66d677f1\"},\"headline\":\"Mahamat Idriss D\u00e9by va-t-il c\u00e9der le pouvoir ?\",\"datePublished\":\"2022-07-31T17:42:59+00:00\",\"dateModified\":\"2022-07-31T17:51:18+00:00\",\"mainEntityOfPage\":{\"@id\":\"https:\/\/www.africa-press.net\/tchad\/politique\/mahamat-idriss-deby-va-t-il-ceder-le-pouvoir\"},\"wordCount\":360,\"commentCount\":0,\"image\":{\"@id\":\"https:\/\/www.africa-press.net\/tchad\/politique\/mahamat-idriss-deby-va-t-il-ceder-le-pouvoir#primaryimage\"},\"thumbnailUrl\":\"https:\/\/static.africa-press.net\/tchad\/sites\/41\/2022\/07\/postQueueImg_4-62e6c0fce3768.jpg\",\"keywords\":[\"Africa Press\",\"Africa Press-Tchad\",\"Tchad\"],\"articleSection\":[\"homepage-french\",\"Politique\",\"Top Nouvelles\",\"Toutes les actualit\u00e9s\"],\"inLanguage\":\"fr-FR\",\"potentialAction\":[{\"@type\":\"CommentAction\",\"name\":\"Comment\",\"target\":[\"https:\/\/www.africa-press.net\/tchad\/politique\/mahamat-idriss-deby-va-t-il-ceder-le-pouvoir#respond\"]}]},{\"@type\":\"WebPage\",\"@id\":\"https:\/\/www.africa-press.net\/tchad\/politique\/mahamat-idriss-deby-va-t-il-ceder-le-pouvoir\",\"url\":\"https:\/\/www.africa-press.net\/tchad\/politique\/mahamat-idriss-deby-va-t-il-ceder-le-pouvoir\",\"name\":\"Mahamat Idriss D\u00e9by va-t-il c\u00e9der le pouvoir ? - tchad\",\"isPartOf\":{\"@id\":\"https:\/\/www.africa-press.net\/tchad\/#website\"},\"primaryImageOfPage\":{\"@id\":\"https:\/\/www.africa-press.net\/tchad\/politique\/mahamat-idriss-deby-va-t-il-ceder-le-pouvoir#primaryimage\"},\"image\":{\"@id\":\"https:\/\/www.africa-press.net\/tchad\/politique\/mahamat-idriss-deby-va-t-il-ceder-le-pouvoir#primaryimage\"},\"thumbnailUrl\":\"https:\/\/static.africa-press.net\/tchad\/sites\/41\/2022\/07\/postQueueImg_4-62e6c0fce3768.jpg\",\"datePublished\":\"2022-07-31T17:42:59+00:00\",\"dateModified\":\"2022-07-31T17:51:18+00:00\",\"author\":{\"@id\":\"https:\/\/www.africa-press.net\/tchad\/#\/schema\/person\/2b1cf3cd81a31e3cd26889ca66d677f1\"},\"description\":\"H\u00e9rit\u00e9 d'un pouvoir militaire-dictatorial, la Communaut\u00e9 Internationale, derri\u00e8re la stabilit\u00e9 de fa\u00e7ade, a l\u00e9gitim\u00e9 la ...\",\"breadcrumb\":{\"@id\":\"https:\/\/www.africa-press.net\/tchad\/politique\/mahamat-idriss-deby-va-t-il-ceder-le-pouvoir#breadcrumb\"},\"inLanguage\":\"fr-FR\",\"potentialAction\":[{\"@type\":\"ReadAction\",\"target\":[\"https:\/\/www.africa-press.net\/tchad\/politique\/mahamat-idriss-deby-va-t-il-ceder-le-pouvoir\"]}]},{\"@type\":\"ImageObject\",\"inLanguage\":\"fr-FR\",\"@id\":\"https:\/\/www.africa-press.net\/tchad\/politique\/mahamat-idriss-deby-va-t-il-ceder-le-pouvoir#primaryimage\",\"url\":\"https:\/\/static.africa-press.net\/tchad\/sites\/41\/2022\/07\/postQueueImg_4-62e6c0fce3768.jpg\",\"contentUrl\":\"https:\/\/static.africa-press.net\/tchad\/sites\/41\/2022\/07\/postQueueImg_4-62e6c0fce3768.jpg\",\"width\":737,\"height\":486,\"caption\":\"Mahamat Idriss D\u00e9by va-t-il c\u00e9der le pouvoir ?\"},{\"@type\":\"BreadcrumbList\",\"@id\":\"https:\/\/www.africa-press.net\/tchad\/politique\/mahamat-idriss-deby-va-t-il-ceder-le-pouvoir#breadcrumb\",\"itemListElement\":[{\"@type\":\"ListItem\",\"position\":1,\"name\":\"Accueil\",\"item\":\"https:\/\/www.africa-press.net\/tchad\/\"},{\"@type\":\"ListItem\",\"position\":2,\"name\":\"Mahamat Idriss D\u00e9by va-t-il c\u00e9der le pouvoir ?\"}]},{\"@type\":\"WebSite\",\"@id\":\"https:\/\/www.africa-press.net\/tchad\/#website\",\"url\":\"https:\/\/www.africa-press.net\/tchad\/\",\"name\":\"tchad\",\"description\":\"Just another Africa News Agency Sites site\",\"potentialAction\":[{\"@type\":\"SearchAction\",\"target\":{\"@type\":\"EntryPoint\",\"urlTemplate\":\"https:\/\/www.africa-press.net\/tchad\/?s={search_term_string}\"},\"query-input\":{\"@type\":\"PropertyValueSpecification\",\"valueRequired\":true,\"valueName\":\"search_term_string\"}}],\"inLanguage\":\"fr-FR\"},{\"@type\":\"Person\",\"@id\":\"https:\/\/www.africa-press.net\/tchad\/#\/schema\/person\/2b1cf3cd81a31e3cd26889ca66d677f1\",\"name\":\"cfeditorfr\"}]}<\/script>\n<!-- \/ Yoast SEO Premium plugin. -->","yoast_head_json":{"title":"Mahamat Idriss D\u00e9by va-t-il c\u00e9der le pouvoir ? - tchad","description":"H\u00e9rit\u00e9 d'un pouvoir militaire-dictatorial, la Communaut\u00e9 Internationale, derri\u00e8re la stabilit\u00e9 de fa\u00e7ade, a l\u00e9gitim\u00e9 la ...","robots":{"index":"index","follow":"follow","max-snippet":"max-snippet:-1","max-image-preview":"max-image-preview:large","max-video-preview":"max-video-preview:-1"},"canonical":"https:\/\/www.africa-press.net\/tchad\/politique\/mahamat-idriss-deby-va-t-il-ceder-le-pouvoir","og_locale":"fr_FR","og_type":"article","og_title":"Mahamat Idriss D\u00e9by va-t-il c\u00e9der le pouvoir ?","og_description":"H\u00e9rit\u00e9 d'un pouvoir militaire-dictatorial, la Communaut\u00e9 Internationale, derri\u00e8re la stabilit\u00e9 de fa\u00e7ade, a l\u00e9gitim\u00e9 la ...","og_url":"https:\/\/www.africa-press.net\/tchad\/politique\/mahamat-idriss-deby-va-t-il-ceder-le-pouvoir","og_site_name":"tchad","article_published_time":"2022-07-31T17:42:59+00:00","article_modified_time":"2022-07-31T17:51:18+00:00","og_image":[{"width":737,"height":486,"url":"https:\/\/static.africa-press.net\/tchad\/sites\/41\/2022\/07\/postQueueImg_4-62e6c0fce3768.jpg","type":"image\/jpeg"}],"author":"cfeditorfr","twitter_card":"summary_large_image","twitter_misc":{"\u00c9crit par":"cfeditorfr","Dur\u00e9e de lecture estim\u00e9e":"2 minutes"},"schema":{"@context":"https:\/\/schema.org","@graph":[{"@type":"Article","@id":"https:\/\/www.africa-press.net\/tchad\/politique\/mahamat-idriss-deby-va-t-il-ceder-le-pouvoir#article","isPartOf":{"@id":"https:\/\/www.africa-press.net\/tchad\/politique\/mahamat-idriss-deby-va-t-il-ceder-le-pouvoir"},"author":{"name":"cfeditorfr","@id":"https:\/\/www.africa-press.net\/tchad\/#\/schema\/person\/2b1cf3cd81a31e3cd26889ca66d677f1"},"headline":"Mahamat Idriss D\u00e9by va-t-il c\u00e9der le pouvoir ?","datePublished":"2022-07-31T17:42:59+00:00","dateModified":"2022-07-31T17:51:18+00:00","mainEntityOfPage":{"@id":"https:\/\/www.africa-press.net\/tchad\/politique\/mahamat-idriss-deby-va-t-il-ceder-le-pouvoir"},"wordCount":360,"commentCount":0,"image":{"@id":"https:\/\/www.africa-press.net\/tchad\/politique\/mahamat-idriss-deby-va-t-il-ceder-le-pouvoir#primaryimage"},"thumbnailUrl":"https:\/\/static.africa-press.net\/tchad\/sites\/41\/2022\/07\/postQueueImg_4-62e6c0fce3768.jpg","keywords":["Africa Press","Africa Press-Tchad","Tchad"],"articleSection":["homepage-french","Politique","Top Nouvelles","Toutes les actualit\u00e9s"],"inLanguage":"fr-FR","potentialAction":[{"@type":"CommentAction","name":"Comment","target":["https:\/\/www.africa-press.net\/tchad\/politique\/mahamat-idriss-deby-va-t-il-ceder-le-pouvoir#respond"]}]},{"@type":"WebPage","@id":"https:\/\/www.africa-press.net\/tchad\/politique\/mahamat-idriss-deby-va-t-il-ceder-le-pouvoir","url":"https:\/\/www.africa-press.net\/tchad\/politique\/mahamat-idriss-deby-va-t-il-ceder-le-pouvoir","name":"Mahamat Idriss D\u00e9by va-t-il c\u00e9der le pouvoir ? - tchad","isPartOf":{"@id":"https:\/\/www.africa-press.net\/tchad\/#website"},"primaryImageOfPage":{"@id":"https:\/\/www.africa-press.net\/tchad\/politique\/mahamat-idriss-deby-va-t-il-ceder-le-pouvoir#primaryimage"},"image":{"@id":"https:\/\/www.africa-press.net\/tchad\/politique\/mahamat-idriss-deby-va-t-il-ceder-le-pouvoir#primaryimage"},"thumbnailUrl":"https:\/\/static.africa-press.net\/tchad\/sites\/41\/2022\/07\/postQueueImg_4-62e6c0fce3768.jpg","datePublished":"2022-07-31T17:42:59+00:00","dateModified":"2022-07-31T17:51:18+00:00","author":{"@id":"https:\/\/www.africa-press.net\/tchad\/#\/schema\/person\/2b1cf3cd81a31e3cd26889ca66d677f1"},"description":"H\u00e9rit\u00e9 d'un pouvoir militaire-dictatorial, la Communaut\u00e9 Internationale, derri\u00e8re la stabilit\u00e9 de fa\u00e7ade, a l\u00e9gitim\u00e9 la ...","breadcrumb":{"@id":"https:\/\/www.africa-press.net\/tchad\/politique\/mahamat-idriss-deby-va-t-il-ceder-le-pouvoir#breadcrumb"},"inLanguage":"fr-FR","potentialAction":[{"@type":"ReadAction","target":["https:\/\/www.africa-press.net\/tchad\/politique\/mahamat-idriss-deby-va-t-il-ceder-le-pouvoir"]}]},{"@type":"ImageObject","inLanguage":"fr-FR","@id":"https:\/\/www.africa-press.net\/tchad\/politique\/mahamat-idriss-deby-va-t-il-ceder-le-pouvoir#primaryimage","url":"https:\/\/static.africa-press.net\/tchad\/sites\/41\/2022\/07\/postQueueImg_4-62e6c0fce3768.jpg","contentUrl":"https:\/\/static.africa-press.net\/tchad\/sites\/41\/2022\/07\/postQueueImg_4-62e6c0fce3768.jpg","width":737,"height":486,"caption":"Mahamat Idriss D\u00e9by va-t-il c\u00e9der le pouvoir ?"},{"@type":"BreadcrumbList","@id":"https:\/\/www.africa-press.net\/tchad\/politique\/mahamat-idriss-deby-va-t-il-ceder-le-pouvoir#breadcrumb","itemListElement":[{"@type":"ListItem","position":1,"name":"Accueil","item":"https:\/\/www.africa-press.net\/tchad\/"},{"@type":"ListItem","position":2,"name":"Mahamat Idriss D\u00e9by va-t-il c\u00e9der le pouvoir ?"}]},{"@type":"WebSite","@id":"https:\/\/www.africa-press.net\/tchad\/#website","url":"https:\/\/www.africa-press.net\/tchad\/","name":"tchad","description":"Just another Africa News Agency Sites site","potentialAction":[{"@type":"SearchAction","target":{"@type":"EntryPoint","urlTemplate":"https:\/\/www.africa-press.net\/tchad\/?s={search_term_string}"},"query-input":{"@type":"PropertyValueSpecification","valueRequired":true,"valueName":"search_term_string"}}],"inLanguage":"fr-FR"},{"@type":"Person","@id":"https:\/\/www.africa-press.net\/tchad\/#\/schema\/person\/2b1cf3cd81a31e3cd26889ca66d677f1","name":"cfeditorfr"}]}},"_links":{"self":[{"href":"https:\/\/www.africa-press.net\/tchad\/wp-json\/wp\/v2\/posts\/29849","targetHints":{"allow":["GET"]}}],"collection":[{"href":"https:\/\/www.africa-press.net\/tchad\/wp-json\/wp\/v2\/posts"}],"about":[{"href":"https:\/\/www.africa-press.net\/tchad\/wp-json\/wp\/v2\/types\/post"}],"author":[{"embeddable":true,"href":"https:\/\/www.africa-press.net\/tchad\/wp-json\/wp\/v2\/users\/82"}],"replies":[{"embeddable":true,"href":"https:\/\/www.africa-press.net\/tchad\/wp-json\/wp\/v2\/comments?post=29849"}],"version-history":[{"count":0,"href":"https:\/\/www.africa-press.net\/tchad\/wp-json\/wp\/v2\/posts\/29849\/revisions"}],"wp:featuredmedia":[{"embeddable":true,"href":"https:\/\/www.africa-press.net\/tchad\/wp-json\/wp\/v2\/media\/29848"}],"wp:attachment":[{"href":"https:\/\/www.africa-press.net\/tchad\/wp-json\/wp\/v2\/media?parent=29849"}],"wp:term":[{"taxonomy":"category","embeddable":true,"href":"https:\/\/www.africa-press.net\/tchad\/wp-json\/wp\/v2\/categories?post=29849"},{"taxonomy":"post_tag","embeddable":true,"href":"https:\/\/www.africa-press.net\/tchad\/wp-json\/wp\/v2\/tags?post=29849"}],"curies":[{"name":"wp","href":"https:\/\/api.w.org\/{rel}","templated":true}]}}