{"id":29858,"date":"2022-07-31T17:44:48","date_gmt":"2022-07-31T17:44:48","guid":{"rendered":"https:\/\/www.africa-press.net\/tchad\/politique\/le-gouverneur-du-guera-en-tournee-dans-le-departement-dabtouyour"},"modified":"2022-07-31T17:52:43","modified_gmt":"2022-07-31T17:52:43","slug":"le-gouverneur-du-guera-en-tournee-dans-le-departement-dabtouyour","status":"publish","type":"post","link":"https:\/\/www.africa-press.net\/tchad\/politique\/le-gouverneur-du-guera-en-tournee-dans-le-departement-dabtouyour","title":{"rendered":"le gouverneur du Gu\u00e9ra en tourn\u00e9e dans le d\u00e9partement d&rsquo;Abtouyour"},"content":{"rendered":"<p><span style=\"color: #ff6600\"><strong>Africa-Press &#8211; Tchad. <\/strong><\/span><a name=\"para_1\"><\/a>D\u00e8s son arriv\u00e9e, le gouverneur a tenu successivement plusieurs rencontres avec les leaders des groupement des femmes et des jeunes, les leaders des confessions religieuses ainsi que les responsables des diff\u00e9rents partis politiques implant\u00e9s dans le d\u00e9partement d&rsquo;Abtouyour.<\/p>\n<p>Le premier magistrat de la province a livr\u00e9 le message des plus hautes autorit\u00e9s relatif a la tenue du dialogue nationale inclusif qui se pointe \u00e0 l&rsquo;horizon. L&rsquo;objectif de ces diff\u00e9rentes s\u00e9ances est de faire passer le message sur la cohabitation pacifique, le vivre ensemble et la culture de la paix.<\/p>\n<p>Le gouverneur lance un appel \u00e0 toutes les couches socio-professionnelles du d\u00e9partement afin d&rsquo;intensifier \u00e0 la base sur la promotion de la culture de la paix. Sougour Mahamat Galma s&rsquo;est pench\u00e9 \u00e9galement sur la question de la s\u00e9curit\u00e9 et la coh\u00e9sion sociale afin que la province conserve ses lettres de noblesse. Il a saisi l&rsquo;opportunit\u00e9 pour toucher au doigt les probl\u00e8mes qui minent la soci\u00e9t\u00e9.<\/p>\n<p>Le gouverneur de la province du Gu\u00e9ra a exhort\u00e9 les partis politiques \u00e0 participer \u00e0 accompagner le processus du dialogue national inclusif.<\/p>\n<p><strong>Pour plus d&rsquo;informations et d&rsquo;analyses sur la <a href=\"https:\/\/www.africa-press.net\/tchad\">Tchad<\/a>, suivez <a href=\"https:\/\/www.africa-press.net\/\">Africa-Press<\/a><\/strong><\/p>\n","protected":false},"excerpt":{"rendered":"<p>Africa-Press &#8211; Tchad. D\u00e8s son arriv\u00e9e, le gouverneur a tenu successivement plusieurs rencontres avec les leaders des groupement des femmes et des jeunes, les leaders des confessions religieuses ainsi que les responsables des diff\u00e9rents partis politiques implant\u00e9s dans le d\u00e9partement d&rsquo;Abtouyour. Le premier magistrat de la province a livr\u00e9 le message des plus hautes autorit\u00e9s [&hellip;]<\/p>\n","protected":false},"author":82,"featured_media":29857,"comment_status":"open","ping_status":"closed","sticky":false,"template":"","format":"standard","meta":{"footnotes":""},"categories":[11,2,10],"tags":[37,292,29],"class_list":["post-29858","post","type-post","status-publish","format-standard","has-post-thumbnail","hentry","category-homepage-french","category-politique","category-toutes-les-actualites","tag-africa-press","tag-africa-press-tchad","tag-tchad"],"yoast_head":"<!-- This site is optimized with the Yoast SEO Premium plugin v26.1 (Yoast SEO v27.0) - https:\/\/yoast.com\/product\/yoast-seo-premium-wordpress\/ -->\n<title>le gouverneur du Gu\u00e9ra en tourn\u00e9e dans le d\u00e9partement d&#039;Abtouyour - tchad<\/title>\n<meta name=\"description\" content=\"D\u00e8s son arriv\u00e9e, le gouverneur a tenu successivement plusieurs rencontres avec les leaders des grou ...\" \/>\n<meta name=\"robots\" content=\"index, follow, max-snippet:-1, max-image-preview:large, max-video-preview:-1\" \/>\n<link rel=\"canonical\" href=\"https:\/\/www.africa-press.net\/tchad\/politique\/le-gouverneur-du-guera-en-tournee-dans-le-departement-dabtouyour\" \/>\n<meta property=\"og:locale\" content=\"fr_FR\" \/>\n<meta property=\"og:type\" content=\"article\" \/>\n<meta property=\"og:title\" content=\"le gouverneur du Gu\u00e9ra en tourn\u00e9e dans le d\u00e9partement d&#039;Abtouyour\" \/>\n<meta property=\"og:description\" content=\"D\u00e8s son arriv\u00e9e, le gouverneur a tenu successivement plusieurs rencontres avec les leaders des grou ...\" \/>\n<meta property=\"og:url\" content=\"https:\/\/www.africa-press.net\/tchad\/politique\/le-gouverneur-du-guera-en-tournee-dans-le-departement-dabtouyour\" \/>\n<meta property=\"og:site_name\" content=\"tchad\" \/>\n<meta property=\"article:published_time\" content=\"2022-07-31T17:44:48+00:00\" \/>\n<meta property=\"article:modified_time\" content=\"2022-07-31T17:52:43+00:00\" \/>\n<meta property=\"og:image\" content=\"https:\/\/static.africa-press.net\/tchad\/sites\/41\/2022\/07\/postQueueImg_7-62e6c155d638c.jpg\" \/>\n\t<meta property=\"og:image:width\" content=\"870\" \/>\n\t<meta property=\"og:image:height\" content=\"490\" \/>\n\t<meta property=\"og:image:type\" content=\"image\/jpeg\" \/>\n<meta name=\"author\" content=\"cfeditorfr\" \/>\n<meta name=\"twitter:card\" content=\"summary_large_image\" \/>\n<meta name=\"twitter:label1\" content=\"\u00c9crit par\" \/>\n\t<meta name=\"twitter:data1\" content=\"cfeditorfr\" \/>\n\t<meta name=\"twitter:label2\" content=\"Dur\u00e9e de lecture estim\u00e9e\" \/>\n\t<meta name=\"twitter:data2\" content=\"1 minute\" \/>\n<script type=\"application\/ld+json\" class=\"yoast-schema-graph\">{\"@context\":\"https:\/\/schema.org\",\"@graph\":[{\"@type\":\"Article\",\"@id\":\"https:\/\/www.africa-press.net\/tchad\/politique\/le-gouverneur-du-guera-en-tournee-dans-le-departement-dabtouyour#article\",\"isPartOf\":{\"@id\":\"https:\/\/www.africa-press.net\/tchad\/politique\/le-gouverneur-du-guera-en-tournee-dans-le-departement-dabtouyour\"},\"author\":{\"name\":\"cfeditorfr\",\"@id\":\"https:\/\/www.africa-press.net\/tchad\/#\/schema\/person\/2b1cf3cd81a31e3cd26889ca66d677f1\"},\"headline\":\"le gouverneur du Gu\u00e9ra en tourn\u00e9e dans le d\u00e9partement d&rsquo;Abtouyour\",\"datePublished\":\"2022-07-31T17:44:48+00:00\",\"dateModified\":\"2022-07-31T17:52:43+00:00\",\"mainEntityOfPage\":{\"@id\":\"https:\/\/www.africa-press.net\/tchad\/politique\/le-gouverneur-du-guera-en-tournee-dans-le-departement-dabtouyour\"},\"wordCount\":220,\"commentCount\":0,\"image\":{\"@id\":\"https:\/\/www.africa-press.net\/tchad\/politique\/le-gouverneur-du-guera-en-tournee-dans-le-departement-dabtouyour#primaryimage\"},\"thumbnailUrl\":\"https:\/\/static.africa-press.net\/tchad\/sites\/41\/2022\/07\/postQueueImg_7-62e6c155d638c.jpg\",\"keywords\":[\"Africa Press\",\"Africa Press-Tchad\",\"Tchad\"],\"articleSection\":[\"homepage-french\",\"Politique\",\"Toutes les actualit\u00e9s\"],\"inLanguage\":\"fr-FR\",\"potentialAction\":[{\"@type\":\"CommentAction\",\"name\":\"Comment\",\"target\":[\"https:\/\/www.africa-press.net\/tchad\/politique\/le-gouverneur-du-guera-en-tournee-dans-le-departement-dabtouyour#respond\"]}]},{\"@type\":\"WebPage\",\"@id\":\"https:\/\/www.africa-press.net\/tchad\/politique\/le-gouverneur-du-guera-en-tournee-dans-le-departement-dabtouyour\",\"url\":\"https:\/\/www.africa-press.net\/tchad\/politique\/le-gouverneur-du-guera-en-tournee-dans-le-departement-dabtouyour\",\"name\":\"le gouverneur du Gu\u00e9ra en tourn\u00e9e dans le d\u00e9partement d'Abtouyour - tchad\",\"isPartOf\":{\"@id\":\"https:\/\/www.africa-press.net\/tchad\/#website\"},\"primaryImageOfPage\":{\"@id\":\"https:\/\/www.africa-press.net\/tchad\/politique\/le-gouverneur-du-guera-en-tournee-dans-le-departement-dabtouyour#primaryimage\"},\"image\":{\"@id\":\"https:\/\/www.africa-press.net\/tchad\/politique\/le-gouverneur-du-guera-en-tournee-dans-le-departement-dabtouyour#primaryimage\"},\"thumbnailUrl\":\"https:\/\/static.africa-press.net\/tchad\/sites\/41\/2022\/07\/postQueueImg_7-62e6c155d638c.jpg\",\"datePublished\":\"2022-07-31T17:44:48+00:00\",\"dateModified\":\"2022-07-31T17:52:43+00:00\",\"author\":{\"@id\":\"https:\/\/www.africa-press.net\/tchad\/#\/schema\/person\/2b1cf3cd81a31e3cd26889ca66d677f1\"},\"description\":\"D\u00e8s son arriv\u00e9e, le gouverneur a tenu successivement plusieurs rencontres avec les leaders des grou ...\",\"breadcrumb\":{\"@id\":\"https:\/\/www.africa-press.net\/tchad\/politique\/le-gouverneur-du-guera-en-tournee-dans-le-departement-dabtouyour#breadcrumb\"},\"inLanguage\":\"fr-FR\",\"potentialAction\":[{\"@type\":\"ReadAction\",\"target\":[\"https:\/\/www.africa-press.net\/tchad\/politique\/le-gouverneur-du-guera-en-tournee-dans-le-departement-dabtouyour\"]}]},{\"@type\":\"ImageObject\",\"inLanguage\":\"fr-FR\",\"@id\":\"https:\/\/www.africa-press.net\/tchad\/politique\/le-gouverneur-du-guera-en-tournee-dans-le-departement-dabtouyour#primaryimage\",\"url\":\"https:\/\/static.africa-press.net\/tchad\/sites\/41\/2022\/07\/postQueueImg_7-62e6c155d638c.jpg\",\"contentUrl\":\"https:\/\/static.africa-press.net\/tchad\/sites\/41\/2022\/07\/postQueueImg_7-62e6c155d638c.jpg\",\"width\":870,\"height\":490,\"caption\":\"le gouverneur du Gu\u00e9ra en tourn\u00e9e dans le d\u00e9partement d'Abtouyour\"},{\"@type\":\"BreadcrumbList\",\"@id\":\"https:\/\/www.africa-press.net\/tchad\/politique\/le-gouverneur-du-guera-en-tournee-dans-le-departement-dabtouyour#breadcrumb\",\"itemListElement\":[{\"@type\":\"ListItem\",\"position\":1,\"name\":\"Accueil\",\"item\":\"https:\/\/www.africa-press.net\/tchad\/\"},{\"@type\":\"ListItem\",\"position\":2,\"name\":\"le gouverneur du Gu\u00e9ra en tourn\u00e9e dans le d\u00e9partement d&#8217;Abtouyour\"}]},{\"@type\":\"WebSite\",\"@id\":\"https:\/\/www.africa-press.net\/tchad\/#website\",\"url\":\"https:\/\/www.africa-press.net\/tchad\/\",\"name\":\"tchad\",\"description\":\"Just another Africa News Agency Sites site\",\"potentialAction\":[{\"@type\":\"SearchAction\",\"target\":{\"@type\":\"EntryPoint\",\"urlTemplate\":\"https:\/\/www.africa-press.net\/tchad\/?s={search_term_string}\"},\"query-input\":{\"@type\":\"PropertyValueSpecification\",\"valueRequired\":true,\"valueName\":\"search_term_string\"}}],\"inLanguage\":\"fr-FR\"},{\"@type\":\"Person\",\"@id\":\"https:\/\/www.africa-press.net\/tchad\/#\/schema\/person\/2b1cf3cd81a31e3cd26889ca66d677f1\",\"name\":\"cfeditorfr\"}]}<\/script>\n<!-- \/ Yoast SEO Premium plugin. -->","yoast_head_json":{"title":"le gouverneur du Gu\u00e9ra en tourn\u00e9e dans le d\u00e9partement d'Abtouyour - tchad","description":"D\u00e8s son arriv\u00e9e, le gouverneur a tenu successivement plusieurs rencontres avec les leaders des grou ...","robots":{"index":"index","follow":"follow","max-snippet":"max-snippet:-1","max-image-preview":"max-image-preview:large","max-video-preview":"max-video-preview:-1"},"canonical":"https:\/\/www.africa-press.net\/tchad\/politique\/le-gouverneur-du-guera-en-tournee-dans-le-departement-dabtouyour","og_locale":"fr_FR","og_type":"article","og_title":"le gouverneur du Gu\u00e9ra en tourn\u00e9e dans le d\u00e9partement d'Abtouyour","og_description":"D\u00e8s son arriv\u00e9e, le gouverneur a tenu successivement plusieurs rencontres avec les leaders des grou ...","og_url":"https:\/\/www.africa-press.net\/tchad\/politique\/le-gouverneur-du-guera-en-tournee-dans-le-departement-dabtouyour","og_site_name":"tchad","article_published_time":"2022-07-31T17:44:48+00:00","article_modified_time":"2022-07-31T17:52:43+00:00","og_image":[{"width":870,"height":490,"url":"https:\/\/static.africa-press.net\/tchad\/sites\/41\/2022\/07\/postQueueImg_7-62e6c155d638c.jpg","type":"image\/jpeg"}],"author":"cfeditorfr","twitter_card":"summary_large_image","twitter_misc":{"\u00c9crit par":"cfeditorfr","Dur\u00e9e de lecture estim\u00e9e":"1 minute"},"schema":{"@context":"https:\/\/schema.org","@graph":[{"@type":"Article","@id":"https:\/\/www.africa-press.net\/tchad\/politique\/le-gouverneur-du-guera-en-tournee-dans-le-departement-dabtouyour#article","isPartOf":{"@id":"https:\/\/www.africa-press.net\/tchad\/politique\/le-gouverneur-du-guera-en-tournee-dans-le-departement-dabtouyour"},"author":{"name":"cfeditorfr","@id":"https:\/\/www.africa-press.net\/tchad\/#\/schema\/person\/2b1cf3cd81a31e3cd26889ca66d677f1"},"headline":"le gouverneur du Gu\u00e9ra en tourn\u00e9e dans le d\u00e9partement d&rsquo;Abtouyour","datePublished":"2022-07-31T17:44:48+00:00","dateModified":"2022-07-31T17:52:43+00:00","mainEntityOfPage":{"@id":"https:\/\/www.africa-press.net\/tchad\/politique\/le-gouverneur-du-guera-en-tournee-dans-le-departement-dabtouyour"},"wordCount":220,"commentCount":0,"image":{"@id":"https:\/\/www.africa-press.net\/tchad\/politique\/le-gouverneur-du-guera-en-tournee-dans-le-departement-dabtouyour#primaryimage"},"thumbnailUrl":"https:\/\/static.africa-press.net\/tchad\/sites\/41\/2022\/07\/postQueueImg_7-62e6c155d638c.jpg","keywords":["Africa Press","Africa Press-Tchad","Tchad"],"articleSection":["homepage-french","Politique","Toutes les actualit\u00e9s"],"inLanguage":"fr-FR","potentialAction":[{"@type":"CommentAction","name":"Comment","target":["https:\/\/www.africa-press.net\/tchad\/politique\/le-gouverneur-du-guera-en-tournee-dans-le-departement-dabtouyour#respond"]}]},{"@type":"WebPage","@id":"https:\/\/www.africa-press.net\/tchad\/politique\/le-gouverneur-du-guera-en-tournee-dans-le-departement-dabtouyour","url":"https:\/\/www.africa-press.net\/tchad\/politique\/le-gouverneur-du-guera-en-tournee-dans-le-departement-dabtouyour","name":"le gouverneur du Gu\u00e9ra en tourn\u00e9e dans le d\u00e9partement d'Abtouyour - tchad","isPartOf":{"@id":"https:\/\/www.africa-press.net\/tchad\/#website"},"primaryImageOfPage":{"@id":"https:\/\/www.africa-press.net\/tchad\/politique\/le-gouverneur-du-guera-en-tournee-dans-le-departement-dabtouyour#primaryimage"},"image":{"@id":"https:\/\/www.africa-press.net\/tchad\/politique\/le-gouverneur-du-guera-en-tournee-dans-le-departement-dabtouyour#primaryimage"},"thumbnailUrl":"https:\/\/static.africa-press.net\/tchad\/sites\/41\/2022\/07\/postQueueImg_7-62e6c155d638c.jpg","datePublished":"2022-07-31T17:44:48+00:00","dateModified":"2022-07-31T17:52:43+00:00","author":{"@id":"https:\/\/www.africa-press.net\/tchad\/#\/schema\/person\/2b1cf3cd81a31e3cd26889ca66d677f1"},"description":"D\u00e8s son arriv\u00e9e, le gouverneur a tenu successivement plusieurs rencontres avec les leaders des grou ...","breadcrumb":{"@id":"https:\/\/www.africa-press.net\/tchad\/politique\/le-gouverneur-du-guera-en-tournee-dans-le-departement-dabtouyour#breadcrumb"},"inLanguage":"fr-FR","potentialAction":[{"@type":"ReadAction","target":["https:\/\/www.africa-press.net\/tchad\/politique\/le-gouverneur-du-guera-en-tournee-dans-le-departement-dabtouyour"]}]},{"@type":"ImageObject","inLanguage":"fr-FR","@id":"https:\/\/www.africa-press.net\/tchad\/politique\/le-gouverneur-du-guera-en-tournee-dans-le-departement-dabtouyour#primaryimage","url":"https:\/\/static.africa-press.net\/tchad\/sites\/41\/2022\/07\/postQueueImg_7-62e6c155d638c.jpg","contentUrl":"https:\/\/static.africa-press.net\/tchad\/sites\/41\/2022\/07\/postQueueImg_7-62e6c155d638c.jpg","width":870,"height":490,"caption":"le gouverneur du Gu\u00e9ra en tourn\u00e9e dans le d\u00e9partement d'Abtouyour"},{"@type":"BreadcrumbList","@id":"https:\/\/www.africa-press.net\/tchad\/politique\/le-gouverneur-du-guera-en-tournee-dans-le-departement-dabtouyour#breadcrumb","itemListElement":[{"@type":"ListItem","position":1,"name":"Accueil","item":"https:\/\/www.africa-press.net\/tchad\/"},{"@type":"ListItem","position":2,"name":"le gouverneur du Gu\u00e9ra en tourn\u00e9e dans le d\u00e9partement d&#8217;Abtouyour"}]},{"@type":"WebSite","@id":"https:\/\/www.africa-press.net\/tchad\/#website","url":"https:\/\/www.africa-press.net\/tchad\/","name":"tchad","description":"Just another Africa News Agency Sites site","potentialAction":[{"@type":"SearchAction","target":{"@type":"EntryPoint","urlTemplate":"https:\/\/www.africa-press.net\/tchad\/?s={search_term_string}"},"query-input":{"@type":"PropertyValueSpecification","valueRequired":true,"valueName":"search_term_string"}}],"inLanguage":"fr-FR"},{"@type":"Person","@id":"https:\/\/www.africa-press.net\/tchad\/#\/schema\/person\/2b1cf3cd81a31e3cd26889ca66d677f1","name":"cfeditorfr"}]}},"_links":{"self":[{"href":"https:\/\/www.africa-press.net\/tchad\/wp-json\/wp\/v2\/posts\/29858","targetHints":{"allow":["GET"]}}],"collection":[{"href":"https:\/\/www.africa-press.net\/tchad\/wp-json\/wp\/v2\/posts"}],"about":[{"href":"https:\/\/www.africa-press.net\/tchad\/wp-json\/wp\/v2\/types\/post"}],"author":[{"embeddable":true,"href":"https:\/\/www.africa-press.net\/tchad\/wp-json\/wp\/v2\/users\/82"}],"replies":[{"embeddable":true,"href":"https:\/\/www.africa-press.net\/tchad\/wp-json\/wp\/v2\/comments?post=29858"}],"version-history":[{"count":0,"href":"https:\/\/www.africa-press.net\/tchad\/wp-json\/wp\/v2\/posts\/29858\/revisions"}],"wp:featuredmedia":[{"embeddable":true,"href":"https:\/\/www.africa-press.net\/tchad\/wp-json\/wp\/v2\/media\/29857"}],"wp:attachment":[{"href":"https:\/\/www.africa-press.net\/tchad\/wp-json\/wp\/v2\/media?parent=29858"}],"wp:term":[{"taxonomy":"category","embeddable":true,"href":"https:\/\/www.africa-press.net\/tchad\/wp-json\/wp\/v2\/categories?post=29858"},{"taxonomy":"post_tag","embeddable":true,"href":"https:\/\/www.africa-press.net\/tchad\/wp-json\/wp\/v2\/tags?post=29858"}],"curies":[{"name":"wp","href":"https:\/\/api.w.org\/{rel}","templated":true}]}}