{"id":29861,"date":"2022-07-31T17:45:23","date_gmt":"2022-07-31T17:45:23","guid":{"rendered":"https:\/\/www.africa-press.net\/tchad\/politique\/rappel-sur-les-realisations-du-cmt-apres-15-mois-dexercice"},"modified":"2022-07-31T17:53:15","modified_gmt":"2022-07-31T17:53:15","slug":"rappel-sur-les-realisations-du-cmt-apres-15-mois-dexercice","status":"publish","type":"post","link":"https:\/\/www.africa-press.net\/tchad\/politique\/rappel-sur-les-realisations-du-cmt-apres-15-mois-dexercice","title":{"rendered":"Rappel sur les r\u00e9alisations du CMT apr\u00e8s 15 mois d\u2019exercice"},"content":{"rendered":"<p><span style=\"color: #ff6600\"><strong>Africa-Press &#8211; Tchad. <\/strong><\/span>Apr\u00e8s le d\u00e9c\u00e8s tragique du Mar\u00e9chal du Tchad, le Pr\u00e9sident de la R\u00e9publique, Idriss Deby Itno, sur les champs de bataille, les officiers sup\u00e9rieurs de l\u2019Arm\u00e9e Nationale Tchadienne, \u00e0 leur t\u00eate le G\u00e9n\u00e9ral Mahamat Idriss Deby Itno, ont mis en place le Conseil Militaire de Transition (CMT), le 20 Avril 2021, pour \u00e9viter que le pays sombre dans le chao.<\/p>\n<p>Le CMT qui a pris tous les risques pour conduire la destin\u00e9e du pays a, depuis lors, \u0153uvr\u00e9 pour que toutes les forces vives du pays soient impliqu\u00e9es dans ce processus pour conduire \u00e0 bon port la transition.<\/p>\n<p>Il a \u00e9t\u00e9 avant tout question de la mise en place des institutions de transition notamment le Gouvernement, le Conseil National de Transition et le r\u00e9am\u00e9nagement des autres institutions r\u00e9publicaines.<\/p>\n<p>Pour concr\u00e9tiser ce chantier, le CMT a d\u00e9cid\u00e9 de s\u2019ouvrir \u00e0 toutes les forces vives du pays \u00e0 travers une concertation directe avec les forces vives de la nation. C\u2019est ainsi que, plusieurs rencontres entre le CMT, les acteurs politiques et les organisations de la soci\u00e9t\u00e9 civile ont d\u00e9bouch\u00e9 \u00e0 la mise en place d\u2019un Comit\u00e9 d\u2019Organisation du Dialogue National Inclusif (CODNI) et du Comit\u00e9 Technique Sp\u00e9cialis\u00e9 (CTS).<\/p>\n<p>Ensuite, le CMT a mis cape sur les secteurs de d\u00e9veloppement en mettant un accent particulier sur la s\u00e9curit\u00e9 et le maintien de l\u2019ordre, l\u2019unit\u00e9 nationale et le vivre ensemble, et le respect des libert\u00e9s fondamentales.<\/p>\n<p>Ainsi, le Conseil Militaire de Transition, \u00e0 travers le gouvernement mis en place le 02 mai 2021, a engag\u00e9 des actions sur les axes prioritaires \u00e0 savoir : l\u2019\u00e9ducation, la sant\u00e9, les infrastructures routi\u00e8res et sociales de base, l\u2019agriculture et l\u2019\u00e9levage, etc.<\/p>\n<p><strong>Pour plus d&rsquo;informations et d&rsquo;analyses sur la <a href=\"https:\/\/www.africa-press.net\/tchad\">Tchad<\/a>, suivez <a href=\"https:\/\/www.africa-press.net\/\">Africa-Press<\/a><\/strong><\/p>\n","protected":false},"excerpt":{"rendered":"<p>Africa-Press &#8211; Tchad. Apr\u00e8s le d\u00e9c\u00e8s tragique du Mar\u00e9chal du Tchad, le Pr\u00e9sident de la R\u00e9publique, Idriss Deby Itno, sur les champs de bataille, les officiers sup\u00e9rieurs de l\u2019Arm\u00e9e Nationale Tchadienne, \u00e0 leur t\u00eate le G\u00e9n\u00e9ral Mahamat Idriss Deby Itno, ont mis en place le Conseil Militaire de Transition (CMT), le 20 Avril 2021, pour [&hellip;]<\/p>\n","protected":false},"author":82,"featured_media":29860,"comment_status":"open","ping_status":"closed","sticky":false,"template":"","format":"standard","meta":{"footnotes":""},"categories":[11,2,10],"tags":[37,292,29],"class_list":["post-29861","post","type-post","status-publish","format-standard","has-post-thumbnail","hentry","category-homepage-french","category-politique","category-toutes-les-actualites","tag-africa-press","tag-africa-press-tchad","tag-tchad"],"yoast_head":"<!-- This site is optimized with the Yoast SEO Premium plugin v26.1 (Yoast SEO v27.0) - https:\/\/yoast.com\/product\/yoast-seo-premium-wordpress\/ -->\n<title>Rappel sur les r\u00e9alisations du CMT apr\u00e8s 15 mois d\u2019exercice - tchad<\/title>\n<meta name=\"description\" content=\"Apr\u00e8s le d\u00e9c\u00e8s tragique du Mar\u00e9chal du Tchad, le Pr\u00e9sident de la R\u00e9publique, Idriss Deby Itno, sur les champs de bataill ...\" \/>\n<meta name=\"robots\" content=\"index, follow, max-snippet:-1, max-image-preview:large, max-video-preview:-1\" \/>\n<link rel=\"canonical\" href=\"https:\/\/www.africa-press.net\/tchad\/politique\/rappel-sur-les-realisations-du-cmt-apres-15-mois-dexercice\" \/>\n<meta property=\"og:locale\" content=\"fr_FR\" \/>\n<meta property=\"og:type\" content=\"article\" \/>\n<meta property=\"og:title\" content=\"Rappel sur les r\u00e9alisations du CMT apr\u00e8s 15 mois d\u2019exercice\" \/>\n<meta property=\"og:description\" content=\"Apr\u00e8s le d\u00e9c\u00e8s tragique du Mar\u00e9chal du Tchad, le Pr\u00e9sident de la R\u00e9publique, Idriss Deby Itno, sur les champs de bataill ...\" \/>\n<meta property=\"og:url\" content=\"https:\/\/www.africa-press.net\/tchad\/politique\/rappel-sur-les-realisations-du-cmt-apres-15-mois-dexercice\" \/>\n<meta property=\"og:site_name\" content=\"tchad\" \/>\n<meta property=\"article:published_time\" content=\"2022-07-31T17:45:23+00:00\" \/>\n<meta property=\"article:modified_time\" content=\"2022-07-31T17:53:15+00:00\" \/>\n<meta property=\"og:image\" content=\"https:\/\/static.africa-press.net\/tchad\/sites\/41\/2022\/07\/postQueueImg_8-62e6c172dc000.jpg\" \/>\n\t<meta property=\"og:image:width\" content=\"800\" \/>\n\t<meta property=\"og:image:height\" content=\"445\" \/>\n\t<meta property=\"og:image:type\" content=\"image\/jpeg\" \/>\n<meta name=\"author\" content=\"cfeditorfr\" \/>\n<meta name=\"twitter:card\" content=\"summary_large_image\" \/>\n<meta name=\"twitter:label1\" content=\"\u00c9crit par\" \/>\n\t<meta name=\"twitter:data1\" content=\"cfeditorfr\" \/>\n\t<meta name=\"twitter:label2\" content=\"Dur\u00e9e de lecture estim\u00e9e\" \/>\n\t<meta name=\"twitter:data2\" content=\"2 minutes\" \/>\n<script type=\"application\/ld+json\" class=\"yoast-schema-graph\">{\"@context\":\"https:\/\/schema.org\",\"@graph\":[{\"@type\":\"Article\",\"@id\":\"https:\/\/www.africa-press.net\/tchad\/politique\/rappel-sur-les-realisations-du-cmt-apres-15-mois-dexercice#article\",\"isPartOf\":{\"@id\":\"https:\/\/www.africa-press.net\/tchad\/politique\/rappel-sur-les-realisations-du-cmt-apres-15-mois-dexercice\"},\"author\":{\"name\":\"cfeditorfr\",\"@id\":\"https:\/\/www.africa-press.net\/tchad\/#\/schema\/person\/2b1cf3cd81a31e3cd26889ca66d677f1\"},\"headline\":\"Rappel sur les r\u00e9alisations du CMT apr\u00e8s 15 mois d\u2019exercice\",\"datePublished\":\"2022-07-31T17:45:23+00:00\",\"dateModified\":\"2022-07-31T17:53:15+00:00\",\"mainEntityOfPage\":{\"@id\":\"https:\/\/www.africa-press.net\/tchad\/politique\/rappel-sur-les-realisations-du-cmt-apres-15-mois-dexercice\"},\"wordCount\":324,\"commentCount\":0,\"image\":{\"@id\":\"https:\/\/www.africa-press.net\/tchad\/politique\/rappel-sur-les-realisations-du-cmt-apres-15-mois-dexercice#primaryimage\"},\"thumbnailUrl\":\"https:\/\/static.africa-press.net\/tchad\/sites\/41\/2022\/07\/postQueueImg_8-62e6c172dc000.jpg\",\"keywords\":[\"Africa Press\",\"Africa Press-Tchad\",\"Tchad\"],\"articleSection\":[\"homepage-french\",\"Politique\",\"Toutes les actualit\u00e9s\"],\"inLanguage\":\"fr-FR\",\"potentialAction\":[{\"@type\":\"CommentAction\",\"name\":\"Comment\",\"target\":[\"https:\/\/www.africa-press.net\/tchad\/politique\/rappel-sur-les-realisations-du-cmt-apres-15-mois-dexercice#respond\"]}]},{\"@type\":\"WebPage\",\"@id\":\"https:\/\/www.africa-press.net\/tchad\/politique\/rappel-sur-les-realisations-du-cmt-apres-15-mois-dexercice\",\"url\":\"https:\/\/www.africa-press.net\/tchad\/politique\/rappel-sur-les-realisations-du-cmt-apres-15-mois-dexercice\",\"name\":\"Rappel sur les r\u00e9alisations du CMT apr\u00e8s 15 mois d\u2019exercice - tchad\",\"isPartOf\":{\"@id\":\"https:\/\/www.africa-press.net\/tchad\/#website\"},\"primaryImageOfPage\":{\"@id\":\"https:\/\/www.africa-press.net\/tchad\/politique\/rappel-sur-les-realisations-du-cmt-apres-15-mois-dexercice#primaryimage\"},\"image\":{\"@id\":\"https:\/\/www.africa-press.net\/tchad\/politique\/rappel-sur-les-realisations-du-cmt-apres-15-mois-dexercice#primaryimage\"},\"thumbnailUrl\":\"https:\/\/static.africa-press.net\/tchad\/sites\/41\/2022\/07\/postQueueImg_8-62e6c172dc000.jpg\",\"datePublished\":\"2022-07-31T17:45:23+00:00\",\"dateModified\":\"2022-07-31T17:53:15+00:00\",\"author\":{\"@id\":\"https:\/\/www.africa-press.net\/tchad\/#\/schema\/person\/2b1cf3cd81a31e3cd26889ca66d677f1\"},\"description\":\"Apr\u00e8s le d\u00e9c\u00e8s tragique du Mar\u00e9chal du Tchad, le Pr\u00e9sident de la R\u00e9publique, Idriss Deby Itno, sur les champs de bataill ...\",\"breadcrumb\":{\"@id\":\"https:\/\/www.africa-press.net\/tchad\/politique\/rappel-sur-les-realisations-du-cmt-apres-15-mois-dexercice#breadcrumb\"},\"inLanguage\":\"fr-FR\",\"potentialAction\":[{\"@type\":\"ReadAction\",\"target\":[\"https:\/\/www.africa-press.net\/tchad\/politique\/rappel-sur-les-realisations-du-cmt-apres-15-mois-dexercice\"]}]},{\"@type\":\"ImageObject\",\"inLanguage\":\"fr-FR\",\"@id\":\"https:\/\/www.africa-press.net\/tchad\/politique\/rappel-sur-les-realisations-du-cmt-apres-15-mois-dexercice#primaryimage\",\"url\":\"https:\/\/static.africa-press.net\/tchad\/sites\/41\/2022\/07\/postQueueImg_8-62e6c172dc000.jpg\",\"contentUrl\":\"https:\/\/static.africa-press.net\/tchad\/sites\/41\/2022\/07\/postQueueImg_8-62e6c172dc000.jpg\",\"width\":800,\"height\":445,\"caption\":\"Rappel sur les r\u00e9alisations du CMT apr\u00e8s 15 mois d\u2019exercice\"},{\"@type\":\"BreadcrumbList\",\"@id\":\"https:\/\/www.africa-press.net\/tchad\/politique\/rappel-sur-les-realisations-du-cmt-apres-15-mois-dexercice#breadcrumb\",\"itemListElement\":[{\"@type\":\"ListItem\",\"position\":1,\"name\":\"Accueil\",\"item\":\"https:\/\/www.africa-press.net\/tchad\/\"},{\"@type\":\"ListItem\",\"position\":2,\"name\":\"Rappel sur les r\u00e9alisations du CMT apr\u00e8s 15 mois d\u2019exercice\"}]},{\"@type\":\"WebSite\",\"@id\":\"https:\/\/www.africa-press.net\/tchad\/#website\",\"url\":\"https:\/\/www.africa-press.net\/tchad\/\",\"name\":\"tchad\",\"description\":\"Just another Africa News Agency Sites site\",\"potentialAction\":[{\"@type\":\"SearchAction\",\"target\":{\"@type\":\"EntryPoint\",\"urlTemplate\":\"https:\/\/www.africa-press.net\/tchad\/?s={search_term_string}\"},\"query-input\":{\"@type\":\"PropertyValueSpecification\",\"valueRequired\":true,\"valueName\":\"search_term_string\"}}],\"inLanguage\":\"fr-FR\"},{\"@type\":\"Person\",\"@id\":\"https:\/\/www.africa-press.net\/tchad\/#\/schema\/person\/2b1cf3cd81a31e3cd26889ca66d677f1\",\"name\":\"cfeditorfr\"}]}<\/script>\n<!-- \/ Yoast SEO Premium plugin. -->","yoast_head_json":{"title":"Rappel sur les r\u00e9alisations du CMT apr\u00e8s 15 mois d\u2019exercice - tchad","description":"Apr\u00e8s le d\u00e9c\u00e8s tragique du Mar\u00e9chal du Tchad, le Pr\u00e9sident de la R\u00e9publique, Idriss Deby Itno, sur les champs de bataill ...","robots":{"index":"index","follow":"follow","max-snippet":"max-snippet:-1","max-image-preview":"max-image-preview:large","max-video-preview":"max-video-preview:-1"},"canonical":"https:\/\/www.africa-press.net\/tchad\/politique\/rappel-sur-les-realisations-du-cmt-apres-15-mois-dexercice","og_locale":"fr_FR","og_type":"article","og_title":"Rappel sur les r\u00e9alisations du CMT apr\u00e8s 15 mois d\u2019exercice","og_description":"Apr\u00e8s le d\u00e9c\u00e8s tragique du Mar\u00e9chal du Tchad, le Pr\u00e9sident de la R\u00e9publique, Idriss Deby Itno, sur les champs de bataill ...","og_url":"https:\/\/www.africa-press.net\/tchad\/politique\/rappel-sur-les-realisations-du-cmt-apres-15-mois-dexercice","og_site_name":"tchad","article_published_time":"2022-07-31T17:45:23+00:00","article_modified_time":"2022-07-31T17:53:15+00:00","og_image":[{"width":800,"height":445,"url":"https:\/\/static.africa-press.net\/tchad\/sites\/41\/2022\/07\/postQueueImg_8-62e6c172dc000.jpg","type":"image\/jpeg"}],"author":"cfeditorfr","twitter_card":"summary_large_image","twitter_misc":{"\u00c9crit par":"cfeditorfr","Dur\u00e9e de lecture estim\u00e9e":"2 minutes"},"schema":{"@context":"https:\/\/schema.org","@graph":[{"@type":"Article","@id":"https:\/\/www.africa-press.net\/tchad\/politique\/rappel-sur-les-realisations-du-cmt-apres-15-mois-dexercice#article","isPartOf":{"@id":"https:\/\/www.africa-press.net\/tchad\/politique\/rappel-sur-les-realisations-du-cmt-apres-15-mois-dexercice"},"author":{"name":"cfeditorfr","@id":"https:\/\/www.africa-press.net\/tchad\/#\/schema\/person\/2b1cf3cd81a31e3cd26889ca66d677f1"},"headline":"Rappel sur les r\u00e9alisations du CMT apr\u00e8s 15 mois d\u2019exercice","datePublished":"2022-07-31T17:45:23+00:00","dateModified":"2022-07-31T17:53:15+00:00","mainEntityOfPage":{"@id":"https:\/\/www.africa-press.net\/tchad\/politique\/rappel-sur-les-realisations-du-cmt-apres-15-mois-dexercice"},"wordCount":324,"commentCount":0,"image":{"@id":"https:\/\/www.africa-press.net\/tchad\/politique\/rappel-sur-les-realisations-du-cmt-apres-15-mois-dexercice#primaryimage"},"thumbnailUrl":"https:\/\/static.africa-press.net\/tchad\/sites\/41\/2022\/07\/postQueueImg_8-62e6c172dc000.jpg","keywords":["Africa Press","Africa Press-Tchad","Tchad"],"articleSection":["homepage-french","Politique","Toutes les actualit\u00e9s"],"inLanguage":"fr-FR","potentialAction":[{"@type":"CommentAction","name":"Comment","target":["https:\/\/www.africa-press.net\/tchad\/politique\/rappel-sur-les-realisations-du-cmt-apres-15-mois-dexercice#respond"]}]},{"@type":"WebPage","@id":"https:\/\/www.africa-press.net\/tchad\/politique\/rappel-sur-les-realisations-du-cmt-apres-15-mois-dexercice","url":"https:\/\/www.africa-press.net\/tchad\/politique\/rappel-sur-les-realisations-du-cmt-apres-15-mois-dexercice","name":"Rappel sur les r\u00e9alisations du CMT apr\u00e8s 15 mois d\u2019exercice - tchad","isPartOf":{"@id":"https:\/\/www.africa-press.net\/tchad\/#website"},"primaryImageOfPage":{"@id":"https:\/\/www.africa-press.net\/tchad\/politique\/rappel-sur-les-realisations-du-cmt-apres-15-mois-dexercice#primaryimage"},"image":{"@id":"https:\/\/www.africa-press.net\/tchad\/politique\/rappel-sur-les-realisations-du-cmt-apres-15-mois-dexercice#primaryimage"},"thumbnailUrl":"https:\/\/static.africa-press.net\/tchad\/sites\/41\/2022\/07\/postQueueImg_8-62e6c172dc000.jpg","datePublished":"2022-07-31T17:45:23+00:00","dateModified":"2022-07-31T17:53:15+00:00","author":{"@id":"https:\/\/www.africa-press.net\/tchad\/#\/schema\/person\/2b1cf3cd81a31e3cd26889ca66d677f1"},"description":"Apr\u00e8s le d\u00e9c\u00e8s tragique du Mar\u00e9chal du Tchad, le Pr\u00e9sident de la R\u00e9publique, Idriss Deby Itno, sur les champs de bataill ...","breadcrumb":{"@id":"https:\/\/www.africa-press.net\/tchad\/politique\/rappel-sur-les-realisations-du-cmt-apres-15-mois-dexercice#breadcrumb"},"inLanguage":"fr-FR","potentialAction":[{"@type":"ReadAction","target":["https:\/\/www.africa-press.net\/tchad\/politique\/rappel-sur-les-realisations-du-cmt-apres-15-mois-dexercice"]}]},{"@type":"ImageObject","inLanguage":"fr-FR","@id":"https:\/\/www.africa-press.net\/tchad\/politique\/rappel-sur-les-realisations-du-cmt-apres-15-mois-dexercice#primaryimage","url":"https:\/\/static.africa-press.net\/tchad\/sites\/41\/2022\/07\/postQueueImg_8-62e6c172dc000.jpg","contentUrl":"https:\/\/static.africa-press.net\/tchad\/sites\/41\/2022\/07\/postQueueImg_8-62e6c172dc000.jpg","width":800,"height":445,"caption":"Rappel sur les r\u00e9alisations du CMT apr\u00e8s 15 mois d\u2019exercice"},{"@type":"BreadcrumbList","@id":"https:\/\/www.africa-press.net\/tchad\/politique\/rappel-sur-les-realisations-du-cmt-apres-15-mois-dexercice#breadcrumb","itemListElement":[{"@type":"ListItem","position":1,"name":"Accueil","item":"https:\/\/www.africa-press.net\/tchad\/"},{"@type":"ListItem","position":2,"name":"Rappel sur les r\u00e9alisations du CMT apr\u00e8s 15 mois d\u2019exercice"}]},{"@type":"WebSite","@id":"https:\/\/www.africa-press.net\/tchad\/#website","url":"https:\/\/www.africa-press.net\/tchad\/","name":"tchad","description":"Just another Africa News Agency Sites site","potentialAction":[{"@type":"SearchAction","target":{"@type":"EntryPoint","urlTemplate":"https:\/\/www.africa-press.net\/tchad\/?s={search_term_string}"},"query-input":{"@type":"PropertyValueSpecification","valueRequired":true,"valueName":"search_term_string"}}],"inLanguage":"fr-FR"},{"@type":"Person","@id":"https:\/\/www.africa-press.net\/tchad\/#\/schema\/person\/2b1cf3cd81a31e3cd26889ca66d677f1","name":"cfeditorfr"}]}},"_links":{"self":[{"href":"https:\/\/www.africa-press.net\/tchad\/wp-json\/wp\/v2\/posts\/29861","targetHints":{"allow":["GET"]}}],"collection":[{"href":"https:\/\/www.africa-press.net\/tchad\/wp-json\/wp\/v2\/posts"}],"about":[{"href":"https:\/\/www.africa-press.net\/tchad\/wp-json\/wp\/v2\/types\/post"}],"author":[{"embeddable":true,"href":"https:\/\/www.africa-press.net\/tchad\/wp-json\/wp\/v2\/users\/82"}],"replies":[{"embeddable":true,"href":"https:\/\/www.africa-press.net\/tchad\/wp-json\/wp\/v2\/comments?post=29861"}],"version-history":[{"count":0,"href":"https:\/\/www.africa-press.net\/tchad\/wp-json\/wp\/v2\/posts\/29861\/revisions"}],"wp:featuredmedia":[{"embeddable":true,"href":"https:\/\/www.africa-press.net\/tchad\/wp-json\/wp\/v2\/media\/29860"}],"wp:attachment":[{"href":"https:\/\/www.africa-press.net\/tchad\/wp-json\/wp\/v2\/media?parent=29861"}],"wp:term":[{"taxonomy":"category","embeddable":true,"href":"https:\/\/www.africa-press.net\/tchad\/wp-json\/wp\/v2\/categories?post=29861"},{"taxonomy":"post_tag","embeddable":true,"href":"https:\/\/www.africa-press.net\/tchad\/wp-json\/wp\/v2\/tags?post=29861"}],"curies":[{"name":"wp","href":"https:\/\/api.w.org\/{rel}","templated":true}]}}