{"id":29876,"date":"2022-07-31T17:47:29","date_gmt":"2022-07-31T17:47:29","guid":{"rendered":"https:\/\/www.africa-press.net\/tchad\/politique\/tchad-qatar-le-pcmt-a-telephone-a-lemir"},"modified":"2022-07-31T17:55:28","modified_gmt":"2022-07-31T17:55:28","slug":"tchad-qatar-le-pcmt-a-telephone-a-lemir","status":"publish","type":"post","link":"https:\/\/www.africa-press.net\/tchad\/politique\/tchad-qatar-le-pcmt-a-telephone-a-lemir","title":{"rendered":"Tchad-Qatar : le PCMT a t\u00e9l\u00e9phon\u00e9 \u00e0 l&rsquo;\u00c9mir"},"content":{"rendered":"<p><span style=\"color: #ff6600\"><strong>Africa-Press &#8211; Tchad. <\/strong><\/span>Au cours de l&rsquo;appel, ils ont pass\u00e9 en revue les relations bilat\u00e9rales entre les deux pays, les perspectives de leur d\u00e9veloppement et les derniers d\u00e9veloppements r\u00e9gionaux et internationaux d&rsquo;int\u00e9r\u00eat commun.<\/p>\n<p>\u00ab\u00a0Au niveau bilat\u00e9ral, nous avons fait le point sur l&rsquo;avancement du pr\u00e9-dialogue qui se tient \u00e0 Doha sous la m\u00e9diation qataris, au sein de la tenue \u00e0 N&rsquo;Djamena du dialogue national inclusif\u00a0\u00bb, indique pour sa part Mahamat Idriss Deby sur sa page Facebook.<\/p>\n<p>Pr\u00e9-dialogue de Doha avec les politico-militaires Un projet d&rsquo;accord final de Doha a \u00e9t\u00e9 soumis ce 30 juillet aux mouvements politico-militaires en vue de leur participation au dialogue national inclusif et souverain.<\/p>\n<p>Le projet d&rsquo;accord reprend une grande partie des dispositions des pr\u00e9c\u00e9dents projets.<\/p>\n<p>Il pr\u00e9voit notamment un cessez-le-feu g\u00e9n\u00e9ral, le renoncement concomitant \u00e0 l&rsquo;incitation \u00e0 la haine et \u00e0 toutes les formes d&rsquo;hostilit\u00e9s, de quelque nature que ce soit.<\/p>\n<p>Parmi les points qui tiennent \u00e0 coeur aux autorit\u00e9s : les parties conviennent de la mise en route d&rsquo;un programme de d\u00e9sarmement, d\u00e9mobilisation et r\u00e9insertion (DDR) ob\u00e9issant aux normes internationales reconnues.<\/p>\n<p>De m\u00eame, le Conseil militaire de transition s&rsquo;engage \u00e0 n&rsquo;entreprendre aucune op\u00e9ration militaire ou de police de la part des forces de d\u00e9fense et de s\u00e9curit\u00e9 contre les mouvements politico-militaires signataires de l&rsquo;accord, partout o\u00f9 ils sont d\u00e9ploy\u00e9s dans les pays limitrophes du Tchad.<\/p>\n<p>Le 20 juillet, le ministre des Affaires \u00e9trang\u00e8res Cherif Mahamat Zene s&rsquo;est dit optimiste de la signature d&rsquo;un accord d&rsquo;ici deux \u00e0 trois semaines.<\/p>\n<p>Le chef de la diplomatie a reconnu que les pourparlers ont \u00e9t\u00e9 \u00e9maill\u00e9sd&rsquo;interruptions et difficult\u00e9s.<\/p>\n<p>Il a d\u00e9nonc\u00e9 des tentatives de sabordages venant de quelques politico-militaires.<\/p>\n<p>Le dialogue national inclusif s&rsquo;ouvrira le 20 ao\u00fbt au Palais du 15 janvier \u00e0 N&rsquo;Djamena.<\/p>\n<p><strong>Pour plus d&rsquo;informations et d&rsquo;analyses sur la <a href=\"https:\/\/www.africa-press.net\/tchad\">Tchad<\/a>, suivez <a href=\"https:\/\/www.africa-press.net\/\">Africa-Press<\/a><\/strong><\/p>\n","protected":false},"excerpt":{"rendered":"<p>Africa-Press &#8211; Tchad. Au cours de l&rsquo;appel, ils ont pass\u00e9 en revue les relations bilat\u00e9rales entre les deux pays, les perspectives de leur d\u00e9veloppement et les derniers d\u00e9veloppements r\u00e9gionaux et internationaux d&rsquo;int\u00e9r\u00eat commun. \u00ab\u00a0Au niveau bilat\u00e9ral, nous avons fait le point sur l&rsquo;avancement du pr\u00e9-dialogue qui se tient \u00e0 Doha sous la m\u00e9diation qataris, au [&hellip;]<\/p>\n","protected":false},"author":82,"featured_media":29875,"comment_status":"open","ping_status":"closed","sticky":false,"template":"","format":"standard","meta":{"footnotes":""},"categories":[11,2,20,10],"tags":[37,292,29],"class_list":["post-29876","post","type-post","status-publish","format-standard","has-post-thumbnail","hentry","category-homepage-french","category-politique","category-top-nouvelles","category-toutes-les-actualites","tag-africa-press","tag-africa-press-tchad","tag-tchad"],"yoast_head":"<!-- This site is optimized with the Yoast SEO Premium plugin v26.1 (Yoast SEO v27.0) - https:\/\/yoast.com\/product\/yoast-seo-premium-wordpress\/ -->\n<title>Tchad-Qatar : le PCMT a t\u00e9l\u00e9phon\u00e9 \u00e0 l&#039;\u00c9mir - tchad<\/title>\n<meta name=\"description\" content=\"Au cours de l&#039;appel, ils ont pass\u00e9 en revue les relations bilat\u00e9rales entre les deux pays, les perspectives de leur d\u00e9ve ...\" \/>\n<meta name=\"robots\" content=\"index, follow, max-snippet:-1, max-image-preview:large, max-video-preview:-1\" \/>\n<link rel=\"canonical\" href=\"https:\/\/www.africa-press.net\/tchad\/politique\/tchad-qatar-le-pcmt-a-telephone-a-lemir\" \/>\n<meta property=\"og:locale\" content=\"fr_FR\" \/>\n<meta property=\"og:type\" content=\"article\" \/>\n<meta property=\"og:title\" content=\"Tchad-Qatar : le PCMT a t\u00e9l\u00e9phon\u00e9 \u00e0 l&#039;\u00c9mir\" \/>\n<meta property=\"og:description\" content=\"Au cours de l&#039;appel, ils ont pass\u00e9 en revue les relations bilat\u00e9rales entre les deux pays, les perspectives de leur d\u00e9ve ...\" \/>\n<meta property=\"og:url\" content=\"https:\/\/www.africa-press.net\/tchad\/politique\/tchad-qatar-le-pcmt-a-telephone-a-lemir\" \/>\n<meta property=\"og:site_name\" content=\"tchad\" \/>\n<meta property=\"article:published_time\" content=\"2022-07-31T17:47:29+00:00\" \/>\n<meta property=\"article:modified_time\" content=\"2022-07-31T17:55:28+00:00\" \/>\n<meta property=\"og:image\" content=\"https:\/\/static.africa-press.net\/tchad\/sites\/41\/2022\/07\/postQueueImg_12-62e6c1f9b2328.jpg\" \/>\n\t<meta property=\"og:image:width\" content=\"770\" \/>\n\t<meta property=\"og:image:height\" content=\"462\" \/>\n\t<meta property=\"og:image:type\" content=\"image\/jpeg\" \/>\n<meta name=\"author\" content=\"cfeditorfr\" \/>\n<meta name=\"twitter:card\" content=\"summary_large_image\" \/>\n<meta name=\"twitter:label1\" content=\"\u00c9crit par\" \/>\n\t<meta name=\"twitter:data1\" content=\"cfeditorfr\" \/>\n\t<meta name=\"twitter:label2\" content=\"Dur\u00e9e de lecture estim\u00e9e\" \/>\n\t<meta name=\"twitter:data2\" content=\"2 minutes\" \/>\n<script type=\"application\/ld+json\" class=\"yoast-schema-graph\">{\"@context\":\"https:\/\/schema.org\",\"@graph\":[{\"@type\":\"Article\",\"@id\":\"https:\/\/www.africa-press.net\/tchad\/politique\/tchad-qatar-le-pcmt-a-telephone-a-lemir#article\",\"isPartOf\":{\"@id\":\"https:\/\/www.africa-press.net\/tchad\/politique\/tchad-qatar-le-pcmt-a-telephone-a-lemir\"},\"author\":{\"name\":\"cfeditorfr\",\"@id\":\"https:\/\/www.africa-press.net\/tchad\/#\/schema\/person\/2b1cf3cd81a31e3cd26889ca66d677f1\"},\"headline\":\"Tchad-Qatar : le PCMT a t\u00e9l\u00e9phon\u00e9 \u00e0 l&rsquo;\u00c9mir\",\"datePublished\":\"2022-07-31T17:47:29+00:00\",\"dateModified\":\"2022-07-31T17:55:28+00:00\",\"mainEntityOfPage\":{\"@id\":\"https:\/\/www.africa-press.net\/tchad\/politique\/tchad-qatar-le-pcmt-a-telephone-a-lemir\"},\"wordCount\":343,\"commentCount\":0,\"image\":{\"@id\":\"https:\/\/www.africa-press.net\/tchad\/politique\/tchad-qatar-le-pcmt-a-telephone-a-lemir#primaryimage\"},\"thumbnailUrl\":\"https:\/\/static.africa-press.net\/tchad\/sites\/41\/2022\/07\/postQueueImg_12-62e6c1f9b2328.jpg\",\"keywords\":[\"Africa Press\",\"Africa Press-Tchad\",\"Tchad\"],\"articleSection\":[\"homepage-french\",\"Politique\",\"Top Nouvelles\",\"Toutes les actualit\u00e9s\"],\"inLanguage\":\"fr-FR\",\"potentialAction\":[{\"@type\":\"CommentAction\",\"name\":\"Comment\",\"target\":[\"https:\/\/www.africa-press.net\/tchad\/politique\/tchad-qatar-le-pcmt-a-telephone-a-lemir#respond\"]}]},{\"@type\":\"WebPage\",\"@id\":\"https:\/\/www.africa-press.net\/tchad\/politique\/tchad-qatar-le-pcmt-a-telephone-a-lemir\",\"url\":\"https:\/\/www.africa-press.net\/tchad\/politique\/tchad-qatar-le-pcmt-a-telephone-a-lemir\",\"name\":\"Tchad-Qatar : le PCMT a t\u00e9l\u00e9phon\u00e9 \u00e0 l'\u00c9mir - tchad\",\"isPartOf\":{\"@id\":\"https:\/\/www.africa-press.net\/tchad\/#website\"},\"primaryImageOfPage\":{\"@id\":\"https:\/\/www.africa-press.net\/tchad\/politique\/tchad-qatar-le-pcmt-a-telephone-a-lemir#primaryimage\"},\"image\":{\"@id\":\"https:\/\/www.africa-press.net\/tchad\/politique\/tchad-qatar-le-pcmt-a-telephone-a-lemir#primaryimage\"},\"thumbnailUrl\":\"https:\/\/static.africa-press.net\/tchad\/sites\/41\/2022\/07\/postQueueImg_12-62e6c1f9b2328.jpg\",\"datePublished\":\"2022-07-31T17:47:29+00:00\",\"dateModified\":\"2022-07-31T17:55:28+00:00\",\"author\":{\"@id\":\"https:\/\/www.africa-press.net\/tchad\/#\/schema\/person\/2b1cf3cd81a31e3cd26889ca66d677f1\"},\"description\":\"Au cours de l'appel, ils ont pass\u00e9 en revue les relations bilat\u00e9rales entre les deux pays, les perspectives de leur d\u00e9ve ...\",\"breadcrumb\":{\"@id\":\"https:\/\/www.africa-press.net\/tchad\/politique\/tchad-qatar-le-pcmt-a-telephone-a-lemir#breadcrumb\"},\"inLanguage\":\"fr-FR\",\"potentialAction\":[{\"@type\":\"ReadAction\",\"target\":[\"https:\/\/www.africa-press.net\/tchad\/politique\/tchad-qatar-le-pcmt-a-telephone-a-lemir\"]}]},{\"@type\":\"ImageObject\",\"inLanguage\":\"fr-FR\",\"@id\":\"https:\/\/www.africa-press.net\/tchad\/politique\/tchad-qatar-le-pcmt-a-telephone-a-lemir#primaryimage\",\"url\":\"https:\/\/static.africa-press.net\/tchad\/sites\/41\/2022\/07\/postQueueImg_12-62e6c1f9b2328.jpg\",\"contentUrl\":\"https:\/\/static.africa-press.net\/tchad\/sites\/41\/2022\/07\/postQueueImg_12-62e6c1f9b2328.jpg\",\"width\":770,\"height\":462,\"caption\":\"Tchad-Qatar : le PCMT a t\u00e9l\u00e9phon\u00e9 \u00e0 l'\u00c9mir\"},{\"@type\":\"BreadcrumbList\",\"@id\":\"https:\/\/www.africa-press.net\/tchad\/politique\/tchad-qatar-le-pcmt-a-telephone-a-lemir#breadcrumb\",\"itemListElement\":[{\"@type\":\"ListItem\",\"position\":1,\"name\":\"Accueil\",\"item\":\"https:\/\/www.africa-press.net\/tchad\/\"},{\"@type\":\"ListItem\",\"position\":2,\"name\":\"Tchad-Qatar : le PCMT a t\u00e9l\u00e9phon\u00e9 \u00e0 l&#8217;\u00c9mir\"}]},{\"@type\":\"WebSite\",\"@id\":\"https:\/\/www.africa-press.net\/tchad\/#website\",\"url\":\"https:\/\/www.africa-press.net\/tchad\/\",\"name\":\"tchad\",\"description\":\"Just another Africa News Agency Sites site\",\"potentialAction\":[{\"@type\":\"SearchAction\",\"target\":{\"@type\":\"EntryPoint\",\"urlTemplate\":\"https:\/\/www.africa-press.net\/tchad\/?s={search_term_string}\"},\"query-input\":{\"@type\":\"PropertyValueSpecification\",\"valueRequired\":true,\"valueName\":\"search_term_string\"}}],\"inLanguage\":\"fr-FR\"},{\"@type\":\"Person\",\"@id\":\"https:\/\/www.africa-press.net\/tchad\/#\/schema\/person\/2b1cf3cd81a31e3cd26889ca66d677f1\",\"name\":\"cfeditorfr\"}]}<\/script>\n<!-- \/ Yoast SEO Premium plugin. -->","yoast_head_json":{"title":"Tchad-Qatar : le PCMT a t\u00e9l\u00e9phon\u00e9 \u00e0 l'\u00c9mir - tchad","description":"Au cours de l'appel, ils ont pass\u00e9 en revue les relations bilat\u00e9rales entre les deux pays, les perspectives de leur d\u00e9ve ...","robots":{"index":"index","follow":"follow","max-snippet":"max-snippet:-1","max-image-preview":"max-image-preview:large","max-video-preview":"max-video-preview:-1"},"canonical":"https:\/\/www.africa-press.net\/tchad\/politique\/tchad-qatar-le-pcmt-a-telephone-a-lemir","og_locale":"fr_FR","og_type":"article","og_title":"Tchad-Qatar : le PCMT a t\u00e9l\u00e9phon\u00e9 \u00e0 l'\u00c9mir","og_description":"Au cours de l'appel, ils ont pass\u00e9 en revue les relations bilat\u00e9rales entre les deux pays, les perspectives de leur d\u00e9ve ...","og_url":"https:\/\/www.africa-press.net\/tchad\/politique\/tchad-qatar-le-pcmt-a-telephone-a-lemir","og_site_name":"tchad","article_published_time":"2022-07-31T17:47:29+00:00","article_modified_time":"2022-07-31T17:55:28+00:00","og_image":[{"width":770,"height":462,"url":"https:\/\/static.africa-press.net\/tchad\/sites\/41\/2022\/07\/postQueueImg_12-62e6c1f9b2328.jpg","type":"image\/jpeg"}],"author":"cfeditorfr","twitter_card":"summary_large_image","twitter_misc":{"\u00c9crit par":"cfeditorfr","Dur\u00e9e de lecture estim\u00e9e":"2 minutes"},"schema":{"@context":"https:\/\/schema.org","@graph":[{"@type":"Article","@id":"https:\/\/www.africa-press.net\/tchad\/politique\/tchad-qatar-le-pcmt-a-telephone-a-lemir#article","isPartOf":{"@id":"https:\/\/www.africa-press.net\/tchad\/politique\/tchad-qatar-le-pcmt-a-telephone-a-lemir"},"author":{"name":"cfeditorfr","@id":"https:\/\/www.africa-press.net\/tchad\/#\/schema\/person\/2b1cf3cd81a31e3cd26889ca66d677f1"},"headline":"Tchad-Qatar : le PCMT a t\u00e9l\u00e9phon\u00e9 \u00e0 l&rsquo;\u00c9mir","datePublished":"2022-07-31T17:47:29+00:00","dateModified":"2022-07-31T17:55:28+00:00","mainEntityOfPage":{"@id":"https:\/\/www.africa-press.net\/tchad\/politique\/tchad-qatar-le-pcmt-a-telephone-a-lemir"},"wordCount":343,"commentCount":0,"image":{"@id":"https:\/\/www.africa-press.net\/tchad\/politique\/tchad-qatar-le-pcmt-a-telephone-a-lemir#primaryimage"},"thumbnailUrl":"https:\/\/static.africa-press.net\/tchad\/sites\/41\/2022\/07\/postQueueImg_12-62e6c1f9b2328.jpg","keywords":["Africa Press","Africa Press-Tchad","Tchad"],"articleSection":["homepage-french","Politique","Top Nouvelles","Toutes les actualit\u00e9s"],"inLanguage":"fr-FR","potentialAction":[{"@type":"CommentAction","name":"Comment","target":["https:\/\/www.africa-press.net\/tchad\/politique\/tchad-qatar-le-pcmt-a-telephone-a-lemir#respond"]}]},{"@type":"WebPage","@id":"https:\/\/www.africa-press.net\/tchad\/politique\/tchad-qatar-le-pcmt-a-telephone-a-lemir","url":"https:\/\/www.africa-press.net\/tchad\/politique\/tchad-qatar-le-pcmt-a-telephone-a-lemir","name":"Tchad-Qatar : le PCMT a t\u00e9l\u00e9phon\u00e9 \u00e0 l'\u00c9mir - tchad","isPartOf":{"@id":"https:\/\/www.africa-press.net\/tchad\/#website"},"primaryImageOfPage":{"@id":"https:\/\/www.africa-press.net\/tchad\/politique\/tchad-qatar-le-pcmt-a-telephone-a-lemir#primaryimage"},"image":{"@id":"https:\/\/www.africa-press.net\/tchad\/politique\/tchad-qatar-le-pcmt-a-telephone-a-lemir#primaryimage"},"thumbnailUrl":"https:\/\/static.africa-press.net\/tchad\/sites\/41\/2022\/07\/postQueueImg_12-62e6c1f9b2328.jpg","datePublished":"2022-07-31T17:47:29+00:00","dateModified":"2022-07-31T17:55:28+00:00","author":{"@id":"https:\/\/www.africa-press.net\/tchad\/#\/schema\/person\/2b1cf3cd81a31e3cd26889ca66d677f1"},"description":"Au cours de l'appel, ils ont pass\u00e9 en revue les relations bilat\u00e9rales entre les deux pays, les perspectives de leur d\u00e9ve ...","breadcrumb":{"@id":"https:\/\/www.africa-press.net\/tchad\/politique\/tchad-qatar-le-pcmt-a-telephone-a-lemir#breadcrumb"},"inLanguage":"fr-FR","potentialAction":[{"@type":"ReadAction","target":["https:\/\/www.africa-press.net\/tchad\/politique\/tchad-qatar-le-pcmt-a-telephone-a-lemir"]}]},{"@type":"ImageObject","inLanguage":"fr-FR","@id":"https:\/\/www.africa-press.net\/tchad\/politique\/tchad-qatar-le-pcmt-a-telephone-a-lemir#primaryimage","url":"https:\/\/static.africa-press.net\/tchad\/sites\/41\/2022\/07\/postQueueImg_12-62e6c1f9b2328.jpg","contentUrl":"https:\/\/static.africa-press.net\/tchad\/sites\/41\/2022\/07\/postQueueImg_12-62e6c1f9b2328.jpg","width":770,"height":462,"caption":"Tchad-Qatar : le PCMT a t\u00e9l\u00e9phon\u00e9 \u00e0 l'\u00c9mir"},{"@type":"BreadcrumbList","@id":"https:\/\/www.africa-press.net\/tchad\/politique\/tchad-qatar-le-pcmt-a-telephone-a-lemir#breadcrumb","itemListElement":[{"@type":"ListItem","position":1,"name":"Accueil","item":"https:\/\/www.africa-press.net\/tchad\/"},{"@type":"ListItem","position":2,"name":"Tchad-Qatar : le PCMT a t\u00e9l\u00e9phon\u00e9 \u00e0 l&#8217;\u00c9mir"}]},{"@type":"WebSite","@id":"https:\/\/www.africa-press.net\/tchad\/#website","url":"https:\/\/www.africa-press.net\/tchad\/","name":"tchad","description":"Just another Africa News Agency Sites site","potentialAction":[{"@type":"SearchAction","target":{"@type":"EntryPoint","urlTemplate":"https:\/\/www.africa-press.net\/tchad\/?s={search_term_string}"},"query-input":{"@type":"PropertyValueSpecification","valueRequired":true,"valueName":"search_term_string"}}],"inLanguage":"fr-FR"},{"@type":"Person","@id":"https:\/\/www.africa-press.net\/tchad\/#\/schema\/person\/2b1cf3cd81a31e3cd26889ca66d677f1","name":"cfeditorfr"}]}},"_links":{"self":[{"href":"https:\/\/www.africa-press.net\/tchad\/wp-json\/wp\/v2\/posts\/29876","targetHints":{"allow":["GET"]}}],"collection":[{"href":"https:\/\/www.africa-press.net\/tchad\/wp-json\/wp\/v2\/posts"}],"about":[{"href":"https:\/\/www.africa-press.net\/tchad\/wp-json\/wp\/v2\/types\/post"}],"author":[{"embeddable":true,"href":"https:\/\/www.africa-press.net\/tchad\/wp-json\/wp\/v2\/users\/82"}],"replies":[{"embeddable":true,"href":"https:\/\/www.africa-press.net\/tchad\/wp-json\/wp\/v2\/comments?post=29876"}],"version-history":[{"count":0,"href":"https:\/\/www.africa-press.net\/tchad\/wp-json\/wp\/v2\/posts\/29876\/revisions"}],"wp:featuredmedia":[{"embeddable":true,"href":"https:\/\/www.africa-press.net\/tchad\/wp-json\/wp\/v2\/media\/29875"}],"wp:attachment":[{"href":"https:\/\/www.africa-press.net\/tchad\/wp-json\/wp\/v2\/media?parent=29876"}],"wp:term":[{"taxonomy":"category","embeddable":true,"href":"https:\/\/www.africa-press.net\/tchad\/wp-json\/wp\/v2\/categories?post=29876"},{"taxonomy":"post_tag","embeddable":true,"href":"https:\/\/www.africa-press.net\/tchad\/wp-json\/wp\/v2\/tags?post=29876"}],"curies":[{"name":"wp","href":"https:\/\/api.w.org\/{rel}","templated":true}]}}