{"id":29940,"date":"2022-08-01T17:06:51","date_gmt":"2022-08-01T17:06:51","guid":{"rendered":"https:\/\/www.africa-press.net\/tchad\/politique\/au-guera-la-citoyennete-a-lepreuve-pour-le-dialogue-national"},"modified":"2022-08-01T17:46:59","modified_gmt":"2022-08-01T17:46:59","slug":"au-guera-la-citoyennete-a-lepreuve-pour-le-dialogue-national","status":"publish","type":"post","link":"https:\/\/www.africa-press.net\/tchad\/politique\/au-guera-la-citoyennete-a-lepreuve-pour-le-dialogue-national","title":{"rendered":"au Gu\u00e9ra, la citoyennet\u00e9 \u00e0 l&rsquo;\u00e9preuve pour le dialogue national"},"content":{"rendered":"<p><span style=\"color: #ff6600\"><strong>Africa-Press &#8211; Tchad. <\/strong><\/span>L&rsquo;objectif est de mener une campagne de sensibilisation pour une participation populaire et citoyenne dans les provinces du Guera, Salamat, Batha et Sila, aupr\u00e8s des jeunes, femmes, hommes, personnes \u00e2g\u00e9es, ruraux et urbains, avec l&rsquo;implication des autorit\u00e9s administratives, traditionnelles et religieuses. Le chef de mission Abdallah Bani Chek entend promouvoir une large communication autour des activit\u00e9s de mobilisation sociale de toutes les composantes de la soci\u00e9t\u00e9 en vue de renforcer leur implication dans la prise de d\u00e9cision, contribuer au d\u00e9veloppement des valeurs de paix et de citoyennet\u00e9 en milieu jeune et au del\u00e0, \u00e0 travers des comportements responsables entre eux et au sein des structures et des communaut\u00e9s. Pour Sougour Mahamat Galma, gouverneur de la province du Gu\u00e9ra, la r\u00e9conciliation nationale et le retour \u00e0 la paix durable passent n\u00e9cessairement par le dialogue et la r\u00e9conciliation nationale qui demeurent une phase cruciale du processus de transition politique et la principale porte d&rsquo;entr\u00e9e dans le Tchad nouveau. Apr\u00e8s la Conf\u00e9rence nationale souveraine de 1993 et deux forums inclusifs en 2018 et 2020, le Tchad marquera un nouvelle fois son historie avec le dialogue national inclusif qui s&rsquo;ouvrira le 20 ao\u00fbt 2022.<\/p>\n<p><strong>Pour plus d&rsquo;informations et d&rsquo;analyses sur la <a href=\"https:\/\/www.africa-press.net\/tchad\">Tchad<\/a>, suivez <a href=\"https:\/\/www.africa-press.net\/\">Africa-Press<\/a><\/strong><\/p>\n","protected":false},"excerpt":{"rendered":"<p>Africa-Press &#8211; Tchad. L&rsquo;objectif est de mener une campagne de sensibilisation pour une participation populaire et citoyenne dans les provinces du Guera, Salamat, Batha et Sila, aupr\u00e8s des jeunes, femmes, hommes, personnes \u00e2g\u00e9es, ruraux et urbains, avec l&rsquo;implication des autorit\u00e9s administratives, traditionnelles et religieuses. Le chef de mission Abdallah Bani Chek entend promouvoir une large [&hellip;]<\/p>\n","protected":false},"author":82,"featured_media":29939,"comment_status":"open","ping_status":"closed","sticky":false,"template":"","format":"standard","meta":{"footnotes":""},"categories":[11,2,10],"tags":[37,292,29],"class_list":["post-29940","post","type-post","status-publish","format-standard","has-post-thumbnail","hentry","category-homepage-french","category-politique","category-toutes-les-actualites","tag-africa-press","tag-africa-press-tchad","tag-tchad"],"yoast_head":"<!-- This site is optimized with the Yoast SEO Premium plugin v26.1 (Yoast SEO v27.0) - https:\/\/yoast.com\/product\/yoast-seo-premium-wordpress\/ -->\n<title>au Gu\u00e9ra, la citoyennet\u00e9 \u00e0 l&#039;\u00e9preuve pour le dialogue national - tchad<\/title>\n<meta name=\"description\" content=\"L&#039;objectif est de mener une campagne de sensibilisation pour une participation populaire et citoyenne dans les provinces ...\" \/>\n<meta name=\"robots\" content=\"index, follow, max-snippet:-1, max-image-preview:large, max-video-preview:-1\" \/>\n<link rel=\"canonical\" href=\"https:\/\/www.africa-press.net\/tchad\/politique\/au-guera-la-citoyennete-a-lepreuve-pour-le-dialogue-national\" \/>\n<meta property=\"og:locale\" content=\"fr_FR\" \/>\n<meta property=\"og:type\" content=\"article\" \/>\n<meta property=\"og:title\" content=\"au Gu\u00e9ra, la citoyennet\u00e9 \u00e0 l&#039;\u00e9preuve pour le dialogue national\" \/>\n<meta property=\"og:description\" content=\"L&#039;objectif est de mener une campagne de sensibilisation pour une participation populaire et citoyenne dans les provinces ...\" \/>\n<meta property=\"og:url\" content=\"https:\/\/www.africa-press.net\/tchad\/politique\/au-guera-la-citoyennete-a-lepreuve-pour-le-dialogue-national\" \/>\n<meta property=\"og:site_name\" content=\"tchad\" \/>\n<meta property=\"article:published_time\" content=\"2022-08-01T17:06:51+00:00\" \/>\n<meta property=\"article:modified_time\" content=\"2022-08-01T17:46:59+00:00\" \/>\n<meta property=\"og:image\" content=\"https:\/\/static.africa-press.net\/tchad\/sites\/41\/2022\/08\/postQueueImg_22.jpg\" \/>\n\t<meta property=\"og:image:width\" content=\"870\" \/>\n\t<meta property=\"og:image:height\" content=\"490\" \/>\n\t<meta property=\"og:image:type\" content=\"image\/jpeg\" \/>\n<meta name=\"author\" content=\"cfeditorfr\" \/>\n<meta name=\"twitter:card\" content=\"summary_large_image\" \/>\n<meta name=\"twitter:label1\" content=\"\u00c9crit par\" \/>\n\t<meta name=\"twitter:data1\" content=\"cfeditorfr\" \/>\n\t<meta name=\"twitter:label2\" content=\"Dur\u00e9e de lecture estim\u00e9e\" \/>\n\t<meta name=\"twitter:data2\" content=\"2 minutes\" \/>\n<script type=\"application\/ld+json\" class=\"yoast-schema-graph\">{\"@context\":\"https:\/\/schema.org\",\"@graph\":[{\"@type\":\"Article\",\"@id\":\"https:\/\/www.africa-press.net\/tchad\/politique\/au-guera-la-citoyennete-a-lepreuve-pour-le-dialogue-national#article\",\"isPartOf\":{\"@id\":\"https:\/\/www.africa-press.net\/tchad\/politique\/au-guera-la-citoyennete-a-lepreuve-pour-le-dialogue-national\"},\"author\":{\"name\":\"cfeditorfr\",\"@id\":\"https:\/\/www.africa-press.net\/tchad\/#\/schema\/person\/2b1cf3cd81a31e3cd26889ca66d677f1\"},\"headline\":\"au Gu\u00e9ra, la citoyennet\u00e9 \u00e0 l&rsquo;\u00e9preuve pour le dialogue national\",\"datePublished\":\"2022-08-01T17:06:51+00:00\",\"dateModified\":\"2022-08-01T17:46:59+00:00\",\"mainEntityOfPage\":{\"@id\":\"https:\/\/www.africa-press.net\/tchad\/politique\/au-guera-la-citoyennete-a-lepreuve-pour-le-dialogue-national\"},\"wordCount\":229,\"commentCount\":0,\"image\":{\"@id\":\"https:\/\/www.africa-press.net\/tchad\/politique\/au-guera-la-citoyennete-a-lepreuve-pour-le-dialogue-national#primaryimage\"},\"thumbnailUrl\":\"https:\/\/static.africa-press.net\/tchad\/sites\/41\/2022\/08\/postQueueImg_22.jpg\",\"keywords\":[\"Africa Press\",\"Africa Press-Tchad\",\"Tchad\"],\"articleSection\":[\"homepage-french\",\"Politique\",\"Toutes les actualit\u00e9s\"],\"inLanguage\":\"fr-FR\",\"potentialAction\":[{\"@type\":\"CommentAction\",\"name\":\"Comment\",\"target\":[\"https:\/\/www.africa-press.net\/tchad\/politique\/au-guera-la-citoyennete-a-lepreuve-pour-le-dialogue-national#respond\"]}]},{\"@type\":\"WebPage\",\"@id\":\"https:\/\/www.africa-press.net\/tchad\/politique\/au-guera-la-citoyennete-a-lepreuve-pour-le-dialogue-national\",\"url\":\"https:\/\/www.africa-press.net\/tchad\/politique\/au-guera-la-citoyennete-a-lepreuve-pour-le-dialogue-national\",\"name\":\"au Gu\u00e9ra, la citoyennet\u00e9 \u00e0 l'\u00e9preuve pour le dialogue national - tchad\",\"isPartOf\":{\"@id\":\"https:\/\/www.africa-press.net\/tchad\/#website\"},\"primaryImageOfPage\":{\"@id\":\"https:\/\/www.africa-press.net\/tchad\/politique\/au-guera-la-citoyennete-a-lepreuve-pour-le-dialogue-national#primaryimage\"},\"image\":{\"@id\":\"https:\/\/www.africa-press.net\/tchad\/politique\/au-guera-la-citoyennete-a-lepreuve-pour-le-dialogue-national#primaryimage\"},\"thumbnailUrl\":\"https:\/\/static.africa-press.net\/tchad\/sites\/41\/2022\/08\/postQueueImg_22.jpg\",\"datePublished\":\"2022-08-01T17:06:51+00:00\",\"dateModified\":\"2022-08-01T17:46:59+00:00\",\"author\":{\"@id\":\"https:\/\/www.africa-press.net\/tchad\/#\/schema\/person\/2b1cf3cd81a31e3cd26889ca66d677f1\"},\"description\":\"L'objectif est de mener une campagne de sensibilisation pour une participation populaire et citoyenne dans les provinces ...\",\"breadcrumb\":{\"@id\":\"https:\/\/www.africa-press.net\/tchad\/politique\/au-guera-la-citoyennete-a-lepreuve-pour-le-dialogue-national#breadcrumb\"},\"inLanguage\":\"fr-FR\",\"potentialAction\":[{\"@type\":\"ReadAction\",\"target\":[\"https:\/\/www.africa-press.net\/tchad\/politique\/au-guera-la-citoyennete-a-lepreuve-pour-le-dialogue-national\"]}]},{\"@type\":\"ImageObject\",\"inLanguage\":\"fr-FR\",\"@id\":\"https:\/\/www.africa-press.net\/tchad\/politique\/au-guera-la-citoyennete-a-lepreuve-pour-le-dialogue-national#primaryimage\",\"url\":\"https:\/\/static.africa-press.net\/tchad\/sites\/41\/2022\/08\/postQueueImg_22.jpg\",\"contentUrl\":\"https:\/\/static.africa-press.net\/tchad\/sites\/41\/2022\/08\/postQueueImg_22.jpg\",\"width\":870,\"height\":490,\"caption\":\"au Gu\u00e9ra, la citoyennet\u00e9 \u00e0 l'\u00e9preuve pour le dialogue national\"},{\"@type\":\"BreadcrumbList\",\"@id\":\"https:\/\/www.africa-press.net\/tchad\/politique\/au-guera-la-citoyennete-a-lepreuve-pour-le-dialogue-national#breadcrumb\",\"itemListElement\":[{\"@type\":\"ListItem\",\"position\":1,\"name\":\"Accueil\",\"item\":\"https:\/\/www.africa-press.net\/tchad\/\"},{\"@type\":\"ListItem\",\"position\":2,\"name\":\"au Gu\u00e9ra, la citoyennet\u00e9 \u00e0 l&#8217;\u00e9preuve pour le dialogue national\"}]},{\"@type\":\"WebSite\",\"@id\":\"https:\/\/www.africa-press.net\/tchad\/#website\",\"url\":\"https:\/\/www.africa-press.net\/tchad\/\",\"name\":\"tchad\",\"description\":\"Just another Africa News Agency Sites site\",\"potentialAction\":[{\"@type\":\"SearchAction\",\"target\":{\"@type\":\"EntryPoint\",\"urlTemplate\":\"https:\/\/www.africa-press.net\/tchad\/?s={search_term_string}\"},\"query-input\":{\"@type\":\"PropertyValueSpecification\",\"valueRequired\":true,\"valueName\":\"search_term_string\"}}],\"inLanguage\":\"fr-FR\"},{\"@type\":\"Person\",\"@id\":\"https:\/\/www.africa-press.net\/tchad\/#\/schema\/person\/2b1cf3cd81a31e3cd26889ca66d677f1\",\"name\":\"cfeditorfr\"}]}<\/script>\n<!-- \/ Yoast SEO Premium plugin. -->","yoast_head_json":{"title":"au Gu\u00e9ra, la citoyennet\u00e9 \u00e0 l'\u00e9preuve pour le dialogue national - tchad","description":"L'objectif est de mener une campagne de sensibilisation pour une participation populaire et citoyenne dans les provinces ...","robots":{"index":"index","follow":"follow","max-snippet":"max-snippet:-1","max-image-preview":"max-image-preview:large","max-video-preview":"max-video-preview:-1"},"canonical":"https:\/\/www.africa-press.net\/tchad\/politique\/au-guera-la-citoyennete-a-lepreuve-pour-le-dialogue-national","og_locale":"fr_FR","og_type":"article","og_title":"au Gu\u00e9ra, la citoyennet\u00e9 \u00e0 l'\u00e9preuve pour le dialogue national","og_description":"L'objectif est de mener une campagne de sensibilisation pour une participation populaire et citoyenne dans les provinces ...","og_url":"https:\/\/www.africa-press.net\/tchad\/politique\/au-guera-la-citoyennete-a-lepreuve-pour-le-dialogue-national","og_site_name":"tchad","article_published_time":"2022-08-01T17:06:51+00:00","article_modified_time":"2022-08-01T17:46:59+00:00","og_image":[{"width":870,"height":490,"url":"https:\/\/static.africa-press.net\/tchad\/sites\/41\/2022\/08\/postQueueImg_22.jpg","type":"image\/jpeg"}],"author":"cfeditorfr","twitter_card":"summary_large_image","twitter_misc":{"\u00c9crit par":"cfeditorfr","Dur\u00e9e de lecture estim\u00e9e":"2 minutes"},"schema":{"@context":"https:\/\/schema.org","@graph":[{"@type":"Article","@id":"https:\/\/www.africa-press.net\/tchad\/politique\/au-guera-la-citoyennete-a-lepreuve-pour-le-dialogue-national#article","isPartOf":{"@id":"https:\/\/www.africa-press.net\/tchad\/politique\/au-guera-la-citoyennete-a-lepreuve-pour-le-dialogue-national"},"author":{"name":"cfeditorfr","@id":"https:\/\/www.africa-press.net\/tchad\/#\/schema\/person\/2b1cf3cd81a31e3cd26889ca66d677f1"},"headline":"au Gu\u00e9ra, la citoyennet\u00e9 \u00e0 l&rsquo;\u00e9preuve pour le dialogue national","datePublished":"2022-08-01T17:06:51+00:00","dateModified":"2022-08-01T17:46:59+00:00","mainEntityOfPage":{"@id":"https:\/\/www.africa-press.net\/tchad\/politique\/au-guera-la-citoyennete-a-lepreuve-pour-le-dialogue-national"},"wordCount":229,"commentCount":0,"image":{"@id":"https:\/\/www.africa-press.net\/tchad\/politique\/au-guera-la-citoyennete-a-lepreuve-pour-le-dialogue-national#primaryimage"},"thumbnailUrl":"https:\/\/static.africa-press.net\/tchad\/sites\/41\/2022\/08\/postQueueImg_22.jpg","keywords":["Africa Press","Africa Press-Tchad","Tchad"],"articleSection":["homepage-french","Politique","Toutes les actualit\u00e9s"],"inLanguage":"fr-FR","potentialAction":[{"@type":"CommentAction","name":"Comment","target":["https:\/\/www.africa-press.net\/tchad\/politique\/au-guera-la-citoyennete-a-lepreuve-pour-le-dialogue-national#respond"]}]},{"@type":"WebPage","@id":"https:\/\/www.africa-press.net\/tchad\/politique\/au-guera-la-citoyennete-a-lepreuve-pour-le-dialogue-national","url":"https:\/\/www.africa-press.net\/tchad\/politique\/au-guera-la-citoyennete-a-lepreuve-pour-le-dialogue-national","name":"au Gu\u00e9ra, la citoyennet\u00e9 \u00e0 l'\u00e9preuve pour le dialogue national - tchad","isPartOf":{"@id":"https:\/\/www.africa-press.net\/tchad\/#website"},"primaryImageOfPage":{"@id":"https:\/\/www.africa-press.net\/tchad\/politique\/au-guera-la-citoyennete-a-lepreuve-pour-le-dialogue-national#primaryimage"},"image":{"@id":"https:\/\/www.africa-press.net\/tchad\/politique\/au-guera-la-citoyennete-a-lepreuve-pour-le-dialogue-national#primaryimage"},"thumbnailUrl":"https:\/\/static.africa-press.net\/tchad\/sites\/41\/2022\/08\/postQueueImg_22.jpg","datePublished":"2022-08-01T17:06:51+00:00","dateModified":"2022-08-01T17:46:59+00:00","author":{"@id":"https:\/\/www.africa-press.net\/tchad\/#\/schema\/person\/2b1cf3cd81a31e3cd26889ca66d677f1"},"description":"L'objectif est de mener une campagne de sensibilisation pour une participation populaire et citoyenne dans les provinces ...","breadcrumb":{"@id":"https:\/\/www.africa-press.net\/tchad\/politique\/au-guera-la-citoyennete-a-lepreuve-pour-le-dialogue-national#breadcrumb"},"inLanguage":"fr-FR","potentialAction":[{"@type":"ReadAction","target":["https:\/\/www.africa-press.net\/tchad\/politique\/au-guera-la-citoyennete-a-lepreuve-pour-le-dialogue-national"]}]},{"@type":"ImageObject","inLanguage":"fr-FR","@id":"https:\/\/www.africa-press.net\/tchad\/politique\/au-guera-la-citoyennete-a-lepreuve-pour-le-dialogue-national#primaryimage","url":"https:\/\/static.africa-press.net\/tchad\/sites\/41\/2022\/08\/postQueueImg_22.jpg","contentUrl":"https:\/\/static.africa-press.net\/tchad\/sites\/41\/2022\/08\/postQueueImg_22.jpg","width":870,"height":490,"caption":"au Gu\u00e9ra, la citoyennet\u00e9 \u00e0 l'\u00e9preuve pour le dialogue national"},{"@type":"BreadcrumbList","@id":"https:\/\/www.africa-press.net\/tchad\/politique\/au-guera-la-citoyennete-a-lepreuve-pour-le-dialogue-national#breadcrumb","itemListElement":[{"@type":"ListItem","position":1,"name":"Accueil","item":"https:\/\/www.africa-press.net\/tchad\/"},{"@type":"ListItem","position":2,"name":"au Gu\u00e9ra, la citoyennet\u00e9 \u00e0 l&#8217;\u00e9preuve pour le dialogue national"}]},{"@type":"WebSite","@id":"https:\/\/www.africa-press.net\/tchad\/#website","url":"https:\/\/www.africa-press.net\/tchad\/","name":"tchad","description":"Just another Africa News Agency Sites site","potentialAction":[{"@type":"SearchAction","target":{"@type":"EntryPoint","urlTemplate":"https:\/\/www.africa-press.net\/tchad\/?s={search_term_string}"},"query-input":{"@type":"PropertyValueSpecification","valueRequired":true,"valueName":"search_term_string"}}],"inLanguage":"fr-FR"},{"@type":"Person","@id":"https:\/\/www.africa-press.net\/tchad\/#\/schema\/person\/2b1cf3cd81a31e3cd26889ca66d677f1","name":"cfeditorfr"}]}},"_links":{"self":[{"href":"https:\/\/www.africa-press.net\/tchad\/wp-json\/wp\/v2\/posts\/29940","targetHints":{"allow":["GET"]}}],"collection":[{"href":"https:\/\/www.africa-press.net\/tchad\/wp-json\/wp\/v2\/posts"}],"about":[{"href":"https:\/\/www.africa-press.net\/tchad\/wp-json\/wp\/v2\/types\/post"}],"author":[{"embeddable":true,"href":"https:\/\/www.africa-press.net\/tchad\/wp-json\/wp\/v2\/users\/82"}],"replies":[{"embeddable":true,"href":"https:\/\/www.africa-press.net\/tchad\/wp-json\/wp\/v2\/comments?post=29940"}],"version-history":[{"count":0,"href":"https:\/\/www.africa-press.net\/tchad\/wp-json\/wp\/v2\/posts\/29940\/revisions"}],"wp:featuredmedia":[{"embeddable":true,"href":"https:\/\/www.africa-press.net\/tchad\/wp-json\/wp\/v2\/media\/29939"}],"wp:attachment":[{"href":"https:\/\/www.africa-press.net\/tchad\/wp-json\/wp\/v2\/media?parent=29940"}],"wp:term":[{"taxonomy":"category","embeddable":true,"href":"https:\/\/www.africa-press.net\/tchad\/wp-json\/wp\/v2\/categories?post=29940"},{"taxonomy":"post_tag","embeddable":true,"href":"https:\/\/www.africa-press.net\/tchad\/wp-json\/wp\/v2\/tags?post=29940"}],"curies":[{"name":"wp","href":"https:\/\/api.w.org\/{rel}","templated":true}]}}