{"id":29943,"date":"2022-08-01T17:22:16","date_gmt":"2022-08-01T17:22:16","guid":{"rendered":"https:\/\/www.africa-press.net\/tchad\/politique\/mot-du-pcmt-a-loccasion-de-la-rencontre-avec-la-chefferie-traditionnelle"},"modified":"2022-08-01T17:47:51","modified_gmt":"2022-08-01T17:47:51","slug":"mot-du-pcmt-a-loccasion-de-la-rencontre-avec-la-chefferie-traditionnelle","status":"publish","type":"post","link":"https:\/\/www.africa-press.net\/tchad\/politique\/mot-du-pcmt-a-loccasion-de-la-rencontre-avec-la-chefferie-traditionnelle","title":{"rendered":"Mot du PCMT \u00e0 l\u2019occasion de la rencontre avec la chefferie traditionnelle."},"content":{"rendered":"<p><span style=\"color: #ff6600\"><strong>Africa-Press &#8211; Tchad. <\/strong><\/span>Je voudrais \u00e0 l\u2019entame de cet instant de communion avec nos valeurs vous remercier, sinc\u00e8rement, pour votre disponibilit\u00e9 toujours constante, surtout quand la Nation a besoin de vous, de vos sages conseils et de vos orientations tir\u00e9es de la sagesse et de la riche exp\u00e9rience l\u00e9gu\u00e9es par les anc\u00eatres.<\/p>\n<p>La tradition africaine nous enseigne les vertus et les valeurs d\u2019une soci\u00e9t\u00e9 bas\u00e9e sur le respect de nos us et coutumes, quel que soit le rang qu\u2019on occupe.<\/p>\n<p>La sagesse est une vertu qui est sans limites.<\/p>\n<p>C\u2019est une force morale et spirituelle \u00e0 laquelle le temps qui passe n\u2019apporte que plus de vigueur et de puissance f\u00e9conde.<\/p>\n<p>Son facteur qui est le temps, enrichit d\u2019exp\u00e9riences et d\u00e9barrasse le c\u0153ur et l\u2019esprit de l\u2019homme de tout ce qui ne pourrait \u00eatre qu\u2019artifices et vanit\u00e9s.<\/p>\n<p>Honorables Chefs traditionnels,<\/p>\n<p>Vous incarnez si brillamment cette sagesse et nul, ne saurait vous disputer cette qualit\u00e9, encore moins se priver de votre rassurante tutelle.<\/p>\n<p>Vous constituez une assembl\u00e9e d\u2019hommes de grandes exp\u00e9riences car d\u00e9positaires ; \u00e0 un titre ou \u00e0 un autre, des valeurs intrins\u00e8ques de notre peuple.<\/p>\n<p>C\u2019est pourquoi, le Conseil Militaire de la Transition, d\u00e8s sa mise en place, a fait appel aux sages que vous \u00eates, pour l\u2019aider \u00e0 d\u00e9barrasser le peuple des d\u00e9mons de la politique politicienne et d\u2019autres tentations nuisibles \u00e0 la bonne marche de la vie de la Nation.<\/p>\n<p>Il \u00e9tait question aux premi\u00e8res heures de l\u2019av\u00e8nement du CMT, de renouer avec nos traditions ancestrales de tol\u00e9rance et de compromis et puiser en elles, la force indispensable pour consolider la coh\u00e9sion de notre Nation, maintenir intacte la paix et redonner espoir \u00e0 tous les tchadiens.<\/p>\n<p>Face \u00e0 cet appel, Vous n\u2019avez pas trahi votre l\u00e9gendaire r\u00e9putation, vous avez \u00e0 tout point de vue, accompli avec la plus grande d\u00e9termination et de mani\u00e8re d\u00e9sint\u00e9ress\u00e9e, les diff\u00e9rentes missions qui vous ont \u00e9t\u00e9 confi\u00e9es.<\/p>\n<p>Mais sachez que votre mission si d\u00e9licate ne fait que commencer puis qu\u2019il s\u2019agit de continuer l\u2019\u0153uvre et de contribuer \u00e0 consolider les acquis de la coh\u00e9sion nationale.<\/p>\n<p>Dans quelques semaines, plus pr\u00e9cis\u00e9ment le 20 Ao\u00fbt 2022, vous prendrez une part pr\u00e9pond\u00e9rante dans les d\u00e9bats qui vont rythmer notre Dialogue.<\/p>\n<p>Grace \u00e0 votre valeureux concours, vous saurez enrichir par vos r\u00e9flexions, les d\u00e9bats desquels, sortiront des r\u00e9solutions et recommandations qui guideront d\u00e9sormais la marche de notre pays.<\/p>\n<p>Chers Notables ;<\/p>\n<p>Le peuple tchadien se souvient de la part active que vous avez prise dans la tenue des forums et autres grandes rencontres d\u2019int\u00e9r\u00eat national au cours desquels vous avez permis l\u2019\u00e9mergence d\u2019un large consensus autour des principes directeurs de notre soci\u00e9t\u00e9 en devenir.<\/p>\n<p>La contribution des sages a \u00e9t\u00e9 de l\u2019avis de tous, d\u00e9terminante et d\u2019un grand apport.<\/p>\n<p>Vous n\u2019avez pas h\u00e9sit\u00e9 \u00e0 chaque occasion et tout au long de la transition en cours, \u00e0 prodiguer des conseils et inspirations f\u00e9conds au Gouvernement dans la prise d\u2019importantes d\u00e9cisions d\u2019int\u00e9r\u00eat national.<\/p>\n<p>Honorables Chefs traditionnels ;<\/p>\n<p>Je n\u2019ai jamais dout\u00e9 un seul instant, de votre souci constant de pr\u00e9server la coh\u00e9sion de notre Nation, consolider la paix et la qui\u00e9tude dans notre pays.<\/p>\n<p>Je souhaite, que l\u2019exp\u00e9rience puisse se poursuivre de mani\u00e8re plus concr\u00e8te dans le cadre du dialogue qui pointe \u00e0 l\u2019horizon.<\/p>\n<p>Qu\u2019Allah, le tout puissant aide chacun de nous, o\u00f9 qu\u2019il se trouve \u00e0 rechercher sans rel\u00e2che la paix pour notre cher et beau pays et l\u2019unit\u00e9 de tous les fils du Tchad.<\/p>\n<p><strong>Pour plus d&rsquo;informations et d&rsquo;analyses sur la <a href=\"https:\/\/www.africa-press.net\/tchad\">Tchad<\/a>, suivez <a href=\"https:\/\/www.africa-press.net\/\">Africa-Press<\/a><\/strong><\/p>\n","protected":false},"excerpt":{"rendered":"<p>Africa-Press &#8211; Tchad. Je voudrais \u00e0 l\u2019entame de cet instant de communion avec nos valeurs vous remercier, sinc\u00e8rement, pour votre disponibilit\u00e9 toujours constante, surtout quand la Nation a besoin de vous, de vos sages conseils et de vos orientations tir\u00e9es de la sagesse et de la riche exp\u00e9rience l\u00e9gu\u00e9es par les anc\u00eatres. La tradition africaine [&hellip;]<\/p>\n","protected":false},"author":82,"featured_media":29942,"comment_status":"open","ping_status":"closed","sticky":false,"template":"","format":"standard","meta":{"footnotes":""},"categories":[11,2,20,10],"tags":[37,292,29],"class_list":["post-29943","post","type-post","status-publish","format-standard","has-post-thumbnail","hentry","category-homepage-french","category-politique","category-top-nouvelles","category-toutes-les-actualites","tag-africa-press","tag-africa-press-tchad","tag-tchad"],"yoast_head":"<!-- This site is optimized with the Yoast SEO Premium plugin v26.1 (Yoast SEO v27.0) - https:\/\/yoast.com\/product\/yoast-seo-premium-wordpress\/ -->\n<title>Mot du PCMT \u00e0 l\u2019occasion de la rencontre avec la chefferie traditionnelle. - tchad<\/title>\n<meta name=\"description\" content=\"Je voudrais \u00e0 l\u2019entame de cet instant de communion avec nos valeurs vous remercier, sinc\u00e8rement, pour votre disponibilit ...\" \/>\n<meta name=\"robots\" content=\"index, follow, max-snippet:-1, max-image-preview:large, max-video-preview:-1\" \/>\n<link rel=\"canonical\" href=\"https:\/\/www.africa-press.net\/tchad\/politique\/mot-du-pcmt-a-loccasion-de-la-rencontre-avec-la-chefferie-traditionnelle\" \/>\n<meta property=\"og:locale\" content=\"fr_FR\" \/>\n<meta property=\"og:type\" content=\"article\" \/>\n<meta property=\"og:title\" content=\"Mot du PCMT \u00e0 l\u2019occasion de la rencontre avec la chefferie traditionnelle.\" \/>\n<meta property=\"og:description\" content=\"Je voudrais \u00e0 l\u2019entame de cet instant de communion avec nos valeurs vous remercier, sinc\u00e8rement, pour votre disponibilit ...\" \/>\n<meta property=\"og:url\" content=\"https:\/\/www.africa-press.net\/tchad\/politique\/mot-du-pcmt-a-loccasion-de-la-rencontre-avec-la-chefferie-traditionnelle\" \/>\n<meta property=\"og:site_name\" content=\"tchad\" \/>\n<meta property=\"article:published_time\" content=\"2022-08-01T17:22:16+00:00\" \/>\n<meta property=\"article:modified_time\" content=\"2022-08-01T17:47:51+00:00\" \/>\n<meta property=\"og:image\" content=\"https:\/\/static.africa-press.net\/tchad\/sites\/41\/2022\/08\/postQueueImg_23.jpg\" \/>\n\t<meta property=\"og:image:width\" content=\"1018\" \/>\n\t<meta property=\"og:image:height\" content=\"609\" \/>\n\t<meta property=\"og:image:type\" content=\"image\/jpeg\" \/>\n<meta name=\"author\" content=\"cfeditorfr\" \/>\n<meta name=\"twitter:card\" content=\"summary_large_image\" \/>\n<meta name=\"twitter:label1\" content=\"\u00c9crit par\" \/>\n\t<meta name=\"twitter:data1\" content=\"cfeditorfr\" \/>\n\t<meta name=\"twitter:label2\" content=\"Dur\u00e9e de lecture estim\u00e9e\" \/>\n\t<meta name=\"twitter:data2\" content=\"3 minutes\" \/>\n<script type=\"application\/ld+json\" class=\"yoast-schema-graph\">{\"@context\":\"https:\/\/schema.org\",\"@graph\":[{\"@type\":\"Article\",\"@id\":\"https:\/\/www.africa-press.net\/tchad\/politique\/mot-du-pcmt-a-loccasion-de-la-rencontre-avec-la-chefferie-traditionnelle#article\",\"isPartOf\":{\"@id\":\"https:\/\/www.africa-press.net\/tchad\/politique\/mot-du-pcmt-a-loccasion-de-la-rencontre-avec-la-chefferie-traditionnelle\"},\"author\":{\"name\":\"cfeditorfr\",\"@id\":\"https:\/\/www.africa-press.net\/tchad\/#\/schema\/person\/2b1cf3cd81a31e3cd26889ca66d677f1\"},\"headline\":\"Mot du PCMT \u00e0 l\u2019occasion de la rencontre avec la chefferie traditionnelle.\",\"datePublished\":\"2022-08-01T17:22:16+00:00\",\"dateModified\":\"2022-08-01T17:47:51+00:00\",\"mainEntityOfPage\":{\"@id\":\"https:\/\/www.africa-press.net\/tchad\/politique\/mot-du-pcmt-a-loccasion-de-la-rencontre-avec-la-chefferie-traditionnelle\"},\"wordCount\":664,\"commentCount\":0,\"image\":{\"@id\":\"https:\/\/www.africa-press.net\/tchad\/politique\/mot-du-pcmt-a-loccasion-de-la-rencontre-avec-la-chefferie-traditionnelle#primaryimage\"},\"thumbnailUrl\":\"https:\/\/static.africa-press.net\/tchad\/sites\/41\/2022\/08\/postQueueImg_23.jpg\",\"keywords\":[\"Africa Press\",\"Africa Press-Tchad\",\"Tchad\"],\"articleSection\":[\"homepage-french\",\"Politique\",\"Top Nouvelles\",\"Toutes les actualit\u00e9s\"],\"inLanguage\":\"fr-FR\",\"potentialAction\":[{\"@type\":\"CommentAction\",\"name\":\"Comment\",\"target\":[\"https:\/\/www.africa-press.net\/tchad\/politique\/mot-du-pcmt-a-loccasion-de-la-rencontre-avec-la-chefferie-traditionnelle#respond\"]}]},{\"@type\":\"WebPage\",\"@id\":\"https:\/\/www.africa-press.net\/tchad\/politique\/mot-du-pcmt-a-loccasion-de-la-rencontre-avec-la-chefferie-traditionnelle\",\"url\":\"https:\/\/www.africa-press.net\/tchad\/politique\/mot-du-pcmt-a-loccasion-de-la-rencontre-avec-la-chefferie-traditionnelle\",\"name\":\"Mot du PCMT \u00e0 l\u2019occasion de la rencontre avec la chefferie traditionnelle. - tchad\",\"isPartOf\":{\"@id\":\"https:\/\/www.africa-press.net\/tchad\/#website\"},\"primaryImageOfPage\":{\"@id\":\"https:\/\/www.africa-press.net\/tchad\/politique\/mot-du-pcmt-a-loccasion-de-la-rencontre-avec-la-chefferie-traditionnelle#primaryimage\"},\"image\":{\"@id\":\"https:\/\/www.africa-press.net\/tchad\/politique\/mot-du-pcmt-a-loccasion-de-la-rencontre-avec-la-chefferie-traditionnelle#primaryimage\"},\"thumbnailUrl\":\"https:\/\/static.africa-press.net\/tchad\/sites\/41\/2022\/08\/postQueueImg_23.jpg\",\"datePublished\":\"2022-08-01T17:22:16+00:00\",\"dateModified\":\"2022-08-01T17:47:51+00:00\",\"author\":{\"@id\":\"https:\/\/www.africa-press.net\/tchad\/#\/schema\/person\/2b1cf3cd81a31e3cd26889ca66d677f1\"},\"description\":\"Je voudrais \u00e0 l\u2019entame de cet instant de communion avec nos valeurs vous remercier, sinc\u00e8rement, pour votre disponibilit ...\",\"breadcrumb\":{\"@id\":\"https:\/\/www.africa-press.net\/tchad\/politique\/mot-du-pcmt-a-loccasion-de-la-rencontre-avec-la-chefferie-traditionnelle#breadcrumb\"},\"inLanguage\":\"fr-FR\",\"potentialAction\":[{\"@type\":\"ReadAction\",\"target\":[\"https:\/\/www.africa-press.net\/tchad\/politique\/mot-du-pcmt-a-loccasion-de-la-rencontre-avec-la-chefferie-traditionnelle\"]}]},{\"@type\":\"ImageObject\",\"inLanguage\":\"fr-FR\",\"@id\":\"https:\/\/www.africa-press.net\/tchad\/politique\/mot-du-pcmt-a-loccasion-de-la-rencontre-avec-la-chefferie-traditionnelle#primaryimage\",\"url\":\"https:\/\/static.africa-press.net\/tchad\/sites\/41\/2022\/08\/postQueueImg_23.jpg\",\"contentUrl\":\"https:\/\/static.africa-press.net\/tchad\/sites\/41\/2022\/08\/postQueueImg_23.jpg\",\"width\":1018,\"height\":609,\"caption\":\"Mot du PCMT \u00e0 l\u2019occasion de la rencontre avec la chefferie traditionnelle.\"},{\"@type\":\"BreadcrumbList\",\"@id\":\"https:\/\/www.africa-press.net\/tchad\/politique\/mot-du-pcmt-a-loccasion-de-la-rencontre-avec-la-chefferie-traditionnelle#breadcrumb\",\"itemListElement\":[{\"@type\":\"ListItem\",\"position\":1,\"name\":\"Accueil\",\"item\":\"https:\/\/www.africa-press.net\/tchad\/\"},{\"@type\":\"ListItem\",\"position\":2,\"name\":\"Mot du PCMT \u00e0 l\u2019occasion de la rencontre avec la chefferie traditionnelle.\"}]},{\"@type\":\"WebSite\",\"@id\":\"https:\/\/www.africa-press.net\/tchad\/#website\",\"url\":\"https:\/\/www.africa-press.net\/tchad\/\",\"name\":\"tchad\",\"description\":\"Just another Africa News Agency Sites site\",\"potentialAction\":[{\"@type\":\"SearchAction\",\"target\":{\"@type\":\"EntryPoint\",\"urlTemplate\":\"https:\/\/www.africa-press.net\/tchad\/?s={search_term_string}\"},\"query-input\":{\"@type\":\"PropertyValueSpecification\",\"valueRequired\":true,\"valueName\":\"search_term_string\"}}],\"inLanguage\":\"fr-FR\"},{\"@type\":\"Person\",\"@id\":\"https:\/\/www.africa-press.net\/tchad\/#\/schema\/person\/2b1cf3cd81a31e3cd26889ca66d677f1\",\"name\":\"cfeditorfr\"}]}<\/script>\n<!-- \/ Yoast SEO Premium plugin. -->","yoast_head_json":{"title":"Mot du PCMT \u00e0 l\u2019occasion de la rencontre avec la chefferie traditionnelle. - tchad","description":"Je voudrais \u00e0 l\u2019entame de cet instant de communion avec nos valeurs vous remercier, sinc\u00e8rement, pour votre disponibilit ...","robots":{"index":"index","follow":"follow","max-snippet":"max-snippet:-1","max-image-preview":"max-image-preview:large","max-video-preview":"max-video-preview:-1"},"canonical":"https:\/\/www.africa-press.net\/tchad\/politique\/mot-du-pcmt-a-loccasion-de-la-rencontre-avec-la-chefferie-traditionnelle","og_locale":"fr_FR","og_type":"article","og_title":"Mot du PCMT \u00e0 l\u2019occasion de la rencontre avec la chefferie traditionnelle.","og_description":"Je voudrais \u00e0 l\u2019entame de cet instant de communion avec nos valeurs vous remercier, sinc\u00e8rement, pour votre disponibilit ...","og_url":"https:\/\/www.africa-press.net\/tchad\/politique\/mot-du-pcmt-a-loccasion-de-la-rencontre-avec-la-chefferie-traditionnelle","og_site_name":"tchad","article_published_time":"2022-08-01T17:22:16+00:00","article_modified_time":"2022-08-01T17:47:51+00:00","og_image":[{"width":1018,"height":609,"url":"https:\/\/static.africa-press.net\/tchad\/sites\/41\/2022\/08\/postQueueImg_23.jpg","type":"image\/jpeg"}],"author":"cfeditorfr","twitter_card":"summary_large_image","twitter_misc":{"\u00c9crit par":"cfeditorfr","Dur\u00e9e de lecture estim\u00e9e":"3 minutes"},"schema":{"@context":"https:\/\/schema.org","@graph":[{"@type":"Article","@id":"https:\/\/www.africa-press.net\/tchad\/politique\/mot-du-pcmt-a-loccasion-de-la-rencontre-avec-la-chefferie-traditionnelle#article","isPartOf":{"@id":"https:\/\/www.africa-press.net\/tchad\/politique\/mot-du-pcmt-a-loccasion-de-la-rencontre-avec-la-chefferie-traditionnelle"},"author":{"name":"cfeditorfr","@id":"https:\/\/www.africa-press.net\/tchad\/#\/schema\/person\/2b1cf3cd81a31e3cd26889ca66d677f1"},"headline":"Mot du PCMT \u00e0 l\u2019occasion de la rencontre avec la chefferie traditionnelle.","datePublished":"2022-08-01T17:22:16+00:00","dateModified":"2022-08-01T17:47:51+00:00","mainEntityOfPage":{"@id":"https:\/\/www.africa-press.net\/tchad\/politique\/mot-du-pcmt-a-loccasion-de-la-rencontre-avec-la-chefferie-traditionnelle"},"wordCount":664,"commentCount":0,"image":{"@id":"https:\/\/www.africa-press.net\/tchad\/politique\/mot-du-pcmt-a-loccasion-de-la-rencontre-avec-la-chefferie-traditionnelle#primaryimage"},"thumbnailUrl":"https:\/\/static.africa-press.net\/tchad\/sites\/41\/2022\/08\/postQueueImg_23.jpg","keywords":["Africa Press","Africa Press-Tchad","Tchad"],"articleSection":["homepage-french","Politique","Top Nouvelles","Toutes les actualit\u00e9s"],"inLanguage":"fr-FR","potentialAction":[{"@type":"CommentAction","name":"Comment","target":["https:\/\/www.africa-press.net\/tchad\/politique\/mot-du-pcmt-a-loccasion-de-la-rencontre-avec-la-chefferie-traditionnelle#respond"]}]},{"@type":"WebPage","@id":"https:\/\/www.africa-press.net\/tchad\/politique\/mot-du-pcmt-a-loccasion-de-la-rencontre-avec-la-chefferie-traditionnelle","url":"https:\/\/www.africa-press.net\/tchad\/politique\/mot-du-pcmt-a-loccasion-de-la-rencontre-avec-la-chefferie-traditionnelle","name":"Mot du PCMT \u00e0 l\u2019occasion de la rencontre avec la chefferie traditionnelle. - tchad","isPartOf":{"@id":"https:\/\/www.africa-press.net\/tchad\/#website"},"primaryImageOfPage":{"@id":"https:\/\/www.africa-press.net\/tchad\/politique\/mot-du-pcmt-a-loccasion-de-la-rencontre-avec-la-chefferie-traditionnelle#primaryimage"},"image":{"@id":"https:\/\/www.africa-press.net\/tchad\/politique\/mot-du-pcmt-a-loccasion-de-la-rencontre-avec-la-chefferie-traditionnelle#primaryimage"},"thumbnailUrl":"https:\/\/static.africa-press.net\/tchad\/sites\/41\/2022\/08\/postQueueImg_23.jpg","datePublished":"2022-08-01T17:22:16+00:00","dateModified":"2022-08-01T17:47:51+00:00","author":{"@id":"https:\/\/www.africa-press.net\/tchad\/#\/schema\/person\/2b1cf3cd81a31e3cd26889ca66d677f1"},"description":"Je voudrais \u00e0 l\u2019entame de cet instant de communion avec nos valeurs vous remercier, sinc\u00e8rement, pour votre disponibilit ...","breadcrumb":{"@id":"https:\/\/www.africa-press.net\/tchad\/politique\/mot-du-pcmt-a-loccasion-de-la-rencontre-avec-la-chefferie-traditionnelle#breadcrumb"},"inLanguage":"fr-FR","potentialAction":[{"@type":"ReadAction","target":["https:\/\/www.africa-press.net\/tchad\/politique\/mot-du-pcmt-a-loccasion-de-la-rencontre-avec-la-chefferie-traditionnelle"]}]},{"@type":"ImageObject","inLanguage":"fr-FR","@id":"https:\/\/www.africa-press.net\/tchad\/politique\/mot-du-pcmt-a-loccasion-de-la-rencontre-avec-la-chefferie-traditionnelle#primaryimage","url":"https:\/\/static.africa-press.net\/tchad\/sites\/41\/2022\/08\/postQueueImg_23.jpg","contentUrl":"https:\/\/static.africa-press.net\/tchad\/sites\/41\/2022\/08\/postQueueImg_23.jpg","width":1018,"height":609,"caption":"Mot du PCMT \u00e0 l\u2019occasion de la rencontre avec la chefferie traditionnelle."},{"@type":"BreadcrumbList","@id":"https:\/\/www.africa-press.net\/tchad\/politique\/mot-du-pcmt-a-loccasion-de-la-rencontre-avec-la-chefferie-traditionnelle#breadcrumb","itemListElement":[{"@type":"ListItem","position":1,"name":"Accueil","item":"https:\/\/www.africa-press.net\/tchad\/"},{"@type":"ListItem","position":2,"name":"Mot du PCMT \u00e0 l\u2019occasion de la rencontre avec la chefferie traditionnelle."}]},{"@type":"WebSite","@id":"https:\/\/www.africa-press.net\/tchad\/#website","url":"https:\/\/www.africa-press.net\/tchad\/","name":"tchad","description":"Just another Africa News Agency Sites site","potentialAction":[{"@type":"SearchAction","target":{"@type":"EntryPoint","urlTemplate":"https:\/\/www.africa-press.net\/tchad\/?s={search_term_string}"},"query-input":{"@type":"PropertyValueSpecification","valueRequired":true,"valueName":"search_term_string"}}],"inLanguage":"fr-FR"},{"@type":"Person","@id":"https:\/\/www.africa-press.net\/tchad\/#\/schema\/person\/2b1cf3cd81a31e3cd26889ca66d677f1","name":"cfeditorfr"}]}},"_links":{"self":[{"href":"https:\/\/www.africa-press.net\/tchad\/wp-json\/wp\/v2\/posts\/29943","targetHints":{"allow":["GET"]}}],"collection":[{"href":"https:\/\/www.africa-press.net\/tchad\/wp-json\/wp\/v2\/posts"}],"about":[{"href":"https:\/\/www.africa-press.net\/tchad\/wp-json\/wp\/v2\/types\/post"}],"author":[{"embeddable":true,"href":"https:\/\/www.africa-press.net\/tchad\/wp-json\/wp\/v2\/users\/82"}],"replies":[{"embeddable":true,"href":"https:\/\/www.africa-press.net\/tchad\/wp-json\/wp\/v2\/comments?post=29943"}],"version-history":[{"count":0,"href":"https:\/\/www.africa-press.net\/tchad\/wp-json\/wp\/v2\/posts\/29943\/revisions"}],"wp:featuredmedia":[{"embeddable":true,"href":"https:\/\/www.africa-press.net\/tchad\/wp-json\/wp\/v2\/media\/29942"}],"wp:attachment":[{"href":"https:\/\/www.africa-press.net\/tchad\/wp-json\/wp\/v2\/media?parent=29943"}],"wp:term":[{"taxonomy":"category","embeddable":true,"href":"https:\/\/www.africa-press.net\/tchad\/wp-json\/wp\/v2\/categories?post=29943"},{"taxonomy":"post_tag","embeddable":true,"href":"https:\/\/www.africa-press.net\/tchad\/wp-json\/wp\/v2\/tags?post=29943"}],"curies":[{"name":"wp","href":"https:\/\/api.w.org\/{rel}","templated":true}]}}