{"id":29949,"date":"2022-08-01T17:23:06","date_gmt":"2022-08-01T17:23:06","guid":{"rendered":"https:\/\/www.africa-press.net\/tchad\/politique\/des-cadres-des-ministeres-beneficient-dune-formation-sur-lelaboration-des-rapports-annuels-de-performance"},"modified":"2022-08-01T17:49:20","modified_gmt":"2022-08-01T17:49:20","slug":"des-cadres-des-ministeres-beneficient-dune-formation-sur-lelaboration-des-rapports-annuels-de-performance","status":"publish","type":"post","link":"https:\/\/www.africa-press.net\/tchad\/politique\/des-cadres-des-ministeres-beneficient-dune-formation-sur-lelaboration-des-rapports-annuels-de-performance","title":{"rendered":"des cadres des minist\u00e8res b\u00e9n\u00e9ficient d\u2019une formation sur l\u2019\u00e9laboration des rapports annuels de performance"},"content":{"rendered":"<p><span style=\"color: #ff6600\"><strong>Africa-Press &#8211; Tchad. <\/strong><\/span>Les acteurs de reforme du budget des diff\u00e9rents minist\u00e8res b\u00e9n\u00e9ficieront du 1er au 19 ao\u00fbt d\u2019une formation sur l\u2019\u00e9laboration des rapports annuels de performance.<\/p>\n<p>Ce plan de formation s\u2019inscrit dans le processus de reforme des finances publiques et en particulier du budget programme.<\/p>\n<p>La cl\u00e9 de voute de cette r\u00e9forme majeure est l\u2019adoption, le 18 f\u00e9vrier 2014, de la Loi Organique N\u00b0004\/PR\/2014 relative aux Lois de Finances (LOLF). L\u2019adoption de cette loi intervient dans le cadre de la transposition des six (06) directives du nouveau cadre harmonis\u00e9 de la gestion des finances publiques de la zone CEMAC.<\/p>\n<p>\u00ab Depuis lors, d\u2019autres progr\u00e8s majeurs ont \u00e9t\u00e9 accomplis. Il s\u2019agit entre autres du d\u00e9veloppement des outils de programmation budg\u00e9taire pluriannuelle. Il en est ainsi du Cadre Budg\u00e9taire \u00e0 Moyen Terme (CBMT), du Cadre de D\u00e9penses \u00e0 Moyen Terme (CDMT) et des Projets Annuels de Performance (PAP) \u00bb informe l\u2019inspecteur g\u00e9n\u00e9ral du minist\u00e8re des finances, Loukhman Moustapha.<\/p>\n<p>Notons que cette formation est appuy\u00e9e par l\u2019Union Europ\u00e9enne \u00e0 travers le projet d\u2019Appui \u00e0 la Consolidation de l\u2019Etat Tchadien (phase 2).<a name=\"tchad-878037097\"><\/a><a href=\"https:\/\/www.ecobank.com\/td\/personal-banking\/countries\"><br \/>\n<\/a><\/p>\n<p><strong>Pour plus d&rsquo;informations et d&rsquo;analyses sur la <a href=\"https:\/\/www.africa-press.net\/tchad\">Tchad<\/a>, suivez <a href=\"https:\/\/www.africa-press.net\/\">Africa-Press<\/a><\/strong><\/p>\n","protected":false},"excerpt":{"rendered":"<p>Africa-Press &#8211; Tchad. Les acteurs de reforme du budget des diff\u00e9rents minist\u00e8res b\u00e9n\u00e9ficieront du 1er au 19 ao\u00fbt d\u2019une formation sur l\u2019\u00e9laboration des rapports annuels de performance. Ce plan de formation s\u2019inscrit dans le processus de reforme des finances publiques et en particulier du budget programme. La cl\u00e9 de voute de cette r\u00e9forme majeure est [&hellip;]<\/p>\n","protected":false},"author":82,"featured_media":29948,"comment_status":"open","ping_status":"closed","sticky":false,"template":"","format":"standard","meta":{"footnotes":""},"categories":[11,2,10],"tags":[37,292,29],"class_list":["post-29949","post","type-post","status-publish","format-standard","has-post-thumbnail","hentry","category-homepage-french","category-politique","category-toutes-les-actualites","tag-africa-press","tag-africa-press-tchad","tag-tchad"],"yoast_head":"<!-- This site is optimized with the Yoast SEO Premium plugin v26.1 (Yoast SEO v27.0) - https:\/\/yoast.com\/product\/yoast-seo-premium-wordpress\/ -->\n<title>des cadres des minist\u00e8res b\u00e9n\u00e9ficient d\u2019une formation sur l\u2019\u00e9laboration des rapports annuels de performance - tchad<\/title>\n<meta name=\"description\" content=\"Les acteurs de reforme du budget des diff\u00e9rents minist\u00e8res b\u00e9n\u00e9ficieront du 1er au 19 ao\u00fbt d\u2019une formation sur l\u2019\u00e9labora ...\" \/>\n<meta name=\"robots\" content=\"index, follow, max-snippet:-1, max-image-preview:large, max-video-preview:-1\" \/>\n<link rel=\"canonical\" href=\"https:\/\/www.africa-press.net\/tchad\/politique\/des-cadres-des-ministeres-beneficient-dune-formation-sur-lelaboration-des-rapports-annuels-de-performance\" \/>\n<meta property=\"og:locale\" content=\"fr_FR\" \/>\n<meta property=\"og:type\" content=\"article\" \/>\n<meta property=\"og:title\" content=\"des cadres des minist\u00e8res b\u00e9n\u00e9ficient d\u2019une formation sur l\u2019\u00e9laboration des rapports annuels de performance\" \/>\n<meta property=\"og:description\" content=\"Les acteurs de reforme du budget des diff\u00e9rents minist\u00e8res b\u00e9n\u00e9ficieront du 1er au 19 ao\u00fbt d\u2019une formation sur l\u2019\u00e9labora ...\" \/>\n<meta property=\"og:url\" content=\"https:\/\/www.africa-press.net\/tchad\/politique\/des-cadres-des-ministeres-beneficient-dune-formation-sur-lelaboration-des-rapports-annuels-de-performance\" \/>\n<meta property=\"og:site_name\" content=\"tchad\" \/>\n<meta property=\"article:published_time\" content=\"2022-08-01T17:23:06+00:00\" \/>\n<meta property=\"article:modified_time\" content=\"2022-08-01T17:49:20+00:00\" \/>\n<meta property=\"og:image\" content=\"https:\/\/static.africa-press.net\/tchad\/sites\/41\/2022\/08\/postQueueImg_25.jpg\" \/>\n\t<meta property=\"og:image:width\" content=\"696\" \/>\n\t<meta property=\"og:image:height\" content=\"392\" \/>\n\t<meta property=\"og:image:type\" content=\"image\/jpeg\" \/>\n<meta name=\"author\" content=\"cfeditorfr\" \/>\n<meta name=\"twitter:card\" content=\"summary_large_image\" \/>\n<meta name=\"twitter:label1\" content=\"\u00c9crit par\" \/>\n\t<meta name=\"twitter:data1\" content=\"cfeditorfr\" \/>\n\t<meta name=\"twitter:label2\" content=\"Dur\u00e9e de lecture estim\u00e9e\" \/>\n\t<meta name=\"twitter:data2\" content=\"1 minute\" \/>\n<script type=\"application\/ld+json\" class=\"yoast-schema-graph\">{\"@context\":\"https:\/\/schema.org\",\"@graph\":[{\"@type\":\"Article\",\"@id\":\"https:\/\/www.africa-press.net\/tchad\/politique\/des-cadres-des-ministeres-beneficient-dune-formation-sur-lelaboration-des-rapports-annuels-de-performance#article\",\"isPartOf\":{\"@id\":\"https:\/\/www.africa-press.net\/tchad\/politique\/des-cadres-des-ministeres-beneficient-dune-formation-sur-lelaboration-des-rapports-annuels-de-performance\"},\"author\":{\"name\":\"cfeditorfr\",\"@id\":\"https:\/\/www.africa-press.net\/tchad\/#\/schema\/person\/2b1cf3cd81a31e3cd26889ca66d677f1\"},\"headline\":\"des cadres des minist\u00e8res b\u00e9n\u00e9ficient d\u2019une formation sur l\u2019\u00e9laboration des rapports annuels de performance\",\"datePublished\":\"2022-08-01T17:23:06+00:00\",\"dateModified\":\"2022-08-01T17:49:20+00:00\",\"mainEntityOfPage\":{\"@id\":\"https:\/\/www.africa-press.net\/tchad\/politique\/des-cadres-des-ministeres-beneficient-dune-formation-sur-lelaboration-des-rapports-annuels-de-performance\"},\"wordCount\":228,\"commentCount\":0,\"image\":{\"@id\":\"https:\/\/www.africa-press.net\/tchad\/politique\/des-cadres-des-ministeres-beneficient-dune-formation-sur-lelaboration-des-rapports-annuels-de-performance#primaryimage\"},\"thumbnailUrl\":\"https:\/\/static.africa-press.net\/tchad\/sites\/41\/2022\/08\/postQueueImg_25.jpg\",\"keywords\":[\"Africa Press\",\"Africa Press-Tchad\",\"Tchad\"],\"articleSection\":[\"homepage-french\",\"Politique\",\"Toutes les actualit\u00e9s\"],\"inLanguage\":\"fr-FR\",\"potentialAction\":[{\"@type\":\"CommentAction\",\"name\":\"Comment\",\"target\":[\"https:\/\/www.africa-press.net\/tchad\/politique\/des-cadres-des-ministeres-beneficient-dune-formation-sur-lelaboration-des-rapports-annuels-de-performance#respond\"]}]},{\"@type\":\"WebPage\",\"@id\":\"https:\/\/www.africa-press.net\/tchad\/politique\/des-cadres-des-ministeres-beneficient-dune-formation-sur-lelaboration-des-rapports-annuels-de-performance\",\"url\":\"https:\/\/www.africa-press.net\/tchad\/politique\/des-cadres-des-ministeres-beneficient-dune-formation-sur-lelaboration-des-rapports-annuels-de-performance\",\"name\":\"des cadres des minist\u00e8res b\u00e9n\u00e9ficient d\u2019une formation sur l\u2019\u00e9laboration des rapports annuels de performance - tchad\",\"isPartOf\":{\"@id\":\"https:\/\/www.africa-press.net\/tchad\/#website\"},\"primaryImageOfPage\":{\"@id\":\"https:\/\/www.africa-press.net\/tchad\/politique\/des-cadres-des-ministeres-beneficient-dune-formation-sur-lelaboration-des-rapports-annuels-de-performance#primaryimage\"},\"image\":{\"@id\":\"https:\/\/www.africa-press.net\/tchad\/politique\/des-cadres-des-ministeres-beneficient-dune-formation-sur-lelaboration-des-rapports-annuels-de-performance#primaryimage\"},\"thumbnailUrl\":\"https:\/\/static.africa-press.net\/tchad\/sites\/41\/2022\/08\/postQueueImg_25.jpg\",\"datePublished\":\"2022-08-01T17:23:06+00:00\",\"dateModified\":\"2022-08-01T17:49:20+00:00\",\"author\":{\"@id\":\"https:\/\/www.africa-press.net\/tchad\/#\/schema\/person\/2b1cf3cd81a31e3cd26889ca66d677f1\"},\"description\":\"Les acteurs de reforme du budget des diff\u00e9rents minist\u00e8res b\u00e9n\u00e9ficieront du 1er au 19 ao\u00fbt d\u2019une formation sur l\u2019\u00e9labora ...\",\"breadcrumb\":{\"@id\":\"https:\/\/www.africa-press.net\/tchad\/politique\/des-cadres-des-ministeres-beneficient-dune-formation-sur-lelaboration-des-rapports-annuels-de-performance#breadcrumb\"},\"inLanguage\":\"fr-FR\",\"potentialAction\":[{\"@type\":\"ReadAction\",\"target\":[\"https:\/\/www.africa-press.net\/tchad\/politique\/des-cadres-des-ministeres-beneficient-dune-formation-sur-lelaboration-des-rapports-annuels-de-performance\"]}]},{\"@type\":\"ImageObject\",\"inLanguage\":\"fr-FR\",\"@id\":\"https:\/\/www.africa-press.net\/tchad\/politique\/des-cadres-des-ministeres-beneficient-dune-formation-sur-lelaboration-des-rapports-annuels-de-performance#primaryimage\",\"url\":\"https:\/\/static.africa-press.net\/tchad\/sites\/41\/2022\/08\/postQueueImg_25.jpg\",\"contentUrl\":\"https:\/\/static.africa-press.net\/tchad\/sites\/41\/2022\/08\/postQueueImg_25.jpg\",\"width\":696,\"height\":392,\"caption\":\"des cadres des minist\u00e8res b\u00e9n\u00e9ficient d\u2019une formation sur l\u2019\u00e9laboration des rapports annuels de performance\"},{\"@type\":\"BreadcrumbList\",\"@id\":\"https:\/\/www.africa-press.net\/tchad\/politique\/des-cadres-des-ministeres-beneficient-dune-formation-sur-lelaboration-des-rapports-annuels-de-performance#breadcrumb\",\"itemListElement\":[{\"@type\":\"ListItem\",\"position\":1,\"name\":\"Accueil\",\"item\":\"https:\/\/www.africa-press.net\/tchad\/\"},{\"@type\":\"ListItem\",\"position\":2,\"name\":\"des cadres des minist\u00e8res b\u00e9n\u00e9ficient d\u2019une formation sur l\u2019\u00e9laboration des rapports annuels de performance\"}]},{\"@type\":\"WebSite\",\"@id\":\"https:\/\/www.africa-press.net\/tchad\/#website\",\"url\":\"https:\/\/www.africa-press.net\/tchad\/\",\"name\":\"tchad\",\"description\":\"Just another Africa News Agency Sites site\",\"potentialAction\":[{\"@type\":\"SearchAction\",\"target\":{\"@type\":\"EntryPoint\",\"urlTemplate\":\"https:\/\/www.africa-press.net\/tchad\/?s={search_term_string}\"},\"query-input\":{\"@type\":\"PropertyValueSpecification\",\"valueRequired\":true,\"valueName\":\"search_term_string\"}}],\"inLanguage\":\"fr-FR\"},{\"@type\":\"Person\",\"@id\":\"https:\/\/www.africa-press.net\/tchad\/#\/schema\/person\/2b1cf3cd81a31e3cd26889ca66d677f1\",\"name\":\"cfeditorfr\"}]}<\/script>\n<!-- \/ Yoast SEO Premium plugin. -->","yoast_head_json":{"title":"des cadres des minist\u00e8res b\u00e9n\u00e9ficient d\u2019une formation sur l\u2019\u00e9laboration des rapports annuels de performance - tchad","description":"Les acteurs de reforme du budget des diff\u00e9rents minist\u00e8res b\u00e9n\u00e9ficieront du 1er au 19 ao\u00fbt d\u2019une formation sur l\u2019\u00e9labora ...","robots":{"index":"index","follow":"follow","max-snippet":"max-snippet:-1","max-image-preview":"max-image-preview:large","max-video-preview":"max-video-preview:-1"},"canonical":"https:\/\/www.africa-press.net\/tchad\/politique\/des-cadres-des-ministeres-beneficient-dune-formation-sur-lelaboration-des-rapports-annuels-de-performance","og_locale":"fr_FR","og_type":"article","og_title":"des cadres des minist\u00e8res b\u00e9n\u00e9ficient d\u2019une formation sur l\u2019\u00e9laboration des rapports annuels de performance","og_description":"Les acteurs de reforme du budget des diff\u00e9rents minist\u00e8res b\u00e9n\u00e9ficieront du 1er au 19 ao\u00fbt d\u2019une formation sur l\u2019\u00e9labora ...","og_url":"https:\/\/www.africa-press.net\/tchad\/politique\/des-cadres-des-ministeres-beneficient-dune-formation-sur-lelaboration-des-rapports-annuels-de-performance","og_site_name":"tchad","article_published_time":"2022-08-01T17:23:06+00:00","article_modified_time":"2022-08-01T17:49:20+00:00","og_image":[{"width":696,"height":392,"url":"https:\/\/static.africa-press.net\/tchad\/sites\/41\/2022\/08\/postQueueImg_25.jpg","type":"image\/jpeg"}],"author":"cfeditorfr","twitter_card":"summary_large_image","twitter_misc":{"\u00c9crit par":"cfeditorfr","Dur\u00e9e de lecture estim\u00e9e":"1 minute"},"schema":{"@context":"https:\/\/schema.org","@graph":[{"@type":"Article","@id":"https:\/\/www.africa-press.net\/tchad\/politique\/des-cadres-des-ministeres-beneficient-dune-formation-sur-lelaboration-des-rapports-annuels-de-performance#article","isPartOf":{"@id":"https:\/\/www.africa-press.net\/tchad\/politique\/des-cadres-des-ministeres-beneficient-dune-formation-sur-lelaboration-des-rapports-annuels-de-performance"},"author":{"name":"cfeditorfr","@id":"https:\/\/www.africa-press.net\/tchad\/#\/schema\/person\/2b1cf3cd81a31e3cd26889ca66d677f1"},"headline":"des cadres des minist\u00e8res b\u00e9n\u00e9ficient d\u2019une formation sur l\u2019\u00e9laboration des rapports annuels de performance","datePublished":"2022-08-01T17:23:06+00:00","dateModified":"2022-08-01T17:49:20+00:00","mainEntityOfPage":{"@id":"https:\/\/www.africa-press.net\/tchad\/politique\/des-cadres-des-ministeres-beneficient-dune-formation-sur-lelaboration-des-rapports-annuels-de-performance"},"wordCount":228,"commentCount":0,"image":{"@id":"https:\/\/www.africa-press.net\/tchad\/politique\/des-cadres-des-ministeres-beneficient-dune-formation-sur-lelaboration-des-rapports-annuels-de-performance#primaryimage"},"thumbnailUrl":"https:\/\/static.africa-press.net\/tchad\/sites\/41\/2022\/08\/postQueueImg_25.jpg","keywords":["Africa Press","Africa Press-Tchad","Tchad"],"articleSection":["homepage-french","Politique","Toutes les actualit\u00e9s"],"inLanguage":"fr-FR","potentialAction":[{"@type":"CommentAction","name":"Comment","target":["https:\/\/www.africa-press.net\/tchad\/politique\/des-cadres-des-ministeres-beneficient-dune-formation-sur-lelaboration-des-rapports-annuels-de-performance#respond"]}]},{"@type":"WebPage","@id":"https:\/\/www.africa-press.net\/tchad\/politique\/des-cadres-des-ministeres-beneficient-dune-formation-sur-lelaboration-des-rapports-annuels-de-performance","url":"https:\/\/www.africa-press.net\/tchad\/politique\/des-cadres-des-ministeres-beneficient-dune-formation-sur-lelaboration-des-rapports-annuels-de-performance","name":"des cadres des minist\u00e8res b\u00e9n\u00e9ficient d\u2019une formation sur l\u2019\u00e9laboration des rapports annuels de performance - tchad","isPartOf":{"@id":"https:\/\/www.africa-press.net\/tchad\/#website"},"primaryImageOfPage":{"@id":"https:\/\/www.africa-press.net\/tchad\/politique\/des-cadres-des-ministeres-beneficient-dune-formation-sur-lelaboration-des-rapports-annuels-de-performance#primaryimage"},"image":{"@id":"https:\/\/www.africa-press.net\/tchad\/politique\/des-cadres-des-ministeres-beneficient-dune-formation-sur-lelaboration-des-rapports-annuels-de-performance#primaryimage"},"thumbnailUrl":"https:\/\/static.africa-press.net\/tchad\/sites\/41\/2022\/08\/postQueueImg_25.jpg","datePublished":"2022-08-01T17:23:06+00:00","dateModified":"2022-08-01T17:49:20+00:00","author":{"@id":"https:\/\/www.africa-press.net\/tchad\/#\/schema\/person\/2b1cf3cd81a31e3cd26889ca66d677f1"},"description":"Les acteurs de reforme du budget des diff\u00e9rents minist\u00e8res b\u00e9n\u00e9ficieront du 1er au 19 ao\u00fbt d\u2019une formation sur l\u2019\u00e9labora ...","breadcrumb":{"@id":"https:\/\/www.africa-press.net\/tchad\/politique\/des-cadres-des-ministeres-beneficient-dune-formation-sur-lelaboration-des-rapports-annuels-de-performance#breadcrumb"},"inLanguage":"fr-FR","potentialAction":[{"@type":"ReadAction","target":["https:\/\/www.africa-press.net\/tchad\/politique\/des-cadres-des-ministeres-beneficient-dune-formation-sur-lelaboration-des-rapports-annuels-de-performance"]}]},{"@type":"ImageObject","inLanguage":"fr-FR","@id":"https:\/\/www.africa-press.net\/tchad\/politique\/des-cadres-des-ministeres-beneficient-dune-formation-sur-lelaboration-des-rapports-annuels-de-performance#primaryimage","url":"https:\/\/static.africa-press.net\/tchad\/sites\/41\/2022\/08\/postQueueImg_25.jpg","contentUrl":"https:\/\/static.africa-press.net\/tchad\/sites\/41\/2022\/08\/postQueueImg_25.jpg","width":696,"height":392,"caption":"des cadres des minist\u00e8res b\u00e9n\u00e9ficient d\u2019une formation sur l\u2019\u00e9laboration des rapports annuels de performance"},{"@type":"BreadcrumbList","@id":"https:\/\/www.africa-press.net\/tchad\/politique\/des-cadres-des-ministeres-beneficient-dune-formation-sur-lelaboration-des-rapports-annuels-de-performance#breadcrumb","itemListElement":[{"@type":"ListItem","position":1,"name":"Accueil","item":"https:\/\/www.africa-press.net\/tchad\/"},{"@type":"ListItem","position":2,"name":"des cadres des minist\u00e8res b\u00e9n\u00e9ficient d\u2019une formation sur l\u2019\u00e9laboration des rapports annuels de performance"}]},{"@type":"WebSite","@id":"https:\/\/www.africa-press.net\/tchad\/#website","url":"https:\/\/www.africa-press.net\/tchad\/","name":"tchad","description":"Just another Africa News Agency Sites site","potentialAction":[{"@type":"SearchAction","target":{"@type":"EntryPoint","urlTemplate":"https:\/\/www.africa-press.net\/tchad\/?s={search_term_string}"},"query-input":{"@type":"PropertyValueSpecification","valueRequired":true,"valueName":"search_term_string"}}],"inLanguage":"fr-FR"},{"@type":"Person","@id":"https:\/\/www.africa-press.net\/tchad\/#\/schema\/person\/2b1cf3cd81a31e3cd26889ca66d677f1","name":"cfeditorfr"}]}},"_links":{"self":[{"href":"https:\/\/www.africa-press.net\/tchad\/wp-json\/wp\/v2\/posts\/29949","targetHints":{"allow":["GET"]}}],"collection":[{"href":"https:\/\/www.africa-press.net\/tchad\/wp-json\/wp\/v2\/posts"}],"about":[{"href":"https:\/\/www.africa-press.net\/tchad\/wp-json\/wp\/v2\/types\/post"}],"author":[{"embeddable":true,"href":"https:\/\/www.africa-press.net\/tchad\/wp-json\/wp\/v2\/users\/82"}],"replies":[{"embeddable":true,"href":"https:\/\/www.africa-press.net\/tchad\/wp-json\/wp\/v2\/comments?post=29949"}],"version-history":[{"count":0,"href":"https:\/\/www.africa-press.net\/tchad\/wp-json\/wp\/v2\/posts\/29949\/revisions"}],"wp:featuredmedia":[{"embeddable":true,"href":"https:\/\/www.africa-press.net\/tchad\/wp-json\/wp\/v2\/media\/29948"}],"wp:attachment":[{"href":"https:\/\/www.africa-press.net\/tchad\/wp-json\/wp\/v2\/media?parent=29949"}],"wp:term":[{"taxonomy":"category","embeddable":true,"href":"https:\/\/www.africa-press.net\/tchad\/wp-json\/wp\/v2\/categories?post=29949"},{"taxonomy":"post_tag","embeddable":true,"href":"https:\/\/www.africa-press.net\/tchad\/wp-json\/wp\/v2\/tags?post=29949"}],"curies":[{"name":"wp","href":"https:\/\/api.w.org\/{rel}","templated":true}]}}