{"id":29958,"date":"2022-08-01T17:24:40","date_gmt":"2022-08-01T17:24:40","guid":{"rendered":"https:\/\/www.africa-press.net\/tchad\/politique\/communication-pcmt-a-loccasion-de-la-rencontre-avec-les-leaders-religieux"},"modified":"2022-08-01T17:51:13","modified_gmt":"2022-08-01T17:51:13","slug":"communication-pcmt-a-loccasion-de-la-rencontre-avec-les-leaders-religieux","status":"publish","type":"post","link":"https:\/\/www.africa-press.net\/tchad\/politique\/communication-pcmt-a-loccasion-de-la-rencontre-avec-les-leaders-religieux","title":{"rendered":"Communication PCMT \u00e0 l\u2019occasion de la rencontre avec les leaders religieux."},"content":{"rendered":"<p><span style=\"color: #ff6600\"><strong>Africa-Press &#8211; Tchad. <\/strong><\/span>C\u2019est avec un plaisir particulier que je prends la parole devant les hommes de Dieu que vous \u00eates, au premier jour de ce mois d\u2019ao\u00fbt. Un mois qui sera domin\u00e9 par plusieurs \u00e9v\u00e8nements nationaux historiques, entre autres, la tenue du Dialogue National Inclusif.<\/p>\n<p>Je voudrais d\u2019embl\u00e9e, m\u2019acquitter du devoir de vous exprimer mes vifs remerciements et ma profonde reconnaissance pour avoir honor\u00e9 notre invitation. Votre pr\u00e9sence au palais de la R\u00e9publique, traduit votre disponibilit\u00e9 \u00e0 contribuer, \u00e0 votre fa\u00e7on, \u00e0 la r\u00e9ussite des \u00e9v\u00e8nements majeurs qui pointent \u00e0 l\u2019horizon.<\/p>\n<p>Cette rencontre s\u2019inscrit donc dans la droite ligne de la s\u00e9rie des \u00e9changes entrepris avec les diff\u00e9rentes composantes de la Nation, pour discuter de l\u2019avenir de notre cher et beau pays.<\/p>\n<p>C\u2019est \u00e9galement pour moi, le lieu tout indiqu\u00e9, pour encourager, vivement, les efforts sans cesse croissants et visibles que vous d\u00e9ployez, au quotidien, dans vos diff\u00e9rents lieux de cultes, Eglises et Mosqu\u00e9es afin que Dieu, le Tout Puissant, \u00e9pargne notre pays des d\u00e9mons de la guerre, de la haine et de la division.<\/p>\n<p>Chers leaders Religieux ;<\/p>\n<p>Au nom de la Nation toute enti\u00e8re et \u00e0 mon propre, je tiens \u00e0 saluer les actions salvatrices et les sacrifices consentis, dans le cadre de la pri\u00e8re interconfessionnelle qui r\u00e9unit chaque ann\u00e9e, toutes nos organisations religieuses de toutes les ob\u00e9diences afin que le Tout Puissant descende sa Grace sur notre Cher et beau pays le Tchad.<\/p>\n<p>Le Conseil Militaire de la Transition, reconnait vos multiples actions religieuses, notamment les s\u00e9ances de pri\u00e8re organis\u00e9es tant \u00e0 Ndjamena qu\u2019en provinces pour implorer Dieu, de faire de notre pays un havre de paix.<\/p>\n<p>Il n\u2019oublie pas, non plus, les pr\u00eaches et les messages de sensibilisation tenus \u00e0 l\u2019occasion des grandes f\u00eates chr\u00e9tiennes et musulmanes o\u00f9 vous avez l\u2019habitude d\u2019appeler, non sans \u00e9loquence, les fid\u00e8les \u00e0 mettre en avant la cohabitation pacifique, le vivre-ensemble et l\u2019unit\u00e9 nationale.<\/p>\n<p>Vous jouez un r\u00f4le de premier plan dans tout ce qui \u00e9limine les distances et rapproche les c\u0153urs, \u00e0 travers vos r\u00e9currents appels \u00e0 la paix, \u00e0 la s\u00e9curit\u00e9, \u00e0 la vie en communaut\u00e9, au respect de l\u2019autre, \u00e0 l\u2019amour du prochain et \u00e0 la tol\u00e9rance.<\/p>\n<p>Cela sans compter votre engagement phare et r\u00e9solu dans la lutte contre la d\u00e9t\u00e9rioration des m\u0153urs, l\u2019effusion du sang, l\u2019incitation \u00e0 la haine, la discorde communautaire, le repli identitaire, l\u2019extr\u00e9misme violent et le fanatisme religieux.<\/p>\n<p>Chers leaders Religieux ;<\/p>\n<p>Au moment o\u00f9 le Tchad tout entier, se pr\u00e9pare \u00e0 communier, \u00e0 se r\u00e9concilier avec lui-m\u00eame, \u00e0 se retrouver pour laver son linge sale en famille, la communaut\u00e9 religieuse, composante qui impulse dans les veines de la Nation, tout ce qui rel\u00e8ve de la socialisation, de l\u2019apaisement et de l\u2019\u00e9quilibre a, une place de choix, une place pr\u00e9pond\u00e9rante dans cette dynamique.<\/p>\n<p>Elle doit \u00eatre non seulement au centre mais doit constituer le pilier de ce dialogue afin de le tenir debout chaque fois qu\u2019il tente de tanguer.<\/p>\n<p>Chers leaders religieux ;<\/p>\n<p>Nous fondons un espoir l\u00e9gitime sur vous. Les Livres Saints qui nous ont \u00e9t\u00e9 d\u2019une grande utilit\u00e9 dans la conduite de nos comportements, doivent \u00eatre constamment tenus entre vos mains pour pr\u00eacher comme d\u2019habitude, la bonne parole, invoquer et implorer Dieu le mis\u00e9ricordieux afin que nous r\u00e9ussissions tous ce pari de l\u2019unit\u00e9, de la r\u00e9conciliation et de la paix durable dans notre pays, le Tchad.<\/p>\n<p>Comme vous le faites si bien et au quotidien, vous devez continuer dans le m\u00eame \u00e9lan de sacrifice et de la bonne cause. Car la r\u00e9ussite de la rencontre nationale en perspective, est celle de la Nation tchadienne toute enti\u00e8re.<\/p>\n<p>Chers leaders religieux ;<\/p>\n<p>D\u00e8s cet instant pr\u00e9cis et ce, jusqu\u2019\u00e0 la fin du Dialogue National Inclusif, le Tchad vous sollicite et compte \u00e9norm\u00e9ment sur vous, il vous demande de rester toujours debout, nuit et jour afin que Dieu entende vos appels, nos appels \u00e0 tous.<\/p>\n<p>Prions donc pour le salut de notre cher et beau pays. Prions pour l\u2019aboutissement heureux du processus en cours et prions pour le nouveau Tchad que nous voulons b\u00e2tir ensemble, main dans la main.<\/p>\n<p><strong>Pour plus d&rsquo;informations et d&rsquo;analyses sur la <a href=\"https:\/\/www.africa-press.net\/tchad\">Tchad<\/a>, suivez <a href=\"https:\/\/www.africa-press.net\/\">Africa-Press<\/a><\/strong><\/p>\n","protected":false},"excerpt":{"rendered":"<p>Africa-Press &#8211; Tchad. C\u2019est avec un plaisir particulier que je prends la parole devant les hommes de Dieu que vous \u00eates, au premier jour de ce mois d\u2019ao\u00fbt. Un mois qui sera domin\u00e9 par plusieurs \u00e9v\u00e8nements nationaux historiques, entre autres, la tenue du Dialogue National Inclusif. Je voudrais d\u2019embl\u00e9e, m\u2019acquitter du devoir de vous exprimer [&hellip;]<\/p>\n","protected":false},"author":82,"featured_media":29957,"comment_status":"open","ping_status":"closed","sticky":false,"template":"","format":"standard","meta":{"footnotes":""},"categories":[11,2,20,10],"tags":[37,292,29],"class_list":["post-29958","post","type-post","status-publish","format-standard","has-post-thumbnail","hentry","category-homepage-french","category-politique","category-top-nouvelles","category-toutes-les-actualites","tag-africa-press","tag-africa-press-tchad","tag-tchad"],"yoast_head":"<!-- This site is optimized with the Yoast SEO Premium plugin v26.1 (Yoast SEO v27.0) - https:\/\/yoast.com\/product\/yoast-seo-premium-wordpress\/ -->\n<title>Communication PCMT \u00e0 l\u2019occasion de la rencontre avec les leaders religieux. - tchad<\/title>\n<meta name=\"description\" content=\"C\u2019est avec un plaisir particulier que je prends la parole devant les hommes de Dieu que vous \u00eates, au premier jour de ce ...\" \/>\n<meta name=\"robots\" content=\"index, follow, max-snippet:-1, max-image-preview:large, max-video-preview:-1\" \/>\n<link rel=\"canonical\" href=\"https:\/\/www.africa-press.net\/tchad\/politique\/communication-pcmt-a-loccasion-de-la-rencontre-avec-les-leaders-religieux\" \/>\n<meta property=\"og:locale\" content=\"fr_FR\" \/>\n<meta property=\"og:type\" content=\"article\" \/>\n<meta property=\"og:title\" content=\"Communication PCMT \u00e0 l\u2019occasion de la rencontre avec les leaders religieux.\" \/>\n<meta property=\"og:description\" content=\"C\u2019est avec un plaisir particulier que je prends la parole devant les hommes de Dieu que vous \u00eates, au premier jour de ce ...\" \/>\n<meta property=\"og:url\" content=\"https:\/\/www.africa-press.net\/tchad\/politique\/communication-pcmt-a-loccasion-de-la-rencontre-avec-les-leaders-religieux\" \/>\n<meta property=\"og:site_name\" content=\"tchad\" \/>\n<meta property=\"article:published_time\" content=\"2022-08-01T17:24:40+00:00\" \/>\n<meta property=\"article:modified_time\" content=\"2022-08-01T17:51:13+00:00\" \/>\n<meta property=\"og:image\" content=\"https:\/\/static.africa-press.net\/tchad\/sites\/41\/2022\/08\/postQueueImg_28.jpg\" \/>\n\t<meta property=\"og:image:width\" content=\"1022\" \/>\n\t<meta property=\"og:image:height\" content=\"620\" \/>\n\t<meta property=\"og:image:type\" content=\"image\/jpeg\" \/>\n<meta name=\"author\" content=\"cfeditorfr\" \/>\n<meta name=\"twitter:card\" content=\"summary_large_image\" \/>\n<meta name=\"twitter:label1\" content=\"\u00c9crit par\" \/>\n\t<meta name=\"twitter:data1\" content=\"cfeditorfr\" \/>\n\t<meta name=\"twitter:label2\" content=\"Dur\u00e9e de lecture estim\u00e9e\" \/>\n\t<meta name=\"twitter:data2\" content=\"4 minutes\" \/>\n<script type=\"application\/ld+json\" class=\"yoast-schema-graph\">{\"@context\":\"https:\/\/schema.org\",\"@graph\":[{\"@type\":\"Article\",\"@id\":\"https:\/\/www.africa-press.net\/tchad\/politique\/communication-pcmt-a-loccasion-de-la-rencontre-avec-les-leaders-religieux#article\",\"isPartOf\":{\"@id\":\"https:\/\/www.africa-press.net\/tchad\/politique\/communication-pcmt-a-loccasion-de-la-rencontre-avec-les-leaders-religieux\"},\"author\":{\"name\":\"cfeditorfr\",\"@id\":\"https:\/\/www.africa-press.net\/tchad\/#\/schema\/person\/2b1cf3cd81a31e3cd26889ca66d677f1\"},\"headline\":\"Communication PCMT \u00e0 l\u2019occasion de la rencontre avec les leaders religieux.\",\"datePublished\":\"2022-08-01T17:24:40+00:00\",\"dateModified\":\"2022-08-01T17:51:13+00:00\",\"mainEntityOfPage\":{\"@id\":\"https:\/\/www.africa-press.net\/tchad\/politique\/communication-pcmt-a-loccasion-de-la-rencontre-avec-les-leaders-religieux\"},\"wordCount\":754,\"commentCount\":0,\"image\":{\"@id\":\"https:\/\/www.africa-press.net\/tchad\/politique\/communication-pcmt-a-loccasion-de-la-rencontre-avec-les-leaders-religieux#primaryimage\"},\"thumbnailUrl\":\"https:\/\/static.africa-press.net\/tchad\/sites\/41\/2022\/08\/postQueueImg_28.jpg\",\"keywords\":[\"Africa Press\",\"Africa Press-Tchad\",\"Tchad\"],\"articleSection\":[\"homepage-french\",\"Politique\",\"Top Nouvelles\",\"Toutes les actualit\u00e9s\"],\"inLanguage\":\"fr-FR\",\"potentialAction\":[{\"@type\":\"CommentAction\",\"name\":\"Comment\",\"target\":[\"https:\/\/www.africa-press.net\/tchad\/politique\/communication-pcmt-a-loccasion-de-la-rencontre-avec-les-leaders-religieux#respond\"]}]},{\"@type\":\"WebPage\",\"@id\":\"https:\/\/www.africa-press.net\/tchad\/politique\/communication-pcmt-a-loccasion-de-la-rencontre-avec-les-leaders-religieux\",\"url\":\"https:\/\/www.africa-press.net\/tchad\/politique\/communication-pcmt-a-loccasion-de-la-rencontre-avec-les-leaders-religieux\",\"name\":\"Communication PCMT \u00e0 l\u2019occasion de la rencontre avec les leaders religieux. - tchad\",\"isPartOf\":{\"@id\":\"https:\/\/www.africa-press.net\/tchad\/#website\"},\"primaryImageOfPage\":{\"@id\":\"https:\/\/www.africa-press.net\/tchad\/politique\/communication-pcmt-a-loccasion-de-la-rencontre-avec-les-leaders-religieux#primaryimage\"},\"image\":{\"@id\":\"https:\/\/www.africa-press.net\/tchad\/politique\/communication-pcmt-a-loccasion-de-la-rencontre-avec-les-leaders-religieux#primaryimage\"},\"thumbnailUrl\":\"https:\/\/static.africa-press.net\/tchad\/sites\/41\/2022\/08\/postQueueImg_28.jpg\",\"datePublished\":\"2022-08-01T17:24:40+00:00\",\"dateModified\":\"2022-08-01T17:51:13+00:00\",\"author\":{\"@id\":\"https:\/\/www.africa-press.net\/tchad\/#\/schema\/person\/2b1cf3cd81a31e3cd26889ca66d677f1\"},\"description\":\"C\u2019est avec un plaisir particulier que je prends la parole devant les hommes de Dieu que vous \u00eates, au premier jour de ce ...\",\"breadcrumb\":{\"@id\":\"https:\/\/www.africa-press.net\/tchad\/politique\/communication-pcmt-a-loccasion-de-la-rencontre-avec-les-leaders-religieux#breadcrumb\"},\"inLanguage\":\"fr-FR\",\"potentialAction\":[{\"@type\":\"ReadAction\",\"target\":[\"https:\/\/www.africa-press.net\/tchad\/politique\/communication-pcmt-a-loccasion-de-la-rencontre-avec-les-leaders-religieux\"]}]},{\"@type\":\"ImageObject\",\"inLanguage\":\"fr-FR\",\"@id\":\"https:\/\/www.africa-press.net\/tchad\/politique\/communication-pcmt-a-loccasion-de-la-rencontre-avec-les-leaders-religieux#primaryimage\",\"url\":\"https:\/\/static.africa-press.net\/tchad\/sites\/41\/2022\/08\/postQueueImg_28.jpg\",\"contentUrl\":\"https:\/\/static.africa-press.net\/tchad\/sites\/41\/2022\/08\/postQueueImg_28.jpg\",\"width\":1022,\"height\":620,\"caption\":\"Communication PCMT \u00e0 l\u2019occasion de la rencontre avec les leaders religieux.\"},{\"@type\":\"BreadcrumbList\",\"@id\":\"https:\/\/www.africa-press.net\/tchad\/politique\/communication-pcmt-a-loccasion-de-la-rencontre-avec-les-leaders-religieux#breadcrumb\",\"itemListElement\":[{\"@type\":\"ListItem\",\"position\":1,\"name\":\"Accueil\",\"item\":\"https:\/\/www.africa-press.net\/tchad\/\"},{\"@type\":\"ListItem\",\"position\":2,\"name\":\"Communication PCMT \u00e0 l\u2019occasion de la rencontre avec les leaders religieux.\"}]},{\"@type\":\"WebSite\",\"@id\":\"https:\/\/www.africa-press.net\/tchad\/#website\",\"url\":\"https:\/\/www.africa-press.net\/tchad\/\",\"name\":\"tchad\",\"description\":\"Just another Africa News Agency Sites site\",\"potentialAction\":[{\"@type\":\"SearchAction\",\"target\":{\"@type\":\"EntryPoint\",\"urlTemplate\":\"https:\/\/www.africa-press.net\/tchad\/?s={search_term_string}\"},\"query-input\":{\"@type\":\"PropertyValueSpecification\",\"valueRequired\":true,\"valueName\":\"search_term_string\"}}],\"inLanguage\":\"fr-FR\"},{\"@type\":\"Person\",\"@id\":\"https:\/\/www.africa-press.net\/tchad\/#\/schema\/person\/2b1cf3cd81a31e3cd26889ca66d677f1\",\"name\":\"cfeditorfr\"}]}<\/script>\n<!-- \/ Yoast SEO Premium plugin. -->","yoast_head_json":{"title":"Communication PCMT \u00e0 l\u2019occasion de la rencontre avec les leaders religieux. - tchad","description":"C\u2019est avec un plaisir particulier que je prends la parole devant les hommes de Dieu que vous \u00eates, au premier jour de ce ...","robots":{"index":"index","follow":"follow","max-snippet":"max-snippet:-1","max-image-preview":"max-image-preview:large","max-video-preview":"max-video-preview:-1"},"canonical":"https:\/\/www.africa-press.net\/tchad\/politique\/communication-pcmt-a-loccasion-de-la-rencontre-avec-les-leaders-religieux","og_locale":"fr_FR","og_type":"article","og_title":"Communication PCMT \u00e0 l\u2019occasion de la rencontre avec les leaders religieux.","og_description":"C\u2019est avec un plaisir particulier que je prends la parole devant les hommes de Dieu que vous \u00eates, au premier jour de ce ...","og_url":"https:\/\/www.africa-press.net\/tchad\/politique\/communication-pcmt-a-loccasion-de-la-rencontre-avec-les-leaders-religieux","og_site_name":"tchad","article_published_time":"2022-08-01T17:24:40+00:00","article_modified_time":"2022-08-01T17:51:13+00:00","og_image":[{"width":1022,"height":620,"url":"https:\/\/static.africa-press.net\/tchad\/sites\/41\/2022\/08\/postQueueImg_28.jpg","type":"image\/jpeg"}],"author":"cfeditorfr","twitter_card":"summary_large_image","twitter_misc":{"\u00c9crit par":"cfeditorfr","Dur\u00e9e de lecture estim\u00e9e":"4 minutes"},"schema":{"@context":"https:\/\/schema.org","@graph":[{"@type":"Article","@id":"https:\/\/www.africa-press.net\/tchad\/politique\/communication-pcmt-a-loccasion-de-la-rencontre-avec-les-leaders-religieux#article","isPartOf":{"@id":"https:\/\/www.africa-press.net\/tchad\/politique\/communication-pcmt-a-loccasion-de-la-rencontre-avec-les-leaders-religieux"},"author":{"name":"cfeditorfr","@id":"https:\/\/www.africa-press.net\/tchad\/#\/schema\/person\/2b1cf3cd81a31e3cd26889ca66d677f1"},"headline":"Communication PCMT \u00e0 l\u2019occasion de la rencontre avec les leaders religieux.","datePublished":"2022-08-01T17:24:40+00:00","dateModified":"2022-08-01T17:51:13+00:00","mainEntityOfPage":{"@id":"https:\/\/www.africa-press.net\/tchad\/politique\/communication-pcmt-a-loccasion-de-la-rencontre-avec-les-leaders-religieux"},"wordCount":754,"commentCount":0,"image":{"@id":"https:\/\/www.africa-press.net\/tchad\/politique\/communication-pcmt-a-loccasion-de-la-rencontre-avec-les-leaders-religieux#primaryimage"},"thumbnailUrl":"https:\/\/static.africa-press.net\/tchad\/sites\/41\/2022\/08\/postQueueImg_28.jpg","keywords":["Africa Press","Africa Press-Tchad","Tchad"],"articleSection":["homepage-french","Politique","Top Nouvelles","Toutes les actualit\u00e9s"],"inLanguage":"fr-FR","potentialAction":[{"@type":"CommentAction","name":"Comment","target":["https:\/\/www.africa-press.net\/tchad\/politique\/communication-pcmt-a-loccasion-de-la-rencontre-avec-les-leaders-religieux#respond"]}]},{"@type":"WebPage","@id":"https:\/\/www.africa-press.net\/tchad\/politique\/communication-pcmt-a-loccasion-de-la-rencontre-avec-les-leaders-religieux","url":"https:\/\/www.africa-press.net\/tchad\/politique\/communication-pcmt-a-loccasion-de-la-rencontre-avec-les-leaders-religieux","name":"Communication PCMT \u00e0 l\u2019occasion de la rencontre avec les leaders religieux. - tchad","isPartOf":{"@id":"https:\/\/www.africa-press.net\/tchad\/#website"},"primaryImageOfPage":{"@id":"https:\/\/www.africa-press.net\/tchad\/politique\/communication-pcmt-a-loccasion-de-la-rencontre-avec-les-leaders-religieux#primaryimage"},"image":{"@id":"https:\/\/www.africa-press.net\/tchad\/politique\/communication-pcmt-a-loccasion-de-la-rencontre-avec-les-leaders-religieux#primaryimage"},"thumbnailUrl":"https:\/\/static.africa-press.net\/tchad\/sites\/41\/2022\/08\/postQueueImg_28.jpg","datePublished":"2022-08-01T17:24:40+00:00","dateModified":"2022-08-01T17:51:13+00:00","author":{"@id":"https:\/\/www.africa-press.net\/tchad\/#\/schema\/person\/2b1cf3cd81a31e3cd26889ca66d677f1"},"description":"C\u2019est avec un plaisir particulier que je prends la parole devant les hommes de Dieu que vous \u00eates, au premier jour de ce ...","breadcrumb":{"@id":"https:\/\/www.africa-press.net\/tchad\/politique\/communication-pcmt-a-loccasion-de-la-rencontre-avec-les-leaders-religieux#breadcrumb"},"inLanguage":"fr-FR","potentialAction":[{"@type":"ReadAction","target":["https:\/\/www.africa-press.net\/tchad\/politique\/communication-pcmt-a-loccasion-de-la-rencontre-avec-les-leaders-religieux"]}]},{"@type":"ImageObject","inLanguage":"fr-FR","@id":"https:\/\/www.africa-press.net\/tchad\/politique\/communication-pcmt-a-loccasion-de-la-rencontre-avec-les-leaders-religieux#primaryimage","url":"https:\/\/static.africa-press.net\/tchad\/sites\/41\/2022\/08\/postQueueImg_28.jpg","contentUrl":"https:\/\/static.africa-press.net\/tchad\/sites\/41\/2022\/08\/postQueueImg_28.jpg","width":1022,"height":620,"caption":"Communication PCMT \u00e0 l\u2019occasion de la rencontre avec les leaders religieux."},{"@type":"BreadcrumbList","@id":"https:\/\/www.africa-press.net\/tchad\/politique\/communication-pcmt-a-loccasion-de-la-rencontre-avec-les-leaders-religieux#breadcrumb","itemListElement":[{"@type":"ListItem","position":1,"name":"Accueil","item":"https:\/\/www.africa-press.net\/tchad\/"},{"@type":"ListItem","position":2,"name":"Communication PCMT \u00e0 l\u2019occasion de la rencontre avec les leaders religieux."}]},{"@type":"WebSite","@id":"https:\/\/www.africa-press.net\/tchad\/#website","url":"https:\/\/www.africa-press.net\/tchad\/","name":"tchad","description":"Just another Africa News Agency Sites site","potentialAction":[{"@type":"SearchAction","target":{"@type":"EntryPoint","urlTemplate":"https:\/\/www.africa-press.net\/tchad\/?s={search_term_string}"},"query-input":{"@type":"PropertyValueSpecification","valueRequired":true,"valueName":"search_term_string"}}],"inLanguage":"fr-FR"},{"@type":"Person","@id":"https:\/\/www.africa-press.net\/tchad\/#\/schema\/person\/2b1cf3cd81a31e3cd26889ca66d677f1","name":"cfeditorfr"}]}},"_links":{"self":[{"href":"https:\/\/www.africa-press.net\/tchad\/wp-json\/wp\/v2\/posts\/29958","targetHints":{"allow":["GET"]}}],"collection":[{"href":"https:\/\/www.africa-press.net\/tchad\/wp-json\/wp\/v2\/posts"}],"about":[{"href":"https:\/\/www.africa-press.net\/tchad\/wp-json\/wp\/v2\/types\/post"}],"author":[{"embeddable":true,"href":"https:\/\/www.africa-press.net\/tchad\/wp-json\/wp\/v2\/users\/82"}],"replies":[{"embeddable":true,"href":"https:\/\/www.africa-press.net\/tchad\/wp-json\/wp\/v2\/comments?post=29958"}],"version-history":[{"count":0,"href":"https:\/\/www.africa-press.net\/tchad\/wp-json\/wp\/v2\/posts\/29958\/revisions"}],"wp:featuredmedia":[{"embeddable":true,"href":"https:\/\/www.africa-press.net\/tchad\/wp-json\/wp\/v2\/media\/29957"}],"wp:attachment":[{"href":"https:\/\/www.africa-press.net\/tchad\/wp-json\/wp\/v2\/media?parent=29958"}],"wp:term":[{"taxonomy":"category","embeddable":true,"href":"https:\/\/www.africa-press.net\/tchad\/wp-json\/wp\/v2\/categories?post=29958"},{"taxonomy":"post_tag","embeddable":true,"href":"https:\/\/www.africa-press.net\/tchad\/wp-json\/wp\/v2\/tags?post=29958"}],"curies":[{"name":"wp","href":"https:\/\/api.w.org\/{rel}","templated":true}]}}