{"id":29961,"date":"2022-08-01T17:25:06","date_gmt":"2022-08-01T17:25:06","guid":{"rendered":"https:\/\/www.africa-press.net\/tchad\/politique\/mahamoud-ali-seid-rencontre-les-jeunes-du-7%e1%b5%89-arrondissement-de-ndjamena"},"modified":"2022-08-01T17:51:52","modified_gmt":"2022-08-01T17:51:52","slug":"mahamoud-ali-seid-rencontre-les-jeunes-du-7%e1%b5%89-arrondissement-de-ndjamena","status":"publish","type":"post","link":"https:\/\/www.africa-press.net\/tchad\/toutes-les-actualites\/mahamoud-ali-seid-rencontre-les-jeunes-du-7%e1%b5%89-arrondissement-de-ndjamena","title":{"rendered":"Mahamoud Ali Seid rencontre les jeunes du 7\u1d49 arrondissement de N\u2019Djamena"},"content":{"rendered":"<p><span style=\"color: #ff6600\"><strong>Africa-Press &#8211; Tchad. <\/strong><\/span>Cette rencontre entre le ministre de la Jeunesse, des sports et de la promotion de l\u2019entrepreneuriat, Mahmoud Ali Seid et les jeunes du 7\u1d49 arrondissement de N\u2019Djamena entre dans le cadre de la recherche de la paix et le dialogue inclusif qui se tiendra le 20 ao\u00fbt 2022.<\/p>\n<p>Le directeur de la maison du quartier Chagoua, Abdelkader Amine, apr\u00e8s avoir fait un bref aper\u00e7u de l\u2019historique de la maison, affirme que les jeunes du 7\u1d49 sont engag\u00e9s \u00e0 accompagner le gouvernement dans le processus de recherche de la paix.<\/p>\n<p>Pour le ministre de la Jeunesse, des sports et de la promotion de l\u2019entrepreneuriat, la jeunesse qui constitue la frange la plus importante de la population a un r\u00f4le tr\u00e8s important dans l\u2019avenir du Tchad et surtout du dialogue en vue. \u201cMes fr\u00e8res et s\u0153urs, le Tchad s\u2019achemine vers le dialogue national inclusif. Avec le dialogue, on peut construire des projets, une nation, une communaut\u00e9 et produire un projet de soci\u00e9t\u00e9. Pour le dialogue en cours, votre avis est tr\u00e8s important, nous vous invitons \u00e0 y participer pour que vos dol\u00e9ances soient prises en compte par les plus hautes autorit\u00e9s du Tchad\u201c, lance le ministre de la jeunesse, des sports et de la promotion de l\u2019entrepreneuriat Mahmoud Ali Seid .<\/p>\n<p><strong>Pour plus d&rsquo;informations et d&rsquo;analyses sur la <a href=\"https:\/\/www.africa-press.net\/tchad\">Tchad<\/a>, suivez <a href=\"https:\/\/www.africa-press.net\/\">Africa-Press<\/a><\/strong><\/p>\n","protected":false},"excerpt":{"rendered":"<p>Africa-Press &#8211; Tchad. Cette rencontre entre le ministre de la Jeunesse, des sports et de la promotion de l\u2019entrepreneuriat, Mahmoud Ali Seid et les jeunes du 7\u1d49 arrondissement de N\u2019Djamena entre dans le cadre de la recherche de la paix et le dialogue inclusif qui se tiendra le 20 ao\u00fbt 2022. Le directeur de la [&hellip;]<\/p>\n","protected":false},"author":82,"featured_media":29960,"comment_status":"open","ping_status":"closed","sticky":false,"template":"","format":"standard","meta":{"footnotes":""},"categories":[21,11,10],"tags":[37,292,29],"class_list":["post-29961","post","type-post","status-publish","format-standard","has-post-thumbnail","hentry","category-communaute","category-homepage-french","category-toutes-les-actualites","tag-africa-press","tag-africa-press-tchad","tag-tchad"],"yoast_head":"<!-- This site is optimized with the Yoast SEO Premium plugin v26.1 (Yoast SEO v27.0) - https:\/\/yoast.com\/product\/yoast-seo-premium-wordpress\/ -->\n<title>Mahamoud Ali Seid rencontre les jeunes du 7\u1d49 arrondissement de N\u2019Djamena - tchad<\/title>\n<meta name=\"description\" content=\"Cette rencontre entre le ministre de la Jeunesse, des sports et de la promotion de l\u2019entrepreneuriat, Mahmoud Ali Seid e ...\" \/>\n<meta name=\"robots\" content=\"index, follow, max-snippet:-1, max-image-preview:large, max-video-preview:-1\" \/>\n<link rel=\"canonical\" href=\"https:\/\/www.africa-press.net\/tchad\/toutes-les-actualites\/mahamoud-ali-seid-rencontre-les-jeunes-du-7\u1d49-arrondissement-de-ndjamena\" \/>\n<meta property=\"og:locale\" content=\"fr_FR\" \/>\n<meta property=\"og:type\" content=\"article\" \/>\n<meta property=\"og:title\" content=\"Mahamoud Ali Seid rencontre les jeunes du 7\u1d49 arrondissement de N\u2019Djamena\" \/>\n<meta property=\"og:description\" content=\"Cette rencontre entre le ministre de la Jeunesse, des sports et de la promotion de l\u2019entrepreneuriat, Mahmoud Ali Seid e ...\" \/>\n<meta property=\"og:url\" content=\"https:\/\/www.africa-press.net\/tchad\/toutes-les-actualites\/mahamoud-ali-seid-rencontre-les-jeunes-du-7\u1d49-arrondissement-de-ndjamena\" \/>\n<meta property=\"og:site_name\" content=\"tchad\" \/>\n<meta property=\"article:published_time\" content=\"2022-08-01T17:25:06+00:00\" \/>\n<meta property=\"article:modified_time\" content=\"2022-08-01T17:51:52+00:00\" \/>\n<meta property=\"og:image\" content=\"https:\/\/static.africa-press.net\/tchad\/sites\/41\/2022\/08\/postQueueImg_29.jpg\" \/>\n\t<meta property=\"og:image:width\" content=\"696\" \/>\n\t<meta property=\"og:image:height\" content=\"464\" \/>\n\t<meta property=\"og:image:type\" content=\"image\/jpeg\" \/>\n<meta name=\"author\" content=\"cfeditorfr\" \/>\n<meta name=\"twitter:card\" content=\"summary_large_image\" \/>\n<meta name=\"twitter:label1\" content=\"\u00c9crit par\" \/>\n\t<meta name=\"twitter:data1\" content=\"cfeditorfr\" \/>\n\t<meta name=\"twitter:label2\" content=\"Dur\u00e9e de lecture estim\u00e9e\" \/>\n\t<meta name=\"twitter:data2\" content=\"2 minutes\" \/>\n<script type=\"application\/ld+json\" class=\"yoast-schema-graph\">{\"@context\":\"https:\/\/schema.org\",\"@graph\":[{\"@type\":\"Article\",\"@id\":\"https:\/\/www.africa-press.net\/tchad\/toutes-les-actualites\/mahamoud-ali-seid-rencontre-les-jeunes-du-7%e1%b5%89-arrondissement-de-ndjamena#article\",\"isPartOf\":{\"@id\":\"https:\/\/www.africa-press.net\/tchad\/toutes-les-actualites\/mahamoud-ali-seid-rencontre-les-jeunes-du-7%e1%b5%89-arrondissement-de-ndjamena\"},\"author\":{\"name\":\"cfeditorfr\",\"@id\":\"https:\/\/www.africa-press.net\/tchad\/#\/schema\/person\/2b1cf3cd81a31e3cd26889ca66d677f1\"},\"headline\":\"Mahamoud Ali Seid rencontre les jeunes du 7\u1d49 arrondissement de N\u2019Djamena\",\"datePublished\":\"2022-08-01T17:25:06+00:00\",\"dateModified\":\"2022-08-01T17:51:52+00:00\",\"mainEntityOfPage\":{\"@id\":\"https:\/\/www.africa-press.net\/tchad\/toutes-les-actualites\/mahamoud-ali-seid-rencontre-les-jeunes-du-7%e1%b5%89-arrondissement-de-ndjamena\"},\"wordCount\":247,\"commentCount\":0,\"image\":{\"@id\":\"https:\/\/www.africa-press.net\/tchad\/toutes-les-actualites\/mahamoud-ali-seid-rencontre-les-jeunes-du-7%e1%b5%89-arrondissement-de-ndjamena#primaryimage\"},\"thumbnailUrl\":\"https:\/\/static.africa-press.net\/tchad\/sites\/41\/2022\/08\/postQueueImg_29.jpg\",\"keywords\":[\"Africa Press\",\"Africa Press-Tchad\",\"Tchad\"],\"articleSection\":[\"Communaut\u00e9\",\"homepage-french\",\"Toutes les actualit\u00e9s\"],\"inLanguage\":\"fr-FR\",\"potentialAction\":[{\"@type\":\"CommentAction\",\"name\":\"Comment\",\"target\":[\"https:\/\/www.africa-press.net\/tchad\/toutes-les-actualites\/mahamoud-ali-seid-rencontre-les-jeunes-du-7%e1%b5%89-arrondissement-de-ndjamena#respond\"]}]},{\"@type\":\"WebPage\",\"@id\":\"https:\/\/www.africa-press.net\/tchad\/toutes-les-actualites\/mahamoud-ali-seid-rencontre-les-jeunes-du-7%e1%b5%89-arrondissement-de-ndjamena\",\"url\":\"https:\/\/www.africa-press.net\/tchad\/toutes-les-actualites\/mahamoud-ali-seid-rencontre-les-jeunes-du-7%e1%b5%89-arrondissement-de-ndjamena\",\"name\":\"Mahamoud Ali Seid rencontre les jeunes du 7\u1d49 arrondissement de N\u2019Djamena - tchad\",\"isPartOf\":{\"@id\":\"https:\/\/www.africa-press.net\/tchad\/#website\"},\"primaryImageOfPage\":{\"@id\":\"https:\/\/www.africa-press.net\/tchad\/toutes-les-actualites\/mahamoud-ali-seid-rencontre-les-jeunes-du-7%e1%b5%89-arrondissement-de-ndjamena#primaryimage\"},\"image\":{\"@id\":\"https:\/\/www.africa-press.net\/tchad\/toutes-les-actualites\/mahamoud-ali-seid-rencontre-les-jeunes-du-7%e1%b5%89-arrondissement-de-ndjamena#primaryimage\"},\"thumbnailUrl\":\"https:\/\/static.africa-press.net\/tchad\/sites\/41\/2022\/08\/postQueueImg_29.jpg\",\"datePublished\":\"2022-08-01T17:25:06+00:00\",\"dateModified\":\"2022-08-01T17:51:52+00:00\",\"author\":{\"@id\":\"https:\/\/www.africa-press.net\/tchad\/#\/schema\/person\/2b1cf3cd81a31e3cd26889ca66d677f1\"},\"description\":\"Cette rencontre entre le ministre de la Jeunesse, des sports et de la promotion de l\u2019entrepreneuriat, Mahmoud Ali Seid e ...\",\"breadcrumb\":{\"@id\":\"https:\/\/www.africa-press.net\/tchad\/toutes-les-actualites\/mahamoud-ali-seid-rencontre-les-jeunes-du-7%e1%b5%89-arrondissement-de-ndjamena#breadcrumb\"},\"inLanguage\":\"fr-FR\",\"potentialAction\":[{\"@type\":\"ReadAction\",\"target\":[\"https:\/\/www.africa-press.net\/tchad\/toutes-les-actualites\/mahamoud-ali-seid-rencontre-les-jeunes-du-7%e1%b5%89-arrondissement-de-ndjamena\"]}]},{\"@type\":\"ImageObject\",\"inLanguage\":\"fr-FR\",\"@id\":\"https:\/\/www.africa-press.net\/tchad\/toutes-les-actualites\/mahamoud-ali-seid-rencontre-les-jeunes-du-7%e1%b5%89-arrondissement-de-ndjamena#primaryimage\",\"url\":\"https:\/\/static.africa-press.net\/tchad\/sites\/41\/2022\/08\/postQueueImg_29.jpg\",\"contentUrl\":\"https:\/\/static.africa-press.net\/tchad\/sites\/41\/2022\/08\/postQueueImg_29.jpg\",\"width\":696,\"height\":464,\"caption\":\"Mahamoud Ali Seid rencontre les jeunes du 7\u1d49 arrondissement de N\u2019Djamena\"},{\"@type\":\"BreadcrumbList\",\"@id\":\"https:\/\/www.africa-press.net\/tchad\/toutes-les-actualites\/mahamoud-ali-seid-rencontre-les-jeunes-du-7%e1%b5%89-arrondissement-de-ndjamena#breadcrumb\",\"itemListElement\":[{\"@type\":\"ListItem\",\"position\":1,\"name\":\"Accueil\",\"item\":\"https:\/\/www.africa-press.net\/tchad\/\"},{\"@type\":\"ListItem\",\"position\":2,\"name\":\"Mahamoud Ali Seid rencontre les jeunes du 7\u1d49 arrondissement de N\u2019Djamena\"}]},{\"@type\":\"WebSite\",\"@id\":\"https:\/\/www.africa-press.net\/tchad\/#website\",\"url\":\"https:\/\/www.africa-press.net\/tchad\/\",\"name\":\"tchad\",\"description\":\"Just another Africa News Agency Sites site\",\"potentialAction\":[{\"@type\":\"SearchAction\",\"target\":{\"@type\":\"EntryPoint\",\"urlTemplate\":\"https:\/\/www.africa-press.net\/tchad\/?s={search_term_string}\"},\"query-input\":{\"@type\":\"PropertyValueSpecification\",\"valueRequired\":true,\"valueName\":\"search_term_string\"}}],\"inLanguage\":\"fr-FR\"},{\"@type\":\"Person\",\"@id\":\"https:\/\/www.africa-press.net\/tchad\/#\/schema\/person\/2b1cf3cd81a31e3cd26889ca66d677f1\",\"name\":\"cfeditorfr\"}]}<\/script>\n<!-- \/ Yoast SEO Premium plugin. -->","yoast_head_json":{"title":"Mahamoud Ali Seid rencontre les jeunes du 7\u1d49 arrondissement de N\u2019Djamena - tchad","description":"Cette rencontre entre le ministre de la Jeunesse, des sports et de la promotion de l\u2019entrepreneuriat, Mahmoud Ali Seid e ...","robots":{"index":"index","follow":"follow","max-snippet":"max-snippet:-1","max-image-preview":"max-image-preview:large","max-video-preview":"max-video-preview:-1"},"canonical":"https:\/\/www.africa-press.net\/tchad\/toutes-les-actualites\/mahamoud-ali-seid-rencontre-les-jeunes-du-7\u1d49-arrondissement-de-ndjamena","og_locale":"fr_FR","og_type":"article","og_title":"Mahamoud Ali Seid rencontre les jeunes du 7\u1d49 arrondissement de N\u2019Djamena","og_description":"Cette rencontre entre le ministre de la Jeunesse, des sports et de la promotion de l\u2019entrepreneuriat, Mahmoud Ali Seid e ...","og_url":"https:\/\/www.africa-press.net\/tchad\/toutes-les-actualites\/mahamoud-ali-seid-rencontre-les-jeunes-du-7\u1d49-arrondissement-de-ndjamena","og_site_name":"tchad","article_published_time":"2022-08-01T17:25:06+00:00","article_modified_time":"2022-08-01T17:51:52+00:00","og_image":[{"width":696,"height":464,"url":"https:\/\/static.africa-press.net\/tchad\/sites\/41\/2022\/08\/postQueueImg_29.jpg","type":"image\/jpeg"}],"author":"cfeditorfr","twitter_card":"summary_large_image","twitter_misc":{"\u00c9crit par":"cfeditorfr","Dur\u00e9e de lecture estim\u00e9e":"2 minutes"},"schema":{"@context":"https:\/\/schema.org","@graph":[{"@type":"Article","@id":"https:\/\/www.africa-press.net\/tchad\/toutes-les-actualites\/mahamoud-ali-seid-rencontre-les-jeunes-du-7%e1%b5%89-arrondissement-de-ndjamena#article","isPartOf":{"@id":"https:\/\/www.africa-press.net\/tchad\/toutes-les-actualites\/mahamoud-ali-seid-rencontre-les-jeunes-du-7%e1%b5%89-arrondissement-de-ndjamena"},"author":{"name":"cfeditorfr","@id":"https:\/\/www.africa-press.net\/tchad\/#\/schema\/person\/2b1cf3cd81a31e3cd26889ca66d677f1"},"headline":"Mahamoud Ali Seid rencontre les jeunes du 7\u1d49 arrondissement de N\u2019Djamena","datePublished":"2022-08-01T17:25:06+00:00","dateModified":"2022-08-01T17:51:52+00:00","mainEntityOfPage":{"@id":"https:\/\/www.africa-press.net\/tchad\/toutes-les-actualites\/mahamoud-ali-seid-rencontre-les-jeunes-du-7%e1%b5%89-arrondissement-de-ndjamena"},"wordCount":247,"commentCount":0,"image":{"@id":"https:\/\/www.africa-press.net\/tchad\/toutes-les-actualites\/mahamoud-ali-seid-rencontre-les-jeunes-du-7%e1%b5%89-arrondissement-de-ndjamena#primaryimage"},"thumbnailUrl":"https:\/\/static.africa-press.net\/tchad\/sites\/41\/2022\/08\/postQueueImg_29.jpg","keywords":["Africa Press","Africa Press-Tchad","Tchad"],"articleSection":["Communaut\u00e9","homepage-french","Toutes les actualit\u00e9s"],"inLanguage":"fr-FR","potentialAction":[{"@type":"CommentAction","name":"Comment","target":["https:\/\/www.africa-press.net\/tchad\/toutes-les-actualites\/mahamoud-ali-seid-rencontre-les-jeunes-du-7%e1%b5%89-arrondissement-de-ndjamena#respond"]}]},{"@type":"WebPage","@id":"https:\/\/www.africa-press.net\/tchad\/toutes-les-actualites\/mahamoud-ali-seid-rencontre-les-jeunes-du-7%e1%b5%89-arrondissement-de-ndjamena","url":"https:\/\/www.africa-press.net\/tchad\/toutes-les-actualites\/mahamoud-ali-seid-rencontre-les-jeunes-du-7%e1%b5%89-arrondissement-de-ndjamena","name":"Mahamoud Ali Seid rencontre les jeunes du 7\u1d49 arrondissement de N\u2019Djamena - tchad","isPartOf":{"@id":"https:\/\/www.africa-press.net\/tchad\/#website"},"primaryImageOfPage":{"@id":"https:\/\/www.africa-press.net\/tchad\/toutes-les-actualites\/mahamoud-ali-seid-rencontre-les-jeunes-du-7%e1%b5%89-arrondissement-de-ndjamena#primaryimage"},"image":{"@id":"https:\/\/www.africa-press.net\/tchad\/toutes-les-actualites\/mahamoud-ali-seid-rencontre-les-jeunes-du-7%e1%b5%89-arrondissement-de-ndjamena#primaryimage"},"thumbnailUrl":"https:\/\/static.africa-press.net\/tchad\/sites\/41\/2022\/08\/postQueueImg_29.jpg","datePublished":"2022-08-01T17:25:06+00:00","dateModified":"2022-08-01T17:51:52+00:00","author":{"@id":"https:\/\/www.africa-press.net\/tchad\/#\/schema\/person\/2b1cf3cd81a31e3cd26889ca66d677f1"},"description":"Cette rencontre entre le ministre de la Jeunesse, des sports et de la promotion de l\u2019entrepreneuriat, Mahmoud Ali Seid e ...","breadcrumb":{"@id":"https:\/\/www.africa-press.net\/tchad\/toutes-les-actualites\/mahamoud-ali-seid-rencontre-les-jeunes-du-7%e1%b5%89-arrondissement-de-ndjamena#breadcrumb"},"inLanguage":"fr-FR","potentialAction":[{"@type":"ReadAction","target":["https:\/\/www.africa-press.net\/tchad\/toutes-les-actualites\/mahamoud-ali-seid-rencontre-les-jeunes-du-7%e1%b5%89-arrondissement-de-ndjamena"]}]},{"@type":"ImageObject","inLanguage":"fr-FR","@id":"https:\/\/www.africa-press.net\/tchad\/toutes-les-actualites\/mahamoud-ali-seid-rencontre-les-jeunes-du-7%e1%b5%89-arrondissement-de-ndjamena#primaryimage","url":"https:\/\/static.africa-press.net\/tchad\/sites\/41\/2022\/08\/postQueueImg_29.jpg","contentUrl":"https:\/\/static.africa-press.net\/tchad\/sites\/41\/2022\/08\/postQueueImg_29.jpg","width":696,"height":464,"caption":"Mahamoud Ali Seid rencontre les jeunes du 7\u1d49 arrondissement de N\u2019Djamena"},{"@type":"BreadcrumbList","@id":"https:\/\/www.africa-press.net\/tchad\/toutes-les-actualites\/mahamoud-ali-seid-rencontre-les-jeunes-du-7%e1%b5%89-arrondissement-de-ndjamena#breadcrumb","itemListElement":[{"@type":"ListItem","position":1,"name":"Accueil","item":"https:\/\/www.africa-press.net\/tchad\/"},{"@type":"ListItem","position":2,"name":"Mahamoud Ali Seid rencontre les jeunes du 7\u1d49 arrondissement de N\u2019Djamena"}]},{"@type":"WebSite","@id":"https:\/\/www.africa-press.net\/tchad\/#website","url":"https:\/\/www.africa-press.net\/tchad\/","name":"tchad","description":"Just another Africa News Agency Sites site","potentialAction":[{"@type":"SearchAction","target":{"@type":"EntryPoint","urlTemplate":"https:\/\/www.africa-press.net\/tchad\/?s={search_term_string}"},"query-input":{"@type":"PropertyValueSpecification","valueRequired":true,"valueName":"search_term_string"}}],"inLanguage":"fr-FR"},{"@type":"Person","@id":"https:\/\/www.africa-press.net\/tchad\/#\/schema\/person\/2b1cf3cd81a31e3cd26889ca66d677f1","name":"cfeditorfr"}]}},"_links":{"self":[{"href":"https:\/\/www.africa-press.net\/tchad\/wp-json\/wp\/v2\/posts\/29961","targetHints":{"allow":["GET"]}}],"collection":[{"href":"https:\/\/www.africa-press.net\/tchad\/wp-json\/wp\/v2\/posts"}],"about":[{"href":"https:\/\/www.africa-press.net\/tchad\/wp-json\/wp\/v2\/types\/post"}],"author":[{"embeddable":true,"href":"https:\/\/www.africa-press.net\/tchad\/wp-json\/wp\/v2\/users\/82"}],"replies":[{"embeddable":true,"href":"https:\/\/www.africa-press.net\/tchad\/wp-json\/wp\/v2\/comments?post=29961"}],"version-history":[{"count":0,"href":"https:\/\/www.africa-press.net\/tchad\/wp-json\/wp\/v2\/posts\/29961\/revisions"}],"wp:featuredmedia":[{"embeddable":true,"href":"https:\/\/www.africa-press.net\/tchad\/wp-json\/wp\/v2\/media\/29960"}],"wp:attachment":[{"href":"https:\/\/www.africa-press.net\/tchad\/wp-json\/wp\/v2\/media?parent=29961"}],"wp:term":[{"taxonomy":"category","embeddable":true,"href":"https:\/\/www.africa-press.net\/tchad\/wp-json\/wp\/v2\/categories?post=29961"},{"taxonomy":"post_tag","embeddable":true,"href":"https:\/\/www.africa-press.net\/tchad\/wp-json\/wp\/v2\/tags?post=29961"}],"curies":[{"name":"wp","href":"https:\/\/api.w.org\/{rel}","templated":true}]}}