{"id":29979,"date":"2022-08-02T15:14:08","date_gmt":"2022-08-02T15:14:08","guid":{"rendered":"https:\/\/www.africa-press.net\/tchad\/politique\/les-medias-prives-reclament-le-versement-de-laide-a-la-presse"},"modified":"2022-08-02T15:25:14","modified_gmt":"2022-08-02T15:25:14","slug":"les-medias-prives-reclament-le-versement-de-laide-a-la-presse","status":"publish","type":"post","link":"https:\/\/www.africa-press.net\/tchad\/toutes-les-actualites\/les-medias-prives-reclament-le-versement-de-laide-a-la-presse","title":{"rendered":"les m\u00e9dias priv\u00e9s r\u00e9clament le versement de l\u2019aide \u00e0 la presse"},"content":{"rendered":"<p><span style=\"color: #ff6600\"><strong>Africa-Press &#8211; Tchad. <\/strong><\/span><b>Les responsables des m\u00e9dias priv\u00e9s revendiquent, le versement de dix ans d\u2019arri\u00e9r\u00e9 de l\u2019aide \u00e0 la presse. Ils interpellent le gouvernement et \u00e0 la Haute autorit\u00e9 des m\u00e9dias et de l\u2019audiovisuel.<\/b><\/p>\n<p>R\u00e9unis ce lundi 1er ao\u00fbt 2022, les patrons des m\u00e9dias priv\u00e9s ont \u00e9voqu\u00e9 les probl\u00e8mes auxquels ils sont confront\u00e9s et le blocus du gouvernement et l\u2019autorit\u00e9 de r\u00e9gulation. Cette concertation intervient deux semaines avant l\u2019ouverture des travaux du dialogue national inclusif. er<\/p>\n<p>Les repr\u00e9sentants de la presse priv\u00e9e ont discut\u00e9 de l\u2019aide \u00e0 la presse, la participation de la presse priv\u00e9e au dialogue national inclusif et le retrait de la fiche impos\u00e9e par la HAMA. Ils regrettent que depuis dix ans, le gouvernement ne verse pas l\u2019aide destin\u00e9e \u00e0 la presse. Ainsi, ils exigent le versement sans d\u00e9lai de l\u2019aide \u00e0 la presse et de tous les arri\u00e9r\u00e9s des ann\u00e9es pr\u00e9c\u00e9dentes.<\/p>\n<p>M\u00eame l\u2019aide financi\u00e8re promise par le comit\u00e9 d\u2019organisation du dialogue national inclusif n\u2019a pas \u00e9t\u00e9 vers\u00e9e. \u00ab En outre, le comit\u00e9 a promis accompagner les m\u00e9dias priv\u00e9s financi\u00e8rement avant, pendant et apr\u00e8s le dialogue, malheureusement jusqu\u2019\u00e0 nos jours rien de concret n\u2019est sorti de cette promesse. \u00bb Les m\u00e9dias priv\u00e9s demandent la clarification sur leur participation au dialogue, \u00e9galement le paiement de la subvention allou\u00e9e.<\/p>\n<p><strong>Pour plus d&rsquo;informations et d&rsquo;analyses sur la <a href=\"https:\/\/www.africa-press.net\/tchad\">Tchad<\/a>, suivez <a href=\"https:\/\/www.africa-press.net\/\">Africa-Press<\/a><\/strong><\/p>\n","protected":false},"excerpt":{"rendered":"<p>Africa-Press &#8211; Tchad. Les responsables des m\u00e9dias priv\u00e9s revendiquent, le versement de dix ans d\u2019arri\u00e9r\u00e9 de l\u2019aide \u00e0 la presse. Ils interpellent le gouvernement et \u00e0 la Haute autorit\u00e9 des m\u00e9dias et de l\u2019audiovisuel. R\u00e9unis ce lundi 1er ao\u00fbt 2022, les patrons des m\u00e9dias priv\u00e9s ont \u00e9voqu\u00e9 les probl\u00e8mes auxquels ils sont confront\u00e9s et le [&hellip;]<\/p>\n","protected":false},"author":82,"featured_media":29978,"comment_status":"open","ping_status":"closed","sticky":false,"template":"","format":"standard","meta":{"footnotes":""},"categories":[21,11,10],"tags":[37,292,4017,4016,29],"class_list":["post-29979","post","type-post","status-publish","format-standard","has-post-thumbnail","hentry","category-communaute","category-homepage-french","category-toutes-les-actualites","tag-africa-press","tag-africa-press-tchad","tag-aide-a-la-presse","tag-medias-prives","tag-tchad"],"yoast_head":"<!-- This site is optimized with the Yoast SEO Premium plugin v26.1 (Yoast SEO v27.0) - https:\/\/yoast.com\/product\/yoast-seo-premium-wordpress\/ -->\n<title>les m\u00e9dias priv\u00e9s r\u00e9clament le versement de l\u2019aide \u00e0 la presse - tchad<\/title>\n<meta name=\"description\" content=\"Les responsables des m\u00e9dias priv\u00e9s revendiquent, le versement de dix ans d\u2019arri\u00e9r\u00e9 de l\u2019aide \u00e0 la presse. Ils interpe ...\" \/>\n<meta name=\"robots\" content=\"index, follow, max-snippet:-1, max-image-preview:large, max-video-preview:-1\" \/>\n<link rel=\"canonical\" href=\"https:\/\/www.africa-press.net\/tchad\/toutes-les-actualites\/les-medias-prives-reclament-le-versement-de-laide-a-la-presse\" \/>\n<meta property=\"og:locale\" content=\"fr_FR\" \/>\n<meta property=\"og:type\" content=\"article\" \/>\n<meta property=\"og:title\" content=\"les m\u00e9dias priv\u00e9s r\u00e9clament le versement de l\u2019aide \u00e0 la presse\" \/>\n<meta property=\"og:description\" content=\"Les responsables des m\u00e9dias priv\u00e9s revendiquent, le versement de dix ans d\u2019arri\u00e9r\u00e9 de l\u2019aide \u00e0 la presse. Ils interpe ...\" \/>\n<meta property=\"og:url\" content=\"https:\/\/www.africa-press.net\/tchad\/toutes-les-actualites\/les-medias-prives-reclament-le-versement-de-laide-a-la-presse\" \/>\n<meta property=\"og:site_name\" content=\"tchad\" \/>\n<meta property=\"article:published_time\" content=\"2022-08-02T15:14:08+00:00\" \/>\n<meta property=\"article:modified_time\" content=\"2022-08-02T15:25:14+00:00\" \/>\n<meta property=\"og:image\" content=\"https:\/\/static.africa-press.net\/tchad\/sites\/41\/2022\/08\/postQueueImg_4-62e941ba5ead5.jpg\" \/>\n\t<meta property=\"og:image:width\" content=\"780\" \/>\n\t<meta property=\"og:image:height\" content=\"440\" \/>\n\t<meta property=\"og:image:type\" content=\"image\/jpeg\" \/>\n<meta name=\"author\" content=\"cfeditorfr\" \/>\n<meta name=\"twitter:card\" content=\"summary_large_image\" \/>\n<meta name=\"twitter:label1\" content=\"\u00c9crit par\" \/>\n\t<meta name=\"twitter:data1\" content=\"cfeditorfr\" \/>\n\t<meta name=\"twitter:label2\" content=\"Dur\u00e9e de lecture estim\u00e9e\" \/>\n\t<meta name=\"twitter:data2\" content=\"2 minutes\" \/>\n<script type=\"application\/ld+json\" class=\"yoast-schema-graph\">{\"@context\":\"https:\/\/schema.org\",\"@graph\":[{\"@type\":\"Article\",\"@id\":\"https:\/\/www.africa-press.net\/tchad\/toutes-les-actualites\/les-medias-prives-reclament-le-versement-de-laide-a-la-presse#article\",\"isPartOf\":{\"@id\":\"https:\/\/www.africa-press.net\/tchad\/toutes-les-actualites\/les-medias-prives-reclament-le-versement-de-laide-a-la-presse\"},\"author\":{\"name\":\"cfeditorfr\",\"@id\":\"https:\/\/www.africa-press.net\/tchad\/#\/schema\/person\/2b1cf3cd81a31e3cd26889ca66d677f1\"},\"headline\":\"les m\u00e9dias priv\u00e9s r\u00e9clament le versement de l\u2019aide \u00e0 la presse\",\"datePublished\":\"2022-08-02T15:14:08+00:00\",\"dateModified\":\"2022-08-02T15:25:14+00:00\",\"mainEntityOfPage\":{\"@id\":\"https:\/\/www.africa-press.net\/tchad\/toutes-les-actualites\/les-medias-prives-reclament-le-versement-de-laide-a-la-presse\"},\"wordCount\":272,\"commentCount\":0,\"image\":{\"@id\":\"https:\/\/www.africa-press.net\/tchad\/toutes-les-actualites\/les-medias-prives-reclament-le-versement-de-laide-a-la-presse#primaryimage\"},\"thumbnailUrl\":\"https:\/\/static.africa-press.net\/tchad\/sites\/41\/2022\/08\/postQueueImg_4-62e941ba5ead5.jpg\",\"keywords\":[\"Africa Press\",\"Africa Press-Tchad\",\"aide \u00e0 la presse\",\"m\u00e9dias priv\u00e9s\",\"Tchad\"],\"articleSection\":[\"Communaut\u00e9\",\"homepage-french\",\"Toutes les actualit\u00e9s\"],\"inLanguage\":\"fr-FR\",\"potentialAction\":[{\"@type\":\"CommentAction\",\"name\":\"Comment\",\"target\":[\"https:\/\/www.africa-press.net\/tchad\/toutes-les-actualites\/les-medias-prives-reclament-le-versement-de-laide-a-la-presse#respond\"]}]},{\"@type\":\"WebPage\",\"@id\":\"https:\/\/www.africa-press.net\/tchad\/toutes-les-actualites\/les-medias-prives-reclament-le-versement-de-laide-a-la-presse\",\"url\":\"https:\/\/www.africa-press.net\/tchad\/toutes-les-actualites\/les-medias-prives-reclament-le-versement-de-laide-a-la-presse\",\"name\":\"les m\u00e9dias priv\u00e9s r\u00e9clament le versement de l\u2019aide \u00e0 la presse - tchad\",\"isPartOf\":{\"@id\":\"https:\/\/www.africa-press.net\/tchad\/#website\"},\"primaryImageOfPage\":{\"@id\":\"https:\/\/www.africa-press.net\/tchad\/toutes-les-actualites\/les-medias-prives-reclament-le-versement-de-laide-a-la-presse#primaryimage\"},\"image\":{\"@id\":\"https:\/\/www.africa-press.net\/tchad\/toutes-les-actualites\/les-medias-prives-reclament-le-versement-de-laide-a-la-presse#primaryimage\"},\"thumbnailUrl\":\"https:\/\/static.africa-press.net\/tchad\/sites\/41\/2022\/08\/postQueueImg_4-62e941ba5ead5.jpg\",\"datePublished\":\"2022-08-02T15:14:08+00:00\",\"dateModified\":\"2022-08-02T15:25:14+00:00\",\"author\":{\"@id\":\"https:\/\/www.africa-press.net\/tchad\/#\/schema\/person\/2b1cf3cd81a31e3cd26889ca66d677f1\"},\"description\":\"Les responsables des m\u00e9dias priv\u00e9s revendiquent, le versement de dix ans d\u2019arri\u00e9r\u00e9 de l\u2019aide \u00e0 la presse. Ils interpe ...\",\"breadcrumb\":{\"@id\":\"https:\/\/www.africa-press.net\/tchad\/toutes-les-actualites\/les-medias-prives-reclament-le-versement-de-laide-a-la-presse#breadcrumb\"},\"inLanguage\":\"fr-FR\",\"potentialAction\":[{\"@type\":\"ReadAction\",\"target\":[\"https:\/\/www.africa-press.net\/tchad\/toutes-les-actualites\/les-medias-prives-reclament-le-versement-de-laide-a-la-presse\"]}]},{\"@type\":\"ImageObject\",\"inLanguage\":\"fr-FR\",\"@id\":\"https:\/\/www.africa-press.net\/tchad\/toutes-les-actualites\/les-medias-prives-reclament-le-versement-de-laide-a-la-presse#primaryimage\",\"url\":\"https:\/\/static.africa-press.net\/tchad\/sites\/41\/2022\/08\/postQueueImg_4-62e941ba5ead5.jpg\",\"contentUrl\":\"https:\/\/static.africa-press.net\/tchad\/sites\/41\/2022\/08\/postQueueImg_4-62e941ba5ead5.jpg\",\"width\":780,\"height\":440,\"caption\":\"les m\u00e9dias priv\u00e9s r\u00e9clament le versement de l\u2019aide \u00e0 la presse\"},{\"@type\":\"BreadcrumbList\",\"@id\":\"https:\/\/www.africa-press.net\/tchad\/toutes-les-actualites\/les-medias-prives-reclament-le-versement-de-laide-a-la-presse#breadcrumb\",\"itemListElement\":[{\"@type\":\"ListItem\",\"position\":1,\"name\":\"Accueil\",\"item\":\"https:\/\/www.africa-press.net\/tchad\/\"},{\"@type\":\"ListItem\",\"position\":2,\"name\":\"les m\u00e9dias priv\u00e9s r\u00e9clament le versement de l\u2019aide \u00e0 la presse\"}]},{\"@type\":\"WebSite\",\"@id\":\"https:\/\/www.africa-press.net\/tchad\/#website\",\"url\":\"https:\/\/www.africa-press.net\/tchad\/\",\"name\":\"tchad\",\"description\":\"Just another Africa News Agency Sites site\",\"potentialAction\":[{\"@type\":\"SearchAction\",\"target\":{\"@type\":\"EntryPoint\",\"urlTemplate\":\"https:\/\/www.africa-press.net\/tchad\/?s={search_term_string}\"},\"query-input\":{\"@type\":\"PropertyValueSpecification\",\"valueRequired\":true,\"valueName\":\"search_term_string\"}}],\"inLanguage\":\"fr-FR\"},{\"@type\":\"Person\",\"@id\":\"https:\/\/www.africa-press.net\/tchad\/#\/schema\/person\/2b1cf3cd81a31e3cd26889ca66d677f1\",\"name\":\"cfeditorfr\"}]}<\/script>\n<!-- \/ Yoast SEO Premium plugin. -->","yoast_head_json":{"title":"les m\u00e9dias priv\u00e9s r\u00e9clament le versement de l\u2019aide \u00e0 la presse - tchad","description":"Les responsables des m\u00e9dias priv\u00e9s revendiquent, le versement de dix ans d\u2019arri\u00e9r\u00e9 de l\u2019aide \u00e0 la presse. Ils interpe ...","robots":{"index":"index","follow":"follow","max-snippet":"max-snippet:-1","max-image-preview":"max-image-preview:large","max-video-preview":"max-video-preview:-1"},"canonical":"https:\/\/www.africa-press.net\/tchad\/toutes-les-actualites\/les-medias-prives-reclament-le-versement-de-laide-a-la-presse","og_locale":"fr_FR","og_type":"article","og_title":"les m\u00e9dias priv\u00e9s r\u00e9clament le versement de l\u2019aide \u00e0 la presse","og_description":"Les responsables des m\u00e9dias priv\u00e9s revendiquent, le versement de dix ans d\u2019arri\u00e9r\u00e9 de l\u2019aide \u00e0 la presse. Ils interpe ...","og_url":"https:\/\/www.africa-press.net\/tchad\/toutes-les-actualites\/les-medias-prives-reclament-le-versement-de-laide-a-la-presse","og_site_name":"tchad","article_published_time":"2022-08-02T15:14:08+00:00","article_modified_time":"2022-08-02T15:25:14+00:00","og_image":[{"width":780,"height":440,"url":"https:\/\/static.africa-press.net\/tchad\/sites\/41\/2022\/08\/postQueueImg_4-62e941ba5ead5.jpg","type":"image\/jpeg"}],"author":"cfeditorfr","twitter_card":"summary_large_image","twitter_misc":{"\u00c9crit par":"cfeditorfr","Dur\u00e9e de lecture estim\u00e9e":"2 minutes"},"schema":{"@context":"https:\/\/schema.org","@graph":[{"@type":"Article","@id":"https:\/\/www.africa-press.net\/tchad\/toutes-les-actualites\/les-medias-prives-reclament-le-versement-de-laide-a-la-presse#article","isPartOf":{"@id":"https:\/\/www.africa-press.net\/tchad\/toutes-les-actualites\/les-medias-prives-reclament-le-versement-de-laide-a-la-presse"},"author":{"name":"cfeditorfr","@id":"https:\/\/www.africa-press.net\/tchad\/#\/schema\/person\/2b1cf3cd81a31e3cd26889ca66d677f1"},"headline":"les m\u00e9dias priv\u00e9s r\u00e9clament le versement de l\u2019aide \u00e0 la presse","datePublished":"2022-08-02T15:14:08+00:00","dateModified":"2022-08-02T15:25:14+00:00","mainEntityOfPage":{"@id":"https:\/\/www.africa-press.net\/tchad\/toutes-les-actualites\/les-medias-prives-reclament-le-versement-de-laide-a-la-presse"},"wordCount":272,"commentCount":0,"image":{"@id":"https:\/\/www.africa-press.net\/tchad\/toutes-les-actualites\/les-medias-prives-reclament-le-versement-de-laide-a-la-presse#primaryimage"},"thumbnailUrl":"https:\/\/static.africa-press.net\/tchad\/sites\/41\/2022\/08\/postQueueImg_4-62e941ba5ead5.jpg","keywords":["Africa Press","Africa Press-Tchad","aide \u00e0 la presse","m\u00e9dias priv\u00e9s","Tchad"],"articleSection":["Communaut\u00e9","homepage-french","Toutes les actualit\u00e9s"],"inLanguage":"fr-FR","potentialAction":[{"@type":"CommentAction","name":"Comment","target":["https:\/\/www.africa-press.net\/tchad\/toutes-les-actualites\/les-medias-prives-reclament-le-versement-de-laide-a-la-presse#respond"]}]},{"@type":"WebPage","@id":"https:\/\/www.africa-press.net\/tchad\/toutes-les-actualites\/les-medias-prives-reclament-le-versement-de-laide-a-la-presse","url":"https:\/\/www.africa-press.net\/tchad\/toutes-les-actualites\/les-medias-prives-reclament-le-versement-de-laide-a-la-presse","name":"les m\u00e9dias priv\u00e9s r\u00e9clament le versement de l\u2019aide \u00e0 la presse - tchad","isPartOf":{"@id":"https:\/\/www.africa-press.net\/tchad\/#website"},"primaryImageOfPage":{"@id":"https:\/\/www.africa-press.net\/tchad\/toutes-les-actualites\/les-medias-prives-reclament-le-versement-de-laide-a-la-presse#primaryimage"},"image":{"@id":"https:\/\/www.africa-press.net\/tchad\/toutes-les-actualites\/les-medias-prives-reclament-le-versement-de-laide-a-la-presse#primaryimage"},"thumbnailUrl":"https:\/\/static.africa-press.net\/tchad\/sites\/41\/2022\/08\/postQueueImg_4-62e941ba5ead5.jpg","datePublished":"2022-08-02T15:14:08+00:00","dateModified":"2022-08-02T15:25:14+00:00","author":{"@id":"https:\/\/www.africa-press.net\/tchad\/#\/schema\/person\/2b1cf3cd81a31e3cd26889ca66d677f1"},"description":"Les responsables des m\u00e9dias priv\u00e9s revendiquent, le versement de dix ans d\u2019arri\u00e9r\u00e9 de l\u2019aide \u00e0 la presse. Ils interpe ...","breadcrumb":{"@id":"https:\/\/www.africa-press.net\/tchad\/toutes-les-actualites\/les-medias-prives-reclament-le-versement-de-laide-a-la-presse#breadcrumb"},"inLanguage":"fr-FR","potentialAction":[{"@type":"ReadAction","target":["https:\/\/www.africa-press.net\/tchad\/toutes-les-actualites\/les-medias-prives-reclament-le-versement-de-laide-a-la-presse"]}]},{"@type":"ImageObject","inLanguage":"fr-FR","@id":"https:\/\/www.africa-press.net\/tchad\/toutes-les-actualites\/les-medias-prives-reclament-le-versement-de-laide-a-la-presse#primaryimage","url":"https:\/\/static.africa-press.net\/tchad\/sites\/41\/2022\/08\/postQueueImg_4-62e941ba5ead5.jpg","contentUrl":"https:\/\/static.africa-press.net\/tchad\/sites\/41\/2022\/08\/postQueueImg_4-62e941ba5ead5.jpg","width":780,"height":440,"caption":"les m\u00e9dias priv\u00e9s r\u00e9clament le versement de l\u2019aide \u00e0 la presse"},{"@type":"BreadcrumbList","@id":"https:\/\/www.africa-press.net\/tchad\/toutes-les-actualites\/les-medias-prives-reclament-le-versement-de-laide-a-la-presse#breadcrumb","itemListElement":[{"@type":"ListItem","position":1,"name":"Accueil","item":"https:\/\/www.africa-press.net\/tchad\/"},{"@type":"ListItem","position":2,"name":"les m\u00e9dias priv\u00e9s r\u00e9clament le versement de l\u2019aide \u00e0 la presse"}]},{"@type":"WebSite","@id":"https:\/\/www.africa-press.net\/tchad\/#website","url":"https:\/\/www.africa-press.net\/tchad\/","name":"tchad","description":"Just another Africa News Agency Sites site","potentialAction":[{"@type":"SearchAction","target":{"@type":"EntryPoint","urlTemplate":"https:\/\/www.africa-press.net\/tchad\/?s={search_term_string}"},"query-input":{"@type":"PropertyValueSpecification","valueRequired":true,"valueName":"search_term_string"}}],"inLanguage":"fr-FR"},{"@type":"Person","@id":"https:\/\/www.africa-press.net\/tchad\/#\/schema\/person\/2b1cf3cd81a31e3cd26889ca66d677f1","name":"cfeditorfr"}]}},"_links":{"self":[{"href":"https:\/\/www.africa-press.net\/tchad\/wp-json\/wp\/v2\/posts\/29979","targetHints":{"allow":["GET"]}}],"collection":[{"href":"https:\/\/www.africa-press.net\/tchad\/wp-json\/wp\/v2\/posts"}],"about":[{"href":"https:\/\/www.africa-press.net\/tchad\/wp-json\/wp\/v2\/types\/post"}],"author":[{"embeddable":true,"href":"https:\/\/www.africa-press.net\/tchad\/wp-json\/wp\/v2\/users\/82"}],"replies":[{"embeddable":true,"href":"https:\/\/www.africa-press.net\/tchad\/wp-json\/wp\/v2\/comments?post=29979"}],"version-history":[{"count":0,"href":"https:\/\/www.africa-press.net\/tchad\/wp-json\/wp\/v2\/posts\/29979\/revisions"}],"wp:featuredmedia":[{"embeddable":true,"href":"https:\/\/www.africa-press.net\/tchad\/wp-json\/wp\/v2\/media\/29978"}],"wp:attachment":[{"href":"https:\/\/www.africa-press.net\/tchad\/wp-json\/wp\/v2\/media?parent=29979"}],"wp:term":[{"taxonomy":"category","embeddable":true,"href":"https:\/\/www.africa-press.net\/tchad\/wp-json\/wp\/v2\/categories?post=29979"},{"taxonomy":"post_tag","embeddable":true,"href":"https:\/\/www.africa-press.net\/tchad\/wp-json\/wp\/v2\/tags?post=29979"}],"curies":[{"name":"wp","href":"https:\/\/api.w.org\/{rel}","templated":true}]}}