{"id":29997,"date":"2022-08-02T15:19:26","date_gmt":"2022-08-02T15:19:26","guid":{"rendered":"https:\/\/www.africa-press.net\/tchad\/politique\/les-responsables-des-medias-prives-expriment-leur-ras-le-bol-a-la-veille-du-dialogue-national-inclusif"},"modified":"2022-08-02T15:30:13","modified_gmt":"2022-08-02T15:30:13","slug":"les-responsables-des-medias-prives-expriment-leur-ras-le-bol-a-la-veille-du-dialogue-national-inclusif","status":"publish","type":"post","link":"https:\/\/www.africa-press.net\/tchad\/politique\/les-responsables-des-medias-prives-expriment-leur-ras-le-bol-a-la-veille-du-dialogue-national-inclusif","title":{"rendered":"les responsables des m\u00e9dias priv\u00e9s expriment leur ras-le-bol \u00e0 la veille du dialogue national inclusif"},"content":{"rendered":"<p><span style=\"color: #ff6600\"><strong>Africa-Press &#8211; Tchad. <\/strong><\/span>Selon ces responsables, l\u2019avenir des m\u00e9dias priv\u00e9s est sombre ; parce que pour eux dans un pays d\u00e9mocratique, les m\u00e9dias priv\u00e9s ne devraient pas \u00eatre trait\u00e9s de la sorte. Pour eux, les m\u00e9dias sont trait\u00e9s au niveau d\u2019esclave qui n\u2019a que des devoirs.<\/p>\n<p>\u201cNous informons, \u00e9duquons et d\u00e9non\u00e7ons tous les abus en aidant le gouvernement, les acteurs politiques, socioculturels, mais en retour nous sommes remerci\u00e9s en monnaie de singe par le dos de la cuill\u00e8re. Comment comprendre qu\u2019\u00e0 quelques jours du dialogue national inclusif aucune clarification n\u2019a \u00e9t\u00e9 faite en ce qui concerne notre participation. Qui doit parler au nom des m\u00e9dias priv\u00e9s ? Qu\u2019est ce qui sera dit pour la d\u00e9fense de nos droits ? Nous ne sommes au courant de rien\u201c, soulignent-ils.<\/p>\n<p>De m\u00eame, ils d\u00e9noncent le fait de ne pas \u00eatre associ\u00e9s dans les activit\u00e9s des soci\u00e9t\u00e9s priv\u00e9es et \u00e9tatiques pour en b\u00e9n\u00e9ficier des fonds pour l\u2019\u00e9volution \u00e9conomique des m\u00e9dias priv\u00e9s. L\u2019acc\u00e8s aux sources d\u2019information est devenu impossible, r\u00e9affirment-ils. Jamais, on n\u2019associe les medias priv\u00e9s aux d\u00e9placements, aux activit\u00e9s du PCMT et des membres du gouvernement, rajoutent t-ils.<\/p>\n<p>Au vu de ces griefs, ils exigent ce qui suit :<\/p>\n<p>-A la HAMA, de retirer syst\u00e9matiquement la fiche liberticide de renseignements adress\u00e9e aux responsables des m\u00e9dias priv\u00e9s et de payer sans condition toutes les arri\u00e9r\u00e9s de l\u2019aide \u00e0 la presse;<\/p>\n<p>\u2013 Au PNUD, de proc\u00e9der au paiement de la troisi\u00e8me tranche du fonds allou\u00e9 aux m\u00e9dias pour le DNI pour certains et 3 tranches pour d\u2019autres sciemment \u00e9cart\u00e9s;<\/p>\n<p>\u2013 Au cas contraire, les medias priv\u00e9s d\u00e9cideront de ne pas participer, ni couvrir le dialogue national inclusif et utiliseront les moyens l\u00e9gaux afin de se faire entendre.<\/p>\n<p>D\u00e9pass\u00e9 ce d\u00e9lai les responsables des m\u00e9dias priv\u00e9s tiendront pour responsable le pr\u00e9sident du conseil militaire de transition (PCMT, premier ministre de transition (PMT), le pr\u00e9sident du Conseil national de transition (CNT) de tout ce qui adviendra.<\/p>\n<p><strong>Pour plus d&rsquo;informations et d&rsquo;analyses sur la <a href=\"https:\/\/www.africa-press.net\/tchad\">Tchad<\/a>, suivez <a href=\"https:\/\/www.africa-press.net\/\">Africa-Press<\/a><\/strong><\/p>\n","protected":false},"excerpt":{"rendered":"<p>Africa-Press &#8211; Tchad. Selon ces responsables, l\u2019avenir des m\u00e9dias priv\u00e9s est sombre ; parce que pour eux dans un pays d\u00e9mocratique, les m\u00e9dias priv\u00e9s ne devraient pas \u00eatre trait\u00e9s de la sorte. Pour eux, les m\u00e9dias sont trait\u00e9s au niveau d\u2019esclave qui n\u2019a que des devoirs. \u201cNous informons, \u00e9duquons et d\u00e9non\u00e7ons tous les abus en [&hellip;]<\/p>\n","protected":false},"author":82,"featured_media":29996,"comment_status":"open","ping_status":"closed","sticky":false,"template":"","format":"standard","meta":{"footnotes":""},"categories":[11,2,20,10],"tags":[37,292,29],"class_list":["post-29997","post","type-post","status-publish","format-standard","has-post-thumbnail","hentry","category-homepage-french","category-politique","category-top-nouvelles","category-toutes-les-actualites","tag-africa-press","tag-africa-press-tchad","tag-tchad"],"yoast_head":"<!-- This site is optimized with the Yoast SEO Premium plugin v26.1 (Yoast SEO v27.0) - https:\/\/yoast.com\/product\/yoast-seo-premium-wordpress\/ -->\n<title>les responsables des m\u00e9dias priv\u00e9s expriment leur ras-le-bol \u00e0 la veille du dialogue national inclusif - tchad<\/title>\n<meta name=\"description\" content=\"Selon ces responsables, l\u2019avenir des m\u00e9dias priv\u00e9s est sombre ; parce que pour eux dans un pays d\u00e9mocratique, les m\u00e9dias ...\" \/>\n<meta name=\"robots\" content=\"index, follow, max-snippet:-1, max-image-preview:large, max-video-preview:-1\" \/>\n<link rel=\"canonical\" href=\"https:\/\/www.africa-press.net\/tchad\/politique\/les-responsables-des-medias-prives-expriment-leur-ras-le-bol-a-la-veille-du-dialogue-national-inclusif\" \/>\n<meta property=\"og:locale\" content=\"fr_FR\" \/>\n<meta property=\"og:type\" content=\"article\" \/>\n<meta property=\"og:title\" content=\"les responsables des m\u00e9dias priv\u00e9s expriment leur ras-le-bol \u00e0 la veille du dialogue national inclusif\" \/>\n<meta property=\"og:description\" content=\"Selon ces responsables, l\u2019avenir des m\u00e9dias priv\u00e9s est sombre ; parce que pour eux dans un pays d\u00e9mocratique, les m\u00e9dias ...\" \/>\n<meta property=\"og:url\" content=\"https:\/\/www.africa-press.net\/tchad\/politique\/les-responsables-des-medias-prives-expriment-leur-ras-le-bol-a-la-veille-du-dialogue-national-inclusif\" \/>\n<meta property=\"og:site_name\" content=\"tchad\" \/>\n<meta property=\"article:published_time\" content=\"2022-08-02T15:19:26+00:00\" \/>\n<meta property=\"article:modified_time\" content=\"2022-08-02T15:30:13+00:00\" \/>\n<meta property=\"og:image\" content=\"https:\/\/static.africa-press.net\/tchad\/sites\/41\/2022\/08\/postQueueImg_11.jpg\" \/>\n\t<meta property=\"og:image:width\" content=\"696\" \/>\n\t<meta property=\"og:image:height\" content=\"522\" \/>\n\t<meta property=\"og:image:type\" content=\"image\/jpeg\" \/>\n<meta name=\"author\" content=\"cfeditorfr\" \/>\n<meta name=\"twitter:card\" content=\"summary_large_image\" \/>\n<meta name=\"twitter:label1\" content=\"\u00c9crit par\" \/>\n\t<meta name=\"twitter:data1\" content=\"cfeditorfr\" \/>\n\t<meta name=\"twitter:label2\" content=\"Dur\u00e9e de lecture estim\u00e9e\" \/>\n\t<meta name=\"twitter:data2\" content=\"2 minutes\" \/>\n<script type=\"application\/ld+json\" class=\"yoast-schema-graph\">{\"@context\":\"https:\/\/schema.org\",\"@graph\":[{\"@type\":\"Article\",\"@id\":\"https:\/\/www.africa-press.net\/tchad\/politique\/les-responsables-des-medias-prives-expriment-leur-ras-le-bol-a-la-veille-du-dialogue-national-inclusif#article\",\"isPartOf\":{\"@id\":\"https:\/\/www.africa-press.net\/tchad\/politique\/les-responsables-des-medias-prives-expriment-leur-ras-le-bol-a-la-veille-du-dialogue-national-inclusif\"},\"author\":{\"name\":\"cfeditorfr\",\"@id\":\"https:\/\/www.africa-press.net\/tchad\/#\/schema\/person\/2b1cf3cd81a31e3cd26889ca66d677f1\"},\"headline\":\"les responsables des m\u00e9dias priv\u00e9s expriment leur ras-le-bol \u00e0 la veille du dialogue national inclusif\",\"datePublished\":\"2022-08-02T15:19:26+00:00\",\"dateModified\":\"2022-08-02T15:30:13+00:00\",\"mainEntityOfPage\":{\"@id\":\"https:\/\/www.africa-press.net\/tchad\/politique\/les-responsables-des-medias-prives-expriment-leur-ras-le-bol-a-la-veille-du-dialogue-national-inclusif\"},\"wordCount\":399,\"commentCount\":0,\"image\":{\"@id\":\"https:\/\/www.africa-press.net\/tchad\/politique\/les-responsables-des-medias-prives-expriment-leur-ras-le-bol-a-la-veille-du-dialogue-national-inclusif#primaryimage\"},\"thumbnailUrl\":\"https:\/\/static.africa-press.net\/tchad\/sites\/41\/2022\/08\/postQueueImg_11.jpg\",\"keywords\":[\"Africa Press\",\"Africa Press-Tchad\",\"Tchad\"],\"articleSection\":[\"homepage-french\",\"Politique\",\"Top Nouvelles\",\"Toutes les actualit\u00e9s\"],\"inLanguage\":\"fr-FR\",\"potentialAction\":[{\"@type\":\"CommentAction\",\"name\":\"Comment\",\"target\":[\"https:\/\/www.africa-press.net\/tchad\/politique\/les-responsables-des-medias-prives-expriment-leur-ras-le-bol-a-la-veille-du-dialogue-national-inclusif#respond\"]}]},{\"@type\":\"WebPage\",\"@id\":\"https:\/\/www.africa-press.net\/tchad\/politique\/les-responsables-des-medias-prives-expriment-leur-ras-le-bol-a-la-veille-du-dialogue-national-inclusif\",\"url\":\"https:\/\/www.africa-press.net\/tchad\/politique\/les-responsables-des-medias-prives-expriment-leur-ras-le-bol-a-la-veille-du-dialogue-national-inclusif\",\"name\":\"les responsables des m\u00e9dias priv\u00e9s expriment leur ras-le-bol \u00e0 la veille du dialogue national inclusif - tchad\",\"isPartOf\":{\"@id\":\"https:\/\/www.africa-press.net\/tchad\/#website\"},\"primaryImageOfPage\":{\"@id\":\"https:\/\/www.africa-press.net\/tchad\/politique\/les-responsables-des-medias-prives-expriment-leur-ras-le-bol-a-la-veille-du-dialogue-national-inclusif#primaryimage\"},\"image\":{\"@id\":\"https:\/\/www.africa-press.net\/tchad\/politique\/les-responsables-des-medias-prives-expriment-leur-ras-le-bol-a-la-veille-du-dialogue-national-inclusif#primaryimage\"},\"thumbnailUrl\":\"https:\/\/static.africa-press.net\/tchad\/sites\/41\/2022\/08\/postQueueImg_11.jpg\",\"datePublished\":\"2022-08-02T15:19:26+00:00\",\"dateModified\":\"2022-08-02T15:30:13+00:00\",\"author\":{\"@id\":\"https:\/\/www.africa-press.net\/tchad\/#\/schema\/person\/2b1cf3cd81a31e3cd26889ca66d677f1\"},\"description\":\"Selon ces responsables, l\u2019avenir des m\u00e9dias priv\u00e9s est sombre ; parce que pour eux dans un pays d\u00e9mocratique, les m\u00e9dias ...\",\"breadcrumb\":{\"@id\":\"https:\/\/www.africa-press.net\/tchad\/politique\/les-responsables-des-medias-prives-expriment-leur-ras-le-bol-a-la-veille-du-dialogue-national-inclusif#breadcrumb\"},\"inLanguage\":\"fr-FR\",\"potentialAction\":[{\"@type\":\"ReadAction\",\"target\":[\"https:\/\/www.africa-press.net\/tchad\/politique\/les-responsables-des-medias-prives-expriment-leur-ras-le-bol-a-la-veille-du-dialogue-national-inclusif\"]}]},{\"@type\":\"ImageObject\",\"inLanguage\":\"fr-FR\",\"@id\":\"https:\/\/www.africa-press.net\/tchad\/politique\/les-responsables-des-medias-prives-expriment-leur-ras-le-bol-a-la-veille-du-dialogue-national-inclusif#primaryimage\",\"url\":\"https:\/\/static.africa-press.net\/tchad\/sites\/41\/2022\/08\/postQueueImg_11.jpg\",\"contentUrl\":\"https:\/\/static.africa-press.net\/tchad\/sites\/41\/2022\/08\/postQueueImg_11.jpg\",\"width\":696,\"height\":522,\"caption\":\"les responsables des m\u00e9dias priv\u00e9s expriment leur ras-le-bol \u00e0 la veille du dialogue national inclusif\"},{\"@type\":\"BreadcrumbList\",\"@id\":\"https:\/\/www.africa-press.net\/tchad\/politique\/les-responsables-des-medias-prives-expriment-leur-ras-le-bol-a-la-veille-du-dialogue-national-inclusif#breadcrumb\",\"itemListElement\":[{\"@type\":\"ListItem\",\"position\":1,\"name\":\"Accueil\",\"item\":\"https:\/\/www.africa-press.net\/tchad\/\"},{\"@type\":\"ListItem\",\"position\":2,\"name\":\"les responsables des m\u00e9dias priv\u00e9s expriment leur ras-le-bol \u00e0 la veille du dialogue national inclusif\"}]},{\"@type\":\"WebSite\",\"@id\":\"https:\/\/www.africa-press.net\/tchad\/#website\",\"url\":\"https:\/\/www.africa-press.net\/tchad\/\",\"name\":\"tchad\",\"description\":\"Just another Africa News Agency Sites site\",\"potentialAction\":[{\"@type\":\"SearchAction\",\"target\":{\"@type\":\"EntryPoint\",\"urlTemplate\":\"https:\/\/www.africa-press.net\/tchad\/?s={search_term_string}\"},\"query-input\":{\"@type\":\"PropertyValueSpecification\",\"valueRequired\":true,\"valueName\":\"search_term_string\"}}],\"inLanguage\":\"fr-FR\"},{\"@type\":\"Person\",\"@id\":\"https:\/\/www.africa-press.net\/tchad\/#\/schema\/person\/2b1cf3cd81a31e3cd26889ca66d677f1\",\"name\":\"cfeditorfr\"}]}<\/script>\n<!-- \/ Yoast SEO Premium plugin. -->","yoast_head_json":{"title":"les responsables des m\u00e9dias priv\u00e9s expriment leur ras-le-bol \u00e0 la veille du dialogue national inclusif - tchad","description":"Selon ces responsables, l\u2019avenir des m\u00e9dias priv\u00e9s est sombre ; parce que pour eux dans un pays d\u00e9mocratique, les m\u00e9dias ...","robots":{"index":"index","follow":"follow","max-snippet":"max-snippet:-1","max-image-preview":"max-image-preview:large","max-video-preview":"max-video-preview:-1"},"canonical":"https:\/\/www.africa-press.net\/tchad\/politique\/les-responsables-des-medias-prives-expriment-leur-ras-le-bol-a-la-veille-du-dialogue-national-inclusif","og_locale":"fr_FR","og_type":"article","og_title":"les responsables des m\u00e9dias priv\u00e9s expriment leur ras-le-bol \u00e0 la veille du dialogue national inclusif","og_description":"Selon ces responsables, l\u2019avenir des m\u00e9dias priv\u00e9s est sombre ; parce que pour eux dans un pays d\u00e9mocratique, les m\u00e9dias ...","og_url":"https:\/\/www.africa-press.net\/tchad\/politique\/les-responsables-des-medias-prives-expriment-leur-ras-le-bol-a-la-veille-du-dialogue-national-inclusif","og_site_name":"tchad","article_published_time":"2022-08-02T15:19:26+00:00","article_modified_time":"2022-08-02T15:30:13+00:00","og_image":[{"width":696,"height":522,"url":"https:\/\/static.africa-press.net\/tchad\/sites\/41\/2022\/08\/postQueueImg_11.jpg","type":"image\/jpeg"}],"author":"cfeditorfr","twitter_card":"summary_large_image","twitter_misc":{"\u00c9crit par":"cfeditorfr","Dur\u00e9e de lecture estim\u00e9e":"2 minutes"},"schema":{"@context":"https:\/\/schema.org","@graph":[{"@type":"Article","@id":"https:\/\/www.africa-press.net\/tchad\/politique\/les-responsables-des-medias-prives-expriment-leur-ras-le-bol-a-la-veille-du-dialogue-national-inclusif#article","isPartOf":{"@id":"https:\/\/www.africa-press.net\/tchad\/politique\/les-responsables-des-medias-prives-expriment-leur-ras-le-bol-a-la-veille-du-dialogue-national-inclusif"},"author":{"name":"cfeditorfr","@id":"https:\/\/www.africa-press.net\/tchad\/#\/schema\/person\/2b1cf3cd81a31e3cd26889ca66d677f1"},"headline":"les responsables des m\u00e9dias priv\u00e9s expriment leur ras-le-bol \u00e0 la veille du dialogue national inclusif","datePublished":"2022-08-02T15:19:26+00:00","dateModified":"2022-08-02T15:30:13+00:00","mainEntityOfPage":{"@id":"https:\/\/www.africa-press.net\/tchad\/politique\/les-responsables-des-medias-prives-expriment-leur-ras-le-bol-a-la-veille-du-dialogue-national-inclusif"},"wordCount":399,"commentCount":0,"image":{"@id":"https:\/\/www.africa-press.net\/tchad\/politique\/les-responsables-des-medias-prives-expriment-leur-ras-le-bol-a-la-veille-du-dialogue-national-inclusif#primaryimage"},"thumbnailUrl":"https:\/\/static.africa-press.net\/tchad\/sites\/41\/2022\/08\/postQueueImg_11.jpg","keywords":["Africa Press","Africa Press-Tchad","Tchad"],"articleSection":["homepage-french","Politique","Top Nouvelles","Toutes les actualit\u00e9s"],"inLanguage":"fr-FR","potentialAction":[{"@type":"CommentAction","name":"Comment","target":["https:\/\/www.africa-press.net\/tchad\/politique\/les-responsables-des-medias-prives-expriment-leur-ras-le-bol-a-la-veille-du-dialogue-national-inclusif#respond"]}]},{"@type":"WebPage","@id":"https:\/\/www.africa-press.net\/tchad\/politique\/les-responsables-des-medias-prives-expriment-leur-ras-le-bol-a-la-veille-du-dialogue-national-inclusif","url":"https:\/\/www.africa-press.net\/tchad\/politique\/les-responsables-des-medias-prives-expriment-leur-ras-le-bol-a-la-veille-du-dialogue-national-inclusif","name":"les responsables des m\u00e9dias priv\u00e9s expriment leur ras-le-bol \u00e0 la veille du dialogue national inclusif - tchad","isPartOf":{"@id":"https:\/\/www.africa-press.net\/tchad\/#website"},"primaryImageOfPage":{"@id":"https:\/\/www.africa-press.net\/tchad\/politique\/les-responsables-des-medias-prives-expriment-leur-ras-le-bol-a-la-veille-du-dialogue-national-inclusif#primaryimage"},"image":{"@id":"https:\/\/www.africa-press.net\/tchad\/politique\/les-responsables-des-medias-prives-expriment-leur-ras-le-bol-a-la-veille-du-dialogue-national-inclusif#primaryimage"},"thumbnailUrl":"https:\/\/static.africa-press.net\/tchad\/sites\/41\/2022\/08\/postQueueImg_11.jpg","datePublished":"2022-08-02T15:19:26+00:00","dateModified":"2022-08-02T15:30:13+00:00","author":{"@id":"https:\/\/www.africa-press.net\/tchad\/#\/schema\/person\/2b1cf3cd81a31e3cd26889ca66d677f1"},"description":"Selon ces responsables, l\u2019avenir des m\u00e9dias priv\u00e9s est sombre ; parce que pour eux dans un pays d\u00e9mocratique, les m\u00e9dias ...","breadcrumb":{"@id":"https:\/\/www.africa-press.net\/tchad\/politique\/les-responsables-des-medias-prives-expriment-leur-ras-le-bol-a-la-veille-du-dialogue-national-inclusif#breadcrumb"},"inLanguage":"fr-FR","potentialAction":[{"@type":"ReadAction","target":["https:\/\/www.africa-press.net\/tchad\/politique\/les-responsables-des-medias-prives-expriment-leur-ras-le-bol-a-la-veille-du-dialogue-national-inclusif"]}]},{"@type":"ImageObject","inLanguage":"fr-FR","@id":"https:\/\/www.africa-press.net\/tchad\/politique\/les-responsables-des-medias-prives-expriment-leur-ras-le-bol-a-la-veille-du-dialogue-national-inclusif#primaryimage","url":"https:\/\/static.africa-press.net\/tchad\/sites\/41\/2022\/08\/postQueueImg_11.jpg","contentUrl":"https:\/\/static.africa-press.net\/tchad\/sites\/41\/2022\/08\/postQueueImg_11.jpg","width":696,"height":522,"caption":"les responsables des m\u00e9dias priv\u00e9s expriment leur ras-le-bol \u00e0 la veille du dialogue national inclusif"},{"@type":"BreadcrumbList","@id":"https:\/\/www.africa-press.net\/tchad\/politique\/les-responsables-des-medias-prives-expriment-leur-ras-le-bol-a-la-veille-du-dialogue-national-inclusif#breadcrumb","itemListElement":[{"@type":"ListItem","position":1,"name":"Accueil","item":"https:\/\/www.africa-press.net\/tchad\/"},{"@type":"ListItem","position":2,"name":"les responsables des m\u00e9dias priv\u00e9s expriment leur ras-le-bol \u00e0 la veille du dialogue national inclusif"}]},{"@type":"WebSite","@id":"https:\/\/www.africa-press.net\/tchad\/#website","url":"https:\/\/www.africa-press.net\/tchad\/","name":"tchad","description":"Just another Africa News Agency Sites site","potentialAction":[{"@type":"SearchAction","target":{"@type":"EntryPoint","urlTemplate":"https:\/\/www.africa-press.net\/tchad\/?s={search_term_string}"},"query-input":{"@type":"PropertyValueSpecification","valueRequired":true,"valueName":"search_term_string"}}],"inLanguage":"fr-FR"},{"@type":"Person","@id":"https:\/\/www.africa-press.net\/tchad\/#\/schema\/person\/2b1cf3cd81a31e3cd26889ca66d677f1","name":"cfeditorfr"}]}},"_links":{"self":[{"href":"https:\/\/www.africa-press.net\/tchad\/wp-json\/wp\/v2\/posts\/29997","targetHints":{"allow":["GET"]}}],"collection":[{"href":"https:\/\/www.africa-press.net\/tchad\/wp-json\/wp\/v2\/posts"}],"about":[{"href":"https:\/\/www.africa-press.net\/tchad\/wp-json\/wp\/v2\/types\/post"}],"author":[{"embeddable":true,"href":"https:\/\/www.africa-press.net\/tchad\/wp-json\/wp\/v2\/users\/82"}],"replies":[{"embeddable":true,"href":"https:\/\/www.africa-press.net\/tchad\/wp-json\/wp\/v2\/comments?post=29997"}],"version-history":[{"count":0,"href":"https:\/\/www.africa-press.net\/tchad\/wp-json\/wp\/v2\/posts\/29997\/revisions"}],"wp:featuredmedia":[{"embeddable":true,"href":"https:\/\/www.africa-press.net\/tchad\/wp-json\/wp\/v2\/media\/29996"}],"wp:attachment":[{"href":"https:\/\/www.africa-press.net\/tchad\/wp-json\/wp\/v2\/media?parent=29997"}],"wp:term":[{"taxonomy":"category","embeddable":true,"href":"https:\/\/www.africa-press.net\/tchad\/wp-json\/wp\/v2\/categories?post=29997"},{"taxonomy":"post_tag","embeddable":true,"href":"https:\/\/www.africa-press.net\/tchad\/wp-json\/wp\/v2\/tags?post=29997"}],"curies":[{"name":"wp","href":"https:\/\/api.w.org\/{rel}","templated":true}]}}